{"id":2285,"date":"2023-06-28T20:23:00","date_gmt":"2023-06-28T18:23:00","guid":{"rendered":"https:\/\/www.artes4.it\/2023\/06\/28\/manifattura-intelligente-e-digitalizzazione-tecnalia-il-partner-del-centro-di-competenza-artes-4-0\/"},"modified":"2024-03-27T19:58:51","modified_gmt":"2024-03-27T18:58:51","slug":"manifattura-intelligente-e-digitalizzazione-tecnalia-il-partner-del-centro-di-competenza-artes-4-0","status":"publish","type":"post","link":"https:\/\/www.artes4.it\/en\/blog\/manifattura-intelligente-e-digitalizzazione-tecnalia-il-partner-del-centro-di-competenza-artes-4-0\/","title":{"rendered":"Manifattura intelligente e digitalizzazione: TECNALIA, il partner del Centro di Competenza ARTES 4.0"},"content":{"rendered":"<div>\n<p>Con sede nel Paesi Baschi e presenza internazionale in Italia, Francia, Serbia, Cina e Colombia, TECNALIA \u00e8 il pi\u00f9 grande centro di ricerca applicata e sviluppo tecnologico della Spagna e uno dei principali in Europa.<\/p>\n<p><!--more--><\/p>\n<p>Con un team di oltre 1400 persone esperte di materiali, tecnologie e processi, in settori che spaziano dall\u2019industria alla mobilit\u00e0, dall\u2019energia all\u2019ambiente urbano ed alla salute, <strong>TECNALIA trasforma la ricerca tecnologica in valore, <\/strong>generando un impatto reale sulla societ\u00e0 e benefici sotto forma di maggior valore per le imprese e le istituzioni, migliore qualit\u00e0 della vita e progresso.<\/p>\n<p>Una delle chiavi del successo di TECNALIA \u00e8 rappresentata da un modello di relazione forte con le imprese, basato su fiducia e collaborazione, e sulla costruzione di una strategia tecnologica condivisa, che <strong>massimizzi il valore generato in ciascun progetto e accresca la competitivit\u00e0<\/strong>. Un modello che permette di offrire alle imprese <strong>diverse forme di collaborazione<\/strong>, scegliendo di volta in volta quella che meglio si adatta ai loro obiettivi.<\/p>\n<p>Grazie a questo modello, ad oggi sono <strong>quasi 8.000 le aziende con cui TECNALIA ha lavorato<\/strong> dalla sua nascita nel 2011; <strong>il 75% di esse sono PMI<\/strong>, a riprova del fatto che non solo i grandi gruppi industriali possono trarre beneficio da un forte partner di ricerca e sviluppo tecnologico, capace di ispirare il business mantenendo un piede saldamente piantato nella tecnologia, e l\u2019altro nel mercato.<\/p>\n<p><strong>Smart Manufacturing @TECNALIA<\/strong><\/p>\n<p>L&#8217;industria \u00e8 nel DNA di TECNALIA. Da decenni, il Centro ricerca soluzioni alle sfide dell&#8217;innovazione a fianco delle aziende manifatturiere, sviluppando ed integrando le <strong>tecnologie di automazione<\/strong> pi\u00f9 efficienti per ogni processo, sviluppando <strong>nuovi materiali<\/strong> e implementando <strong>simulazioni<\/strong> per analizzare ed ottimizzare le prestazioni dei processi produttivi.<\/p>\n<p>Il paradigma dell\u2019Industria 4.0 fa s\u00ec che la produzione oggi non sia pi\u00f9 solo quella \u201cmateriale\u201d. Tuttavia, i dati digitali da soli non fanno progredire il business. Solo ibridando i due mondi \u00e8 possibile incidere positivamente sulla produttivit\u00e0 e sulla competitivit\u00e0 delle aziende industriali, aumentando al contempo l&#8217;efficienza e la sostenibilit\u00e0 dei loro processi e prodotti.<\/p>\n<p><strong>Digitalizzazione dell\u2019Industria<\/strong><\/p>\n<p>La proposta di TECNALIA per la digitalizzazione dell&#8217;industria si basa su <strong>team multidisciplinari<\/strong> e sull&#8217;impiego di un&#8217;<strong>ampia gamma di tecnologie abilitanti<\/strong>: IoT industriale, data analytics, manutenzione predittiva, visione artificiale, realt\u00e0 virtuale e aumentata, cybersecurity.<\/p>\n<p>Con il chiaro obiettivo di incrementare la competitivit\u00e0 aziendale, TECNALIA collabora attivamente con le aziende industriali per progettare strategie e roadmap verso l&#8217;Industria 4.0, accompagnandole in progetti tecnologici di elevato impatto, al fine di:<\/p>\n<ul>\n<li>Fornire un <strong>flusso costante di informazioni in tempo reale<\/strong>, permettendo un maggiore controllo virtuale e\/o remoto di processi e asset produttivi, nonch\u00e9 la monitorizzazione e ripianificazione dinamica delle attivit\u00e0 con tecniche di Intelligenza Artificiale.<\/li>\n<li><strong>Aumentare la produttivit\u00e0<\/strong> riducendo tempi e costi e <strong>migliorare la qualit\u00e0<\/strong> attenuando l&#8217;impatto dei difetti di produzione.<\/li>\n<li>Integrare <strong>nuovi paradigmi di robotica<\/strong>, adattando le soluzioni al contesto industriale e rispondendo alla crescente richiesta di lavoro collaborativo tra persone e robot.<\/li>\n<li>Ripensare e <strong>diversificare i flussi di ricavi<\/strong> intensificando i servizi digitali e offrendo servizi a valore aggiunto che permettano una differenziazione nel mercato.<\/li>\n<\/ul>\n<p><strong>Una Success Stories &#8211; VIDRALA &#8211; Il vetro, una grande sfida per l&#8217;industria<\/strong><\/p>\n<p><strong><img fetchpriority=\"high\" decoding=\"async\" src=\"https:\/\/blog.artes4.it\/hs-fs\/hubfs\/Screenshot%202023-06-28%20alle%2013.34.15.png?width=1014&amp;height=912&amp;name=Screenshot%202023-06-28%20alle%2013.34.15.png\" sizes=\"(max-width: 1014px) 100vw, 1014px\" srcset=\"https:\/\/blog.artes4.it\/hs-fs\/hubfs\/Screenshot%202023-06-28%20alle%2013.34.15.png?width=507&amp;height=456&amp;name=Screenshot%202023-06-28%20alle%2013.34.15.png 507w, https:\/\/blog.artes4.it\/hs-fs\/hubfs\/Screenshot%202023-06-28%20alle%2013.34.15.png?width=1014&amp;height=912&amp;name=Screenshot%202023-06-28%20alle%2013.34.15.png 1014w, https:\/\/blog.artes4.it\/hs-fs\/hubfs\/Screenshot%202023-06-28%20alle%2013.34.15.png?width=1521&amp;height=1368&amp;name=Screenshot%202023-06-28%20alle%2013.34.15.png 1521w, https:\/\/blog.artes4.it\/hs-fs\/hubfs\/Screenshot%202023-06-28%20alle%2013.34.15.png?width=2028&amp;height=1824&amp;name=Screenshot%202023-06-28%20alle%2013.34.15.png 2028w, https:\/\/blog.artes4.it\/hs-fs\/hubfs\/Screenshot%202023-06-28%20alle%2013.34.15.png?width=2535&amp;height=2280&amp;name=Screenshot%202023-06-28%20alle%2013.34.15.png 2535w, https:\/\/blog.artes4.it\/hs-fs\/hubfs\/Screenshot%202023-06-28%20alle%2013.34.15.png?width=3042&amp;height=2736&amp;name=Screenshot%202023-06-28%20alle%2013.34.15.png 3042w\" alt=\"Screenshot 2023-06-28 alle 13.34.15\" width=\"1014\" height=\"912\" \/><\/strong><\/p>\n<p>VIDRALA produce <strong>ogni anno<\/strong> <strong>pi\u00f9 di 8 miliardi di contenitori in vetro<\/strong>, un materiale legato all&#8217;uomo fin dalle sue origini, ed uno dei pi\u00f9 utilizzati per conservare e immagazzinare i prodotti, specialmente alimentari.<\/p>\n<p>La <strong>collaborazione tra VIDRALA e TECNALIA<\/strong> ha riguardato la presenza di bolle nel vetro, un problema molto comune in questa industria, che ha un impatto significativo sulla qualit\u00e0 del prodotto e sulla quantit\u00e0 degli scarti; inoltre, un eccesso di bolle pu\u00f2 indicare un difetto di regolazione della temperatura nel forno, e un forno mal regolato aumenta il consumo di energia e i costi di produzione.<\/p>\n<p>Combinando le capacit\u00e0 di <strong>TECNALIA in visione artificiale e machine learning <\/strong>con l&#8217;esperienza di VIDRALA nel suo settore, \u00e8 stata sviluppata una soluzione ad-hoc, basata su <strong>tecniche di Deep Learning<\/strong>, in grado di distinguere le bolle da altri difetti superficiali in bottiglie ed altri contenitori in vetro.<\/p>\n<p>La soluzione permette l\u2019<strong>ispezione del 100% delle bottiglie<\/strong>, adattandosi a diversi diametri, forme e colori del materiale, nonch\u00e9 alle variazioni di velocit\u00e0 del processo produttivo, fino a 250 bottiglie\/min e con una capacit\u00e0 di risoluzione fino a 0,1 x 0,1 mm2.<\/p>\n<p>Una soluzione tecnologica unica nel settore, che \u00e8 stata integrata nelle linee di produzione di VIDRALA, generando un <strong>salto di qualit\u00e0<\/strong> immediato e oggettivo ed una <strong>significativa riduzione degli scarti<\/strong>, e permettendo una migliore calibrazione dei forni ed una riduzione dei consumi in un\u2019industria fortemente energivora.<\/p>\n<p>&nbsp;<\/p>\n<\/div>\n","protected":false},"excerpt":{"rendered":"<p>Con sede nel Paesi Baschi e presenza internazionale in Italia, Francia, Serbia, Cina e Colombia, TECNALIA \u00e8 il pi\u00f9 grande centro di ricerca applicata e sviluppo tecnologico della Spagna e uno dei principali in Europa.<\/p>\n","protected":false},"author":34,"featured_media":2284,"comment_status":"open","ping_status":"closed","sticky":false,"template":"","format":"standard","meta":{"_acf_changed":false,"footnotes":""},"categories":[88],"tags":[90],"anno_doc":[],"class_list":["post-2285","post","type-post","status-publish","format-standard","has-post-thumbnail","hentry","category-blog","tag-economia-circolare"],"acf":[],"yoast_head":"<!-- This site is optimized with the Yoast SEO Premium plugin v22.8 (Yoast SEO v25.8) - https:\/\/yoast.com\/wordpress\/plugins\/seo\/ -->\n<title>Manifattura intelligente e digitalizzazione: TECNALIA, il partner del Centro di Competenza ARTES 4.0 - Artes 4.0<\/title>\n<meta name=\"robots\" content=\"index, follow, max-snippet:-1, max-image-preview:large, max-video-preview:-1\" \/>\n<link rel=\"canonical\" href=\"https:\/\/www.artes4.it\/en\/blog\/manifattura-intelligente-e-digitalizzazione-tecnalia-il-partner-del-centro-di-competenza-artes-4-0\/\" \/>\n<meta property=\"og:locale\" content=\"en_US\" \/>\n<meta property=\"og:type\" content=\"article\" \/>\n<meta property=\"og:title\" content=\"Manifattura intelligente e digitalizzazione: TECNALIA, il partner del Centro di Competenza ARTES 4.0\" \/>\n<meta property=\"og:description\" content=\"Con sede nel Paesi Baschi e presenza internazionale in Italia, Francia, Serbia, Cina e Colombia, TECNALIA \u00e8 il pi\u00f9 grande centro di ricerca applicata e sviluppo tecnologico della Spagna e uno dei principali in Europa.\" \/>\n<meta property=\"og:url\" content=\"https:\/\/www.artes4.it\/en\/blog\/manifattura-intelligente-e-digitalizzazione-tecnalia-il-partner-del-centro-di-competenza-artes-4-0\/\" \/>\n<meta property=\"og:site_name\" content=\"Artes 4.0\" \/>\n<meta property=\"article:published_time\" content=\"2023-06-28T18:23:00+00:00\" \/>\n<meta property=\"article:modified_time\" content=\"2024-03-27T18:58:51+00:00\" \/>\n<meta property=\"og:image\" content=\"https:\/\/www.artes4.it\/wp-content\/uploads\/2024\/03\/image002-2-1.png\" \/>\n\t<meta property=\"og:image:width\" content=\"940\" \/>\n\t<meta property=\"og:image:height\" content=\"420\" \/>\n\t<meta property=\"og:image:type\" content=\"image\/png\" \/>\n<meta name=\"author\" content=\"Luca Odetti\" \/>\n<meta name=\"twitter:card\" content=\"summary_large_image\" \/>\n<meta name=\"twitter:label1\" content=\"Written by\" \/>\n\t<meta name=\"twitter:data1\" content=\"Luca Odetti\" \/>\n\t<meta name=\"twitter:label2\" content=\"Est. reading time\" \/>\n\t<meta name=\"twitter:data2\" content=\"5 minutes\" \/>\n<script type=\"application\/ld+json\" class=\"yoast-schema-graph\">{\"@context\":\"https:\/\/schema.org\",\"@graph\":[{\"@type\":\"Article\",\"@id\":\"https:\/\/www.artes4.it\/en\/blog\/manifattura-intelligente-e-digitalizzazione-tecnalia-il-partner-del-centro-di-competenza-artes-4-0\/#article\",\"isPartOf\":{\"@id\":\"https:\/\/www.artes4.it\/en\/blog\/manifattura-intelligente-e-digitalizzazione-tecnalia-il-partner-del-centro-di-competenza-artes-4-0\/\"},\"author\":{\"name\":\"Luca Odetti\",\"@id\":\"https:\/\/www.artes4.it\/en\/#\/schema\/person\/4360f6b60bd776fdef1e5bb6490b2163\"},\"headline\":\"Manifattura intelligente e digitalizzazione: TECNALIA, il partner del Centro di Competenza ARTES 4.0\",\"datePublished\":\"2023-06-28T18:23:00+00:00\",\"dateModified\":\"2024-03-27T18:58:51+00:00\",\"mainEntityOfPage\":{\"@id\":\"https:\/\/www.artes4.it\/en\/blog\/manifattura-intelligente-e-digitalizzazione-tecnalia-il-partner-del-centro-di-competenza-artes-4-0\/\"},\"wordCount\":762,\"commentCount\":0,\"publisher\":{\"@id\":\"https:\/\/www.artes4.it\/en\/#organization\"},\"image\":{\"@id\":\"https:\/\/www.artes4.it\/en\/blog\/manifattura-intelligente-e-digitalizzazione-tecnalia-il-partner-del-centro-di-competenza-artes-4-0\/#primaryimage\"},\"thumbnailUrl\":\"https:\/\/www.artes4.it\/wp-content\/uploads\/2024\/03\/image002-2-1.png\",\"keywords\":[\"Economia Circolare\"],\"articleSection\":[\"Blog\"],\"inLanguage\":\"en-US\"},{\"@type\":\"WebPage\",\"@id\":\"https:\/\/www.artes4.it\/en\/blog\/manifattura-intelligente-e-digitalizzazione-tecnalia-il-partner-del-centro-di-competenza-artes-4-0\/\",\"url\":\"https:\/\/www.artes4.it\/en\/blog\/manifattura-intelligente-e-digitalizzazione-tecnalia-il-partner-del-centro-di-competenza-artes-4-0\/\",\"name\":\"Manifattura intelligente e digitalizzazione: TECNALIA, il partner del Centro di Competenza ARTES 4.0 - Artes 4.0\",\"isPartOf\":{\"@id\":\"https:\/\/www.artes4.it\/en\/#website\"},\"primaryImageOfPage\":{\"@id\":\"https:\/\/www.artes4.it\/en\/blog\/manifattura-intelligente-e-digitalizzazione-tecnalia-il-partner-del-centro-di-competenza-artes-4-0\/#primaryimage\"},\"image\":{\"@id\":\"https:\/\/www.artes4.it\/en\/blog\/manifattura-intelligente-e-digitalizzazione-tecnalia-il-partner-del-centro-di-competenza-artes-4-0\/#primaryimage\"},\"thumbnailUrl\":\"https:\/\/www.artes4.it\/wp-content\/uploads\/2024\/03\/image002-2-1.png\",\"datePublished\":\"2023-06-28T18:23:00+00:00\",\"dateModified\":\"2024-03-27T18:58:51+00:00\",\"breadcrumb\":{\"@id\":\"https:\/\/www.artes4.it\/en\/blog\/manifattura-intelligente-e-digitalizzazione-tecnalia-il-partner-del-centro-di-competenza-artes-4-0\/#breadcrumb\"},\"inLanguage\":\"en-US\",\"potentialAction\":[{\"@type\":\"ReadAction\",\"target\":[\"https:\/\/www.artes4.it\/en\/blog\/manifattura-intelligente-e-digitalizzazione-tecnalia-il-partner-del-centro-di-competenza-artes-4-0\/\"]}]},{\"@type\":\"ImageObject\",\"inLanguage\":\"en-US\",\"@id\":\"https:\/\/www.artes4.it\/en\/blog\/manifattura-intelligente-e-digitalizzazione-tecnalia-il-partner-del-centro-di-competenza-artes-4-0\/#primaryimage\",\"url\":\"https:\/\/www.artes4.it\/wp-content\/uploads\/2024\/03\/image002-2-1.png\",\"contentUrl\":\"https:\/\/www.artes4.it\/wp-content\/uploads\/2024\/03\/image002-2-1.png\",\"width\":940,\"height\":420},{\"@type\":\"BreadcrumbList\",\"@id\":\"https:\/\/www.artes4.it\/en\/blog\/manifattura-intelligente-e-digitalizzazione-tecnalia-il-partner-del-centro-di-competenza-artes-4-0\/#breadcrumb\",\"itemListElement\":[{\"@type\":\"ListItem\",\"position\":1,\"name\":\"Home\",\"item\":\"https:\/\/www.artes4.it\/en\/\"},{\"@type\":\"ListItem\",\"position\":2,\"name\":\"Manifattura intelligente e digitalizzazione: TECNALIA, il partner del Centro di Competenza ARTES 4.0\"}]},{\"@type\":\"WebSite\",\"@id\":\"https:\/\/www.artes4.it\/en\/#website\",\"url\":\"https:\/\/www.artes4.it\/en\/\",\"name\":\"Artes 4.0\",\"description\":\"\",\"publisher\":{\"@id\":\"https:\/\/www.artes4.it\/en\/#organization\"},\"potentialAction\":[{\"@type\":\"SearchAction\",\"target\":{\"@type\":\"EntryPoint\",\"urlTemplate\":\"https:\/\/www.artes4.it\/en\/?s={search_term_string}\"},\"query-input\":{\"@type\":\"PropertyValueSpecification\",\"valueRequired\":true,\"valueName\":\"search_term_string\"}}],\"inLanguage\":\"en-US\"},{\"@type\":\"Organization\",\"@id\":\"https:\/\/www.artes4.it\/en\/#organization\",\"name\":\"Artes 4.0\",\"url\":\"https:\/\/www.artes4.it\/en\/\",\"logo\":{\"@type\":\"ImageObject\",\"inLanguage\":\"en-US\",\"@id\":\"https:\/\/www.artes4.it\/en\/#\/schema\/logo\/image\/\",\"url\":\"https:\/\/www.artes4.it\/wp-content\/uploads\/2024\/01\/logo_artes_white.jpeg\",\"contentUrl\":\"https:\/\/www.artes4.it\/wp-content\/uploads\/2024\/01\/logo_artes_white.jpeg\",\"width\":462,\"height\":171,\"caption\":\"Artes 4.0\"},\"image\":{\"@id\":\"https:\/\/www.artes4.it\/en\/#\/schema\/logo\/image\/\"},\"sameAs\":[\"https:\/\/www.linkedin.com\/company\/associazione-artes-4-0\/posts\/?feedView=all\"]},{\"@type\":\"Person\",\"@id\":\"https:\/\/www.artes4.it\/en\/#\/schema\/person\/4360f6b60bd776fdef1e5bb6490b2163\",\"name\":\"Luca Odetti\",\"image\":{\"@type\":\"ImageObject\",\"inLanguage\":\"en-US\",\"@id\":\"https:\/\/www.artes4.it\/en\/#\/schema\/person\/image\/\",\"url\":\"https:\/\/www.artes4.it\/wp-content\/uploads\/2024\/01\/Luca20Odetti-96x96.jpg\",\"contentUrl\":\"https:\/\/www.artes4.it\/wp-content\/uploads\/2024\/01\/Luca20Odetti-96x96.jpg\",\"caption\":\"Luca Odetti\"},\"description\":\"Di formazione Informatico, Luca ha una lunga esperienza di ricerca, sviluppo e innovazione nel mondo della biorobotica e delle tecnologie per l\u2019autonomia personale, e da 10 anni dirige il nodo italiano di Tecnalia, socio fondatore di ARTES 4.0. Tecnalia, che ha la sua sede principale nei Paesi Baschi, con oltre 1000 tecnici e ricercatori \u00e8 uno dei pi\u00f9 importanti attori privati del sistema Europeo di Ricerca, Sviluppo e Innovazione tecnologica, e un partner strategico per grandi e piccole imprese nel mondo del 4.0: dall\u2019Industria all\u2019Energia, dalle Costruzioni alla Salute e all\u2019Agroalimentare.\",\"url\":\"https:\/\/www.artes4.it\/en\/author\/luca-odettiartes4-it\/\"}]}<\/script>\n<!-- \/ Yoast SEO Premium plugin. -->","yoast_head_json":{"title":"Manifattura intelligente e digitalizzazione: TECNALIA, il partner del Centro di Competenza ARTES 4.0 - Artes 4.0","robots":{"index":"index","follow":"follow","max-snippet":"max-snippet:-1","max-image-preview":"max-image-preview:large","max-video-preview":"max-video-preview:-1"},"canonical":"https:\/\/www.artes4.it\/en\/blog\/manifattura-intelligente-e-digitalizzazione-tecnalia-il-partner-del-centro-di-competenza-artes-4-0\/","og_locale":"en_US","og_type":"article","og_title":"Manifattura intelligente e digitalizzazione: TECNALIA, il partner del Centro di Competenza ARTES 4.0","og_description":"Con sede nel Paesi Baschi e presenza internazionale in Italia, Francia, Serbia, Cina e Colombia, TECNALIA \u00e8 il pi\u00f9 grande centro di ricerca applicata e sviluppo tecnologico della Spagna e uno dei principali in Europa.","og_url":"https:\/\/www.artes4.it\/en\/blog\/manifattura-intelligente-e-digitalizzazione-tecnalia-il-partner-del-centro-di-competenza-artes-4-0\/","og_site_name":"Artes 4.0","article_published_time":"2023-06-28T18:23:00+00:00","article_modified_time":"2024-03-27T18:58:51+00:00","og_image":[{"width":940,"height":420,"url":"https:\/\/www.artes4.it\/wp-content\/uploads\/2024\/03\/image002-2-1.png","type":"image\/png"}],"author":"Luca Odetti","twitter_card":"summary_large_image","twitter_misc":{"Written by":"Luca Odetti","Est. reading time":"5 minutes"},"schema":{"@context":"https:\/\/schema.org","@graph":[{"@type":"Article","@id":"https:\/\/www.artes4.it\/en\/blog\/manifattura-intelligente-e-digitalizzazione-tecnalia-il-partner-del-centro-di-competenza-artes-4-0\/#article","isPartOf":{"@id":"https:\/\/www.artes4.it\/en\/blog\/manifattura-intelligente-e-digitalizzazione-tecnalia-il-partner-del-centro-di-competenza-artes-4-0\/"},"author":{"name":"Luca Odetti","@id":"https:\/\/www.artes4.it\/en\/#\/schema\/person\/4360f6b60bd776fdef1e5bb6490b2163"},"headline":"Manifattura intelligente e digitalizzazione: TECNALIA, il partner del Centro di Competenza ARTES 4.0","datePublished":"2023-06-28T18:23:00+00:00","dateModified":"2024-03-27T18:58:51+00:00","mainEntityOfPage":{"@id":"https:\/\/www.artes4.it\/en\/blog\/manifattura-intelligente-e-digitalizzazione-tecnalia-il-partner-del-centro-di-competenza-artes-4-0\/"},"wordCount":762,"commentCount":0,"publisher":{"@id":"https:\/\/www.artes4.it\/en\/#organization"},"image":{"@id":"https:\/\/www.artes4.it\/en\/blog\/manifattura-intelligente-e-digitalizzazione-tecnalia-il-partner-del-centro-di-competenza-artes-4-0\/#primaryimage"},"thumbnailUrl":"https:\/\/www.artes4.it\/wp-content\/uploads\/2024\/03\/image002-2-1.png","keywords":["Economia Circolare"],"articleSection":["Blog"],"inLanguage":"en-US"},{"@type":"WebPage","@id":"https:\/\/www.artes4.it\/en\/blog\/manifattura-intelligente-e-digitalizzazione-tecnalia-il-partner-del-centro-di-competenza-artes-4-0\/","url":"https:\/\/www.artes4.it\/en\/blog\/manifattura-intelligente-e-digitalizzazione-tecnalia-il-partner-del-centro-di-competenza-artes-4-0\/","name":"Manifattura intelligente e digitalizzazione: TECNALIA, il partner del Centro di Competenza ARTES 4.0 - Artes 4.0","isPartOf":{"@id":"https:\/\/www.artes4.it\/en\/#website"},"primaryImageOfPage":{"@id":"https:\/\/www.artes4.it\/en\/blog\/manifattura-intelligente-e-digitalizzazione-tecnalia-il-partner-del-centro-di-competenza-artes-4-0\/#primaryimage"},"image":{"@id":"https:\/\/www.artes4.it\/en\/blog\/manifattura-intelligente-e-digitalizzazione-tecnalia-il-partner-del-centro-di-competenza-artes-4-0\/#primaryimage"},"thumbnailUrl":"https:\/\/www.artes4.it\/wp-content\/uploads\/2024\/03\/image002-2-1.png","datePublished":"2023-06-28T18:23:00+00:00","dateModified":"2024-03-27T18:58:51+00:00","breadcrumb":{"@id":"https:\/\/www.artes4.it\/en\/blog\/manifattura-intelligente-e-digitalizzazione-tecnalia-il-partner-del-centro-di-competenza-artes-4-0\/#breadcrumb"},"inLanguage":"en-US","potentialAction":[{"@type":"ReadAction","target":["https:\/\/www.artes4.it\/en\/blog\/manifattura-intelligente-e-digitalizzazione-tecnalia-il-partner-del-centro-di-competenza-artes-4-0\/"]}]},{"@type":"ImageObject","inLanguage":"en-US","@id":"https:\/\/www.artes4.it\/en\/blog\/manifattura-intelligente-e-digitalizzazione-tecnalia-il-partner-del-centro-di-competenza-artes-4-0\/#primaryimage","url":"https:\/\/www.artes4.it\/wp-content\/uploads\/2024\/03\/image002-2-1.png","contentUrl":"https:\/\/www.artes4.it\/wp-content\/uploads\/2024\/03\/image002-2-1.png","width":940,"height":420},{"@type":"BreadcrumbList","@id":"https:\/\/www.artes4.it\/en\/blog\/manifattura-intelligente-e-digitalizzazione-tecnalia-il-partner-del-centro-di-competenza-artes-4-0\/#breadcrumb","itemListElement":[{"@type":"ListItem","position":1,"name":"Home","item":"https:\/\/www.artes4.it\/en\/"},{"@type":"ListItem","position":2,"name":"Manifattura intelligente e digitalizzazione: TECNALIA, il partner del Centro di Competenza ARTES 4.0"}]},{"@type":"WebSite","@id":"https:\/\/www.artes4.it\/en\/#website","url":"https:\/\/www.artes4.it\/en\/","name":"Artes 4.0","description":"","publisher":{"@id":"https:\/\/www.artes4.it\/en\/#organization"},"potentialAction":[{"@type":"SearchAction","target":{"@type":"EntryPoint","urlTemplate":"https:\/\/www.artes4.it\/en\/?s={search_term_string}"},"query-input":{"@type":"PropertyValueSpecification","valueRequired":true,"valueName":"search_term_string"}}],"inLanguage":"en-US"},{"@type":"Organization","@id":"https:\/\/www.artes4.it\/en\/#organization","name":"Artes 4.0","url":"https:\/\/www.artes4.it\/en\/","logo":{"@type":"ImageObject","inLanguage":"en-US","@id":"https:\/\/www.artes4.it\/en\/#\/schema\/logo\/image\/","url":"https:\/\/www.artes4.it\/wp-content\/uploads\/2024\/01\/logo_artes_white.jpeg","contentUrl":"https:\/\/www.artes4.it\/wp-content\/uploads\/2024\/01\/logo_artes_white.jpeg","width":462,"height":171,"caption":"Artes 4.0"},"image":{"@id":"https:\/\/www.artes4.it\/en\/#\/schema\/logo\/image\/"},"sameAs":["https:\/\/www.linkedin.com\/company\/associazione-artes-4-0\/posts\/?feedView=all"]},{"@type":"Person","@id":"https:\/\/www.artes4.it\/en\/#\/schema\/person\/4360f6b60bd776fdef1e5bb6490b2163","name":"Luca Odetti","image":{"@type":"ImageObject","inLanguage":"en-US","@id":"https:\/\/www.artes4.it\/en\/#\/schema\/person\/image\/","url":"https:\/\/www.artes4.it\/wp-content\/uploads\/2024\/01\/Luca20Odetti-96x96.jpg","contentUrl":"https:\/\/www.artes4.it\/wp-content\/uploads\/2024\/01\/Luca20Odetti-96x96.jpg","caption":"Luca Odetti"},"description":"Di formazione Informatico, Luca ha una lunga esperienza di ricerca, sviluppo e innovazione nel mondo della biorobotica e delle tecnologie per l\u2019autonomia personale, e da 10 anni dirige il nodo italiano di Tecnalia, socio fondatore di ARTES 4.0. Tecnalia, che ha la sua sede principale nei Paesi Baschi, con oltre 1000 tecnici e ricercatori \u00e8 uno dei pi\u00f9 importanti attori privati del sistema Europeo di Ricerca, Sviluppo e Innovazione tecnologica, e un partner strategico per grandi e piccole imprese nel mondo del 4.0: dall\u2019Industria all\u2019Energia, dalle Costruzioni alla Salute e all\u2019Agroalimentare.","url":"https:\/\/www.artes4.it\/en\/author\/luca-odettiartes4-it\/"}]}},"_links":{"self":[{"href":"https:\/\/www.artes4.it\/en\/wp-json\/wp\/v2\/posts\/2285","targetHints":{"allow":["GET"]}}],"collection":[{"href":"https:\/\/www.artes4.it\/en\/wp-json\/wp\/v2\/posts"}],"about":[{"href":"https:\/\/www.artes4.it\/en\/wp-json\/wp\/v2\/types\/post"}],"author":[{"embeddable":true,"href":"https:\/\/www.artes4.it\/en\/wp-json\/wp\/v2\/users\/34"}],"replies":[{"embeddable":true,"href":"https:\/\/www.artes4.it\/en\/wp-json\/wp\/v2\/comments?post=2285"}],"version-history":[{"count":2,"href":"https:\/\/www.artes4.it\/en\/wp-json\/wp\/v2\/posts\/2285\/revisions"}],"predecessor-version":[{"id":2312,"href":"https:\/\/www.artes4.it\/en\/wp-json\/wp\/v2\/posts\/2285\/revisions\/2312"}],"wp:featuredmedia":[{"embeddable":true,"href":"https:\/\/www.artes4.it\/en\/wp-json\/wp\/v2\/media\/2284"}],"wp:attachment":[{"href":"https:\/\/www.artes4.it\/en\/wp-json\/wp\/v2\/media?parent=2285"}],"wp:term":[{"taxonomy":"category","embeddable":true,"href":"https:\/\/www.artes4.it\/en\/wp-json\/wp\/v2\/categories?post=2285"},{"taxonomy":"post_tag","embeddable":true,"href":"https:\/\/www.artes4.it\/en\/wp-json\/wp\/v2\/tags?post=2285"},{"taxonomy":"anno_doc","embeddable":true,"href":"https:\/\/www.artes4.it\/en\/wp-json\/wp\/v2\/anno_doc?post=2285"}],"curies":[{"name":"wp","href":"https:\/\/api.w.org\/{rel}","templated":true}]}}