{"id":2323,"date":"2023-05-12T20:23:00","date_gmt":"2023-05-12T18:23:00","guid":{"rendered":"https:\/\/www.artes4.it\/2023\/05\/12\/artes-5-0-restart-italy-robotica-e-intelligenza-artificiale-a-sostegno-di-catene-del-valore-resilienti-sostenibili-e-incentrate-sulluomo\/"},"modified":"2024-03-27T19:58:52","modified_gmt":"2024-03-27T18:58:52","slug":"artes-5-0-restart-italy-robotica-e-intelligenza-artificiale-a-sostegno-di-catene-del-valore-resilienti-sostenibili-e-incentrate-sulluomo","status":"publish","type":"post","link":"https:\/\/www.artes4.it\/en\/news\/artes-5-0-restart-italy-robotica-e-intelligenza-artificiale-a-sostegno-di-catene-del-valore-resilienti-sostenibili-e-incentrate-sulluomo\/","title":{"rendered":"ARTES 5.0 &#8211; Restart Italy \u201cRobotica e Intelligenza artificiale a sostegno di catene del valore resilienti, sostenibili e incentrate sull&#8217;uomo\u201d"},"content":{"rendered":"<div>\n\t\t\t\t\t\t\t<span id=\"hs_cos_wrapper_post_body\" class=\"hs_cos_wrapper hs_cos_wrapper_meta_field hs_cos_wrapper_type_rich_text\" data-hs-cos-general-type=\"meta_field\" data-hs-cos-type=\"rich_text\"><\/p>\n<p><span>Roma, 5 maggio 2023. All\u2019auditorium della sede centrale dell\u2019<span>INAIL <\/span>si \u00e8 tenuta <span>la presentazione di ARTES 5.0<\/span>, polo di innovazione costituito da imprese e centri di ricerca per affrontare insieme le sfide della transizione ecologica, della sostenibilit\u00e0 e della trasformazione digitale.<\/span><\/p>\n<p><!--more--><\/p>\n<div id=\"hs_cos_wrapper_widget_1683870018090\" class=\"hs_cos_wrapper hs_cos_wrapper_widget hs_cos_wrapper_type_module\" data-hs-cos-general-type=\"widget\" data-hs-cos-type=\"module\">\n<div class=\"slider__container\" data-gallery_slider=\"widget_1683870018090\">\n<section class=\"splide__main splide\" aria-label=\"Carosello immagine con 1 diapositive.\">\n<div class=\"splide__arrows hs-gallery-slider-main__arrow\">\n            <button class=\"splide__arrow splide__arrow--prev\"><br \/>\n                <span id=\"hs_cos_wrapper_widget_1683870018090_prev_icon\" class=\"hs_cos_wrapper hs_cos_wrapper_widget hs_cos_wrapper_type_icon\" data-hs-cos-general-type=\"widget\" data-hs-cos-type=\"icon\"><svg version=\"1.0\" xmlns=\"http:\/\/www.w3.org\/2000\/svg\" viewbox=\"0 0 256 512\" aria-hidden=\"true\"><g id=\"angle-left1_layer\"><path d=\"M31.7 239l136-136c9.4-9.4 24.6-9.4 33.9 0l22.6 22.6c9.4 9.4 9.4 24.6 0 33.9L127.9 256l96.4 96.4c9.4 9.4 9.4 24.6 0 33.9L201.7 409c-9.4 9.4-24.6 9.4-33.9 0l-136-136c-9.5-9.4-9.5-24.6-.1-34z\"><\/path><\/g><\/svg><\/span><br \/>\n            <\/button><br \/>\n            <button class=\"splide__arrow splide__arrow--next\"><br \/>\n                <span id=\"hs_cos_wrapper_widget_1683870018090_next_icon\" class=\"hs_cos_wrapper hs_cos_wrapper_widget hs_cos_wrapper_type_icon\" data-hs-cos-general-type=\"widget\" data-hs-cos-type=\"icon\"><svg version=\"1.0\" xmlns=\"http:\/\/www.w3.org\/2000\/svg\" viewbox=\"0 0 256 512\" aria-hidden=\"true\"><g id=\"angle-right2_layer\"><path d=\"M224.3 273l-136 136c-9.4 9.4-24.6 9.4-33.9 0l-22.6-22.6c-9.4-9.4-9.4-24.6 0-33.9l96.4-96.4-96.4-96.4c-9.4-9.4-9.4-24.6 0-33.9L54.3 103c9.4-9.4 24.6-9.4 33.9 0l136 136c9.5 9.4 9.5 24.6.1 34z\"><\/path><\/g><\/svg><\/span><br \/>\n            <\/button>\n        <\/div>\n<div class=\"splide__track\">\n<div class=\"splide__list\">\n<div class=\"splide__slide\">\n<div class=\"splide__slide__contents\">\n<div class=\"splide__slide--image_caption__wrapper\">\n<div class=\"splide__slide--image__wrapper\">\n<p>                                        <img class=\"splide__slide--image\" data-splide-lazy=\"https:\/\/6816342.fs1.hubspotusercontent-na1.net\/hub\/6816342\/hubfs\/Screenshot%202023-05-11%20alle%2022.53.14-1.png?width=1200&amp;length=1200&amp;name=Screenshot%202023-05-11%20alle%2022.53.14-1.png\" alt=\"Artes 5\"><\/p><\/div>\n<\/p><\/div>\n<\/p><\/div>\n<\/p><\/div>\n<\/p><\/div>\n<\/p><\/div>\n<div class=\"splide__controls\">\n<div class=\"splide__pagination\"><\/div>\n<\/p><\/div>\n<\/section>\n<\/div>\n<\/div>\n<p><span>Presentati a Roma la scorsa settimana presso la sede di INAIL gli\u00a0<\/span><strong><span>strumenti tecnologici e finanziari con cui\u00a0<\/span><\/strong><span>lo\u00a0<\/span><strong><span>European Digital Innovation Hub (EDIH) ARTES 5.0<\/span><\/strong><span>, co-finanziato dalla Commissione Europea e dal Ministero delle Imprese e del Made in Italy, pu\u00f2<\/span><strong><span>\u00a0accelerare la transizione digitale ed ecologica delle Imprese e Pubbliche Amministrazioni<\/span><\/strong><span>\u00a0nei settori della\u00a0<\/span><strong><span>salute<\/span><\/strong><span>, dell\u2019<\/span><strong><span>energia<\/span><\/strong><span>\u00a0<\/span><strong><span>\u201cverde\u201d<\/span><\/strong><span>, della\u00a0<\/span><strong><span>qualit\u00e0 della vita<\/span><\/strong><span>, della\u00a0<\/span><strong><span>economia della rigenerazione e della produzione sostenibile<\/span><\/strong><span>, dell\u2019<\/span><strong><span>industria<\/span><\/strong><span>\u00a0<\/span><strong><span>creativa e culturale<\/span><\/strong><span>.<\/span><\/p>\n<p><strong><span>Il progetto<\/span><\/strong><span>, selezionato e co-finanziato per il periodo 2021-2027 nell\u2019ambito del\u00a0<strong>programma Digital Europe<\/strong>\u00a0dalla Commissione Europea, \u00e8\u00a0<strong>coordinato dal Centro di Competenza ARTES 4.0<\/strong>.<\/span> Oltre ai 17 partner beneficiari, ai due partner affiliati e ai tre partner associati a livello nazionale (tra cui INAIL che ha ospitato l\u2019evento, e che nell\u2019ambito dell\u2019EDIH promuove l\u2019impiego delle tecnologie digitali per il miglioramento delle condizioni di salute e sicurezza sul lavoro), ARTES 5.0 coinvolge anche <strong>altri European Digital Innovation Hub in Italia e nelle aree limitrofe<\/strong>, con i quali sono stati <strong>firmati diversi accordi a lungo termine<\/strong> per <strong>estendere la rete di collaborazione<\/strong>, in modo da garantire un\u2019offerta pi\u00f9 completa di servizi.<\/p>\n<p><span><br \/>I partner di ARTES 5.0<\/span><\/p>\n<div data-hs-responsive-table=\"true\">\n<table>\n<tbody>\n<tr>\n<td><span><a href=\"https:\/\/www.artes4.it\/\" rel=\"noopener\"><strong>ARTES 4.0 <\/strong><\/a><\/span><\/td>\n<td><span><a href=\"https:\/\/meditech4.com\/\" rel=\"noopener\"><strong>MedITech<\/strong><\/a><\/span><\/td>\n<td><span><a href=\"https:\/\/www.start4-0.it\/\" rel=\"noopener\"><strong>START 4.0<\/strong><\/a><\/span><\/td>\n<td><span><a href=\"https:\/\/www.consorzio-cini.it\/index.php\/it\/\" rel=\"noopener\"><strong>CINI<\/strong><\/a><\/span><\/td>\n<td><span><a href=\"https:\/\/www.irim.it\/\" rel=\"noopener\"><strong>I-RIM<\/strong><\/a><\/span><\/td>\n<\/tr>\n<tr>\n<td><span><a href=\"https:\/\/www.symbola.net\/\" rel=\"noopener\"><strong>Symbola<\/strong><\/a><\/span><\/td>\n<td><span><a href=\"https:\/\/www.isprambiente.gov.it\/it\" rel=\"noopener\"><strong>ISPRA<\/strong><\/a><\/span><\/td>\n<td><span><a href=\"https:\/\/www.intesasanpaolo.com\/\" rel=\"noopener\"><strong>Intesa Sanpaolo <\/strong><\/a><\/span><\/td>\n<td><span><a href=\"https:\/\/www.intelleraconsulting.com\/\" rel=\"noopener\"><strong>Intellera Consulting<\/strong><\/a><\/span><\/td>\n<td><span><a href=\"https:\/\/www.dihlazio.it\/\" rel=\"noopener\"><strong>Cicero DIH Lazio<\/strong><\/a><\/span><\/td>\n<\/tr>\n<tr>\n<td><span><a href=\"https:\/\/www.confindustria.toscana.it\/digital-innovation-hub-toscana\/\" rel=\"noopener\"><strong>DIH Confindustria Toscana<\/strong><\/a><\/span><\/td>\n<td><span><a href=\"http:\/\/dih.confindustria.umbria.it\/\" rel=\"noopener\"><strong>Umbria DIH<\/strong><\/a><\/span><\/td>\n<td><span><a href=\"https:\/\/www.cna.it\/\" rel=\"noopener\"><strong>CNA<\/strong><\/a><\/span><\/td>\n<td><span><a href=\"https:\/\/www.dintec.it\/\" rel=\"noopener\"><strong>DINTEC<\/strong><\/a><\/span><\/td>\n<td><span><strong>EDI.it<\/strong><\/span><\/td>\n<\/tr>\n<tr>\n<td><span><a href=\"https:\/\/pico.coop\/web\/\" rel=\"noopener\"><strong>Fondazione Pico<\/strong><\/a><\/span><\/td>\n<td><span><a href=\"https:\/\/www.pstsicilia.it\/\" rel=\"noopener\"><strong>PSTSicilia<\/strong><\/a><\/span><\/td>\n<td><span><a href=\"https:\/\/www.inail.it\/cs\/internet\/home.html\" rel=\"noopener\"><strong> INAIL <\/strong><\/a><\/span><\/td>\n<td><span><a href=\"https:\/\/www.confartigianato.it\/\" rel=\"noopener\"><strong>Confartigianato <\/strong><\/a><\/span><\/td>\n<td><span><a href=\"https:\/\/www.santannapisa.it\/it\" rel=\"noopener\"><strong>Scuola Superiore Sant&#8217;Anna<\/strong><\/a><\/span><\/td>\n<\/tr>\n<\/tbody>\n<\/table>\n<\/div>\n<div id=\"hs_cos_wrapper_widget_1683871049271\" class=\"hs_cos_wrapper hs_cos_wrapper_widget hs_cos_wrapper_type_module\" data-hs-cos-general-type=\"widget\" data-hs-cos-type=\"module\">\n<p><a class=\"hs-button \" href=\"https:\/\/6816342.fs1.hubspotusercontent-na1.net\/hubfs\/6816342\/Programma%20evento%20ARTES%205.0.pdf\" id=\"hs-button_widget_1683871049271\" target=\"_blank\" rel=\"noopener\"><br \/>\n  Clicca qui per leggere il programma completo<br \/>\n<\/a><\/p>\n<\/div>\n<p>\u00a0<\/p>\n<div id=\"hs_cos_wrapper_widget_1683870081611\" class=\"hs_cos_wrapper hs_cos_wrapper_widget hs_cos_wrapper_type_module\" data-hs-cos-general-type=\"widget\" data-hs-cos-type=\"module\">\n<div class=\"slider__container\" data-gallery_slider=\"widget_1683870081611\">\n<section class=\"splide__main splide\" aria-label=\"Carosello immagine con 2 diapositive.\">\n<div class=\"splide__arrows hs-gallery-slider-main__arrow\">\n            <button class=\"splide__arrow splide__arrow--prev\"><br \/>\n                <span id=\"hs_cos_wrapper_widget_1683870081611_prev_icon\" class=\"hs_cos_wrapper hs_cos_wrapper_widget hs_cos_wrapper_type_icon\" data-hs-cos-general-type=\"widget\" data-hs-cos-type=\"icon\"><svg version=\"1.0\" xmlns=\"http:\/\/www.w3.org\/2000\/svg\" viewbox=\"0 0 256 512\" aria-hidden=\"true\"><g id=\"angle-left1_layer\"><path d=\"M31.7 239l136-136c9.4-9.4 24.6-9.4 33.9 0l22.6 22.6c9.4 9.4 9.4 24.6 0 33.9L127.9 256l96.4 96.4c9.4 9.4 9.4 24.6 0 33.9L201.7 409c-9.4 9.4-24.6 9.4-33.9 0l-136-136c-9.5-9.4-9.5-24.6-.1-34z\"><\/path><\/g><\/svg><\/span><br \/>\n            <\/button><br \/>\n            <button class=\"splide__arrow splide__arrow--next\"><br \/>\n                <span id=\"hs_cos_wrapper_widget_1683870081611_next_icon\" class=\"hs_cos_wrapper hs_cos_wrapper_widget hs_cos_wrapper_type_icon\" data-hs-cos-general-type=\"widget\" data-hs-cos-type=\"icon\"><svg version=\"1.0\" xmlns=\"http:\/\/www.w3.org\/2000\/svg\" viewbox=\"0 0 256 512\" aria-hidden=\"true\"><g id=\"angle-right2_layer\"><path d=\"M224.3 273l-136 136c-9.4 9.4-24.6 9.4-33.9 0l-22.6-22.6c-9.4-9.4-9.4-24.6 0-33.9l96.4-96.4-96.4-96.4c-9.4-9.4-9.4-24.6 0-33.9L54.3 103c9.4-9.4 24.6-9.4 33.9 0l136 136c9.5 9.4 9.5 24.6.1 34z\"><\/path><\/g><\/svg><\/span><br \/>\n            <\/button>\n        <\/div>\n<div class=\"splide__track\">\n<div class=\"splide__list\">\n<div class=\"splide__slide\">\n<div class=\"splide__slide__contents\">\n<div class=\"splide__slide--image_caption__wrapper\">\n<div class=\"splide__slide--image__wrapper\">\n<p>                                        <img class=\"splide__slide--image\" data-splide-lazy=\"https:\/\/6816342.fs1.hubspotusercontent-na1.net\/hub\/6816342\/hubfs\/DSCF9256.jpg?width=1200&amp;length=1200&amp;name=DSCF9256.jpg\" alt=\"artes 5\"><\/p><\/div>\n<\/p><\/div>\n<\/p><\/div>\n<\/p><\/div>\n<div class=\"splide__slide\">\n<div class=\"splide__slide__contents\">\n<div class=\"splide__slide--image_caption__wrapper\">\n<div class=\"splide__slide--image__wrapper\">\n<p>                                        <img class=\"splide__slide--image\" data-splide-lazy=\"https:\/\/6816342.fs1.hubspotusercontent-na1.net\/hub\/6816342\/hubfs\/DSCF9166.jpg?width=1200&amp;length=1200&amp;name=DSCF9166.jpg\" alt=\"artes 5\"><\/p><\/div>\n<\/p><\/div>\n<\/p><\/div>\n<\/p><\/div>\n<\/p><\/div>\n<\/p><\/div>\n<div class=\"splide__controls\">\n<div class=\"splide__pagination\"><\/div>\n<\/p><\/div>\n<\/section>\n<\/div>\n<\/div>\n<p><span><strong>Franco Bettoni<\/strong> <\/span>ha aperto i lavori insieme a Maurizio Montemagno, sostenendo una <strong>piena sintonia con gli obiettivi della Commissione Ue <\/strong>e l\u2019impegno da sempre dell\u2019Istituto nel promuovere la <strong>centralit\u00e0 della persona<\/strong> e un <strong>approccio sistemico rispetto alle tematiche del lavoro e dei rischi ad esso connessi<\/strong>. L\u2019essere umano viene posto al centro del processo produttivo in termini non solo di <strong>prevenzione<\/strong> ma anche di <strong>ricerca<\/strong>, migliorando aspetti come la protesica ma anche quelli relativi a tematiche ambientali, e tutelando la <strong>salute delle lavoratrici e dei lavoratori<\/strong> in <strong>ambienti pi\u00f9 sicuri e inclusivi<\/strong>.<\/p>\n<p><strong><span>Maurizio Montemagno<\/span><\/strong> ha confermato il <strong>supporto del MIMIT alle transizioni gemelle green e digitale<\/strong>. Citando un recente studio di OCSE e Banca d\u2019Italia, che ha evidenziato che le imprese pi\u00f9 resilienti alla pandemia sono state quelle che hanno <strong>investito di pi\u00f9 nell\u2019innovazione tecnologica<\/strong>, il Dirigente Generale del Ministero ha ribadito il <strong>ruolo fondamentale dei Centri di Competenza e degli EDIH<\/strong> nel costituire uno snodo importante nella <strong>sinergia tra pubblico e privato<\/strong> <strong>per fornire servizi alle imprese<\/strong>. Il MIMIT ha gi\u00e0 attivato tutti gli strumenti \u2013 dalle convenzioni da firmare con i Centri di Trasferimento Tecnologico al Manuale di Rendicontazione &#8211; per avviare i finanziamenti che consentiranno di <strong>efficientare i processi produttivi soprattutto delle piccole e piccolissime imprese<\/strong>, in particolare quelli in ottica di <strong>sostenibilit\u00e0 ambientale<\/strong> e di <strong>economia circolare<\/strong>.<\/p>\n<div id=\"hs_cos_wrapper_widget_1683870288519\" class=\"hs_cos_wrapper hs_cos_wrapper_widget hs_cos_wrapper_type_module\" data-hs-cos-general-type=\"widget\" data-hs-cos-type=\"module\">\n<div class=\"slider__container\" data-gallery_slider=\"widget_1683870288519\">\n<section class=\"splide__main splide\" aria-label=\"Carosello immagine con 2 diapositive.\">\n<div class=\"splide__arrows hs-gallery-slider-main__arrow\">\n            <button class=\"splide__arrow splide__arrow--prev\"><br \/>\n                <span id=\"hs_cos_wrapper_widget_1683870288519_prev_icon\" class=\"hs_cos_wrapper hs_cos_wrapper_widget hs_cos_wrapper_type_icon\" data-hs-cos-general-type=\"widget\" data-hs-cos-type=\"icon\"><svg version=\"1.0\" xmlns=\"http:\/\/www.w3.org\/2000\/svg\" viewbox=\"0 0 256 512\" aria-hidden=\"true\"><g id=\"angle-left1_layer\"><path d=\"M31.7 239l136-136c9.4-9.4 24.6-9.4 33.9 0l22.6 22.6c9.4 9.4 9.4 24.6 0 33.9L127.9 256l96.4 96.4c9.4 9.4 9.4 24.6 0 33.9L201.7 409c-9.4 9.4-24.6 9.4-33.9 0l-136-136c-9.5-9.4-9.5-24.6-.1-34z\"><\/path><\/g><\/svg><\/span><br \/>\n            <\/button><br \/>\n            <button class=\"splide__arrow splide__arrow--next\"><br \/>\n                <span id=\"hs_cos_wrapper_widget_1683870288519_next_icon\" class=\"hs_cos_wrapper hs_cos_wrapper_widget hs_cos_wrapper_type_icon\" data-hs-cos-general-type=\"widget\" data-hs-cos-type=\"icon\"><svg version=\"1.0\" xmlns=\"http:\/\/www.w3.org\/2000\/svg\" viewbox=\"0 0 256 512\" aria-hidden=\"true\"><g id=\"angle-right2_layer\"><path d=\"M224.3 273l-136 136c-9.4 9.4-24.6 9.4-33.9 0l-22.6-22.6c-9.4-9.4-9.4-24.6 0-33.9l96.4-96.4-96.4-96.4c-9.4-9.4-9.4-24.6 0-33.9L54.3 103c9.4-9.4 24.6-9.4 33.9 0l136 136c9.5 9.4 9.5 24.6.1 34z\"><\/path><\/g><\/svg><\/span><br \/>\n            <\/button>\n        <\/div>\n<div class=\"splide__track\">\n<div class=\"splide__list\">\n<div class=\"splide__slide\">\n<div class=\"splide__slide__contents\">\n<div class=\"splide__slide--image_caption__wrapper\">\n<div class=\"splide__slide--image__wrapper\">\n<p>                                        <img class=\"splide__slide--image\" data-splide-lazy=\"https:\/\/6816342.fs1.hubspotusercontent-na1.net\/hub\/6816342\/hubfs\/DSCF9159.jpg?width=1200&amp;length=1200&amp;name=DSCF9159.jpg\" alt=\"Giovanni di Pino\"><\/p><\/div>\n<\/p><\/div>\n<\/p><\/div>\n<\/p><\/div>\n<div class=\"splide__slide\">\n<div class=\"splide__slide__contents\">\n<div class=\"splide__slide--image_caption__wrapper\">\n<div class=\"splide__slide--image__wrapper\">\n<p>                                        <img class=\"splide__slide--image\" data-splide-lazy=\"https:\/\/6816342.fs1.hubspotusercontent-na1.net\/hub\/6816342\/hubfs\/DSCF9187-1.jpg?width=1200&amp;length=1200&amp;name=DSCF9187-1.jpg\" alt=\"artes 5\"><\/p><\/div>\n<\/p><\/div>\n<\/p><\/div>\n<\/p><\/div>\n<\/p><\/div>\n<\/p><\/div>\n<div class=\"splide__controls\">\n<div class=\"splide__pagination\"><\/div>\n<\/p><\/div>\n<\/section>\n<\/div>\n<\/div>\n<p><strong>Il senso di responsabilit\u00e0 nell\u2019uso dei robot<\/strong>: \u201c<strong>anticipazione<\/strong>\u201d, \u201c<strong>scelta<\/strong>\u201d e \u201c<strong>responsabilit\u00e0<\/strong>\u201d sono alcune delle parole chiave per vincere sul mercato internazionale di cui <span><strong>Giovanni Di Pino<\/strong>,<\/span> Professore Ordinario dell\u2019Universit\u00e0 Campus Bio-Medico Roma, ha discusso nella sua presentazione sui <strong>temi human-centered Industry 5.0<\/strong>, affermando l\u2019importanza che diventino concetti da incorporare nei prodotti delle imprese coniugando le scienze pure dell\u2019ingegneria e quelle sociali e umane per entrare nell\u2019Industria 5.0.<\/p>\n<p><strong>Gestire la complessit\u00e0 attraverso le tecnologie digitali<\/strong> \u00e8 la strategia con cui <strong>ENEL Green Power<\/strong>, rappresentata da <span><strong>Nicola Rossi<\/strong><\/span>, Responsabile Innovazione, riesce a giocare un ruolo di rilievo in un mondo che cambia velocemente, agendo in 32 parti del globo. Situazione che, di fatto, lo rende leader e primo operatore al mondo in termini di capacit\u00e0 di costruire impianti e realizzare progetti che riguardano <strong>decarbonizzazione ed elettrificazione<\/strong>, e di farlo in ottica di <strong>sostenibilit\u00e0 a tutto tondo<\/strong>, ovvero in termini di:<\/p>\n<ul>\n<li><span><strong>Energia sostenibile<\/strong>:<\/span> di cui l\u2019energia rinnovabile \u00e8 solo una dimensione, con l\u2019obiettivo di ridurre le emissioni di carbonio a zero nel 2040<\/li>\n<li><span><strong>Riduzione dei rischi<\/strong>,<\/span> nel mondo di sviluppo dei rinnovabili, attraverso la diversificazione tecnologica, il superamento delle dipendenze geopolitiche, la gestione del fine vita con il recupero dei materiali<\/li>\n<li>Nuovo sistemi di valori per <span><strong>accelerare la transizione energetica<\/strong><\/span> anche a livello industriale<\/li>\n<li><span><strong>Digitalizzazione collegata a Robotica e Intelligenza Artificiale<\/strong><\/span>, che sono gli elementi di maggior impatto nel percorso di resilienza della trasformazione ecologica. La digitalizzazione \u00e8 inoltre uno strumento potente, ha affermato Rossi, di supporto alle decisioni, che sono alla base dello sviluppo dei risultati, della gestione della qualit\u00e0 e dell\u2019operativit\u00e0, avendo un impatto fondamentale nei processi produttivi e manutentivi<\/li>\n<li><span><strong>Il sistema della sicurezza<\/strong><\/span>, trasversale ad ogni altro aspetto<\/li>\n<\/ul>\n<p><strong><span>A seguire, la tavola rotonda sui rischi e le potenzialit\u00e0 dell\u2019Industria 5.0 moderata da <\/span><\/strong><span><strong><span>Paolo Dario<\/span><\/strong><\/span><span>, Direttore Scientifico di ARTES 4.0 e Coordinatore dell\u2019EDIH ARTES 5.0, che ha chiesto ai relatori di rispondere alla domanda: \u201c<strong>Qual \u00e8 secondo il vostro punto di vista il potenziale reale di Industria 5.0 nel processo di transizione digitale ed ecologica delle imprese e della PA: tecnologia, accettabilit\u00e0, sostenibilit\u00e0 economica?<\/strong>\u201d<\/span><\/p>\n<div id=\"hs_cos_wrapper_widget_1683870686208\" class=\"hs_cos_wrapper hs_cos_wrapper_widget hs_cos_wrapper_type_module\" data-hs-cos-general-type=\"widget\" data-hs-cos-type=\"module\">\n<div class=\"slider__container\" data-gallery_slider=\"widget_1683870686208\">\n<section class=\"splide__main splide\" aria-label=\"Carosello immagine con 2 diapositive.\">\n<div class=\"splide__arrows hs-gallery-slider-main__arrow\">\n            <button class=\"splide__arrow splide__arrow--prev\"><br \/>\n                <span id=\"hs_cos_wrapper_widget_1683870686208_prev_icon\" class=\"hs_cos_wrapper hs_cos_wrapper_widget hs_cos_wrapper_type_icon\" data-hs-cos-general-type=\"widget\" data-hs-cos-type=\"icon\"><svg version=\"1.0\" xmlns=\"http:\/\/www.w3.org\/2000\/svg\" viewbox=\"0 0 256 512\" aria-hidden=\"true\"><g id=\"angle-left1_layer\"><path d=\"M31.7 239l136-136c9.4-9.4 24.6-9.4 33.9 0l22.6 22.6c9.4 9.4 9.4 24.6 0 33.9L127.9 256l96.4 96.4c9.4 9.4 9.4 24.6 0 33.9L201.7 409c-9.4 9.4-24.6 9.4-33.9 0l-136-136c-9.5-9.4-9.5-24.6-.1-34z\"><\/path><\/g><\/svg><\/span><br \/>\n            <\/button><br \/>\n            <button class=\"splide__arrow splide__arrow--next\"><br \/>\n                <span id=\"hs_cos_wrapper_widget_1683870686208_next_icon\" class=\"hs_cos_wrapper hs_cos_wrapper_widget hs_cos_wrapper_type_icon\" data-hs-cos-general-type=\"widget\" data-hs-cos-type=\"icon\"><svg version=\"1.0\" xmlns=\"http:\/\/www.w3.org\/2000\/svg\" viewbox=\"0 0 256 512\" aria-hidden=\"true\"><g id=\"angle-right2_layer\"><path d=\"M224.3 273l-136 136c-9.4 9.4-24.6 9.4-33.9 0l-22.6-22.6c-9.4-9.4-9.4-24.6 0-33.9l96.4-96.4-96.4-96.4c-9.4-9.4-9.4-24.6 0-33.9L54.3 103c9.4-9.4 24.6-9.4 33.9 0l136 136c9.5 9.4 9.5 24.6.1 34z\"><\/path><\/g><\/svg><\/span><br \/>\n            <\/button>\n        <\/div>\n<div class=\"splide__track\">\n<div class=\"splide__list\">\n<div class=\"splide__slide\">\n<div class=\"splide__slide__contents\">\n<div class=\"splide__slide--image_caption__wrapper\">\n<div class=\"splide__slide--image__wrapper\">\n<p>                                        <img class=\"splide__slide--image\" data-splide-lazy=\"https:\/\/6816342.fs1.hubspotusercontent-na1.net\/hub\/6816342\/hubfs\/DSCF9230.jpg?width=1200&amp;length=1200&amp;name=DSCF9230.jpg\" alt=\"tavola rotonda\"><\/p><\/div>\n<\/p><\/div>\n<\/p><\/div>\n<\/p><\/div>\n<div class=\"splide__slide\">\n<div class=\"splide__slide__contents\">\n<div class=\"splide__slide--image_caption__wrapper\">\n<div class=\"splide__slide--image__wrapper\">\n<p>                                        <img class=\"splide__slide--image\" data-splide-lazy=\"https:\/\/6816342.fs1.hubspotusercontent-na1.net\/hub\/6816342\/hubfs\/DSCF9245.jpg?width=1200&amp;length=1200&amp;name=DSCF9245.jpg\" alt=\"tavola rotonda\"><\/p><\/div>\n<\/p><\/div>\n<\/p><\/div>\n<\/p><\/div>\n<\/p><\/div>\n<\/p><\/div>\n<div class=\"splide__controls\">\n<div class=\"splide__pagination\"><\/div>\n<\/p><\/div>\n<\/section>\n<\/div>\n<\/div>\n<p><span>\u00a0<\/span><\/p>\n<p><span><strong><span>Francesca Tonini<\/span><\/strong><\/span><span>, Direttrice Esecutiva di ARTES 4.0, ha esposto la necessit\u00e0 di <strong>far leva sul nuovo framework di Industria 4.0<\/strong> per rendere possibile una trasformazione sistemica in termini di sostenibilit\u00e0 con particolare attenzione anche al benessere di chi lavora.<\/p>\n<p><\/span><span><\/span><span><strong><span>Angelo Giuliana<\/span><\/strong><\/span><span>, Direttore Generale del Centro di Competenza MedITech, ha in particolare posto l\u2019attenzione sul <strong>tema della salute e del \u201cone health\u201d<\/strong>, con un ruolo fondamentale nella ricerca tecnologica, attraverso l\u2019integrazione con la robotica, per salvaguardare la persona.<\/span><\/p>\n<p><span>\u00a0<\/span><span><strong><span>Paola Girdinio<\/span><\/strong><\/span><span>, Presidente di Start 4.0, ha di nuovo \u2013 dopo Di Pino &#8211; riportato l\u2019analisi sul <strong>senso etico della tecnologia<\/strong>, che deve poter riguardare l\u2019intera comunit\u00e0, a partire da quella educante formata da scuole e universit\u00e0 che sono cruciali per <strong>creare competenze per innovare<\/strong>.<\/span><\/p>\n<p><span>\u00a0<\/span><\/p>\n<div id=\"hs_cos_wrapper_widget_1683870370607\" class=\"hs_cos_wrapper hs_cos_wrapper_widget hs_cos_wrapper_type_module\" data-hs-cos-general-type=\"widget\" data-hs-cos-type=\"module\">\n<div class=\"slider__container\" data-gallery_slider=\"widget_1683870370607\">\n<section class=\"splide__main splide\" aria-label=\"Carosello immagine con 1 diapositive.\">\n<div class=\"splide__arrows hs-gallery-slider-main__arrow\">\n            <button class=\"splide__arrow splide__arrow--prev\"><br \/>\n                <span id=\"hs_cos_wrapper_widget_1683870370607_prev_icon\" class=\"hs_cos_wrapper hs_cos_wrapper_widget hs_cos_wrapper_type_icon\" data-hs-cos-general-type=\"widget\" data-hs-cos-type=\"icon\"><svg version=\"1.0\" xmlns=\"http:\/\/www.w3.org\/2000\/svg\" viewbox=\"0 0 256 512\" aria-hidden=\"true\"><g id=\"angle-left1_layer\"><path d=\"M31.7 239l136-136c9.4-9.4 24.6-9.4 33.9 0l22.6 22.6c9.4 9.4 9.4 24.6 0 33.9L127.9 256l96.4 96.4c9.4 9.4 9.4 24.6 0 33.9L201.7 409c-9.4 9.4-24.6 9.4-33.9 0l-136-136c-9.5-9.4-9.5-24.6-.1-34z\"><\/path><\/g><\/svg><\/span><br \/>\n            <\/button><br \/>\n            <button class=\"splide__arrow splide__arrow--next\"><br \/>\n                <span id=\"hs_cos_wrapper_widget_1683870370607_next_icon\" class=\"hs_cos_wrapper hs_cos_wrapper_widget hs_cos_wrapper_type_icon\" data-hs-cos-general-type=\"widget\" data-hs-cos-type=\"icon\"><svg version=\"1.0\" xmlns=\"http:\/\/www.w3.org\/2000\/svg\" viewbox=\"0 0 256 512\" aria-hidden=\"true\"><g id=\"angle-right2_layer\"><path d=\"M224.3 273l-136 136c-9.4 9.4-24.6 9.4-33.9 0l-22.6-22.6c-9.4-9.4-9.4-24.6 0-33.9l96.4-96.4-96.4-96.4c-9.4-9.4-9.4-24.6 0-33.9L54.3 103c9.4-9.4 24.6-9.4 33.9 0l136 136c9.5 9.4 9.5 24.6.1 34z\"><\/path><\/g><\/svg><\/span><br \/>\n            <\/button>\n        <\/div>\n<div class=\"splide__track\">\n<div class=\"splide__list\">\n<div class=\"splide__slide\">\n<div class=\"splide__slide__contents\">\n<div class=\"splide__slide--image_caption__wrapper\">\n<div class=\"splide__slide--image__wrapper\">\n<p>                                        <img class=\"splide__slide--image\" data-splide-lazy=\"https:\/\/6816342.fs1.hubspotusercontent-na1.net\/hub\/6816342\/hubfs\/DSCF9251.jpg?width=1200&amp;length=1200&amp;name=DSCF9251.jpg\" alt=\"Edoardo Gambacciani\"><\/p><\/div>\n<\/p><\/div>\n<\/p><\/div>\n<\/p><\/div>\n<\/p><\/div>\n<\/p><\/div>\n<div class=\"splide__controls\">\n<div class=\"splide__pagination\"><\/div>\n<\/p><\/div>\n<\/section>\n<\/div>\n<\/div>\n<p><span><strong><span>Edoardo Gambacciani<\/span><\/strong><\/span><span>, Direttore Centrale Ricerca dell\u2019INAIL, ha sottolineato che l\u2019<strong>iniziativa dell\u2019EDIH ha il potere di ampliare il raggio di azione a favore delle PMI.<\/strong><strong>\u00a0<\/strong><span>La centralit\u00e0 della persona \u00e8 uno degli elementi principali dell\u2019Industria 5.0 ed \u00e8 la finalit\u00e0<\/span> istituzionale di INAIL, che riconosce costituzionalmente la tutela dei lavoratori contro i rischi del lavoro. La sfida raccolta, prima con il grande partenariato di ARTES 4.0 e oggi con ARTES 5.0, \u00e8 quella di realizzare al meglio l\u2019obiettivo di mitigazione dei rischi intervenendo in modo efficace sulle piccole e medie imprese, che caratterizzano il tessuto produttivo italiano e che solitamente hanno pi\u00f9 difficolt\u00e0 a investire sull\u2019innovazione e, soprattutto, sull\u2019innovazione per la salute e la sicurezza.<\/span><\/p>\n<p><span><strong><span>Stefania Ascione<\/span><\/strong><\/span><span>, a capo dell\u2019unit\u00e0 di R&amp;I e European Funds Advisory di Intesa Sanpaolo, ha parlato di <strong>rivoluzione, non solo tecnologica, ma soprattutto culturale<\/strong>, che riguarder\u00e0 il nostro modo di lavorare, nuovi modelli di business e valori sociali.<\/span><\/p>\n<p><span><strong><span>Raffaele Spallone<\/span><\/strong><\/span><span>, Dirigente della Divisione II della Direzione Generale per la Politica Industriale, l\u2019Innovazione e le PMI del MIMIT, ha sostenuto la necessit\u00e0 di <strong>accompagnare le imprese nel processo di trasformazione digitale<\/strong> e che a farlo siano proprio i Centri di Competenza e gli EDIH, il cui ruolo \u00e8 anche quello di coadiuvare la PA nel far emergere i fabbisogni di innovazione. Le PA dispongono di risorse ingenti che non sono riuscite finora a valorizzare fino in fondo ma che possono fungere, coadiuvate dai centri di trasferimento tecnologico, da effetto moltiplicatore trasformando i processi di digitalizzazione delle imprese in modo nuovo e rilevante.<\/span><\/p>\n<p><span><strong><span>Antonio Lionetto<\/span><\/strong><\/span><span>, Funding Program Manager di STMicroelectronics, ha dato la disponibilit\u00e0 di ST, eccellenza mondiale in grado di contribuire a intervenire attivamente e rapidamente nei processi di trasformazione digitale attraverso la microelettronica, ad <strong>un nuovo ruolo sociale<\/strong> <strong>attraverso la sua capacit\u00e0 produttiva e tecnologica<\/strong>.<\/p>\n<p><\/span><\/p>\n<div id=\"hs_cos_wrapper_widget_1683870413183\" class=\"hs_cos_wrapper hs_cos_wrapper_widget hs_cos_wrapper_type_module\" data-hs-cos-general-type=\"widget\" data-hs-cos-type=\"module\">\n<div class=\"slider__container\" data-gallery_slider=\"widget_1683870413183\">\n<section class=\"splide__main splide\" aria-label=\"Carosello immagine con 1 diapositive.\">\n<div class=\"splide__arrows hs-gallery-slider-main__arrow\">\n            <button class=\"splide__arrow splide__arrow--prev\"><br \/>\n                <span id=\"hs_cos_wrapper_widget_1683870413183_prev_icon\" class=\"hs_cos_wrapper hs_cos_wrapper_widget hs_cos_wrapper_type_icon\" data-hs-cos-general-type=\"widget\" data-hs-cos-type=\"icon\"><svg version=\"1.0\" xmlns=\"http:\/\/www.w3.org\/2000\/svg\" viewbox=\"0 0 256 512\" aria-hidden=\"true\"><g id=\"angle-left1_layer\"><path d=\"M31.7 239l136-136c9.4-9.4 24.6-9.4 33.9 0l22.6 22.6c9.4 9.4 9.4 24.6 0 33.9L127.9 256l96.4 96.4c9.4 9.4 9.4 24.6 0 33.9L201.7 409c-9.4 9.4-24.6 9.4-33.9 0l-136-136c-9.5-9.4-9.5-24.6-.1-34z\"><\/path><\/g><\/svg><\/span><br \/>\n            <\/button><br \/>\n            <button class=\"splide__arrow splide__arrow--next\"><br \/>\n                <span id=\"hs_cos_wrapper_widget_1683870413183_next_icon\" class=\"hs_cos_wrapper hs_cos_wrapper_widget hs_cos_wrapper_type_icon\" data-hs-cos-general-type=\"widget\" data-hs-cos-type=\"icon\"><svg version=\"1.0\" xmlns=\"http:\/\/www.w3.org\/2000\/svg\" viewbox=\"0 0 256 512\" aria-hidden=\"true\"><g id=\"angle-right2_layer\"><path d=\"M224.3 273l-136 136c-9.4 9.4-24.6 9.4-33.9 0l-22.6-22.6c-9.4-9.4-9.4-24.6 0-33.9l96.4-96.4-96.4-96.4c-9.4-9.4-9.4-24.6 0-33.9L54.3 103c9.4-9.4 24.6-9.4 33.9 0l136 136c9.5 9.4 9.5 24.6.1 34z\"><\/path><\/g><\/svg><\/span><br \/>\n            <\/button>\n        <\/div>\n<div class=\"splide__track\">\n<div class=\"splide__list\">\n<div class=\"splide__slide\">\n<div class=\"splide__slide__contents\">\n<div class=\"splide__slide--image_caption__wrapper\">\n<div class=\"splide__slide--image__wrapper\">\n<p>                                        <img class=\"splide__slide--image\" data-splide-lazy=\"https:\/\/6816342.fs1.hubspotusercontent-na1.net\/hub\/6816342\/hubfs\/DSCF9297.jpg?width=1200&amp;length=1200&amp;name=DSCF9297.jpg\" alt=\"Rossella Raso\"><\/p><\/div>\n<\/p><\/div>\n<\/p><\/div>\n<\/p><\/div>\n<\/p><\/div>\n<\/p><\/div>\n<div class=\"splide__controls\">\n<div class=\"splide__pagination\"><\/div>\n<\/p><\/div>\n<\/section>\n<\/div>\n<\/div>\n<p><strong><span><br \/>Tra i servizi offerti strumenti tecnici avanzati per il test prima dell\u2019investimento, ha<\/span><\/strong><span> riassunto <span>Rossella Raso<\/span>, project manager di ARTES 5.0, spiegandone le caratteristiche. L\u2019EDIH \u00e8 il nuovo punto di accesso per aziende e PA a un ecosistema di innovazione interconnesso di conoscenze, competenze e infrastrutture di eccellenza, distribuito su tutto il territorio italiano e connesso a diversi hub europei, attraverso un modello di rete radiale, e in particolare offre ai propri utenti servizi per la formazione, accesso agli investimenti e strumenti tecnici avanzati per il test prima dell\u2019investimento, appositamente progettati per accelerare la transizione digitale ed ecologica in diversi settori, come la salute e la qualit\u00e0 della vita, la produzione sostenibile, l\u2019economia della rigenerazione, l\u2019industria creativa e culturale, l\u2019artigianato, il turismo, fino al comparto cruciale dell\u2019energia.<\/span><\/p>\n<p><span><span>A conclusione dei lavori\u00a0<\/span><span><strong>Andrea Tardiola<\/strong><\/span><span>,<strong>\u00a0Direttore Generale INAIL, ha evidenziato le tre parole complessit\u00e0, sostenibilit\u00e0 e responsabilit\u00e0 quali le parole chiave<\/strong>\u00a0che hanno legato la discussione. L\u2019intelligenza artificiale \u00e8 un elemento interessante e di straordinario potenziamento degli interventi, che rischia per\u00f2 di sottrarre valore piuttosto che aggiungerlo, se non impariamo a governarlo. Infine,\u00a0<\/span><span><strong>Paolo<\/strong>\u00a0<strong>Dario<\/strong><\/span> Coordinatore dell\u2019EDIH, nei saluti finali ha confermato la volont\u00e0 di agire attraverso ARTES 5.0 <\/span>puntando alla <strong>quinta rivoluzione industriale<\/strong><strong><span> per<\/span><\/strong><strong> \u201crilanciare\u201d il sistema delle imprese<\/strong>. \u201cIndustria 5.0 sar\u00e0 uno strumento formidabile per affrontare la sfida della sostenibilit\u00e0 oltre il principio del Do Not Significative Harm e in coordinamento con il Piano Nazionale di Ripresa e Resilienza<span>. <\/span>L&#8217;economia della rigenerazione e i sistemi di intelligenza artificiale\u201d, ha affermato, \u201dapplicati alle tecnologie digitali e alle macchine intelligenti sono elementi chiave per la trasformazione digitale in linea con gli obiettivi della Strategia Innovate EU, del Green Deal e del Piano Next Generation EU. ARTES 5.0, con focus specifico sull&#8217;Intelligenza Artificiale e la Robotica, orienter\u00e0 le aziende e le organizzazioni del settore pubblico verso nuove direzioni, utilizzando appieno tecnologie innovative, introducendo in modo massiccio macchine intelligenti per la sostenibilit\u00e0 e proiettandole ulteriormente oltre il 4.0 verso la quinta rivoluzione industriale e l&#8217;economia della rigenerazione. Il nostro fine ultimo\u201d, ha concluso, \u201c\u00e8 quello di alimentare catene del valore sostenibili, incentrate sull&#8217;uomo e resilienti attraverso discontinuit\u00e0 tecnologiche e culturali basate sulla scienza, in linea con le attuali sfide affrontate dall&#8217;Unione Europea e con gli Obiettivi del programma Europa digitale\u201d.<\/p>\n<div id=\"hs_cos_wrapper_widget_1683870805329\" class=\"hs_cos_wrapper hs_cos_wrapper_widget hs_cos_wrapper_type_module\" data-hs-cos-general-type=\"widget\" data-hs-cos-type=\"module\">\n<div class=\"slider__container\" data-gallery_slider=\"widget_1683870805329\">\n<section class=\"splide__main splide\" aria-label=\"Carosello immagine con 1 diapositive.\">\n<div class=\"splide__arrows hs-gallery-slider-main__arrow\">\n            <button class=\"splide__arrow splide__arrow--prev\"><br \/>\n                <span id=\"hs_cos_wrapper_widget_1683870805329_prev_icon\" class=\"hs_cos_wrapper hs_cos_wrapper_widget hs_cos_wrapper_type_icon\" data-hs-cos-general-type=\"widget\" data-hs-cos-type=\"icon\"><svg version=\"1.0\" xmlns=\"http:\/\/www.w3.org\/2000\/svg\" viewbox=\"0 0 256 512\" aria-hidden=\"true\"><g id=\"angle-left1_layer\"><path d=\"M31.7 239l136-136c9.4-9.4 24.6-9.4 33.9 0l22.6 22.6c9.4 9.4 9.4 24.6 0 33.9L127.9 256l96.4 96.4c9.4 9.4 9.4 24.6 0 33.9L201.7 409c-9.4 9.4-24.6 9.4-33.9 0l-136-136c-9.5-9.4-9.5-24.6-.1-34z\"><\/path><\/g><\/svg><\/span><br \/>\n            <\/button><br \/>\n            <button class=\"splide__arrow splide__arrow--next\"><br \/>\n                <span id=\"hs_cos_wrapper_widget_1683870805329_next_icon\" class=\"hs_cos_wrapper hs_cos_wrapper_widget hs_cos_wrapper_type_icon\" data-hs-cos-general-type=\"widget\" data-hs-cos-type=\"icon\"><svg version=\"1.0\" xmlns=\"http:\/\/www.w3.org\/2000\/svg\" viewbox=\"0 0 256 512\" aria-hidden=\"true\"><g id=\"angle-right2_layer\"><path d=\"M224.3 273l-136 136c-9.4 9.4-24.6 9.4-33.9 0l-22.6-22.6c-9.4-9.4-9.4-24.6 0-33.9l96.4-96.4-96.4-96.4c-9.4-9.4-9.4-24.6 0-33.9L54.3 103c9.4-9.4 24.6-9.4 33.9 0l136 136c9.5 9.4 9.5 24.6.1 34z\"><\/path><\/g><\/svg><\/span><br \/>\n            <\/button>\n        <\/div>\n<div class=\"splide__track\">\n<div class=\"splide__list\">\n<div class=\"splide__slide\">\n<div class=\"splide__slide__contents\">\n<div class=\"splide__slide--image_caption__wrapper\">\n<div class=\"splide__slide--image__wrapper\">\n<p>                                        <img class=\"splide__slide--image\" data-splide-lazy=\"https:\/\/6816342.fs1.hubspotusercontent-na1.net\/hub\/6816342\/hubfs\/DSCF9274.jpg?width=1200&amp;length=1200&amp;name=DSCF9274.jpg\" alt=\"artes 5\"><\/p><\/div>\n<\/p><\/div>\n<\/p><\/div>\n<\/p><\/div>\n<\/p><\/div>\n<\/p><\/div>\n<div class=\"splide__controls\">\n<div class=\"splide__pagination\"><\/div>\n<\/p><\/div>\n<\/section>\n<\/div>\n<\/div>\n<div id=\"hs_cos_wrapper_widget_1683871365824\" class=\"hs_cos_wrapper hs_cos_wrapper_widget hs_cos_wrapper_type_module\" data-hs-cos-general-type=\"widget\" data-hs-cos-type=\"module\">\n<div class=\"back-to-top\">\n\t<a href=\"#\"><i class=\"fa fa-chevron-up\"><\/i><\/a>\n<\/div>\n<\/div>\n<p><\/span>\n\t\t\t\t\t\t<\/div>\n","protected":false},"excerpt":{"rendered":"<p>Roma, 5 maggio 2023. All\u2019auditorium della sede centrale dell\u2019INAIL si \u00e8 tenuta la presentazione di ARTES 5.0, polo di innovazione costituito da imprese e centri di ricerca per affrontare insieme le sfide della transizione ecologica, della sostenibilit\u00e0 e della trasformazione digitale.<\/p>\n","protected":false},"author":25,"featured_media":2322,"comment_status":"open","ping_status":"closed","sticky":false,"template":"","format":"standard","meta":{"_acf_changed":false,"footnotes":""},"categories":[1],"tags":[92,93,89],"anno_doc":[],"class_list":["post-2323","post","type-post","status-publish","format-standard","has-post-thumbnail","hentry","category-news","tag-industria-4-0","tag-news-ed-eventi","tag-robotica-e-intelligenza-artificiale"],"acf":[],"yoast_head":"<!-- This site is optimized with the Yoast SEO Premium plugin v22.8 (Yoast SEO v25.8) - https:\/\/yoast.com\/wordpress\/plugins\/seo\/ -->\n<title>ARTES 5.0 - Restart Italy \u201cRobotica e Intelligenza artificiale a sostegno di catene del valore resilienti, sostenibili e incentrate sull&#039;uomo\u201d - Artes 4.0<\/title>\n<meta name=\"robots\" content=\"index, follow, max-snippet:-1, max-image-preview:large, max-video-preview:-1\" \/>\n<link rel=\"canonical\" href=\"https:\/\/www.artes4.it\/en\/news\/artes-5-0-restart-italy-robotica-e-intelligenza-artificiale-a-sostegno-di-catene-del-valore-resilienti-sostenibili-e-incentrate-sulluomo\/\" \/>\n<meta property=\"og:locale\" content=\"en_US\" \/>\n<meta property=\"og:type\" content=\"article\" \/>\n<meta property=\"og:title\" content=\"ARTES 5.0 - Restart Italy \u201cRobotica e Intelligenza artificiale a sostegno di catene del valore resilienti, sostenibili e incentrate sull&#039;uomo\u201d\" \/>\n<meta property=\"og:description\" content=\"Roma, 5 maggio 2023. All\u2019auditorium della sede centrale dell\u2019INAIL si \u00e8 tenuta la presentazione di ARTES 5.0, polo di innovazione costituito da imprese e centri di ricerca per affrontare insieme le sfide della transizione ecologica, della sostenibilit\u00e0 e della trasformazione digitale.\" \/>\n<meta property=\"og:url\" content=\"https:\/\/www.artes4.it\/en\/news\/artes-5-0-restart-italy-robotica-e-intelligenza-artificiale-a-sostegno-di-catene-del-valore-resilienti-sostenibili-e-incentrate-sulluomo\/\" \/>\n<meta property=\"og:site_name\" content=\"Artes 4.0\" \/>\n<meta property=\"article:published_time\" content=\"2023-05-12T18:23:00+00:00\" \/>\n<meta property=\"article:modified_time\" content=\"2024-03-27T18:58:52+00:00\" \/>\n<meta property=\"og:image\" content=\"https:\/\/www.artes4.it\/wp-content\/uploads\/2024\/03\/Artes205_020-20newsletter20-202.png\" \/>\n\t<meta property=\"og:image:width\" content=\"1200\" \/>\n\t<meta property=\"og:image:height\" content=\"628\" \/>\n\t<meta property=\"og:image:type\" content=\"image\/png\" \/>\n<meta name=\"author\" content=\"Enza Spadoni\" \/>\n<meta name=\"twitter:card\" content=\"summary_large_image\" \/>\n<meta name=\"twitter:label1\" content=\"Written by\" \/>\n\t<meta name=\"twitter:data1\" content=\"Enza Spadoni\" \/>\n\t<meta name=\"twitter:label2\" content=\"Est. reading time\" \/>\n\t<meta name=\"twitter:data2\" content=\"8 minutes\" \/>\n<script type=\"application\/ld+json\" class=\"yoast-schema-graph\">{\"@context\":\"https:\/\/schema.org\",\"@graph\":[{\"@type\":\"Article\",\"@id\":\"https:\/\/www.artes4.it\/en\/news\/artes-5-0-restart-italy-robotica-e-intelligenza-artificiale-a-sostegno-di-catene-del-valore-resilienti-sostenibili-e-incentrate-sulluomo\/#article\",\"isPartOf\":{\"@id\":\"https:\/\/www.artes4.it\/en\/news\/artes-5-0-restart-italy-robotica-e-intelligenza-artificiale-a-sostegno-di-catene-del-valore-resilienti-sostenibili-e-incentrate-sulluomo\/\"},\"author\":{\"name\":\"Enza Spadoni\",\"@id\":\"https:\/\/www.artes4.it\/en\/#\/schema\/person\/4037023b0654be2ae819d27b02bd329d\"},\"headline\":\"ARTES 5.0 &#8211; Restart Italy \u201cRobotica e Intelligenza artificiale a sostegno di catene del valore resilienti, sostenibili e incentrate sull&#8217;uomo\u201d\",\"datePublished\":\"2023-05-12T18:23:00+00:00\",\"dateModified\":\"2024-03-27T18:58:52+00:00\",\"mainEntityOfPage\":{\"@id\":\"https:\/\/www.artes4.it\/en\/news\/artes-5-0-restart-italy-robotica-e-intelligenza-artificiale-a-sostegno-di-catene-del-valore-resilienti-sostenibili-e-incentrate-sulluomo\/\"},\"wordCount\":1662,\"commentCount\":0,\"publisher\":{\"@id\":\"https:\/\/www.artes4.it\/en\/#organization\"},\"image\":{\"@id\":\"https:\/\/www.artes4.it\/en\/news\/artes-5-0-restart-italy-robotica-e-intelligenza-artificiale-a-sostegno-di-catene-del-valore-resilienti-sostenibili-e-incentrate-sulluomo\/#primaryimage\"},\"thumbnailUrl\":\"https:\/\/www.artes4.it\/wp-content\/uploads\/2024\/03\/Artes205_020-20newsletter20-202.png\",\"keywords\":[\"Industria 4.0\",\"News ed eventi\",\"Robotica e Intelligenza Artificiale\"],\"articleSection\":[\"News\"],\"inLanguage\":\"en-US\"},{\"@type\":\"WebPage\",\"@id\":\"https:\/\/www.artes4.it\/en\/news\/artes-5-0-restart-italy-robotica-e-intelligenza-artificiale-a-sostegno-di-catene-del-valore-resilienti-sostenibili-e-incentrate-sulluomo\/\",\"url\":\"https:\/\/www.artes4.it\/en\/news\/artes-5-0-restart-italy-robotica-e-intelligenza-artificiale-a-sostegno-di-catene-del-valore-resilienti-sostenibili-e-incentrate-sulluomo\/\",\"name\":\"ARTES 5.0 - Restart Italy \u201cRobotica e Intelligenza artificiale a sostegno di catene del valore resilienti, sostenibili e incentrate sull'uomo\u201d - Artes 4.0\",\"isPartOf\":{\"@id\":\"https:\/\/www.artes4.it\/en\/#website\"},\"primaryImageOfPage\":{\"@id\":\"https:\/\/www.artes4.it\/en\/news\/artes-5-0-restart-italy-robotica-e-intelligenza-artificiale-a-sostegno-di-catene-del-valore-resilienti-sostenibili-e-incentrate-sulluomo\/#primaryimage\"},\"image\":{\"@id\":\"https:\/\/www.artes4.it\/en\/news\/artes-5-0-restart-italy-robotica-e-intelligenza-artificiale-a-sostegno-di-catene-del-valore-resilienti-sostenibili-e-incentrate-sulluomo\/#primaryimage\"},\"thumbnailUrl\":\"https:\/\/www.artes4.it\/wp-content\/uploads\/2024\/03\/Artes205_020-20newsletter20-202.png\",\"datePublished\":\"2023-05-12T18:23:00+00:00\",\"dateModified\":\"2024-03-27T18:58:52+00:00\",\"breadcrumb\":{\"@id\":\"https:\/\/www.artes4.it\/en\/news\/artes-5-0-restart-italy-robotica-e-intelligenza-artificiale-a-sostegno-di-catene-del-valore-resilienti-sostenibili-e-incentrate-sulluomo\/#breadcrumb\"},\"inLanguage\":\"en-US\",\"potentialAction\":[{\"@type\":\"ReadAction\",\"target\":[\"https:\/\/www.artes4.it\/en\/news\/artes-5-0-restart-italy-robotica-e-intelligenza-artificiale-a-sostegno-di-catene-del-valore-resilienti-sostenibili-e-incentrate-sulluomo\/\"]}]},{\"@type\":\"ImageObject\",\"inLanguage\":\"en-US\",\"@id\":\"https:\/\/www.artes4.it\/en\/news\/artes-5-0-restart-italy-robotica-e-intelligenza-artificiale-a-sostegno-di-catene-del-valore-resilienti-sostenibili-e-incentrate-sulluomo\/#primaryimage\",\"url\":\"https:\/\/www.artes4.it\/wp-content\/uploads\/2024\/03\/Artes205_020-20newsletter20-202.png\",\"contentUrl\":\"https:\/\/www.artes4.it\/wp-content\/uploads\/2024\/03\/Artes205_020-20newsletter20-202.png\",\"width\":1200,\"height\":628},{\"@type\":\"BreadcrumbList\",\"@id\":\"https:\/\/www.artes4.it\/en\/news\/artes-5-0-restart-italy-robotica-e-intelligenza-artificiale-a-sostegno-di-catene-del-valore-resilienti-sostenibili-e-incentrate-sulluomo\/#breadcrumb\",\"itemListElement\":[{\"@type\":\"ListItem\",\"position\":1,\"name\":\"Home\",\"item\":\"https:\/\/www.artes4.it\/en\/\"},{\"@type\":\"ListItem\",\"position\":2,\"name\":\"ARTES 5.0 &#8211; Restart Italy \u201cRobotica e Intelligenza artificiale a sostegno di catene del valore resilienti, sostenibili e incentrate sull&#8217;uomo\u201d\"}]},{\"@type\":\"WebSite\",\"@id\":\"https:\/\/www.artes4.it\/en\/#website\",\"url\":\"https:\/\/www.artes4.it\/en\/\",\"name\":\"Artes 4.0\",\"description\":\"\",\"publisher\":{\"@id\":\"https:\/\/www.artes4.it\/en\/#organization\"},\"potentialAction\":[{\"@type\":\"SearchAction\",\"target\":{\"@type\":\"EntryPoint\",\"urlTemplate\":\"https:\/\/www.artes4.it\/en\/?s={search_term_string}\"},\"query-input\":{\"@type\":\"PropertyValueSpecification\",\"valueRequired\":true,\"valueName\":\"search_term_string\"}}],\"inLanguage\":\"en-US\"},{\"@type\":\"Organization\",\"@id\":\"https:\/\/www.artes4.it\/en\/#organization\",\"name\":\"Artes 4.0\",\"url\":\"https:\/\/www.artes4.it\/en\/\",\"logo\":{\"@type\":\"ImageObject\",\"inLanguage\":\"en-US\",\"@id\":\"https:\/\/www.artes4.it\/en\/#\/schema\/logo\/image\/\",\"url\":\"https:\/\/www.artes4.it\/wp-content\/uploads\/2024\/01\/logo_artes_white.jpeg\",\"contentUrl\":\"https:\/\/www.artes4.it\/wp-content\/uploads\/2024\/01\/logo_artes_white.jpeg\",\"width\":462,\"height\":171,\"caption\":\"Artes 4.0\"},\"image\":{\"@id\":\"https:\/\/www.artes4.it\/en\/#\/schema\/logo\/image\/\"},\"sameAs\":[\"https:\/\/www.linkedin.com\/company\/associazione-artes-4-0\/posts\/?feedView=all\"]},{\"@type\":\"Person\",\"@id\":\"https:\/\/www.artes4.it\/en\/#\/schema\/person\/4037023b0654be2ae819d27b02bd329d\",\"name\":\"Enza Spadoni\",\"image\":{\"@type\":\"ImageObject\",\"inLanguage\":\"en-US\",\"@id\":\"https:\/\/www.artes4.it\/en\/#\/schema\/person\/image\/\",\"url\":\"https:\/\/www.artes4.it\/wp-content\/uploads\/2024\/03\/Progetto20senza20titolo2059-96x96.png\",\"contentUrl\":\"https:\/\/www.artes4.it\/wp-content\/uploads\/2024\/03\/Progetto20senza20titolo2059-96x96.png\",\"caption\":\"Enza Spadoni\"},\"description\":\"Responsabile Area Trasferimento Tecnologico e Relazioni Esterne\",\"url\":\"https:\/\/www.artes4.it\/en\/author\/enza-spadoniartes4-it\/\"}]}<\/script>\n<!-- \/ Yoast SEO Premium plugin. -->","yoast_head_json":{"title":"ARTES 5.0 - Restart Italy \u201cRobotica e Intelligenza artificiale a sostegno di catene del valore resilienti, sostenibili e incentrate sull'uomo\u201d - Artes 4.0","robots":{"index":"index","follow":"follow","max-snippet":"max-snippet:-1","max-image-preview":"max-image-preview:large","max-video-preview":"max-video-preview:-1"},"canonical":"https:\/\/www.artes4.it\/en\/news\/artes-5-0-restart-italy-robotica-e-intelligenza-artificiale-a-sostegno-di-catene-del-valore-resilienti-sostenibili-e-incentrate-sulluomo\/","og_locale":"en_US","og_type":"article","og_title":"ARTES 5.0 - Restart Italy \u201cRobotica e Intelligenza artificiale a sostegno di catene del valore resilienti, sostenibili e incentrate sull'uomo\u201d","og_description":"Roma, 5 maggio 2023. All\u2019auditorium della sede centrale dell\u2019INAIL si \u00e8 tenuta la presentazione di ARTES 5.0, polo di innovazione costituito da imprese e centri di ricerca per affrontare insieme le sfide della transizione ecologica, della sostenibilit\u00e0 e della trasformazione digitale.","og_url":"https:\/\/www.artes4.it\/en\/news\/artes-5-0-restart-italy-robotica-e-intelligenza-artificiale-a-sostegno-di-catene-del-valore-resilienti-sostenibili-e-incentrate-sulluomo\/","og_site_name":"Artes 4.0","article_published_time":"2023-05-12T18:23:00+00:00","article_modified_time":"2024-03-27T18:58:52+00:00","og_image":[{"width":1200,"height":628,"url":"https:\/\/www.artes4.it\/wp-content\/uploads\/2024\/03\/Artes205_020-20newsletter20-202.png","type":"image\/png"}],"author":"Enza Spadoni","twitter_card":"summary_large_image","twitter_misc":{"Written by":"Enza Spadoni","Est. reading time":"8 minutes"},"schema":{"@context":"https:\/\/schema.org","@graph":[{"@type":"Article","@id":"https:\/\/www.artes4.it\/en\/news\/artes-5-0-restart-italy-robotica-e-intelligenza-artificiale-a-sostegno-di-catene-del-valore-resilienti-sostenibili-e-incentrate-sulluomo\/#article","isPartOf":{"@id":"https:\/\/www.artes4.it\/en\/news\/artes-5-0-restart-italy-robotica-e-intelligenza-artificiale-a-sostegno-di-catene-del-valore-resilienti-sostenibili-e-incentrate-sulluomo\/"},"author":{"name":"Enza Spadoni","@id":"https:\/\/www.artes4.it\/en\/#\/schema\/person\/4037023b0654be2ae819d27b02bd329d"},"headline":"ARTES 5.0 &#8211; Restart Italy \u201cRobotica e Intelligenza artificiale a sostegno di catene del valore resilienti, sostenibili e incentrate sull&#8217;uomo\u201d","datePublished":"2023-05-12T18:23:00+00:00","dateModified":"2024-03-27T18:58:52+00:00","mainEntityOfPage":{"@id":"https:\/\/www.artes4.it\/en\/news\/artes-5-0-restart-italy-robotica-e-intelligenza-artificiale-a-sostegno-di-catene-del-valore-resilienti-sostenibili-e-incentrate-sulluomo\/"},"wordCount":1662,"commentCount":0,"publisher":{"@id":"https:\/\/www.artes4.it\/en\/#organization"},"image":{"@id":"https:\/\/www.artes4.it\/en\/news\/artes-5-0-restart-italy-robotica-e-intelligenza-artificiale-a-sostegno-di-catene-del-valore-resilienti-sostenibili-e-incentrate-sulluomo\/#primaryimage"},"thumbnailUrl":"https:\/\/www.artes4.it\/wp-content\/uploads\/2024\/03\/Artes205_020-20newsletter20-202.png","keywords":["Industria 4.0","News ed eventi","Robotica e Intelligenza Artificiale"],"articleSection":["News"],"inLanguage":"en-US"},{"@type":"WebPage","@id":"https:\/\/www.artes4.it\/en\/news\/artes-5-0-restart-italy-robotica-e-intelligenza-artificiale-a-sostegno-di-catene-del-valore-resilienti-sostenibili-e-incentrate-sulluomo\/","url":"https:\/\/www.artes4.it\/en\/news\/artes-5-0-restart-italy-robotica-e-intelligenza-artificiale-a-sostegno-di-catene-del-valore-resilienti-sostenibili-e-incentrate-sulluomo\/","name":"ARTES 5.0 - Restart Italy \u201cRobotica e Intelligenza artificiale a sostegno di catene del valore resilienti, sostenibili e incentrate sull'uomo\u201d - Artes 4.0","isPartOf":{"@id":"https:\/\/www.artes4.it\/en\/#website"},"primaryImageOfPage":{"@id":"https:\/\/www.artes4.it\/en\/news\/artes-5-0-restart-italy-robotica-e-intelligenza-artificiale-a-sostegno-di-catene-del-valore-resilienti-sostenibili-e-incentrate-sulluomo\/#primaryimage"},"image":{"@id":"https:\/\/www.artes4.it\/en\/news\/artes-5-0-restart-italy-robotica-e-intelligenza-artificiale-a-sostegno-di-catene-del-valore-resilienti-sostenibili-e-incentrate-sulluomo\/#primaryimage"},"thumbnailUrl":"https:\/\/www.artes4.it\/wp-content\/uploads\/2024\/03\/Artes205_020-20newsletter20-202.png","datePublished":"2023-05-12T18:23:00+00:00","dateModified":"2024-03-27T18:58:52+00:00","breadcrumb":{"@id":"https:\/\/www.artes4.it\/en\/news\/artes-5-0-restart-italy-robotica-e-intelligenza-artificiale-a-sostegno-di-catene-del-valore-resilienti-sostenibili-e-incentrate-sulluomo\/#breadcrumb"},"inLanguage":"en-US","potentialAction":[{"@type":"ReadAction","target":["https:\/\/www.artes4.it\/en\/news\/artes-5-0-restart-italy-robotica-e-intelligenza-artificiale-a-sostegno-di-catene-del-valore-resilienti-sostenibili-e-incentrate-sulluomo\/"]}]},{"@type":"ImageObject","inLanguage":"en-US","@id":"https:\/\/www.artes4.it\/en\/news\/artes-5-0-restart-italy-robotica-e-intelligenza-artificiale-a-sostegno-di-catene-del-valore-resilienti-sostenibili-e-incentrate-sulluomo\/#primaryimage","url":"https:\/\/www.artes4.it\/wp-content\/uploads\/2024\/03\/Artes205_020-20newsletter20-202.png","contentUrl":"https:\/\/www.artes4.it\/wp-content\/uploads\/2024\/03\/Artes205_020-20newsletter20-202.png","width":1200,"height":628},{"@type":"BreadcrumbList","@id":"https:\/\/www.artes4.it\/en\/news\/artes-5-0-restart-italy-robotica-e-intelligenza-artificiale-a-sostegno-di-catene-del-valore-resilienti-sostenibili-e-incentrate-sulluomo\/#breadcrumb","itemListElement":[{"@type":"ListItem","position":1,"name":"Home","item":"https:\/\/www.artes4.it\/en\/"},{"@type":"ListItem","position":2,"name":"ARTES 5.0 &#8211; Restart Italy \u201cRobotica e Intelligenza artificiale a sostegno di catene del valore resilienti, sostenibili e incentrate sull&#8217;uomo\u201d"}]},{"@type":"WebSite","@id":"https:\/\/www.artes4.it\/en\/#website","url":"https:\/\/www.artes4.it\/en\/","name":"Artes 4.0","description":"","publisher":{"@id":"https:\/\/www.artes4.it\/en\/#organization"},"potentialAction":[{"@type":"SearchAction","target":{"@type":"EntryPoint","urlTemplate":"https:\/\/www.artes4.it\/en\/?s={search_term_string}"},"query-input":{"@type":"PropertyValueSpecification","valueRequired":true,"valueName":"search_term_string"}}],"inLanguage":"en-US"},{"@type":"Organization","@id":"https:\/\/www.artes4.it\/en\/#organization","name":"Artes 4.0","url":"https:\/\/www.artes4.it\/en\/","logo":{"@type":"ImageObject","inLanguage":"en-US","@id":"https:\/\/www.artes4.it\/en\/#\/schema\/logo\/image\/","url":"https:\/\/www.artes4.it\/wp-content\/uploads\/2024\/01\/logo_artes_white.jpeg","contentUrl":"https:\/\/www.artes4.it\/wp-content\/uploads\/2024\/01\/logo_artes_white.jpeg","width":462,"height":171,"caption":"Artes 4.0"},"image":{"@id":"https:\/\/www.artes4.it\/en\/#\/schema\/logo\/image\/"},"sameAs":["https:\/\/www.linkedin.com\/company\/associazione-artes-4-0\/posts\/?feedView=all"]},{"@type":"Person","@id":"https:\/\/www.artes4.it\/en\/#\/schema\/person\/4037023b0654be2ae819d27b02bd329d","name":"Enza Spadoni","image":{"@type":"ImageObject","inLanguage":"en-US","@id":"https:\/\/www.artes4.it\/en\/#\/schema\/person\/image\/","url":"https:\/\/www.artes4.it\/wp-content\/uploads\/2024\/03\/Progetto20senza20titolo2059-96x96.png","contentUrl":"https:\/\/www.artes4.it\/wp-content\/uploads\/2024\/03\/Progetto20senza20titolo2059-96x96.png","caption":"Enza Spadoni"},"description":"Responsabile Area Trasferimento Tecnologico e Relazioni Esterne","url":"https:\/\/www.artes4.it\/en\/author\/enza-spadoniartes4-it\/"}]}},"_links":{"self":[{"href":"https:\/\/www.artes4.it\/en\/wp-json\/wp\/v2\/posts\/2323","targetHints":{"allow":["GET"]}}],"collection":[{"href":"https:\/\/www.artes4.it\/en\/wp-json\/wp\/v2\/posts"}],"about":[{"href":"https:\/\/www.artes4.it\/en\/wp-json\/wp\/v2\/types\/post"}],"author":[{"embeddable":true,"href":"https:\/\/www.artes4.it\/en\/wp-json\/wp\/v2\/users\/25"}],"replies":[{"embeddable":true,"href":"https:\/\/www.artes4.it\/en\/wp-json\/wp\/v2\/comments?post=2323"}],"version-history":[{"count":1,"href":"https:\/\/www.artes4.it\/en\/wp-json\/wp\/v2\/posts\/2323\/revisions"}],"predecessor-version":[{"id":2324,"href":"https:\/\/www.artes4.it\/en\/wp-json\/wp\/v2\/posts\/2323\/revisions\/2324"}],"wp:featuredmedia":[{"embeddable":true,"href":"https:\/\/www.artes4.it\/en\/wp-json\/wp\/v2\/media\/2322"}],"wp:attachment":[{"href":"https:\/\/www.artes4.it\/en\/wp-json\/wp\/v2\/media?parent=2323"}],"wp:term":[{"taxonomy":"category","embeddable":true,"href":"https:\/\/www.artes4.it\/en\/wp-json\/wp\/v2\/categories?post=2323"},{"taxonomy":"post_tag","embeddable":true,"href":"https:\/\/www.artes4.it\/en\/wp-json\/wp\/v2\/tags?post=2323"},{"taxonomy":"anno_doc","embeddable":true,"href":"https:\/\/www.artes4.it\/en\/wp-json\/wp\/v2\/anno_doc?post=2323"}],"curies":[{"name":"wp","href":"https:\/\/api.w.org\/{rel}","templated":true}]}}