{"id":2332,"date":"2022-03-17T20:22:00","date_gmt":"2022-03-17T19:22:00","guid":{"rendered":"https:\/\/www.artes4.it\/2022\/03\/17\/visita-presso-lhub-di-artes-4-0-a-pontedera-di-leonardo-marras-assessore-alle-attivita-produttive-alleconomia-al-credito-al-turismo-e-lavoro-della-regione-toscana\/"},"modified":"2024-03-27T19:58:53","modified_gmt":"2024-03-27T18:58:53","slug":"visita-presso-lhub-di-artes-4-0-a-pontedera-di-leonardo-marras-assessore-alle-attivita-produttive-alleconomia-al-credito-al-turismo-e-lavoro-della-regione-toscana","status":"publish","type":"post","link":"https:\/\/www.artes4.it\/en\/news\/visita-presso-lhub-di-artes-4-0-a-pontedera-di-leonardo-marras-assessore-alle-attivita-produttive-alleconomia-al-credito-al-turismo-e-lavoro-della-regione-toscana\/","title":{"rendered":"Visita presso l\u2019Hub di ARTES 4.0 a Pontedera di Leonardo Marras, Assessore alle Attivit\u00e0 Produttive, all&#8217;Economia, al Credito, al Turismo e Lavoro della Regione Toscana."},"content":{"rendered":"<div>\n\t\t\t\t\t\t\t<span id=\"hs_cos_wrapper_post_body\" class=\"hs_cos_wrapper hs_cos_wrapper_meta_field hs_cos_wrapper_type_rich_text\" data-hs-cos-general-type=\"meta_field\" data-hs-cos-type=\"rich_text\"><\/p>\n<div>\n<div><span><img loading=\"lazy\" decoding=\"async\" height=\"16\" width=\"16\" alt=\"\ud83d\udccd\" referrerpolicy=\"origin-when-cross-origin\" src=\"https:\/\/static.xx.fbcdn.net\/images\/emoji.php\/v9\/t2d\/1\/16\/1f4cd.png\" loading=\"lazy\"><\/span> Si \u00e8 svolta luned\u00ec pomeriggio, alle 14, la visita presso l\u2019Hub di ARTES 4.0 a Pontedera di <a href=\"https:\/\/www.regione.toscana.it\/regione\/giunta\/leonardo-marras\" role=\"link\" rel=\"noopener\" target=\"_blank\" tabindex=\"0\"><span>Leonardo Marras<\/span><\/a>, Assessore alle Attivit\u00e0 Produttive, all&#8217;Economia, al Credito, al Turismo e Lavoro della Regione Toscana, accompagnato da <span><a href=\"https:\/\/www.regione.toscana.it\/-\/albino-caporale-anno-2021\" rel=\"noopener\" target=\"_blank\">Albino Caporale,<\/a><\/span> Direttore Generale dello Sviluppo Economico &#8211; Area di Coordinamento Politiche Industriali della Regione Toscana.<\/div>\n<div dir=\"auto\">\u00a0<\/div>\n<\/div>\n<p><!--more--><\/p>\n<div>\n<div>L\u2019incontro, al termine di un mini tour dei centri tecnologici in provincia di Pisa, che ha coinvolto oltre ARTES 4.0 anche il <span><a href=\"https:\/\/www.polotecnologico.it\/\" role=\"link\" rel=\"noopener\" target=\"_blank\" tabindex=\"0\"><span>Polo Tecnologico Navacchio<\/span><\/a><\/span> e <span>GATE<\/span> 4.0, \u00e8 stato fortemente voluto dall\u2019Assessore, convinto dell\u2019importanza di sostenere il rapporto con le imprese e il loro sviluppo industriale attraverso il trasferimento tecnologico d\u2019eccellenza, sul quale non a caso l\u2019Italia ha investito per giocare la sfida della competitivit\u00e0.<\/p>\n<\/div>\n<\/div>\n<div>\n<div dir=\"auto\">A presentare le attivit\u00e0 e i risultati del Centro di Competenza, il Direttore Scientifico ed Esecutivo ad Interim <span><a href=\"https:\/\/www.santannapisa.it\/it\/paolo-dario\" rel=\"noopener\" target=\"_blank\">Paolo Dario<\/a><\/span>, che ha poi accompagnato gli ospiti a visitare una delle piattaforme robotiche<\/div>\n<\/div>\n<div>\n<div><strong>#TestBeforeInvest<\/strong> di ARTES 4.0, presentata dal prof. <span><a href=\"https:\/\/www.santannapisa.it\/en\/calogero-maria-oddo\" rel=\"noopener\" target=\"_blank\">Calogero Maria Oddo<\/a><\/span> dell\u2019Istituto di <strong>#BioRobotica<\/strong> della Scuola Superiore Sant&#8217;Anna. Un importante momento di confronto e di rete per sostenere il nostro sistema produttivo.<\/div>\n<div>\u00a0<\/div>\n<div><a href=\"https:\/\/www.linkedin.com\/posts\/associazione-artes-4-0_visita-leonardo-marras-hub-artes-40-activity-6910183152632127488-AL0t?utm_source=linkedin_share&amp;utm_medium=member_desktop_web\" rel=\"noopener\" target=\"_blank\"><strong>Clicca qui per vedere video dell&#8217;incontro<\/strong><\/a><\/div>\n<\/div>\n<p><\/span>\n\t\t\t\t\t\t<\/div>\n","protected":false},"excerpt":{"rendered":"<p>Si \u00e8 svolta luned\u00ec pomeriggio, alle 14, la visita presso l\u2019Hub di ARTES 4.0 a Pontedera di Leonardo Marras, Assessore alle Attivit\u00e0 Produttive, all&#8217;Economia, al Credito, al Turismo e Lavoro della Regione Toscana, accompagnato da Albino Caporale, Direttore Generale dello Sviluppo Economico &#8211; Area di Coordinamento Politiche Industriali della Regione Toscana. \u00a0<\/p>\n","protected":false},"author":21,"featured_media":2331,"comment_status":"open","ping_status":"closed","sticky":false,"template":"","format":"standard","meta":{"_acf_changed":false,"footnotes":""},"categories":[1],"tags":[93],"anno_doc":[],"class_list":["post-2332","post","type-post","status-publish","format-standard","has-post-thumbnail","hentry","category-news","tag-news-ed-eventi"],"acf":[],"yoast_head":"<!-- This site is optimized with the Yoast SEO Premium plugin v22.8 (Yoast SEO v25.8) - https:\/\/yoast.com\/wordpress\/plugins\/seo\/ -->\n<title>Visita presso l\u2019Hub di ARTES 4.0 a Pontedera di Leonardo Marras, Assessore alle Attivit\u00e0 Produttive, all&#039;Economia, al Credito, al Turismo e Lavoro della Regione Toscana. - Artes 4.0<\/title>\n<meta name=\"robots\" content=\"index, follow, max-snippet:-1, max-image-preview:large, max-video-preview:-1\" \/>\n<link rel=\"canonical\" href=\"https:\/\/www.artes4.it\/en\/news\/visita-presso-lhub-di-artes-4-0-a-pontedera-di-leonardo-marras-assessore-alle-attivita-produttive-alleconomia-al-credito-al-turismo-e-lavoro-della-regione-toscana\/\" \/>\n<meta property=\"og:locale\" content=\"en_US\" \/>\n<meta property=\"og:type\" content=\"article\" \/>\n<meta property=\"og:title\" content=\"Visita presso l\u2019Hub di ARTES 4.0 a Pontedera di Leonardo Marras, Assessore alle Attivit\u00e0 Produttive, all&#039;Economia, al Credito, al Turismo e Lavoro della Regione Toscana.\" \/>\n<meta property=\"og:description\" content=\"Si \u00e8 svolta luned\u00ec pomeriggio, alle 14, la visita presso l\u2019Hub di ARTES 4.0 a Pontedera di Leonardo Marras, Assessore alle Attivit\u00e0 Produttive, all&#8217;Economia, al Credito, al Turismo e Lavoro della Regione Toscana, accompagnato da Albino Caporale, Direttore Generale dello Sviluppo Economico &#8211; Area di Coordinamento Politiche Industriali della Regione Toscana. \u00a0\" \/>\n<meta property=\"og:url\" content=\"https:\/\/www.artes4.it\/en\/news\/visita-presso-lhub-di-artes-4-0-a-pontedera-di-leonardo-marras-assessore-alle-attivita-produttive-alleconomia-al-credito-al-turismo-e-lavoro-della-regione-toscana\/\" \/>\n<meta property=\"og:site_name\" content=\"Artes 4.0\" \/>\n<meta property=\"article:published_time\" content=\"2022-03-17T19:22:00+00:00\" \/>\n<meta property=\"article:modified_time\" content=\"2024-03-27T18:58:53+00:00\" \/>\n<meta property=\"og:image\" content=\"https:\/\/www.artes4.it\/wp-content\/uploads\/2024\/03\/visita20Marras-scaled.jpg\" \/>\n\t<meta property=\"og:image:width\" content=\"2560\" \/>\n\t<meta property=\"og:image:height\" content=\"1707\" \/>\n\t<meta property=\"og:image:type\" content=\"image\/jpeg\" \/>\n<meta name=\"author\" content=\"ARTES 4.0\" \/>\n<meta name=\"twitter:card\" content=\"summary_large_image\" \/>\n<meta name=\"twitter:label1\" content=\"Written by\" \/>\n\t<meta name=\"twitter:data1\" content=\"ARTES 4.0\" \/>\n\t<meta name=\"twitter:label2\" content=\"Est. reading time\" \/>\n\t<meta name=\"twitter:data2\" content=\"1 minute\" \/>\n<script type=\"application\/ld+json\" class=\"yoast-schema-graph\">{\"@context\":\"https:\/\/schema.org\",\"@graph\":[{\"@type\":\"Article\",\"@id\":\"https:\/\/www.artes4.it\/en\/news\/visita-presso-lhub-di-artes-4-0-a-pontedera-di-leonardo-marras-assessore-alle-attivita-produttive-alleconomia-al-credito-al-turismo-e-lavoro-della-regione-toscana\/#article\",\"isPartOf\":{\"@id\":\"https:\/\/www.artes4.it\/en\/news\/visita-presso-lhub-di-artes-4-0-a-pontedera-di-leonardo-marras-assessore-alle-attivita-produttive-alleconomia-al-credito-al-turismo-e-lavoro-della-regione-toscana\/\"},\"author\":{\"name\":\"ARTES 4.0\",\"@id\":\"https:\/\/www.artes4.it\/en\/#\/schema\/person\/db3b10851288640cb73ed64b94f94444\"},\"headline\":\"Visita presso l\u2019Hub di ARTES 4.0 a Pontedera di Leonardo Marras, Assessore alle Attivit\u00e0 Produttive, all&#8217;Economia, al Credito, al Turismo e Lavoro della Regione Toscana.\",\"datePublished\":\"2022-03-17T19:22:00+00:00\",\"dateModified\":\"2024-03-27T18:58:53+00:00\",\"mainEntityOfPage\":{\"@id\":\"https:\/\/www.artes4.it\/en\/news\/visita-presso-lhub-di-artes-4-0-a-pontedera-di-leonardo-marras-assessore-alle-attivita-produttive-alleconomia-al-credito-al-turismo-e-lavoro-della-regione-toscana\/\"},\"wordCount\":215,\"commentCount\":0,\"publisher\":{\"@id\":\"https:\/\/www.artes4.it\/en\/#organization\"},\"image\":{\"@id\":\"https:\/\/www.artes4.it\/en\/news\/visita-presso-lhub-di-artes-4-0-a-pontedera-di-leonardo-marras-assessore-alle-attivita-produttive-alleconomia-al-credito-al-turismo-e-lavoro-della-regione-toscana\/#primaryimage\"},\"thumbnailUrl\":\"https:\/\/www.artes4.it\/wp-content\/uploads\/2024\/03\/visita20Marras-scaled.jpg\",\"keywords\":[\"News ed eventi\"],\"articleSection\":[\"News\"],\"inLanguage\":\"en-US\"},{\"@type\":\"WebPage\",\"@id\":\"https:\/\/www.artes4.it\/en\/news\/visita-presso-lhub-di-artes-4-0-a-pontedera-di-leonardo-marras-assessore-alle-attivita-produttive-alleconomia-al-credito-al-turismo-e-lavoro-della-regione-toscana\/\",\"url\":\"https:\/\/www.artes4.it\/en\/news\/visita-presso-lhub-di-artes-4-0-a-pontedera-di-leonardo-marras-assessore-alle-attivita-produttive-alleconomia-al-credito-al-turismo-e-lavoro-della-regione-toscana\/\",\"name\":\"Visita presso l\u2019Hub di ARTES 4.0 a Pontedera di Leonardo Marras, Assessore alle Attivit\u00e0 Produttive, all'Economia, al Credito, al Turismo e Lavoro della Regione Toscana. - Artes 4.0\",\"isPartOf\":{\"@id\":\"https:\/\/www.artes4.it\/en\/#website\"},\"primaryImageOfPage\":{\"@id\":\"https:\/\/www.artes4.it\/en\/news\/visita-presso-lhub-di-artes-4-0-a-pontedera-di-leonardo-marras-assessore-alle-attivita-produttive-alleconomia-al-credito-al-turismo-e-lavoro-della-regione-toscana\/#primaryimage\"},\"image\":{\"@id\":\"https:\/\/www.artes4.it\/en\/news\/visita-presso-lhub-di-artes-4-0-a-pontedera-di-leonardo-marras-assessore-alle-attivita-produttive-alleconomia-al-credito-al-turismo-e-lavoro-della-regione-toscana\/#primaryimage\"},\"thumbnailUrl\":\"https:\/\/www.artes4.it\/wp-content\/uploads\/2024\/03\/visita20Marras-scaled.jpg\",\"datePublished\":\"2022-03-17T19:22:00+00:00\",\"dateModified\":\"2024-03-27T18:58:53+00:00\",\"breadcrumb\":{\"@id\":\"https:\/\/www.artes4.it\/en\/news\/visita-presso-lhub-di-artes-4-0-a-pontedera-di-leonardo-marras-assessore-alle-attivita-produttive-alleconomia-al-credito-al-turismo-e-lavoro-della-regione-toscana\/#breadcrumb\"},\"inLanguage\":\"en-US\",\"potentialAction\":[{\"@type\":\"ReadAction\",\"target\":[\"https:\/\/www.artes4.it\/en\/news\/visita-presso-lhub-di-artes-4-0-a-pontedera-di-leonardo-marras-assessore-alle-attivita-produttive-alleconomia-al-credito-al-turismo-e-lavoro-della-regione-toscana\/\"]}]},{\"@type\":\"ImageObject\",\"inLanguage\":\"en-US\",\"@id\":\"https:\/\/www.artes4.it\/en\/news\/visita-presso-lhub-di-artes-4-0-a-pontedera-di-leonardo-marras-assessore-alle-attivita-produttive-alleconomia-al-credito-al-turismo-e-lavoro-della-regione-toscana\/#primaryimage\",\"url\":\"https:\/\/www.artes4.it\/wp-content\/uploads\/2024\/03\/visita20Marras-scaled.jpg\",\"contentUrl\":\"https:\/\/www.artes4.it\/wp-content\/uploads\/2024\/03\/visita20Marras-scaled.jpg\",\"width\":2560,\"height\":1707},{\"@type\":\"BreadcrumbList\",\"@id\":\"https:\/\/www.artes4.it\/en\/news\/visita-presso-lhub-di-artes-4-0-a-pontedera-di-leonardo-marras-assessore-alle-attivita-produttive-alleconomia-al-credito-al-turismo-e-lavoro-della-regione-toscana\/#breadcrumb\",\"itemListElement\":[{\"@type\":\"ListItem\",\"position\":1,\"name\":\"Home\",\"item\":\"https:\/\/www.artes4.it\/en\/\"},{\"@type\":\"ListItem\",\"position\":2,\"name\":\"Visita presso l\u2019Hub di ARTES 4.0 a Pontedera di Leonardo Marras, Assessore alle Attivit\u00e0 Produttive, all&#8217;Economia, al Credito, al Turismo e Lavoro della Regione Toscana.\"}]},{\"@type\":\"WebSite\",\"@id\":\"https:\/\/www.artes4.it\/en\/#website\",\"url\":\"https:\/\/www.artes4.it\/en\/\",\"name\":\"Artes 4.0\",\"description\":\"\",\"publisher\":{\"@id\":\"https:\/\/www.artes4.it\/en\/#organization\"},\"potentialAction\":[{\"@type\":\"SearchAction\",\"target\":{\"@type\":\"EntryPoint\",\"urlTemplate\":\"https:\/\/www.artes4.it\/en\/?s={search_term_string}\"},\"query-input\":{\"@type\":\"PropertyValueSpecification\",\"valueRequired\":true,\"valueName\":\"search_term_string\"}}],\"inLanguage\":\"en-US\"},{\"@type\":\"Organization\",\"@id\":\"https:\/\/www.artes4.it\/en\/#organization\",\"name\":\"Artes 4.0\",\"url\":\"https:\/\/www.artes4.it\/en\/\",\"logo\":{\"@type\":\"ImageObject\",\"inLanguage\":\"en-US\",\"@id\":\"https:\/\/www.artes4.it\/en\/#\/schema\/logo\/image\/\",\"url\":\"https:\/\/www.artes4.it\/wp-content\/uploads\/2024\/01\/logo_artes_white.jpeg\",\"contentUrl\":\"https:\/\/www.artes4.it\/wp-content\/uploads\/2024\/01\/logo_artes_white.jpeg\",\"width\":462,\"height\":171,\"caption\":\"Artes 4.0\"},\"image\":{\"@id\":\"https:\/\/www.artes4.it\/en\/#\/schema\/logo\/image\/\"},\"sameAs\":[\"https:\/\/www.linkedin.com\/company\/associazione-artes-4-0\/posts\/?feedView=all\"]},{\"@type\":\"Person\",\"@id\":\"https:\/\/www.artes4.it\/en\/#\/schema\/person\/db3b10851288640cb73ed64b94f94444\",\"name\":\"ARTES 4.0\",\"image\":{\"@type\":\"ImageObject\",\"inLanguage\":\"en-US\",\"@id\":\"https:\/\/www.artes4.it\/en\/#\/schema\/person\/image\/\",\"url\":\"https:\/\/www.artes4.it\/wp-content\/uploads\/2024\/01\/Logo-ARTES4.0-1-96x96.png\",\"contentUrl\":\"https:\/\/www.artes4.it\/wp-content\/uploads\/2024\/01\/Logo-ARTES4.0-1-96x96.png\",\"caption\":\"ARTES 4.0\"},\"url\":\"https:\/\/www.artes4.it\/en\/author\/artes-4-0artes4-it\/\"}]}<\/script>\n<!-- \/ Yoast SEO Premium plugin. -->","yoast_head_json":{"title":"Visita presso l\u2019Hub di ARTES 4.0 a Pontedera di Leonardo Marras, Assessore alle Attivit\u00e0 Produttive, all'Economia, al Credito, al Turismo e Lavoro della Regione Toscana. - Artes 4.0","robots":{"index":"index","follow":"follow","max-snippet":"max-snippet:-1","max-image-preview":"max-image-preview:large","max-video-preview":"max-video-preview:-1"},"canonical":"https:\/\/www.artes4.it\/en\/news\/visita-presso-lhub-di-artes-4-0-a-pontedera-di-leonardo-marras-assessore-alle-attivita-produttive-alleconomia-al-credito-al-turismo-e-lavoro-della-regione-toscana\/","og_locale":"en_US","og_type":"article","og_title":"Visita presso l\u2019Hub di ARTES 4.0 a Pontedera di Leonardo Marras, Assessore alle Attivit\u00e0 Produttive, all'Economia, al Credito, al Turismo e Lavoro della Regione Toscana.","og_description":"Si \u00e8 svolta luned\u00ec pomeriggio, alle 14, la visita presso l\u2019Hub di ARTES 4.0 a Pontedera di Leonardo Marras, Assessore alle Attivit\u00e0 Produttive, all&#8217;Economia, al Credito, al Turismo e Lavoro della Regione Toscana, accompagnato da Albino Caporale, Direttore Generale dello Sviluppo Economico &#8211; Area di Coordinamento Politiche Industriali della Regione Toscana. \u00a0","og_url":"https:\/\/www.artes4.it\/en\/news\/visita-presso-lhub-di-artes-4-0-a-pontedera-di-leonardo-marras-assessore-alle-attivita-produttive-alleconomia-al-credito-al-turismo-e-lavoro-della-regione-toscana\/","og_site_name":"Artes 4.0","article_published_time":"2022-03-17T19:22:00+00:00","article_modified_time":"2024-03-27T18:58:53+00:00","og_image":[{"width":2560,"height":1707,"url":"https:\/\/www.artes4.it\/wp-content\/uploads\/2024\/03\/visita20Marras-scaled.jpg","type":"image\/jpeg"}],"author":"ARTES 4.0","twitter_card":"summary_large_image","twitter_misc":{"Written by":"ARTES 4.0","Est. reading time":"1 minute"},"schema":{"@context":"https:\/\/schema.org","@graph":[{"@type":"Article","@id":"https:\/\/www.artes4.it\/en\/news\/visita-presso-lhub-di-artes-4-0-a-pontedera-di-leonardo-marras-assessore-alle-attivita-produttive-alleconomia-al-credito-al-turismo-e-lavoro-della-regione-toscana\/#article","isPartOf":{"@id":"https:\/\/www.artes4.it\/en\/news\/visita-presso-lhub-di-artes-4-0-a-pontedera-di-leonardo-marras-assessore-alle-attivita-produttive-alleconomia-al-credito-al-turismo-e-lavoro-della-regione-toscana\/"},"author":{"name":"ARTES 4.0","@id":"https:\/\/www.artes4.it\/en\/#\/schema\/person\/db3b10851288640cb73ed64b94f94444"},"headline":"Visita presso l\u2019Hub di ARTES 4.0 a Pontedera di Leonardo Marras, Assessore alle Attivit\u00e0 Produttive, all&#8217;Economia, al Credito, al Turismo e Lavoro della Regione Toscana.","datePublished":"2022-03-17T19:22:00+00:00","dateModified":"2024-03-27T18:58:53+00:00","mainEntityOfPage":{"@id":"https:\/\/www.artes4.it\/en\/news\/visita-presso-lhub-di-artes-4-0-a-pontedera-di-leonardo-marras-assessore-alle-attivita-produttive-alleconomia-al-credito-al-turismo-e-lavoro-della-regione-toscana\/"},"wordCount":215,"commentCount":0,"publisher":{"@id":"https:\/\/www.artes4.it\/en\/#organization"},"image":{"@id":"https:\/\/www.artes4.it\/en\/news\/visita-presso-lhub-di-artes-4-0-a-pontedera-di-leonardo-marras-assessore-alle-attivita-produttive-alleconomia-al-credito-al-turismo-e-lavoro-della-regione-toscana\/#primaryimage"},"thumbnailUrl":"https:\/\/www.artes4.it\/wp-content\/uploads\/2024\/03\/visita20Marras-scaled.jpg","keywords":["News ed eventi"],"articleSection":["News"],"inLanguage":"en-US"},{"@type":"WebPage","@id":"https:\/\/www.artes4.it\/en\/news\/visita-presso-lhub-di-artes-4-0-a-pontedera-di-leonardo-marras-assessore-alle-attivita-produttive-alleconomia-al-credito-al-turismo-e-lavoro-della-regione-toscana\/","url":"https:\/\/www.artes4.it\/en\/news\/visita-presso-lhub-di-artes-4-0-a-pontedera-di-leonardo-marras-assessore-alle-attivita-produttive-alleconomia-al-credito-al-turismo-e-lavoro-della-regione-toscana\/","name":"Visita presso l\u2019Hub di ARTES 4.0 a Pontedera di Leonardo Marras, Assessore alle Attivit\u00e0 Produttive, all'Economia, al Credito, al Turismo e Lavoro della Regione Toscana. - Artes 4.0","isPartOf":{"@id":"https:\/\/www.artes4.it\/en\/#website"},"primaryImageOfPage":{"@id":"https:\/\/www.artes4.it\/en\/news\/visita-presso-lhub-di-artes-4-0-a-pontedera-di-leonardo-marras-assessore-alle-attivita-produttive-alleconomia-al-credito-al-turismo-e-lavoro-della-regione-toscana\/#primaryimage"},"image":{"@id":"https:\/\/www.artes4.it\/en\/news\/visita-presso-lhub-di-artes-4-0-a-pontedera-di-leonardo-marras-assessore-alle-attivita-produttive-alleconomia-al-credito-al-turismo-e-lavoro-della-regione-toscana\/#primaryimage"},"thumbnailUrl":"https:\/\/www.artes4.it\/wp-content\/uploads\/2024\/03\/visita20Marras-scaled.jpg","datePublished":"2022-03-17T19:22:00+00:00","dateModified":"2024-03-27T18:58:53+00:00","breadcrumb":{"@id":"https:\/\/www.artes4.it\/en\/news\/visita-presso-lhub-di-artes-4-0-a-pontedera-di-leonardo-marras-assessore-alle-attivita-produttive-alleconomia-al-credito-al-turismo-e-lavoro-della-regione-toscana\/#breadcrumb"},"inLanguage":"en-US","potentialAction":[{"@type":"ReadAction","target":["https:\/\/www.artes4.it\/en\/news\/visita-presso-lhub-di-artes-4-0-a-pontedera-di-leonardo-marras-assessore-alle-attivita-produttive-alleconomia-al-credito-al-turismo-e-lavoro-della-regione-toscana\/"]}]},{"@type":"ImageObject","inLanguage":"en-US","@id":"https:\/\/www.artes4.it\/en\/news\/visita-presso-lhub-di-artes-4-0-a-pontedera-di-leonardo-marras-assessore-alle-attivita-produttive-alleconomia-al-credito-al-turismo-e-lavoro-della-regione-toscana\/#primaryimage","url":"https:\/\/www.artes4.it\/wp-content\/uploads\/2024\/03\/visita20Marras-scaled.jpg","contentUrl":"https:\/\/www.artes4.it\/wp-content\/uploads\/2024\/03\/visita20Marras-scaled.jpg","width":2560,"height":1707},{"@type":"BreadcrumbList","@id":"https:\/\/www.artes4.it\/en\/news\/visita-presso-lhub-di-artes-4-0-a-pontedera-di-leonardo-marras-assessore-alle-attivita-produttive-alleconomia-al-credito-al-turismo-e-lavoro-della-regione-toscana\/#breadcrumb","itemListElement":[{"@type":"ListItem","position":1,"name":"Home","item":"https:\/\/www.artes4.it\/en\/"},{"@type":"ListItem","position":2,"name":"Visita presso l\u2019Hub di ARTES 4.0 a Pontedera di Leonardo Marras, Assessore alle Attivit\u00e0 Produttive, all&#8217;Economia, al Credito, al Turismo e Lavoro della Regione Toscana."}]},{"@type":"WebSite","@id":"https:\/\/www.artes4.it\/en\/#website","url":"https:\/\/www.artes4.it\/en\/","name":"Artes 4.0","description":"","publisher":{"@id":"https:\/\/www.artes4.it\/en\/#organization"},"potentialAction":[{"@type":"SearchAction","target":{"@type":"EntryPoint","urlTemplate":"https:\/\/www.artes4.it\/en\/?s={search_term_string}"},"query-input":{"@type":"PropertyValueSpecification","valueRequired":true,"valueName":"search_term_string"}}],"inLanguage":"en-US"},{"@type":"Organization","@id":"https:\/\/www.artes4.it\/en\/#organization","name":"Artes 4.0","url":"https:\/\/www.artes4.it\/en\/","logo":{"@type":"ImageObject","inLanguage":"en-US","@id":"https:\/\/www.artes4.it\/en\/#\/schema\/logo\/image\/","url":"https:\/\/www.artes4.it\/wp-content\/uploads\/2024\/01\/logo_artes_white.jpeg","contentUrl":"https:\/\/www.artes4.it\/wp-content\/uploads\/2024\/01\/logo_artes_white.jpeg","width":462,"height":171,"caption":"Artes 4.0"},"image":{"@id":"https:\/\/www.artes4.it\/en\/#\/schema\/logo\/image\/"},"sameAs":["https:\/\/www.linkedin.com\/company\/associazione-artes-4-0\/posts\/?feedView=all"]},{"@type":"Person","@id":"https:\/\/www.artes4.it\/en\/#\/schema\/person\/db3b10851288640cb73ed64b94f94444","name":"ARTES 4.0","image":{"@type":"ImageObject","inLanguage":"en-US","@id":"https:\/\/www.artes4.it\/en\/#\/schema\/person\/image\/","url":"https:\/\/www.artes4.it\/wp-content\/uploads\/2024\/01\/Logo-ARTES4.0-1-96x96.png","contentUrl":"https:\/\/www.artes4.it\/wp-content\/uploads\/2024\/01\/Logo-ARTES4.0-1-96x96.png","caption":"ARTES 4.0"},"url":"https:\/\/www.artes4.it\/en\/author\/artes-4-0artes4-it\/"}]}},"_links":{"self":[{"href":"https:\/\/www.artes4.it\/en\/wp-json\/wp\/v2\/posts\/2332","targetHints":{"allow":["GET"]}}],"collection":[{"href":"https:\/\/www.artes4.it\/en\/wp-json\/wp\/v2\/posts"}],"about":[{"href":"https:\/\/www.artes4.it\/en\/wp-json\/wp\/v2\/types\/post"}],"author":[{"embeddable":true,"href":"https:\/\/www.artes4.it\/en\/wp-json\/wp\/v2\/users\/21"}],"replies":[{"embeddable":true,"href":"https:\/\/www.artes4.it\/en\/wp-json\/wp\/v2\/comments?post=2332"}],"version-history":[{"count":1,"href":"https:\/\/www.artes4.it\/en\/wp-json\/wp\/v2\/posts\/2332\/revisions"}],"predecessor-version":[{"id":3317,"href":"https:\/\/www.artes4.it\/en\/wp-json\/wp\/v2\/posts\/2332\/revisions\/3317"}],"wp:featuredmedia":[{"embeddable":true,"href":"https:\/\/www.artes4.it\/en\/wp-json\/wp\/v2\/media\/2331"}],"wp:attachment":[{"href":"https:\/\/www.artes4.it\/en\/wp-json\/wp\/v2\/media?parent=2332"}],"wp:term":[{"taxonomy":"category","embeddable":true,"href":"https:\/\/www.artes4.it\/en\/wp-json\/wp\/v2\/categories?post=2332"},{"taxonomy":"post_tag","embeddable":true,"href":"https:\/\/www.artes4.it\/en\/wp-json\/wp\/v2\/tags?post=2332"},{"taxonomy":"anno_doc","embeddable":true,"href":"https:\/\/www.artes4.it\/en\/wp-json\/wp\/v2\/anno_doc?post=2332"}],"curies":[{"name":"wp","href":"https:\/\/api.w.org\/{rel}","templated":true}]}}