{"id":2388,"date":"2021-06-16T20:21:00","date_gmt":"2021-06-16T18:21:00","guid":{"rendered":"https:\/\/www.artes4.it\/2021\/06\/16\/unifiartes-4-0-tecnologie-e-servizi-per-le-imprese\/"},"modified":"2024-03-27T19:58:55","modified_gmt":"2024-03-27T18:58:55","slug":"unifiartes-4-0-tecnologie-e-servizi-per-le-imprese","status":"publish","type":"post","link":"https:\/\/www.artes4.it\/en\/news\/unifiartes-4-0-tecnologie-e-servizi-per-le-imprese\/","title":{"rendered":"UniFi@ARTES 4.0: tecnologie e servizi per le imprese"},"content":{"rendered":"<div>\n\t\t\t\t\t\t\t<span id=\"hs_cos_wrapper_post_body\" class=\"hs_cos_wrapper hs_cos_wrapper_meta_field hs_cos_wrapper_type_rich_text\" data-hs-cos-general-type=\"meta_field\" data-hs-cos-type=\"rich_text\"><\/p>\n<p>Nelle giornate del 22 e 23 Giugno 2021 l\u2019unit\u00e0 operativa ARTES 4.0 dell\u2019Universit\u00e0 degli Studi di Firenze illustrer\u00e0 le proprie competenze e le modalit\u00e0 di collaborazione per le imprese.<\/p>\n<p>Il 22 giugno si parte con un #webinar di presentazione per poi procedere con una serie di webinar, organizzati all\u2019interno di #sessioni tematiche.<\/p>\n<p>Le sessioni A1 e A2 consentono l\u2019accreditamento ai fini della formazione professionale continua di Dottori Commercialisti ed esperti contabili<\/p>\n<p>Per coloro che sono interessati a singoli contributi all\u2019interno delle sessioni, l\u2019accesso sar\u00e0 possibile anche durante lo svolgimento delle stesse, con la possibilit\u00e0 di accedere o lasciare la sessione liberamente.<\/p>\n<p>Durante ogni contributo, i partecipanti potranno prenotarsi per rivolgere domande all\u2019oratore o incontri one-to-one mediante messaggi nella chat.<\/p>\n<p><!--more--><\/p>\n<p><span><strong>Per <span>scegliere la\/le tematiche di interesse e registrarsi<\/span><\/strong><\/span><strong>: <a href=\"https:\/\/lp.artes4.it\/webinar-tecnologie-e-servizi-per-le-imprese\" rel=\"noopener\" target=\"_blank\"><span>cliccare qui<\/span><\/a>.<\/strong><\/p>\n<p><\/span>\n\t\t\t\t\t\t<\/div>\n","protected":false},"excerpt":{"rendered":"<p>Nelle giornate del 22 e 23 Giugno 2021 l\u2019unit\u00e0 operativa ARTES 4.0 dell\u2019Universit\u00e0 degli Studi di Firenze illustrer\u00e0 le proprie competenze e le modalit\u00e0 di collaborazione per le imprese. Il 22 giugno si parte con un #webinar di presentazione per poi procedere con una serie di webinar, organizzati all\u2019interno di #sessioni tematiche. Le sessioni A1 [&hellip;]<\/p>\n","protected":false},"author":33,"featured_media":2387,"comment_status":"open","ping_status":"closed","sticky":false,"template":"","format":"standard","meta":{"_acf_changed":false,"footnotes":""},"categories":[1],"tags":[93],"anno_doc":[],"class_list":["post-2388","post","type-post","status-publish","format-standard","has-post-thumbnail","hentry","category-news","tag-news-ed-eventi"],"acf":[],"yoast_head":"<!-- This site is optimized with the Yoast SEO Premium plugin v22.8 (Yoast SEO v25.8) - https:\/\/yoast.com\/wordpress\/plugins\/seo\/ -->\n<title>UniFi@ARTES 4.0: tecnologie e servizi per le imprese - Artes 4.0<\/title>\n<meta name=\"robots\" content=\"index, follow, max-snippet:-1, max-image-preview:large, max-video-preview:-1\" \/>\n<link rel=\"canonical\" href=\"https:\/\/www.artes4.it\/en\/news\/unifiartes-4-0-tecnologie-e-servizi-per-le-imprese\/\" \/>\n<meta property=\"og:locale\" content=\"en_US\" \/>\n<meta property=\"og:type\" content=\"article\" \/>\n<meta property=\"og:title\" content=\"UniFi@ARTES 4.0: tecnologie e servizi per le imprese\" \/>\n<meta property=\"og:description\" content=\"Nelle giornate del 22 e 23 Giugno 2021 l\u2019unit\u00e0 operativa ARTES 4.0 dell\u2019Universit\u00e0 degli Studi di Firenze illustrer\u00e0 le proprie competenze e le modalit\u00e0 di collaborazione per le imprese. Il 22 giugno si parte con un #webinar di presentazione per poi procedere con una serie di webinar, organizzati all\u2019interno di #sessioni tematiche. Le sessioni A1 [&hellip;]\" \/>\n<meta property=\"og:url\" content=\"https:\/\/www.artes4.it\/en\/news\/unifiartes-4-0-tecnologie-e-servizi-per-le-imprese\/\" \/>\n<meta property=\"og:site_name\" content=\"Artes 4.0\" \/>\n<meta property=\"article:published_time\" content=\"2021-06-16T18:21:00+00:00\" \/>\n<meta property=\"article:modified_time\" content=\"2024-03-27T18:58:55+00:00\" \/>\n<meta property=\"og:image\" content=\"https:\/\/www.artes4.it\/wp-content\/uploads\/2024\/03\/1623839885358.jpg\" \/>\n\t<meta property=\"og:image:width\" content=\"800\" \/>\n\t<meta property=\"og:image:height\" content=\"800\" \/>\n\t<meta property=\"og:image:type\" content=\"image\/jpeg\" \/>\n<meta name=\"author\" content=\"Lorna Vatta\" \/>\n<meta name=\"twitter:card\" content=\"summary_large_image\" \/>\n<meta name=\"twitter:label1\" content=\"Written by\" \/>\n\t<meta name=\"twitter:data1\" content=\"Lorna Vatta\" \/>\n\t<meta name=\"twitter:label2\" content=\"Est. reading time\" \/>\n\t<meta name=\"twitter:data2\" content=\"1 minute\" \/>\n<script type=\"application\/ld+json\" class=\"yoast-schema-graph\">{\"@context\":\"https:\/\/schema.org\",\"@graph\":[{\"@type\":\"Article\",\"@id\":\"https:\/\/www.artes4.it\/en\/news\/unifiartes-4-0-tecnologie-e-servizi-per-le-imprese\/#article\",\"isPartOf\":{\"@id\":\"https:\/\/www.artes4.it\/en\/news\/unifiartes-4-0-tecnologie-e-servizi-per-le-imprese\/\"},\"author\":{\"name\":\"Lorna Vatta\",\"@id\":\"https:\/\/www.artes4.it\/en\/#\/schema\/person\/0f1c2c8c0b9d274494f9df9818d34cbb\"},\"headline\":\"UniFi@ARTES 4.0: tecnologie e servizi per le imprese\",\"datePublished\":\"2021-06-16T18:21:00+00:00\",\"dateModified\":\"2024-03-27T18:58:55+00:00\",\"mainEntityOfPage\":{\"@id\":\"https:\/\/www.artes4.it\/en\/news\/unifiartes-4-0-tecnologie-e-servizi-per-le-imprese\/\"},\"wordCount\":140,\"commentCount\":0,\"publisher\":{\"@id\":\"https:\/\/www.artes4.it\/en\/#organization\"},\"image\":{\"@id\":\"https:\/\/www.artes4.it\/en\/news\/unifiartes-4-0-tecnologie-e-servizi-per-le-imprese\/#primaryimage\"},\"thumbnailUrl\":\"https:\/\/www.artes4.it\/wp-content\/uploads\/2024\/03\/1623839885358.jpg\",\"keywords\":[\"News ed eventi\"],\"articleSection\":[\"News\"],\"inLanguage\":\"en-US\"},{\"@type\":\"WebPage\",\"@id\":\"https:\/\/www.artes4.it\/en\/news\/unifiartes-4-0-tecnologie-e-servizi-per-le-imprese\/\",\"url\":\"https:\/\/www.artes4.it\/en\/news\/unifiartes-4-0-tecnologie-e-servizi-per-le-imprese\/\",\"name\":\"UniFi@ARTES 4.0: tecnologie e servizi per le imprese - Artes 4.0\",\"isPartOf\":{\"@id\":\"https:\/\/www.artes4.it\/en\/#website\"},\"primaryImageOfPage\":{\"@id\":\"https:\/\/www.artes4.it\/en\/news\/unifiartes-4-0-tecnologie-e-servizi-per-le-imprese\/#primaryimage\"},\"image\":{\"@id\":\"https:\/\/www.artes4.it\/en\/news\/unifiartes-4-0-tecnologie-e-servizi-per-le-imprese\/#primaryimage\"},\"thumbnailUrl\":\"https:\/\/www.artes4.it\/wp-content\/uploads\/2024\/03\/1623839885358.jpg\",\"datePublished\":\"2021-06-16T18:21:00+00:00\",\"dateModified\":\"2024-03-27T18:58:55+00:00\",\"breadcrumb\":{\"@id\":\"https:\/\/www.artes4.it\/en\/news\/unifiartes-4-0-tecnologie-e-servizi-per-le-imprese\/#breadcrumb\"},\"inLanguage\":\"en-US\",\"potentialAction\":[{\"@type\":\"ReadAction\",\"target\":[\"https:\/\/www.artes4.it\/en\/news\/unifiartes-4-0-tecnologie-e-servizi-per-le-imprese\/\"]}]},{\"@type\":\"ImageObject\",\"inLanguage\":\"en-US\",\"@id\":\"https:\/\/www.artes4.it\/en\/news\/unifiartes-4-0-tecnologie-e-servizi-per-le-imprese\/#primaryimage\",\"url\":\"https:\/\/www.artes4.it\/wp-content\/uploads\/2024\/03\/1623839885358.jpg\",\"contentUrl\":\"https:\/\/www.artes4.it\/wp-content\/uploads\/2024\/03\/1623839885358.jpg\",\"width\":800,\"height\":800},{\"@type\":\"BreadcrumbList\",\"@id\":\"https:\/\/www.artes4.it\/en\/news\/unifiartes-4-0-tecnologie-e-servizi-per-le-imprese\/#breadcrumb\",\"itemListElement\":[{\"@type\":\"ListItem\",\"position\":1,\"name\":\"Home\",\"item\":\"https:\/\/www.artes4.it\/en\/\"},{\"@type\":\"ListItem\",\"position\":2,\"name\":\"UniFi@ARTES 4.0: tecnologie e servizi per le imprese\"}]},{\"@type\":\"WebSite\",\"@id\":\"https:\/\/www.artes4.it\/en\/#website\",\"url\":\"https:\/\/www.artes4.it\/en\/\",\"name\":\"Artes 4.0\",\"description\":\"\",\"publisher\":{\"@id\":\"https:\/\/www.artes4.it\/en\/#organization\"},\"potentialAction\":[{\"@type\":\"SearchAction\",\"target\":{\"@type\":\"EntryPoint\",\"urlTemplate\":\"https:\/\/www.artes4.it\/en\/?s={search_term_string}\"},\"query-input\":{\"@type\":\"PropertyValueSpecification\",\"valueRequired\":true,\"valueName\":\"search_term_string\"}}],\"inLanguage\":\"en-US\"},{\"@type\":\"Organization\",\"@id\":\"https:\/\/www.artes4.it\/en\/#organization\",\"name\":\"Artes 4.0\",\"url\":\"https:\/\/www.artes4.it\/en\/\",\"logo\":{\"@type\":\"ImageObject\",\"inLanguage\":\"en-US\",\"@id\":\"https:\/\/www.artes4.it\/en\/#\/schema\/logo\/image\/\",\"url\":\"https:\/\/www.artes4.it\/wp-content\/uploads\/2024\/01\/logo_artes_white.jpeg\",\"contentUrl\":\"https:\/\/www.artes4.it\/wp-content\/uploads\/2024\/01\/logo_artes_white.jpeg\",\"width\":462,\"height\":171,\"caption\":\"Artes 4.0\"},\"image\":{\"@id\":\"https:\/\/www.artes4.it\/en\/#\/schema\/logo\/image\/\"},\"sameAs\":[\"https:\/\/www.linkedin.com\/company\/associazione-artes-4-0\/posts\/?feedView=all\"]},{\"@type\":\"Person\",\"@id\":\"https:\/\/www.artes4.it\/en\/#\/schema\/person\/0f1c2c8c0b9d274494f9df9818d34cbb\",\"name\":\"Lorna Vatta\",\"image\":{\"@type\":\"ImageObject\",\"inLanguage\":\"en-US\",\"@id\":\"https:\/\/www.artes4.it\/en\/#\/schema\/person\/image\/\",\"url\":\"https:\/\/www.artes4.it\/wp-content\/uploads\/2024\/01\/Copia20di20Senza20titolo2014-96x96.png\",\"contentUrl\":\"https:\/\/www.artes4.it\/wp-content\/uploads\/2024\/01\/Copia20di20Senza20titolo2014-96x96.png\",\"caption\":\"Lorna Vatta\"},\"description\":\"Ex Direttrice Esecutiva di ARTES 4.0. Arriva ad ARTES 4.0 come naturale evoluzione del suo percorso: laureata in ingegneria gestionale al Politecnico di Milano, per 15 anni lavora in una multinazionale americana della meccanica avanzata, sempre sui fronti di sviluppo prodotti e business. In questo periodi vive e lavora anche in USA e UK, dove frequenta anche un MBA di UMIST e Manchester Business School. Completata l\u2019acquisizione e l\u2019integrazione di una media azienda italiana nel gruppo, diventa Chief Strategy &amp; Technology Officer di Fabio Perini SpA, leader mondiale della meccatronica per la trasformazione e l'imballaggio di prodotti tissue. Nel 2013 lascia la \u201cold economy\u201d e, da consulente indipendente e Business Angel, lavora con PMI e startup digitali e altamente innovative, principalmente nel business development per Clienti industriali che affrontano la digitalizzazione dei processi. Sono gli anni in cui nasce l\u2019Industria 4.0, e da subito Lorna punta sulla combinazione di competenze industriali e digitali. Il nuovo direttore scientifico di ARTES 4.0 \u00e8 oggi il professor Paolo Dario\",\"url\":\"https:\/\/www.artes4.it\/en\/author\/lorna-vattaartes4-it\/\"}]}<\/script>\n<!-- \/ Yoast SEO Premium plugin. -->","yoast_head_json":{"title":"UniFi@ARTES 4.0: tecnologie e servizi per le imprese - Artes 4.0","robots":{"index":"index","follow":"follow","max-snippet":"max-snippet:-1","max-image-preview":"max-image-preview:large","max-video-preview":"max-video-preview:-1"},"canonical":"https:\/\/www.artes4.it\/en\/news\/unifiartes-4-0-tecnologie-e-servizi-per-le-imprese\/","og_locale":"en_US","og_type":"article","og_title":"UniFi@ARTES 4.0: tecnologie e servizi per le imprese","og_description":"Nelle giornate del 22 e 23 Giugno 2021 l\u2019unit\u00e0 operativa ARTES 4.0 dell\u2019Universit\u00e0 degli Studi di Firenze illustrer\u00e0 le proprie competenze e le modalit\u00e0 di collaborazione per le imprese. Il 22 giugno si parte con un #webinar di presentazione per poi procedere con una serie di webinar, organizzati all\u2019interno di #sessioni tematiche. Le sessioni A1 [&hellip;]","og_url":"https:\/\/www.artes4.it\/en\/news\/unifiartes-4-0-tecnologie-e-servizi-per-le-imprese\/","og_site_name":"Artes 4.0","article_published_time":"2021-06-16T18:21:00+00:00","article_modified_time":"2024-03-27T18:58:55+00:00","og_image":[{"width":800,"height":800,"url":"https:\/\/www.artes4.it\/wp-content\/uploads\/2024\/03\/1623839885358.jpg","type":"image\/jpeg"}],"author":"Lorna Vatta","twitter_card":"summary_large_image","twitter_misc":{"Written by":"Lorna Vatta","Est. reading time":"1 minute"},"schema":{"@context":"https:\/\/schema.org","@graph":[{"@type":"Article","@id":"https:\/\/www.artes4.it\/en\/news\/unifiartes-4-0-tecnologie-e-servizi-per-le-imprese\/#article","isPartOf":{"@id":"https:\/\/www.artes4.it\/en\/news\/unifiartes-4-0-tecnologie-e-servizi-per-le-imprese\/"},"author":{"name":"Lorna Vatta","@id":"https:\/\/www.artes4.it\/en\/#\/schema\/person\/0f1c2c8c0b9d274494f9df9818d34cbb"},"headline":"UniFi@ARTES 4.0: tecnologie e servizi per le imprese","datePublished":"2021-06-16T18:21:00+00:00","dateModified":"2024-03-27T18:58:55+00:00","mainEntityOfPage":{"@id":"https:\/\/www.artes4.it\/en\/news\/unifiartes-4-0-tecnologie-e-servizi-per-le-imprese\/"},"wordCount":140,"commentCount":0,"publisher":{"@id":"https:\/\/www.artes4.it\/en\/#organization"},"image":{"@id":"https:\/\/www.artes4.it\/en\/news\/unifiartes-4-0-tecnologie-e-servizi-per-le-imprese\/#primaryimage"},"thumbnailUrl":"https:\/\/www.artes4.it\/wp-content\/uploads\/2024\/03\/1623839885358.jpg","keywords":["News ed eventi"],"articleSection":["News"],"inLanguage":"en-US"},{"@type":"WebPage","@id":"https:\/\/www.artes4.it\/en\/news\/unifiartes-4-0-tecnologie-e-servizi-per-le-imprese\/","url":"https:\/\/www.artes4.it\/en\/news\/unifiartes-4-0-tecnologie-e-servizi-per-le-imprese\/","name":"UniFi@ARTES 4.0: tecnologie e servizi per le imprese - Artes 4.0","isPartOf":{"@id":"https:\/\/www.artes4.it\/en\/#website"},"primaryImageOfPage":{"@id":"https:\/\/www.artes4.it\/en\/news\/unifiartes-4-0-tecnologie-e-servizi-per-le-imprese\/#primaryimage"},"image":{"@id":"https:\/\/www.artes4.it\/en\/news\/unifiartes-4-0-tecnologie-e-servizi-per-le-imprese\/#primaryimage"},"thumbnailUrl":"https:\/\/www.artes4.it\/wp-content\/uploads\/2024\/03\/1623839885358.jpg","datePublished":"2021-06-16T18:21:00+00:00","dateModified":"2024-03-27T18:58:55+00:00","breadcrumb":{"@id":"https:\/\/www.artes4.it\/en\/news\/unifiartes-4-0-tecnologie-e-servizi-per-le-imprese\/#breadcrumb"},"inLanguage":"en-US","potentialAction":[{"@type":"ReadAction","target":["https:\/\/www.artes4.it\/en\/news\/unifiartes-4-0-tecnologie-e-servizi-per-le-imprese\/"]}]},{"@type":"ImageObject","inLanguage":"en-US","@id":"https:\/\/www.artes4.it\/en\/news\/unifiartes-4-0-tecnologie-e-servizi-per-le-imprese\/#primaryimage","url":"https:\/\/www.artes4.it\/wp-content\/uploads\/2024\/03\/1623839885358.jpg","contentUrl":"https:\/\/www.artes4.it\/wp-content\/uploads\/2024\/03\/1623839885358.jpg","width":800,"height":800},{"@type":"BreadcrumbList","@id":"https:\/\/www.artes4.it\/en\/news\/unifiartes-4-0-tecnologie-e-servizi-per-le-imprese\/#breadcrumb","itemListElement":[{"@type":"ListItem","position":1,"name":"Home","item":"https:\/\/www.artes4.it\/en\/"},{"@type":"ListItem","position":2,"name":"UniFi@ARTES 4.0: tecnologie e servizi per le imprese"}]},{"@type":"WebSite","@id":"https:\/\/www.artes4.it\/en\/#website","url":"https:\/\/www.artes4.it\/en\/","name":"Artes 4.0","description":"","publisher":{"@id":"https:\/\/www.artes4.it\/en\/#organization"},"potentialAction":[{"@type":"SearchAction","target":{"@type":"EntryPoint","urlTemplate":"https:\/\/www.artes4.it\/en\/?s={search_term_string}"},"query-input":{"@type":"PropertyValueSpecification","valueRequired":true,"valueName":"search_term_string"}}],"inLanguage":"en-US"},{"@type":"Organization","@id":"https:\/\/www.artes4.it\/en\/#organization","name":"Artes 4.0","url":"https:\/\/www.artes4.it\/en\/","logo":{"@type":"ImageObject","inLanguage":"en-US","@id":"https:\/\/www.artes4.it\/en\/#\/schema\/logo\/image\/","url":"https:\/\/www.artes4.it\/wp-content\/uploads\/2024\/01\/logo_artes_white.jpeg","contentUrl":"https:\/\/www.artes4.it\/wp-content\/uploads\/2024\/01\/logo_artes_white.jpeg","width":462,"height":171,"caption":"Artes 4.0"},"image":{"@id":"https:\/\/www.artes4.it\/en\/#\/schema\/logo\/image\/"},"sameAs":["https:\/\/www.linkedin.com\/company\/associazione-artes-4-0\/posts\/?feedView=all"]},{"@type":"Person","@id":"https:\/\/www.artes4.it\/en\/#\/schema\/person\/0f1c2c8c0b9d274494f9df9818d34cbb","name":"Lorna Vatta","image":{"@type":"ImageObject","inLanguage":"en-US","@id":"https:\/\/www.artes4.it\/en\/#\/schema\/person\/image\/","url":"https:\/\/www.artes4.it\/wp-content\/uploads\/2024\/01\/Copia20di20Senza20titolo2014-96x96.png","contentUrl":"https:\/\/www.artes4.it\/wp-content\/uploads\/2024\/01\/Copia20di20Senza20titolo2014-96x96.png","caption":"Lorna Vatta"},"description":"Ex Direttrice Esecutiva di ARTES 4.0. Arriva ad ARTES 4.0 come naturale evoluzione del suo percorso: laureata in ingegneria gestionale al Politecnico di Milano, per 15 anni lavora in una multinazionale americana della meccanica avanzata, sempre sui fronti di sviluppo prodotti e business. In questo periodi vive e lavora anche in USA e UK, dove frequenta anche un MBA di UMIST e Manchester Business School. Completata l\u2019acquisizione e l\u2019integrazione di una media azienda italiana nel gruppo, diventa Chief Strategy &amp; Technology Officer di Fabio Perini SpA, leader mondiale della meccatronica per la trasformazione e l'imballaggio di prodotti tissue. Nel 2013 lascia la \u201cold economy\u201d e, da consulente indipendente e Business Angel, lavora con PMI e startup digitali e altamente innovative, principalmente nel business development per Clienti industriali che affrontano la digitalizzazione dei processi. Sono gli anni in cui nasce l\u2019Industria 4.0, e da subito Lorna punta sulla combinazione di competenze industriali e digitali. Il nuovo direttore scientifico di ARTES 4.0 \u00e8 oggi il professor Paolo Dario","url":"https:\/\/www.artes4.it\/en\/author\/lorna-vattaartes4-it\/"}]}},"_links":{"self":[{"href":"https:\/\/www.artes4.it\/en\/wp-json\/wp\/v2\/posts\/2388","targetHints":{"allow":["GET"]}}],"collection":[{"href":"https:\/\/www.artes4.it\/en\/wp-json\/wp\/v2\/posts"}],"about":[{"href":"https:\/\/www.artes4.it\/en\/wp-json\/wp\/v2\/types\/post"}],"author":[{"embeddable":true,"href":"https:\/\/www.artes4.it\/en\/wp-json\/wp\/v2\/users\/33"}],"replies":[{"embeddable":true,"href":"https:\/\/www.artes4.it\/en\/wp-json\/wp\/v2\/comments?post=2388"}],"version-history":[{"count":1,"href":"https:\/\/www.artes4.it\/en\/wp-json\/wp\/v2\/posts\/2388\/revisions"}],"predecessor-version":[{"id":3348,"href":"https:\/\/www.artes4.it\/en\/wp-json\/wp\/v2\/posts\/2388\/revisions\/3348"}],"wp:featuredmedia":[{"embeddable":true,"href":"https:\/\/www.artes4.it\/en\/wp-json\/wp\/v2\/media\/2387"}],"wp:attachment":[{"href":"https:\/\/www.artes4.it\/en\/wp-json\/wp\/v2\/media?parent=2388"}],"wp:term":[{"taxonomy":"category","embeddable":true,"href":"https:\/\/www.artes4.it\/en\/wp-json\/wp\/v2\/categories?post=2388"},{"taxonomy":"post_tag","embeddable":true,"href":"https:\/\/www.artes4.it\/en\/wp-json\/wp\/v2\/tags?post=2388"},{"taxonomy":"anno_doc","embeddable":true,"href":"https:\/\/www.artes4.it\/en\/wp-json\/wp\/v2\/anno_doc?post=2388"}],"curies":[{"name":"wp","href":"https:\/\/api.w.org\/{rel}","templated":true}]}}