{"id":2495,"date":"2021-01-07T20:21:00","date_gmt":"2021-01-07T19:21:00","guid":{"rendered":"https:\/\/www.artes4.it\/2021\/01\/07\/webinar-cnrartes-4-0-industria-e-agricoltura-4-0-transizione-verso-il-digitale-ed-intelligenza-artificiale\/"},"modified":"2024-07-04T12:11:41","modified_gmt":"2024-07-04T10:11:41","slug":"cnrartes-4-0-industria-e-agricoltura-4-0-transizione-verso-il-digitale-e-ai","status":"publish","type":"post","link":"https:\/\/www.artes4.it\/en\/news\/cnrartes-4-0-industria-e-agricoltura-4-0-transizione-verso-il-digitale-e-ai\/","title":{"rendered":"Webinar &#8220;CNR@ARTES 4.0: Industria e Agricoltura 4.0. Transizione verso il digitale e AI&#8221;"},"content":{"rendered":"<p><strong>ARTES 4.0<\/strong> e il <strong>Consiglio Nazionale delle Ricerche <\/strong>organizzano il Webinar &#8220;CNR@ARTES 4.0: Industria e Agricoltura 4.0. Transizione verso il digitale ed intelligenza artificiale\u201d, il giorno <strong>14 gennaio alle ore 11:30.<\/strong><\/p>\n<p>ARTES 4.0 e il Consiglio Nazionale delle Ricerche (CNR) collaborano per organizzare il webinar &#8220;CNR@ARTES 4.0: Industria e Agricoltura 4.0. Transizione verso il digitale ed intelligenza artificiale\u201d, previsto per il giorno 14 gennaio alle ore 11:30. Questo evento mira a esplorare l&#8217;integrazione delle tecnologie digitali e dell&#8217;intelligenza artificiale nel contesto dell&#8217;Industria 4.0 e dell&#8217;Agricoltura 4.0.<\/p>\n<h3>Agricoltura 4.0: Ruolo dell&#8217;Internet of Things e dei Droni<\/h3>\n<p>Durante il primo intervento, Manlio Bacco, tecnologo presso il CNR-ISTI, e Andrea Berton, collaboratore tecnico, introdurranno il concetto di Agricoltura 4.0. Questo paradigma estende i principi dell&#8217;Industria 4.0 al settore agricolo, enfatizzando il ruolo cruciale dell&#8217;Internet of Things (IoT) e l&#8217;impiego dei droni aerei nel monitoraggio delle coltivazioni. Saranno esaminati casi pratici di come queste tecnologie possano ottimizzare la gestione agricola migliorando la precisione e l&#8217;efficienza delle operazioni.<\/p>\n<h3>Applicazione delle Reti Neurali nell&#8217;Industria e nell&#8217;Agricoltura 4.0<\/h3>\n<p>Franco Maria Nardini, ricercatore presso il Laboratorio HPC dell\u2019ISTI-CNR, presenter\u00e0 le tematiche e i risultati di ricerca del laboratorio High Performance Computing. Si concentrer\u00e0 sull&#8217;applicazione delle reti neurali artificiali ai problemi specifici dell&#8217;Industria 4.0 e dell&#8217;Agricoltura 4.0. Nardini discuter\u00e0 in particolare l&#8217;uso di queste tecnologie per il riconoscimento delle anomalie nei processi industriali e agricoli, nonch\u00e9 per il conteggio preciso di oggetti e entit\u00e0 di interesse. Saranno esplorate le potenzialit\u00e0 di queste tecniche avanzate nel migliorare la qualit\u00e0 del controllo qualit\u00e0 e nell&#8217;ottimizzare le operazioni quotidiane.<\/p>\n<h3>Sinergie tra Industria e Agricoltura 4.0: Opportunit\u00e0 e Sfide<\/h3>\n<p>Il webinar offrir\u00e0 anche uno spazio per discutere le sinergie emergenti tra Industria e Agricoltura 4.0. Saranno esaminate le opportunit\u00e0 di collaborazione e di integrazione delle tecnologie digitali per promuovere una trasformazione sostenibile e innovativa in entrambi i settori. I partecipanti saranno invitati a esplorare come l&#8217;integrazione di queste tecnologie possa generare valore aggiunto, migliorando la competitivit\u00e0 delle imprese e sostenendo lo sviluppo economico a lungo termine.<\/p>\n<h3>Prospettive Future e Impatti sull&#8217;Ecosistema Tecnologico<\/h3>\n<p>Il webinar si concluder\u00e0 con una riflessione sulle prospettive future dell&#8217;Industria e dell&#8217;Agricoltura 4.0. Saranno esplorate le implicazioni di lungo termine dell&#8217;adozione diffusa di queste tecnologie, considerando l&#8217;evoluzione dell&#8217;ecosistema tecnologico e le opportunit\u00e0 di innovazione continua. L&#8217;evento rappresenter\u00e0 un&#8217;opportunit\u00e0 chiave per i professionisti del settore, gli accademici e gli innovatori di discutere strategie e best practice per sfruttare appieno il potenziale dell&#8217;intelligenza artificiale e delle tecnologie digitali.<\/p>\n<p><!--more--><\/p>\n<p><strong>Per maggiori informazioni e per registrarsi al webinar del 14 gennaio: <a href=\"https:\/\/lp.artes4.it\/webinar-14-gennaio-artes-e-cnr\" target=\"_blank\" rel=\"noopener\">cliccare qui<\/a>.<\/strong><\/p>\n<p><strong>Per maggiori informazioni sul ciclo di webinar e per vedere i video on-demand: <a href=\"https:\/\/lp.artes4.it\/scopri-i-webinar-di-artes-e-cnr\" target=\"_blank\" rel=\"noopener\">cliccare qui<\/a>.<\/strong><\/p>\n<p>&nbsp;<\/p>\n","protected":false},"excerpt":{"rendered":"<p>ARTES 4.0 e il Consiglio Nazionale delle Ricerche organizzano il Webinar &#8220;CNR@ARTES 4.0: Industria e Agricoltura 4.0. Transizione verso il digitale ed intelligenza artificiale\u201d, il giorno 14 gennaio alle ore 11:30. ARTES 4.0 e il Consiglio Nazionale delle Ricerche (CNR) collaborano per organizzare il webinar &#8220;CNR@ARTES 4.0: Industria e Agricoltura 4.0. Transizione verso il digitale [&hellip;]<\/p>\n","protected":false},"author":33,"featured_media":2494,"comment_status":"open","ping_status":"closed","sticky":false,"template":"","format":"standard","meta":{"_acf_changed":false,"footnotes":""},"categories":[1],"tags":[93],"anno_doc":[],"class_list":["post-2495","post","type-post","status-publish","format-standard","has-post-thumbnail","hentry","category-news","tag-news-ed-eventi"],"acf":[],"yoast_head":"<!-- This site is optimized with the Yoast SEO Premium plugin v22.8 (Yoast SEO v25.8) - https:\/\/yoast.com\/wordpress\/plugins\/seo\/ -->\n<title>Industria e Agricoltura 4.0. Transizione verso il digitale e AI<\/title>\n<meta name=\"description\" content=\"Il webinar offrir\u00e0 uno spazio per discutere le sinergie emergenti tra Industria e Agricoltura 4.0. Saranno esaminate le opportunit\u00e0 tecnologiche.\" \/>\n<meta name=\"robots\" content=\"index, follow, max-snippet:-1, max-image-preview:large, max-video-preview:-1\" \/>\n<link rel=\"canonical\" href=\"https:\/\/www.artes4.it\/en\/news\/cnrartes-4-0-industria-e-agricoltura-4-0-transizione-verso-il-digitale-e-ai\/\" \/>\n<meta property=\"og:locale\" content=\"en_US\" \/>\n<meta property=\"og:type\" content=\"article\" \/>\n<meta property=\"og:title\" content=\"Webinar &quot;CNR@ARTES 4.0: Industria e Agricoltura 4.0. Transizione verso il digitale e AI&quot;\" \/>\n<meta property=\"og:description\" content=\"Il webinar offrir\u00e0 uno spazio per discutere le sinergie emergenti tra Industria e Agricoltura 4.0. Saranno esaminate le opportunit\u00e0 tecnologiche.\" \/>\n<meta property=\"og:url\" content=\"https:\/\/www.artes4.it\/en\/news\/cnrartes-4-0-industria-e-agricoltura-4-0-transizione-verso-il-digitale-e-ai\/\" \/>\n<meta property=\"og:site_name\" content=\"Artes 4.0\" \/>\n<meta property=\"article:published_time\" content=\"2021-01-07T19:21:00+00:00\" \/>\n<meta property=\"article:modified_time\" content=\"2024-07-04T10:11:41+00:00\" \/>\n<meta property=\"og:image\" content=\"https:\/\/www.artes4.it\/wp-content\/uploads\/2024\/03\/1200x628-Jan-07-2021-08-55-01-29-AM.png\" \/>\n\t<meta property=\"og:image:width\" content=\"1200\" \/>\n\t<meta property=\"og:image:height\" content=\"628\" \/>\n\t<meta property=\"og:image:type\" content=\"image\/png\" \/>\n<meta name=\"author\" content=\"Lorna Vatta\" \/>\n<meta name=\"twitter:card\" content=\"summary_large_image\" \/>\n<meta name=\"twitter:label1\" content=\"Written by\" \/>\n\t<meta name=\"twitter:data1\" content=\"Lorna Vatta\" \/>\n\t<meta name=\"twitter:label2\" content=\"Est. reading time\" \/>\n\t<meta name=\"twitter:data2\" content=\"3 minutes\" \/>\n<script type=\"application\/ld+json\" class=\"yoast-schema-graph\">{\"@context\":\"https:\/\/schema.org\",\"@graph\":[{\"@type\":\"Article\",\"@id\":\"https:\/\/www.artes4.it\/en\/news\/cnrartes-4-0-industria-e-agricoltura-4-0-transizione-verso-il-digitale-e-ai\/#article\",\"isPartOf\":{\"@id\":\"https:\/\/www.artes4.it\/en\/news\/cnrartes-4-0-industria-e-agricoltura-4-0-transizione-verso-il-digitale-e-ai\/\"},\"author\":{\"name\":\"Lorna Vatta\",\"@id\":\"https:\/\/www.artes4.it\/en\/#\/schema\/person\/0f1c2c8c0b9d274494f9df9818d34cbb\"},\"headline\":\"Webinar &#8220;CNR@ARTES 4.0: Industria e Agricoltura 4.0. Transizione verso il digitale e AI&#8221;\",\"datePublished\":\"2021-01-07T19:21:00+00:00\",\"dateModified\":\"2024-07-04T10:11:41+00:00\",\"mainEntityOfPage\":{\"@id\":\"https:\/\/www.artes4.it\/en\/news\/cnrartes-4-0-industria-e-agricoltura-4-0-transizione-verso-il-digitale-e-ai\/\"},\"wordCount\":454,\"commentCount\":0,\"publisher\":{\"@id\":\"https:\/\/www.artes4.it\/en\/#organization\"},\"image\":{\"@id\":\"https:\/\/www.artes4.it\/en\/news\/cnrartes-4-0-industria-e-agricoltura-4-0-transizione-verso-il-digitale-e-ai\/#primaryimage\"},\"thumbnailUrl\":\"https:\/\/www.artes4.it\/wp-content\/uploads\/2024\/03\/1200x628-Jan-07-2021-08-55-01-29-AM.png\",\"keywords\":[\"News ed eventi\"],\"articleSection\":[\"News\"],\"inLanguage\":\"en-US\"},{\"@type\":\"WebPage\",\"@id\":\"https:\/\/www.artes4.it\/en\/news\/cnrartes-4-0-industria-e-agricoltura-4-0-transizione-verso-il-digitale-e-ai\/\",\"url\":\"https:\/\/www.artes4.it\/en\/news\/cnrartes-4-0-industria-e-agricoltura-4-0-transizione-verso-il-digitale-e-ai\/\",\"name\":\"Industria e Agricoltura 4.0. Transizione verso il digitale e AI\",\"isPartOf\":{\"@id\":\"https:\/\/www.artes4.it\/en\/#website\"},\"primaryImageOfPage\":{\"@id\":\"https:\/\/www.artes4.it\/en\/news\/cnrartes-4-0-industria-e-agricoltura-4-0-transizione-verso-il-digitale-e-ai\/#primaryimage\"},\"image\":{\"@id\":\"https:\/\/www.artes4.it\/en\/news\/cnrartes-4-0-industria-e-agricoltura-4-0-transizione-verso-il-digitale-e-ai\/#primaryimage\"},\"thumbnailUrl\":\"https:\/\/www.artes4.it\/wp-content\/uploads\/2024\/03\/1200x628-Jan-07-2021-08-55-01-29-AM.png\",\"datePublished\":\"2021-01-07T19:21:00+00:00\",\"dateModified\":\"2024-07-04T10:11:41+00:00\",\"description\":\"Il webinar offrir\u00e0 uno spazio per discutere le sinergie emergenti tra Industria e Agricoltura 4.0. Saranno esaminate le opportunit\u00e0 tecnologiche.\",\"breadcrumb\":{\"@id\":\"https:\/\/www.artes4.it\/en\/news\/cnrartes-4-0-industria-e-agricoltura-4-0-transizione-verso-il-digitale-e-ai\/#breadcrumb\"},\"inLanguage\":\"en-US\",\"potentialAction\":[{\"@type\":\"ReadAction\",\"target\":[\"https:\/\/www.artes4.it\/en\/news\/cnrartes-4-0-industria-e-agricoltura-4-0-transizione-verso-il-digitale-e-ai\/\"]}]},{\"@type\":\"ImageObject\",\"inLanguage\":\"en-US\",\"@id\":\"https:\/\/www.artes4.it\/en\/news\/cnrartes-4-0-industria-e-agricoltura-4-0-transizione-verso-il-digitale-e-ai\/#primaryimage\",\"url\":\"https:\/\/www.artes4.it\/wp-content\/uploads\/2024\/03\/1200x628-Jan-07-2021-08-55-01-29-AM.png\",\"contentUrl\":\"https:\/\/www.artes4.it\/wp-content\/uploads\/2024\/03\/1200x628-Jan-07-2021-08-55-01-29-AM.png\",\"width\":1200,\"height\":628},{\"@type\":\"BreadcrumbList\",\"@id\":\"https:\/\/www.artes4.it\/en\/news\/cnrartes-4-0-industria-e-agricoltura-4-0-transizione-verso-il-digitale-e-ai\/#breadcrumb\",\"itemListElement\":[{\"@type\":\"ListItem\",\"position\":1,\"name\":\"Home\",\"item\":\"https:\/\/www.artes4.it\/en\/\"},{\"@type\":\"ListItem\",\"position\":2,\"name\":\"Webinar &#8220;CNR@ARTES 4.0: Industria e Agricoltura 4.0. Transizione verso il digitale e AI&#8221;\"}]},{\"@type\":\"WebSite\",\"@id\":\"https:\/\/www.artes4.it\/en\/#website\",\"url\":\"https:\/\/www.artes4.it\/en\/\",\"name\":\"Artes 4.0\",\"description\":\"\",\"publisher\":{\"@id\":\"https:\/\/www.artes4.it\/en\/#organization\"},\"potentialAction\":[{\"@type\":\"SearchAction\",\"target\":{\"@type\":\"EntryPoint\",\"urlTemplate\":\"https:\/\/www.artes4.it\/en\/?s={search_term_string}\"},\"query-input\":{\"@type\":\"PropertyValueSpecification\",\"valueRequired\":true,\"valueName\":\"search_term_string\"}}],\"inLanguage\":\"en-US\"},{\"@type\":\"Organization\",\"@id\":\"https:\/\/www.artes4.it\/en\/#organization\",\"name\":\"Artes 4.0\",\"url\":\"https:\/\/www.artes4.it\/en\/\",\"logo\":{\"@type\":\"ImageObject\",\"inLanguage\":\"en-US\",\"@id\":\"https:\/\/www.artes4.it\/en\/#\/schema\/logo\/image\/\",\"url\":\"https:\/\/www.artes4.it\/wp-content\/uploads\/2024\/01\/logo_artes_white.jpeg\",\"contentUrl\":\"https:\/\/www.artes4.it\/wp-content\/uploads\/2024\/01\/logo_artes_white.jpeg\",\"width\":462,\"height\":171,\"caption\":\"Artes 4.0\"},\"image\":{\"@id\":\"https:\/\/www.artes4.it\/en\/#\/schema\/logo\/image\/\"},\"sameAs\":[\"https:\/\/www.linkedin.com\/company\/associazione-artes-4-0\/posts\/?feedView=all\"]},{\"@type\":\"Person\",\"@id\":\"https:\/\/www.artes4.it\/en\/#\/schema\/person\/0f1c2c8c0b9d274494f9df9818d34cbb\",\"name\":\"Lorna Vatta\",\"image\":{\"@type\":\"ImageObject\",\"inLanguage\":\"en-US\",\"@id\":\"https:\/\/www.artes4.it\/en\/#\/schema\/person\/image\/\",\"url\":\"https:\/\/www.artes4.it\/wp-content\/uploads\/2024\/01\/Copia20di20Senza20titolo2014-96x96.png\",\"contentUrl\":\"https:\/\/www.artes4.it\/wp-content\/uploads\/2024\/01\/Copia20di20Senza20titolo2014-96x96.png\",\"caption\":\"Lorna Vatta\"},\"description\":\"Ex Direttrice Esecutiva di ARTES 4.0. Arriva ad ARTES 4.0 come naturale evoluzione del suo percorso: laureata in ingegneria gestionale al Politecnico di Milano, per 15 anni lavora in una multinazionale americana della meccanica avanzata, sempre sui fronti di sviluppo prodotti e business. In questo periodi vive e lavora anche in USA e UK, dove frequenta anche un MBA di UMIST e Manchester Business School. Completata l\u2019acquisizione e l\u2019integrazione di una media azienda italiana nel gruppo, diventa Chief Strategy &amp; Technology Officer di Fabio Perini SpA, leader mondiale della meccatronica per la trasformazione e l'imballaggio di prodotti tissue. Nel 2013 lascia la \u201cold economy\u201d e, da consulente indipendente e Business Angel, lavora con PMI e startup digitali e altamente innovative, principalmente nel business development per Clienti industriali che affrontano la digitalizzazione dei processi. Sono gli anni in cui nasce l\u2019Industria 4.0, e da subito Lorna punta sulla combinazione di competenze industriali e digitali. Il nuovo direttore scientifico di ARTES 4.0 \u00e8 oggi il professor Paolo Dario\",\"url\":\"https:\/\/www.artes4.it\/en\/author\/lorna-vattaartes4-it\/\"}]}<\/script>\n<!-- \/ Yoast SEO Premium plugin. -->","yoast_head_json":{"title":"Industria e Agricoltura 4.0. Transizione verso il digitale e AI","description":"Il webinar offrir\u00e0 uno spazio per discutere le sinergie emergenti tra Industria e Agricoltura 4.0. Saranno esaminate le opportunit\u00e0 tecnologiche.","robots":{"index":"index","follow":"follow","max-snippet":"max-snippet:-1","max-image-preview":"max-image-preview:large","max-video-preview":"max-video-preview:-1"},"canonical":"https:\/\/www.artes4.it\/en\/news\/cnrartes-4-0-industria-e-agricoltura-4-0-transizione-verso-il-digitale-e-ai\/","og_locale":"en_US","og_type":"article","og_title":"Webinar \"CNR@ARTES 4.0: Industria e Agricoltura 4.0. Transizione verso il digitale e AI\"","og_description":"Il webinar offrir\u00e0 uno spazio per discutere le sinergie emergenti tra Industria e Agricoltura 4.0. Saranno esaminate le opportunit\u00e0 tecnologiche.","og_url":"https:\/\/www.artes4.it\/en\/news\/cnrartes-4-0-industria-e-agricoltura-4-0-transizione-verso-il-digitale-e-ai\/","og_site_name":"Artes 4.0","article_published_time":"2021-01-07T19:21:00+00:00","article_modified_time":"2024-07-04T10:11:41+00:00","og_image":[{"width":1200,"height":628,"url":"https:\/\/www.artes4.it\/wp-content\/uploads\/2024\/03\/1200x628-Jan-07-2021-08-55-01-29-AM.png","type":"image\/png"}],"author":"Lorna Vatta","twitter_card":"summary_large_image","twitter_misc":{"Written by":"Lorna Vatta","Est. reading time":"3 minutes"},"schema":{"@context":"https:\/\/schema.org","@graph":[{"@type":"Article","@id":"https:\/\/www.artes4.it\/en\/news\/cnrartes-4-0-industria-e-agricoltura-4-0-transizione-verso-il-digitale-e-ai\/#article","isPartOf":{"@id":"https:\/\/www.artes4.it\/en\/news\/cnrartes-4-0-industria-e-agricoltura-4-0-transizione-verso-il-digitale-e-ai\/"},"author":{"name":"Lorna Vatta","@id":"https:\/\/www.artes4.it\/en\/#\/schema\/person\/0f1c2c8c0b9d274494f9df9818d34cbb"},"headline":"Webinar &#8220;CNR@ARTES 4.0: Industria e Agricoltura 4.0. Transizione verso il digitale e AI&#8221;","datePublished":"2021-01-07T19:21:00+00:00","dateModified":"2024-07-04T10:11:41+00:00","mainEntityOfPage":{"@id":"https:\/\/www.artes4.it\/en\/news\/cnrartes-4-0-industria-e-agricoltura-4-0-transizione-verso-il-digitale-e-ai\/"},"wordCount":454,"commentCount":0,"publisher":{"@id":"https:\/\/www.artes4.it\/en\/#organization"},"image":{"@id":"https:\/\/www.artes4.it\/en\/news\/cnrartes-4-0-industria-e-agricoltura-4-0-transizione-verso-il-digitale-e-ai\/#primaryimage"},"thumbnailUrl":"https:\/\/www.artes4.it\/wp-content\/uploads\/2024\/03\/1200x628-Jan-07-2021-08-55-01-29-AM.png","keywords":["News ed eventi"],"articleSection":["News"],"inLanguage":"en-US"},{"@type":"WebPage","@id":"https:\/\/www.artes4.it\/en\/news\/cnrartes-4-0-industria-e-agricoltura-4-0-transizione-verso-il-digitale-e-ai\/","url":"https:\/\/www.artes4.it\/en\/news\/cnrartes-4-0-industria-e-agricoltura-4-0-transizione-verso-il-digitale-e-ai\/","name":"Industria e Agricoltura 4.0. Transizione verso il digitale e AI","isPartOf":{"@id":"https:\/\/www.artes4.it\/en\/#website"},"primaryImageOfPage":{"@id":"https:\/\/www.artes4.it\/en\/news\/cnrartes-4-0-industria-e-agricoltura-4-0-transizione-verso-il-digitale-e-ai\/#primaryimage"},"image":{"@id":"https:\/\/www.artes4.it\/en\/news\/cnrartes-4-0-industria-e-agricoltura-4-0-transizione-verso-il-digitale-e-ai\/#primaryimage"},"thumbnailUrl":"https:\/\/www.artes4.it\/wp-content\/uploads\/2024\/03\/1200x628-Jan-07-2021-08-55-01-29-AM.png","datePublished":"2021-01-07T19:21:00+00:00","dateModified":"2024-07-04T10:11:41+00:00","description":"Il webinar offrir\u00e0 uno spazio per discutere le sinergie emergenti tra Industria e Agricoltura 4.0. Saranno esaminate le opportunit\u00e0 tecnologiche.","breadcrumb":{"@id":"https:\/\/www.artes4.it\/en\/news\/cnrartes-4-0-industria-e-agricoltura-4-0-transizione-verso-il-digitale-e-ai\/#breadcrumb"},"inLanguage":"en-US","potentialAction":[{"@type":"ReadAction","target":["https:\/\/www.artes4.it\/en\/news\/cnrartes-4-0-industria-e-agricoltura-4-0-transizione-verso-il-digitale-e-ai\/"]}]},{"@type":"ImageObject","inLanguage":"en-US","@id":"https:\/\/www.artes4.it\/en\/news\/cnrartes-4-0-industria-e-agricoltura-4-0-transizione-verso-il-digitale-e-ai\/#primaryimage","url":"https:\/\/www.artes4.it\/wp-content\/uploads\/2024\/03\/1200x628-Jan-07-2021-08-55-01-29-AM.png","contentUrl":"https:\/\/www.artes4.it\/wp-content\/uploads\/2024\/03\/1200x628-Jan-07-2021-08-55-01-29-AM.png","width":1200,"height":628},{"@type":"BreadcrumbList","@id":"https:\/\/www.artes4.it\/en\/news\/cnrartes-4-0-industria-e-agricoltura-4-0-transizione-verso-il-digitale-e-ai\/#breadcrumb","itemListElement":[{"@type":"ListItem","position":1,"name":"Home","item":"https:\/\/www.artes4.it\/en\/"},{"@type":"ListItem","position":2,"name":"Webinar &#8220;CNR@ARTES 4.0: Industria e Agricoltura 4.0. Transizione verso il digitale e AI&#8221;"}]},{"@type":"WebSite","@id":"https:\/\/www.artes4.it\/en\/#website","url":"https:\/\/www.artes4.it\/en\/","name":"Artes 4.0","description":"","publisher":{"@id":"https:\/\/www.artes4.it\/en\/#organization"},"potentialAction":[{"@type":"SearchAction","target":{"@type":"EntryPoint","urlTemplate":"https:\/\/www.artes4.it\/en\/?s={search_term_string}"},"query-input":{"@type":"PropertyValueSpecification","valueRequired":true,"valueName":"search_term_string"}}],"inLanguage":"en-US"},{"@type":"Organization","@id":"https:\/\/www.artes4.it\/en\/#organization","name":"Artes 4.0","url":"https:\/\/www.artes4.it\/en\/","logo":{"@type":"ImageObject","inLanguage":"en-US","@id":"https:\/\/www.artes4.it\/en\/#\/schema\/logo\/image\/","url":"https:\/\/www.artes4.it\/wp-content\/uploads\/2024\/01\/logo_artes_white.jpeg","contentUrl":"https:\/\/www.artes4.it\/wp-content\/uploads\/2024\/01\/logo_artes_white.jpeg","width":462,"height":171,"caption":"Artes 4.0"},"image":{"@id":"https:\/\/www.artes4.it\/en\/#\/schema\/logo\/image\/"},"sameAs":["https:\/\/www.linkedin.com\/company\/associazione-artes-4-0\/posts\/?feedView=all"]},{"@type":"Person","@id":"https:\/\/www.artes4.it\/en\/#\/schema\/person\/0f1c2c8c0b9d274494f9df9818d34cbb","name":"Lorna Vatta","image":{"@type":"ImageObject","inLanguage":"en-US","@id":"https:\/\/www.artes4.it\/en\/#\/schema\/person\/image\/","url":"https:\/\/www.artes4.it\/wp-content\/uploads\/2024\/01\/Copia20di20Senza20titolo2014-96x96.png","contentUrl":"https:\/\/www.artes4.it\/wp-content\/uploads\/2024\/01\/Copia20di20Senza20titolo2014-96x96.png","caption":"Lorna Vatta"},"description":"Ex Direttrice Esecutiva di ARTES 4.0. Arriva ad ARTES 4.0 come naturale evoluzione del suo percorso: laureata in ingegneria gestionale al Politecnico di Milano, per 15 anni lavora in una multinazionale americana della meccanica avanzata, sempre sui fronti di sviluppo prodotti e business. In questo periodi vive e lavora anche in USA e UK, dove frequenta anche un MBA di UMIST e Manchester Business School. Completata l\u2019acquisizione e l\u2019integrazione di una media azienda italiana nel gruppo, diventa Chief Strategy &amp; Technology Officer di Fabio Perini SpA, leader mondiale della meccatronica per la trasformazione e l'imballaggio di prodotti tissue. Nel 2013 lascia la \u201cold economy\u201d e, da consulente indipendente e Business Angel, lavora con PMI e startup digitali e altamente innovative, principalmente nel business development per Clienti industriali che affrontano la digitalizzazione dei processi. Sono gli anni in cui nasce l\u2019Industria 4.0, e da subito Lorna punta sulla combinazione di competenze industriali e digitali. Il nuovo direttore scientifico di ARTES 4.0 \u00e8 oggi il professor Paolo Dario","url":"https:\/\/www.artes4.it\/en\/author\/lorna-vattaartes4-it\/"}]}},"_links":{"self":[{"href":"https:\/\/www.artes4.it\/en\/wp-json\/wp\/v2\/posts\/2495","targetHints":{"allow":["GET"]}}],"collection":[{"href":"https:\/\/www.artes4.it\/en\/wp-json\/wp\/v2\/posts"}],"about":[{"href":"https:\/\/www.artes4.it\/en\/wp-json\/wp\/v2\/types\/post"}],"author":[{"embeddable":true,"href":"https:\/\/www.artes4.it\/en\/wp-json\/wp\/v2\/users\/33"}],"replies":[{"embeddable":true,"href":"https:\/\/www.artes4.it\/en\/wp-json\/wp\/v2\/comments?post=2495"}],"version-history":[{"count":3,"href":"https:\/\/www.artes4.it\/en\/wp-json\/wp\/v2\/posts\/2495\/revisions"}],"predecessor-version":[{"id":5074,"href":"https:\/\/www.artes4.it\/en\/wp-json\/wp\/v2\/posts\/2495\/revisions\/5074"}],"wp:featuredmedia":[{"embeddable":true,"href":"https:\/\/www.artes4.it\/en\/wp-json\/wp\/v2\/media\/2494"}],"wp:attachment":[{"href":"https:\/\/www.artes4.it\/en\/wp-json\/wp\/v2\/media?parent=2495"}],"wp:term":[{"taxonomy":"category","embeddable":true,"href":"https:\/\/www.artes4.it\/en\/wp-json\/wp\/v2\/categories?post=2495"},{"taxonomy":"post_tag","embeddable":true,"href":"https:\/\/www.artes4.it\/en\/wp-json\/wp\/v2\/tags?post=2495"},{"taxonomy":"anno_doc","embeddable":true,"href":"https:\/\/www.artes4.it\/en\/wp-json\/wp\/v2\/anno_doc?post=2495"}],"curies":[{"name":"wp","href":"https:\/\/api.w.org\/{rel}","templated":true}]}}