{"id":2503,"date":"2020-12-10T20:20:00","date_gmt":"2020-12-10T19:20:00","guid":{"rendered":"https:\/\/www.artes4.it\/2020\/12\/10\/webinar-il-nuovo-piano-transizione-4-0-e-le-tecnologie-per-usufruire-delle-agevolazioni-pubbliche-ripartire-e-crescere-dopo-la-pandemia\/"},"modified":"2024-07-04T11:49:42","modified_gmt":"2024-07-04T09:49:42","slug":"il-nuovo-piano-transizione-4-0-dopo-la-pandemia","status":"publish","type":"post","link":"https:\/\/www.artes4.it\/en\/news\/il-nuovo-piano-transizione-4-0-dopo-la-pandemia\/","title":{"rendered":"Il nuovo Piano Transizione 4.0 dopo la pandemia"},"content":{"rendered":"<div>\n<p><strong>ARTES 4.0,<\/strong> il <strong>Macronodo ARTES 4.0@UNIPI <\/strong>organizzano il Webinar &#8220;Il nuovo Piano Transizione 4.0 e le tecnologie per usufruire delle agevolazioni pubbliche, ripartire e crescere dopo la pandemia&#8221;, il giorno <strong>16 dicembre dalle ore 15:00.<\/strong><\/p>\n<ul>\n<li>\n<div class=\"flex-1 overflow-hidden\">\n<div class=\"h-full\">\n<div class=\"react-scroll-to-bottom--css-diduj-79elbk h-full\">\n<div class=\"react-scroll-to-bottom--css-diduj-1n7m0yu\">\n<div class=\"flex flex-col text-sm md:pb-9\">\n<div class=\"w-full text-token-text-primary\" dir=\"auto\" data-testid=\"conversation-turn-11\" data-scroll-anchor=\"true\">\n<div class=\"py-2 juice:py-[18px] px-3 text-base md:px-4 m-auto md:px-5 lg:px-1 xl:px-5\">\n<div class=\"mx-auto flex flex-1 gap-3 text-base juice:gap-4 juice:md:gap-5 juice:lg:gap-6 md:max-w-3xl lg:max-w-[40rem] xl:max-w-[48rem]\">\n<div class=\"group\/conversation-turn relative flex w-full min-w-0 flex-col agent-turn\">\n<div class=\"flex-col gap-1 md:gap-3\">\n<div class=\"flex flex-grow flex-col max-w-full\">\n<div class=\"min-h-[20px] text-message flex flex-col items-start whitespace-pre-wrap break-words [.text-message+&amp;]:mt-5 juice:w-full juice:items-end overflow-x-auto gap-2\" dir=\"auto\" data-message-author-role=\"assistant\" data-message-id=\"67e0a859-ef07-45e1-84ad-ddf40d5d8d05\">\n<div class=\"flex w-full flex-col gap-1 juice:empty:hidden juice:first:pt-[3px]\">\n<div class=\"markdown prose w-full break-words dark:prose-invert light\">\n<p>Il webinar &#8220;Il nuovo Piano Transizione 4.0 e le tecnologie per usufruire delle agevolazioni pubbliche, ripartire e crescere dopo la pandemia&#8221;, organizzato da ARTES 4.0 in collaborazione con il Macronodo ARTES 4.0@UNIPI, si terr\u00e0 il giorno 16 dicembre dalle ore 15:00. Questo evento si concentrer\u00e0 sulle opportunit\u00e0 offerte dal nuovo Piano Transizione 4.0 del Ministero dello Sviluppo Economico (MiSE) e sulle tecnologie abilitanti che consentono alle aziende di accedere alle nuove agevolazioni.<\/p>\n<h3>Presentazione del Piano Transizione 4.0<\/h3>\n<p>Il webinar fornir\u00e0 una panoramica dettagliata sulle novit\u00e0 introdotte dal nuovo Piano Transizione 4.0, focalizzandosi sulle agevolazioni pubbliche disponibili, con un&#8217;enfasi particolare sul credito d&#8217;imposta. Fulvio Gini, Coordinatore del Macronodo ARTES 4.0@UNIPI, guider\u00e0 la sessione, evidenziando come queste misure possano supportare le imprese nella ripartenza e nella crescita post-pandemia. Saranno esplorate le modalit\u00e0 di accesso alle agevolazioni e i criteri per beneficiarne efficacemente.<\/p>\n<h3>Ruolo delle Tecnologie Abilitanti<\/h3>\n<p>Andrea Bellucci, Presidente di Stargate Consulting &amp; Training srl, e Alessandro Settimi, Consulente del Macronodo ARTES 4.0@UNIPI, discuteranno il ruolo cruciale delle tecnologie abilitanti nell&#8217;ambito del Piano Transizione 4.0. Queste tecnologie non solo facilitano l&#8217;implementazione di processi innovativi e sostenibili, ma sono anche fondamentali per soddisfare i requisiti tecnici necessari per accedere alle agevolazioni pubbliche. Saranno presentati casi di successo e strategie pratiche per integrare efficacemente queste tecnologie nei piani di sviluppo aziendale.<\/p>\n<h3>Esperienze di Implementazione<\/h3>\n<p>Giacomo Montanari, Project Manager di TIME Group, condivider\u00e0 esperienze concrete di implementazione del Piano Transizione 4.0 all&#8217;interno di diverse realt\u00e0 aziendali. Attraverso studi di caso e analisi approfondite, Montanari illustrer\u00e0 come le aziende possano massimizzare i benefici del credito d&#8217;imposta e delle altre agevolazioni, ottimizzando le proprie operazioni e migliorando la competitivit\u00e0 sul mercato nazionale e internazionale.<\/p>\n<h3>Sfide e Opportunit\u00e0 Future<\/h3>\n<p>Il webinar si concluder\u00e0 con una discussione sulle sfide e sulle opportunit\u00e0 future per le imprese italiane nel contesto del Piano Transizione 4.0. Sar\u00e0 incoraggiato il dialogo tra i partecipanti per esplorare strategie innovative, partnership strategiche e potenziali sviluppi nel panorama tecnologico e industriale. L&#8217;evento rappresenta un&#8217;occasione unica per comprendere come il supporto pubblico e l&#8217;innovazione tecnologica possano convergere per favorire una ripresa economica sostenibile e resiliente.<\/p>\n<\/div>\n<\/div>\n<\/div>\n<\/div>\n<\/div>\n<\/div>\n<\/div>\n<\/div>\n<\/div>\n<\/div>\n<\/div>\n<\/div>\n<\/div>\n<\/div>\n<div class=\"w-full md:pt-0 dark:border-white\/20 md:border-transparent md:dark:border-transparent md:w-[calc(100%-.5rem)] juice:w-full\">\n<div class=\"px-3 text-base md:px-4 m-auto md:px-5 lg:px-1 xl:px-5\">\n<div class=\"mx-auto flex flex-1 gap-3 text-base juice:gap-4 juice:md:gap-5 juice:lg:gap-6 md:max-w-3xl lg:max-w-[40rem] xl:max-w-[48rem]\">\n<form class=\"w-full\" aria-haspopup=\"dialog\" aria-expanded=\"false\" aria-controls=\"radix-:rmq:\" data-state=\"closed\">\n<div class=\"relative flex h-full max-w-full flex-1 flex-col\">\n<div class=\"flex w-full items-center\">\n<div class=\"flex w-full flex-col gap-1.5 rounded-[26px] p-1.5 transition-colors bg-[#f4f4f4] dark:bg-token-main-surface-secondary\"><\/div>\n<\/div>\n<\/div>\n<\/form>\n<\/div>\n<\/div>\n<\/div>\n<\/li>\n<\/ul>\n<p><!--more--><\/p>\n<p><strong>Per maggiori informazioni e per iscriversi<\/strong><strong>: <a href=\"https:\/\/lp.artes4.it\/webinar-16-dicembre-artes-e-unipi\" target=\"_blank\" rel=\"noopener\">cliccare qui<\/a>.<\/strong><\/p>\n<p>&nbsp;<\/p>\n<\/div>\n","protected":false},"excerpt":{"rendered":"<p>ARTES 4.0, il Macronodo ARTES 4.0@UNIPI organizzano il Webinar &#8220;Il nuovo Piano Transizione 4.0 e le tecnologie per usufruire delle agevolazioni pubbliche, ripartire e crescere dopo la pandemia&#8221;, il giorno 16 dicembre dalle ore 15:00. Il webinar &#8220;Il nuovo Piano Transizione 4.0 e le tecnologie per usufruire delle agevolazioni pubbliche, ripartire e crescere dopo la [&hellip;]<\/p>\n","protected":false},"author":33,"featured_media":2502,"comment_status":"open","ping_status":"closed","sticky":false,"template":"","format":"standard","meta":{"_acf_changed":false,"footnotes":""},"categories":[1],"tags":[93],"anno_doc":[],"class_list":["post-2503","post","type-post","status-publish","format-standard","has-post-thumbnail","hentry","category-news","tag-news-ed-eventi"],"acf":[],"yoast_head":"<!-- This site is optimized with the Yoast SEO Premium plugin v22.8 (Yoast SEO v25.8) - https:\/\/yoast.com\/wordpress\/plugins\/seo\/ -->\n<title>Il nuovo Piano Transizione 4.0 dopo la pandemia - Artes 4.0<\/title>\n<meta name=\"description\" content=\"Questo evento si concentrer\u00e0 sulle opportunit\u00e0 offerte dal nuovo Piano Transizione 4.0 del Ministero dello Sviluppo Economico (MiSE).\" \/>\n<meta name=\"robots\" content=\"index, follow, max-snippet:-1, max-image-preview:large, max-video-preview:-1\" \/>\n<link rel=\"canonical\" href=\"https:\/\/www.artes4.it\/en\/news\/il-nuovo-piano-transizione-4-0-dopo-la-pandemia\/\" \/>\n<meta property=\"og:locale\" content=\"en_US\" \/>\n<meta property=\"og:type\" content=\"article\" \/>\n<meta property=\"og:title\" content=\"Il nuovo Piano Transizione 4.0 dopo la pandemia\" \/>\n<meta property=\"og:description\" content=\"Questo evento si concentrer\u00e0 sulle opportunit\u00e0 offerte dal nuovo Piano Transizione 4.0 del Ministero dello Sviluppo Economico (MiSE).\" \/>\n<meta property=\"og:url\" content=\"https:\/\/www.artes4.it\/en\/news\/il-nuovo-piano-transizione-4-0-dopo-la-pandemia\/\" \/>\n<meta property=\"og:site_name\" content=\"Artes 4.0\" \/>\n<meta property=\"article:published_time\" content=\"2020-12-10T19:20:00+00:00\" \/>\n<meta property=\"article:modified_time\" content=\"2024-07-04T09:49:42+00:00\" \/>\n<meta property=\"og:image\" content=\"https:\/\/www.artes4.it\/wp-content\/uploads\/2024\/03\/1200x628-Dec-10-2020-03-39-27-55-PM.png\" \/>\n\t<meta property=\"og:image:width\" content=\"1200\" \/>\n\t<meta property=\"og:image:height\" content=\"628\" \/>\n\t<meta property=\"og:image:type\" content=\"image\/png\" \/>\n<meta name=\"author\" content=\"Lorna Vatta\" \/>\n<meta name=\"twitter:card\" content=\"summary_large_image\" \/>\n<meta name=\"twitter:label1\" content=\"Written by\" \/>\n\t<meta name=\"twitter:data1\" content=\"Lorna Vatta\" \/>\n\t<meta name=\"twitter:label2\" content=\"Est. reading time\" \/>\n\t<meta name=\"twitter:data2\" content=\"3 minutes\" \/>\n<script type=\"application\/ld+json\" class=\"yoast-schema-graph\">{\"@context\":\"https:\/\/schema.org\",\"@graph\":[{\"@type\":\"Article\",\"@id\":\"https:\/\/www.artes4.it\/en\/news\/il-nuovo-piano-transizione-4-0-dopo-la-pandemia\/#article\",\"isPartOf\":{\"@id\":\"https:\/\/www.artes4.it\/en\/news\/il-nuovo-piano-transizione-4-0-dopo-la-pandemia\/\"},\"author\":{\"name\":\"Lorna Vatta\",\"@id\":\"https:\/\/www.artes4.it\/en\/#\/schema\/person\/0f1c2c8c0b9d274494f9df9818d34cbb\"},\"headline\":\"Il nuovo Piano Transizione 4.0 dopo la pandemia\",\"datePublished\":\"2020-12-10T19:20:00+00:00\",\"dateModified\":\"2024-07-04T09:49:42+00:00\",\"mainEntityOfPage\":{\"@id\":\"https:\/\/www.artes4.it\/en\/news\/il-nuovo-piano-transizione-4-0-dopo-la-pandemia\/\"},\"wordCount\":394,\"commentCount\":0,\"publisher\":{\"@id\":\"https:\/\/www.artes4.it\/en\/#organization\"},\"image\":{\"@id\":\"https:\/\/www.artes4.it\/en\/news\/il-nuovo-piano-transizione-4-0-dopo-la-pandemia\/#primaryimage\"},\"thumbnailUrl\":\"https:\/\/www.artes4.it\/wp-content\/uploads\/2024\/03\/1200x628-Dec-10-2020-03-39-27-55-PM.png\",\"keywords\":[\"News ed eventi\"],\"articleSection\":[\"News\"],\"inLanguage\":\"en-US\"},{\"@type\":\"WebPage\",\"@id\":\"https:\/\/www.artes4.it\/en\/news\/il-nuovo-piano-transizione-4-0-dopo-la-pandemia\/\",\"url\":\"https:\/\/www.artes4.it\/en\/news\/il-nuovo-piano-transizione-4-0-dopo-la-pandemia\/\",\"name\":\"Il nuovo Piano Transizione 4.0 dopo la pandemia - Artes 4.0\",\"isPartOf\":{\"@id\":\"https:\/\/www.artes4.it\/en\/#website\"},\"primaryImageOfPage\":{\"@id\":\"https:\/\/www.artes4.it\/en\/news\/il-nuovo-piano-transizione-4-0-dopo-la-pandemia\/#primaryimage\"},\"image\":{\"@id\":\"https:\/\/www.artes4.it\/en\/news\/il-nuovo-piano-transizione-4-0-dopo-la-pandemia\/#primaryimage\"},\"thumbnailUrl\":\"https:\/\/www.artes4.it\/wp-content\/uploads\/2024\/03\/1200x628-Dec-10-2020-03-39-27-55-PM.png\",\"datePublished\":\"2020-12-10T19:20:00+00:00\",\"dateModified\":\"2024-07-04T09:49:42+00:00\",\"description\":\"Questo evento si concentrer\u00e0 sulle opportunit\u00e0 offerte dal nuovo Piano Transizione 4.0 del Ministero dello Sviluppo Economico (MiSE).\",\"breadcrumb\":{\"@id\":\"https:\/\/www.artes4.it\/en\/news\/il-nuovo-piano-transizione-4-0-dopo-la-pandemia\/#breadcrumb\"},\"inLanguage\":\"en-US\",\"potentialAction\":[{\"@type\":\"ReadAction\",\"target\":[\"https:\/\/www.artes4.it\/en\/news\/il-nuovo-piano-transizione-4-0-dopo-la-pandemia\/\"]}]},{\"@type\":\"ImageObject\",\"inLanguage\":\"en-US\",\"@id\":\"https:\/\/www.artes4.it\/en\/news\/il-nuovo-piano-transizione-4-0-dopo-la-pandemia\/#primaryimage\",\"url\":\"https:\/\/www.artes4.it\/wp-content\/uploads\/2024\/03\/1200x628-Dec-10-2020-03-39-27-55-PM.png\",\"contentUrl\":\"https:\/\/www.artes4.it\/wp-content\/uploads\/2024\/03\/1200x628-Dec-10-2020-03-39-27-55-PM.png\",\"width\":1200,\"height\":628},{\"@type\":\"BreadcrumbList\",\"@id\":\"https:\/\/www.artes4.it\/en\/news\/il-nuovo-piano-transizione-4-0-dopo-la-pandemia\/#breadcrumb\",\"itemListElement\":[{\"@type\":\"ListItem\",\"position\":1,\"name\":\"Home\",\"item\":\"https:\/\/www.artes4.it\/en\/\"},{\"@type\":\"ListItem\",\"position\":2,\"name\":\"Il nuovo Piano Transizione 4.0 dopo la pandemia\"}]},{\"@type\":\"WebSite\",\"@id\":\"https:\/\/www.artes4.it\/en\/#website\",\"url\":\"https:\/\/www.artes4.it\/en\/\",\"name\":\"Artes 4.0\",\"description\":\"\",\"publisher\":{\"@id\":\"https:\/\/www.artes4.it\/en\/#organization\"},\"potentialAction\":[{\"@type\":\"SearchAction\",\"target\":{\"@type\":\"EntryPoint\",\"urlTemplate\":\"https:\/\/www.artes4.it\/en\/?s={search_term_string}\"},\"query-input\":{\"@type\":\"PropertyValueSpecification\",\"valueRequired\":true,\"valueName\":\"search_term_string\"}}],\"inLanguage\":\"en-US\"},{\"@type\":\"Organization\",\"@id\":\"https:\/\/www.artes4.it\/en\/#organization\",\"name\":\"Artes 4.0\",\"url\":\"https:\/\/www.artes4.it\/en\/\",\"logo\":{\"@type\":\"ImageObject\",\"inLanguage\":\"en-US\",\"@id\":\"https:\/\/www.artes4.it\/en\/#\/schema\/logo\/image\/\",\"url\":\"https:\/\/www.artes4.it\/wp-content\/uploads\/2024\/01\/logo_artes_white.jpeg\",\"contentUrl\":\"https:\/\/www.artes4.it\/wp-content\/uploads\/2024\/01\/logo_artes_white.jpeg\",\"width\":462,\"height\":171,\"caption\":\"Artes 4.0\"},\"image\":{\"@id\":\"https:\/\/www.artes4.it\/en\/#\/schema\/logo\/image\/\"},\"sameAs\":[\"https:\/\/www.linkedin.com\/company\/associazione-artes-4-0\/posts\/?feedView=all\"]},{\"@type\":\"Person\",\"@id\":\"https:\/\/www.artes4.it\/en\/#\/schema\/person\/0f1c2c8c0b9d274494f9df9818d34cbb\",\"name\":\"Lorna Vatta\",\"image\":{\"@type\":\"ImageObject\",\"inLanguage\":\"en-US\",\"@id\":\"https:\/\/www.artes4.it\/en\/#\/schema\/person\/image\/\",\"url\":\"https:\/\/www.artes4.it\/wp-content\/uploads\/2024\/01\/Copia20di20Senza20titolo2014-96x96.png\",\"contentUrl\":\"https:\/\/www.artes4.it\/wp-content\/uploads\/2024\/01\/Copia20di20Senza20titolo2014-96x96.png\",\"caption\":\"Lorna Vatta\"},\"description\":\"Ex Direttrice Esecutiva di ARTES 4.0. Arriva ad ARTES 4.0 come naturale evoluzione del suo percorso: laureata in ingegneria gestionale al Politecnico di Milano, per 15 anni lavora in una multinazionale americana della meccanica avanzata, sempre sui fronti di sviluppo prodotti e business. In questo periodi vive e lavora anche in USA e UK, dove frequenta anche un MBA di UMIST e Manchester Business School. Completata l\u2019acquisizione e l\u2019integrazione di una media azienda italiana nel gruppo, diventa Chief Strategy &amp; Technology Officer di Fabio Perini SpA, leader mondiale della meccatronica per la trasformazione e l'imballaggio di prodotti tissue. Nel 2013 lascia la \u201cold economy\u201d e, da consulente indipendente e Business Angel, lavora con PMI e startup digitali e altamente innovative, principalmente nel business development per Clienti industriali che affrontano la digitalizzazione dei processi. Sono gli anni in cui nasce l\u2019Industria 4.0, e da subito Lorna punta sulla combinazione di competenze industriali e digitali. Il nuovo direttore scientifico di ARTES 4.0 \u00e8 oggi il professor Paolo Dario\",\"url\":\"https:\/\/www.artes4.it\/en\/author\/lorna-vattaartes4-it\/\"}]}<\/script>\n<!-- \/ Yoast SEO Premium plugin. -->","yoast_head_json":{"title":"Il nuovo Piano Transizione 4.0 dopo la pandemia - Artes 4.0","description":"Questo evento si concentrer\u00e0 sulle opportunit\u00e0 offerte dal nuovo Piano Transizione 4.0 del Ministero dello Sviluppo Economico (MiSE).","robots":{"index":"index","follow":"follow","max-snippet":"max-snippet:-1","max-image-preview":"max-image-preview:large","max-video-preview":"max-video-preview:-1"},"canonical":"https:\/\/www.artes4.it\/en\/news\/il-nuovo-piano-transizione-4-0-dopo-la-pandemia\/","og_locale":"en_US","og_type":"article","og_title":"Il nuovo Piano Transizione 4.0 dopo la pandemia","og_description":"Questo evento si concentrer\u00e0 sulle opportunit\u00e0 offerte dal nuovo Piano Transizione 4.0 del Ministero dello Sviluppo Economico (MiSE).","og_url":"https:\/\/www.artes4.it\/en\/news\/il-nuovo-piano-transizione-4-0-dopo-la-pandemia\/","og_site_name":"Artes 4.0","article_published_time":"2020-12-10T19:20:00+00:00","article_modified_time":"2024-07-04T09:49:42+00:00","og_image":[{"width":1200,"height":628,"url":"https:\/\/www.artes4.it\/wp-content\/uploads\/2024\/03\/1200x628-Dec-10-2020-03-39-27-55-PM.png","type":"image\/png"}],"author":"Lorna Vatta","twitter_card":"summary_large_image","twitter_misc":{"Written by":"Lorna Vatta","Est. reading time":"3 minutes"},"schema":{"@context":"https:\/\/schema.org","@graph":[{"@type":"Article","@id":"https:\/\/www.artes4.it\/en\/news\/il-nuovo-piano-transizione-4-0-dopo-la-pandemia\/#article","isPartOf":{"@id":"https:\/\/www.artes4.it\/en\/news\/il-nuovo-piano-transizione-4-0-dopo-la-pandemia\/"},"author":{"name":"Lorna Vatta","@id":"https:\/\/www.artes4.it\/en\/#\/schema\/person\/0f1c2c8c0b9d274494f9df9818d34cbb"},"headline":"Il nuovo Piano Transizione 4.0 dopo la pandemia","datePublished":"2020-12-10T19:20:00+00:00","dateModified":"2024-07-04T09:49:42+00:00","mainEntityOfPage":{"@id":"https:\/\/www.artes4.it\/en\/news\/il-nuovo-piano-transizione-4-0-dopo-la-pandemia\/"},"wordCount":394,"commentCount":0,"publisher":{"@id":"https:\/\/www.artes4.it\/en\/#organization"},"image":{"@id":"https:\/\/www.artes4.it\/en\/news\/il-nuovo-piano-transizione-4-0-dopo-la-pandemia\/#primaryimage"},"thumbnailUrl":"https:\/\/www.artes4.it\/wp-content\/uploads\/2024\/03\/1200x628-Dec-10-2020-03-39-27-55-PM.png","keywords":["News ed eventi"],"articleSection":["News"],"inLanguage":"en-US"},{"@type":"WebPage","@id":"https:\/\/www.artes4.it\/en\/news\/il-nuovo-piano-transizione-4-0-dopo-la-pandemia\/","url":"https:\/\/www.artes4.it\/en\/news\/il-nuovo-piano-transizione-4-0-dopo-la-pandemia\/","name":"Il nuovo Piano Transizione 4.0 dopo la pandemia - Artes 4.0","isPartOf":{"@id":"https:\/\/www.artes4.it\/en\/#website"},"primaryImageOfPage":{"@id":"https:\/\/www.artes4.it\/en\/news\/il-nuovo-piano-transizione-4-0-dopo-la-pandemia\/#primaryimage"},"image":{"@id":"https:\/\/www.artes4.it\/en\/news\/il-nuovo-piano-transizione-4-0-dopo-la-pandemia\/#primaryimage"},"thumbnailUrl":"https:\/\/www.artes4.it\/wp-content\/uploads\/2024\/03\/1200x628-Dec-10-2020-03-39-27-55-PM.png","datePublished":"2020-12-10T19:20:00+00:00","dateModified":"2024-07-04T09:49:42+00:00","description":"Questo evento si concentrer\u00e0 sulle opportunit\u00e0 offerte dal nuovo Piano Transizione 4.0 del Ministero dello Sviluppo Economico (MiSE).","breadcrumb":{"@id":"https:\/\/www.artes4.it\/en\/news\/il-nuovo-piano-transizione-4-0-dopo-la-pandemia\/#breadcrumb"},"inLanguage":"en-US","potentialAction":[{"@type":"ReadAction","target":["https:\/\/www.artes4.it\/en\/news\/il-nuovo-piano-transizione-4-0-dopo-la-pandemia\/"]}]},{"@type":"ImageObject","inLanguage":"en-US","@id":"https:\/\/www.artes4.it\/en\/news\/il-nuovo-piano-transizione-4-0-dopo-la-pandemia\/#primaryimage","url":"https:\/\/www.artes4.it\/wp-content\/uploads\/2024\/03\/1200x628-Dec-10-2020-03-39-27-55-PM.png","contentUrl":"https:\/\/www.artes4.it\/wp-content\/uploads\/2024\/03\/1200x628-Dec-10-2020-03-39-27-55-PM.png","width":1200,"height":628},{"@type":"BreadcrumbList","@id":"https:\/\/www.artes4.it\/en\/news\/il-nuovo-piano-transizione-4-0-dopo-la-pandemia\/#breadcrumb","itemListElement":[{"@type":"ListItem","position":1,"name":"Home","item":"https:\/\/www.artes4.it\/en\/"},{"@type":"ListItem","position":2,"name":"Il nuovo Piano Transizione 4.0 dopo la pandemia"}]},{"@type":"WebSite","@id":"https:\/\/www.artes4.it\/en\/#website","url":"https:\/\/www.artes4.it\/en\/","name":"Artes 4.0","description":"","publisher":{"@id":"https:\/\/www.artes4.it\/en\/#organization"},"potentialAction":[{"@type":"SearchAction","target":{"@type":"EntryPoint","urlTemplate":"https:\/\/www.artes4.it\/en\/?s={search_term_string}"},"query-input":{"@type":"PropertyValueSpecification","valueRequired":true,"valueName":"search_term_string"}}],"inLanguage":"en-US"},{"@type":"Organization","@id":"https:\/\/www.artes4.it\/en\/#organization","name":"Artes 4.0","url":"https:\/\/www.artes4.it\/en\/","logo":{"@type":"ImageObject","inLanguage":"en-US","@id":"https:\/\/www.artes4.it\/en\/#\/schema\/logo\/image\/","url":"https:\/\/www.artes4.it\/wp-content\/uploads\/2024\/01\/logo_artes_white.jpeg","contentUrl":"https:\/\/www.artes4.it\/wp-content\/uploads\/2024\/01\/logo_artes_white.jpeg","width":462,"height":171,"caption":"Artes 4.0"},"image":{"@id":"https:\/\/www.artes4.it\/en\/#\/schema\/logo\/image\/"},"sameAs":["https:\/\/www.linkedin.com\/company\/associazione-artes-4-0\/posts\/?feedView=all"]},{"@type":"Person","@id":"https:\/\/www.artes4.it\/en\/#\/schema\/person\/0f1c2c8c0b9d274494f9df9818d34cbb","name":"Lorna Vatta","image":{"@type":"ImageObject","inLanguage":"en-US","@id":"https:\/\/www.artes4.it\/en\/#\/schema\/person\/image\/","url":"https:\/\/www.artes4.it\/wp-content\/uploads\/2024\/01\/Copia20di20Senza20titolo2014-96x96.png","contentUrl":"https:\/\/www.artes4.it\/wp-content\/uploads\/2024\/01\/Copia20di20Senza20titolo2014-96x96.png","caption":"Lorna Vatta"},"description":"Ex Direttrice Esecutiva di ARTES 4.0. Arriva ad ARTES 4.0 come naturale evoluzione del suo percorso: laureata in ingegneria gestionale al Politecnico di Milano, per 15 anni lavora in una multinazionale americana della meccanica avanzata, sempre sui fronti di sviluppo prodotti e business. In questo periodi vive e lavora anche in USA e UK, dove frequenta anche un MBA di UMIST e Manchester Business School. Completata l\u2019acquisizione e l\u2019integrazione di una media azienda italiana nel gruppo, diventa Chief Strategy &amp; Technology Officer di Fabio Perini SpA, leader mondiale della meccatronica per la trasformazione e l'imballaggio di prodotti tissue. Nel 2013 lascia la \u201cold economy\u201d e, da consulente indipendente e Business Angel, lavora con PMI e startup digitali e altamente innovative, principalmente nel business development per Clienti industriali che affrontano la digitalizzazione dei processi. Sono gli anni in cui nasce l\u2019Industria 4.0, e da subito Lorna punta sulla combinazione di competenze industriali e digitali. Il nuovo direttore scientifico di ARTES 4.0 \u00e8 oggi il professor Paolo Dario","url":"https:\/\/www.artes4.it\/en\/author\/lorna-vattaartes4-it\/"}]}},"_links":{"self":[{"href":"https:\/\/www.artes4.it\/en\/wp-json\/wp\/v2\/posts\/2503","targetHints":{"allow":["GET"]}}],"collection":[{"href":"https:\/\/www.artes4.it\/en\/wp-json\/wp\/v2\/posts"}],"about":[{"href":"https:\/\/www.artes4.it\/en\/wp-json\/wp\/v2\/types\/post"}],"author":[{"embeddable":true,"href":"https:\/\/www.artes4.it\/en\/wp-json\/wp\/v2\/users\/33"}],"replies":[{"embeddable":true,"href":"https:\/\/www.artes4.it\/en\/wp-json\/wp\/v2\/comments?post=2503"}],"version-history":[{"count":3,"href":"https:\/\/www.artes4.it\/en\/wp-json\/wp\/v2\/posts\/2503\/revisions"}],"predecessor-version":[{"id":5070,"href":"https:\/\/www.artes4.it\/en\/wp-json\/wp\/v2\/posts\/2503\/revisions\/5070"}],"wp:featuredmedia":[{"embeddable":true,"href":"https:\/\/www.artes4.it\/en\/wp-json\/wp\/v2\/media\/2502"}],"wp:attachment":[{"href":"https:\/\/www.artes4.it\/en\/wp-json\/wp\/v2\/media?parent=2503"}],"wp:term":[{"taxonomy":"category","embeddable":true,"href":"https:\/\/www.artes4.it\/en\/wp-json\/wp\/v2\/categories?post=2503"},{"taxonomy":"post_tag","embeddable":true,"href":"https:\/\/www.artes4.it\/en\/wp-json\/wp\/v2\/tags?post=2503"},{"taxonomy":"anno_doc","embeddable":true,"href":"https:\/\/www.artes4.it\/en\/wp-json\/wp\/v2\/anno_doc?post=2503"}],"curies":[{"name":"wp","href":"https:\/\/api.w.org\/{rel}","templated":true}]}}