{"id":2507,"date":"2020-12-02T20:20:00","date_gmt":"2020-12-02T19:20:00","guid":{"rendered":"https:\/\/www.artes4.it\/2020\/12\/02\/webinar-fondo-nuove-competenze\/"},"modified":"2024-07-04T11:22:04","modified_gmt":"2024-07-04T09:22:04","slug":"webinar-fondo-nuove-competenze","status":"publish","type":"post","link":"https:\/\/www.artes4.it\/en\/news\/webinar-fondo-nuove-competenze\/","title":{"rendered":"Webinar &#8220;Fondo Nuove Competenze&#8221;"},"content":{"rendered":"<p><strong>ARTES 4.0,<\/strong> il <strong>Macronodo ARTES 4.0@UNIPI <\/strong>e <strong>Industria Servizi Formazione s.r.l<\/strong>\u00a0organizzano il Webinar &#8220;Fondo Nuove Competenze&#8221;, il giorno <strong>10 dicembre dalle ore 15:00.<\/strong><\/p>\n<p><!--more--><\/p>\n<p>Il webinar &#8220;Fondo Nuove Competenze&#8221;, organizzato da ARTES 4.0 in collaborazione con il Macronodo ARTES 4.0@UNIPI e Industria Servizi Formazione s.r.l, rappresenta un&#8217;importante iniziativa volta a supportare le aziende nel migliorare le competenze dei propri dipendenti attraverso programmi formativi incentivati. L&#8217;evento si terr\u00e0 il giorno 10 dicembre dalle ore 15:00 e offrir\u00e0 un&#8217;opportunit\u00e0 unica di approfondire le possibilit\u00e0 offerte dal Bando attraverso incontri one-to-one con esperti del settore.<\/p>\n<h3>Presentazione del Macronodo ARTES 4.0@UNIPI<\/h3>\n<p>Il Macronodo ARTES 4.0@UNIPI sar\u00e0 protagonista nel mettere a disposizione le sue competenze e i suoi esperti durante il webinar. Con un focus particolare sulle opportunit\u00e0 offerte dal Fondo Nuove Competenze, il Macronodo illustrer\u00e0 come le aziende possano beneficiare dei finanziamenti per migliorare la formazione dei propri dipendenti. Luca Della Maggiora, assistente ai progetti per la formazione, condivider\u00e0 insights preziosi su come pianificare e implementare programmi formativi efficaci che rispondano alle esigenze specifiche del settore industriale.<\/p>\n<h3>Coinvolgimento di Industria Servizi Formazione s.r.l<\/h3>\n<p>Industria Servizi Formazione s.r.l, partner chiave nell&#8217;organizzazione del webinar, offrir\u00e0 l&#8217;opportunit\u00e0 di incontrare il dott. Paolo Buzzi, amministratore delegato dell&#8217;azienda. Buzzi condivider\u00e0 la sua esperienza e le best practices relative alla gestione dei fondi per la formazione aziendale, evidenziando come il Fondo Nuove Competenze possa supportare le aziende nel migliorare la qualit\u00e0 delle competenze interne. Questo approccio non solo stimola lo sviluppo professionale dei dipendenti, ma contribuisce anche alla competitivit\u00e0 aziendale nel panorama economico attuale.<\/p>\n<h3>Focus sul Fondo Nuove Competenze<\/h3>\n<p>Il Fondo Nuove Competenze rappresenta un&#8217;iniziativa strategica per incentivare la formazione continua dei lavoratori durante l&#8217;orario di lavoro. Grazie a questo fondo, le aziende possono ottenere un supporto significativo attraverso la copertura delle spese fiscali, contributive e della paga oraria dei dipendenti coinvolti nei programmi formativi. Questo non solo riduce il costo complessivo dell&#8217;investimento in formazione, ma promuove anche un ambiente lavorativo pi\u00f9 qualificato e motivato.<\/p>\n<h3>Dettagli sull&#8217;Evento e Partecipazione<\/h3>\n<p>Il webinar si struttura in sessioni individuali di consulenza della durata di 15 minuti ciascuna, mirate a fornire indicazioni specifiche e personalizzate sulle opportunit\u00e0 offerte dal Fondo Nuove Competenze. Data la natura limitata dei posti disponibili, con un massimo di 12 partecipanti ammessi, \u00e8 consigliabile registrarsi tempestivamente per garantire la propria presenza. In caso di overbooking, verr\u00e0 organizzata una seconda giornata di webinar one-to-one per soddisfare tutte le richieste.<\/p>\n<p>**Il Fondo Nuove Competenze sostiene la formazione in azienda durante l\u2019orario lavorativo e, a questo scopo, agevola le aziende coprendo le spese fiscali, contributive e la paga oraria dei propri dipendenti che svolgono ore di formazione.<\/p>\n<p><strong>I posti sono limitati. Per prenotare subito l&#8217;incontro con i nostri esperti<\/strong><strong>: <a href=\"https:\/\/lp.artes4.it\/webinar-fnc-10-dicembre\" target=\"_blank\" rel=\"noopener\">cliccare qui<\/a>.<\/strong><\/p>\n<p>&nbsp;<\/p>\n","protected":false},"excerpt":{"rendered":"<p>ARTES 4.0, il Macronodo ARTES 4.0@UNIPI e Industria Servizi Formazione s.r.l\u00a0organizzano il Webinar &#8220;Fondo Nuove Competenze&#8221;, il giorno 10 dicembre dalle ore 15:00.<\/p>\n","protected":false},"author":33,"featured_media":2506,"comment_status":"open","ping_status":"closed","sticky":false,"template":"","format":"standard","meta":{"_acf_changed":false,"footnotes":""},"categories":[1],"tags":[93],"anno_doc":[],"class_list":["post-2507","post","type-post","status-publish","format-standard","has-post-thumbnail","hentry","category-news","tag-news-ed-eventi"],"acf":[],"yoast_head":"<!-- This site is optimized with the Yoast SEO Premium plugin v22.8 (Yoast SEO v25.8) - https:\/\/yoast.com\/wordpress\/plugins\/seo\/ -->\n<title>Webinar &quot;Fondo Nuove Competenze&quot; - Artes 4.0<\/title>\n<meta name=\"description\" content=\"Il Fondo Nuove Competenze rappresenta un&#039;iniziativa strategica per incentivare la formazione continua dei lavoratori durante l&#039;orario di lavoro.\" \/>\n<meta name=\"robots\" content=\"index, follow, max-snippet:-1, max-image-preview:large, max-video-preview:-1\" \/>\n<link rel=\"canonical\" href=\"https:\/\/www.artes4.it\/en\/news\/webinar-fondo-nuove-competenze\/\" \/>\n<meta property=\"og:locale\" content=\"en_US\" \/>\n<meta property=\"og:type\" content=\"article\" \/>\n<meta property=\"og:title\" content=\"Webinar &quot;Fondo Nuove Competenze&quot;\" \/>\n<meta property=\"og:description\" content=\"Il Fondo Nuove Competenze rappresenta un&#039;iniziativa strategica per incentivare la formazione continua dei lavoratori durante l&#039;orario di lavoro.\" \/>\n<meta property=\"og:url\" content=\"https:\/\/www.artes4.it\/en\/news\/webinar-fondo-nuove-competenze\/\" \/>\n<meta property=\"og:site_name\" content=\"Artes 4.0\" \/>\n<meta property=\"article:published_time\" content=\"2020-12-02T19:20:00+00:00\" \/>\n<meta property=\"article:modified_time\" content=\"2024-07-04T09:22:04+00:00\" \/>\n<meta property=\"og:image\" content=\"https:\/\/www.artes4.it\/wp-content\/uploads\/2024\/03\/1200x628-Dec-02-2020-02-29-32-84-PM.png\" \/>\n\t<meta property=\"og:image:width\" content=\"1200\" \/>\n\t<meta property=\"og:image:height\" content=\"628\" \/>\n\t<meta property=\"og:image:type\" content=\"image\/png\" \/>\n<meta name=\"author\" content=\"Lorna Vatta\" \/>\n<meta name=\"twitter:card\" content=\"summary_large_image\" \/>\n<meta name=\"twitter:label1\" content=\"Written by\" \/>\n\t<meta name=\"twitter:data1\" content=\"Lorna Vatta\" \/>\n\t<meta name=\"twitter:label2\" content=\"Est. reading time\" \/>\n\t<meta name=\"twitter:data2\" content=\"3 minutes\" \/>\n<script type=\"application\/ld+json\" class=\"yoast-schema-graph\">{\"@context\":\"https:\/\/schema.org\",\"@graph\":[{\"@type\":\"Article\",\"@id\":\"https:\/\/www.artes4.it\/en\/news\/webinar-fondo-nuove-competenze\/#article\",\"isPartOf\":{\"@id\":\"https:\/\/www.artes4.it\/en\/news\/webinar-fondo-nuove-competenze\/\"},\"author\":{\"name\":\"Lorna Vatta\",\"@id\":\"https:\/\/www.artes4.it\/en\/#\/schema\/person\/0f1c2c8c0b9d274494f9df9818d34cbb\"},\"headline\":\"Webinar &#8220;Fondo Nuove Competenze&#8221;\",\"datePublished\":\"2020-12-02T19:20:00+00:00\",\"dateModified\":\"2024-07-04T09:22:04+00:00\",\"mainEntityOfPage\":{\"@id\":\"https:\/\/www.artes4.it\/en\/news\/webinar-fondo-nuove-competenze\/\"},\"wordCount\":464,\"commentCount\":0,\"publisher\":{\"@id\":\"https:\/\/www.artes4.it\/en\/#organization\"},\"image\":{\"@id\":\"https:\/\/www.artes4.it\/en\/news\/webinar-fondo-nuove-competenze\/#primaryimage\"},\"thumbnailUrl\":\"https:\/\/www.artes4.it\/wp-content\/uploads\/2024\/03\/1200x628-Dec-02-2020-02-29-32-84-PM.png\",\"keywords\":[\"News ed eventi\"],\"articleSection\":[\"News\"],\"inLanguage\":\"en-US\"},{\"@type\":\"WebPage\",\"@id\":\"https:\/\/www.artes4.it\/en\/news\/webinar-fondo-nuove-competenze\/\",\"url\":\"https:\/\/www.artes4.it\/en\/news\/webinar-fondo-nuove-competenze\/\",\"name\":\"Webinar \\\"Fondo Nuove Competenze\\\" - Artes 4.0\",\"isPartOf\":{\"@id\":\"https:\/\/www.artes4.it\/en\/#website\"},\"primaryImageOfPage\":{\"@id\":\"https:\/\/www.artes4.it\/en\/news\/webinar-fondo-nuove-competenze\/#primaryimage\"},\"image\":{\"@id\":\"https:\/\/www.artes4.it\/en\/news\/webinar-fondo-nuove-competenze\/#primaryimage\"},\"thumbnailUrl\":\"https:\/\/www.artes4.it\/wp-content\/uploads\/2024\/03\/1200x628-Dec-02-2020-02-29-32-84-PM.png\",\"datePublished\":\"2020-12-02T19:20:00+00:00\",\"dateModified\":\"2024-07-04T09:22:04+00:00\",\"description\":\"Il Fondo Nuove Competenze rappresenta un'iniziativa strategica per incentivare la formazione continua dei lavoratori durante l'orario di lavoro.\",\"breadcrumb\":{\"@id\":\"https:\/\/www.artes4.it\/en\/news\/webinar-fondo-nuove-competenze\/#breadcrumb\"},\"inLanguage\":\"en-US\",\"potentialAction\":[{\"@type\":\"ReadAction\",\"target\":[\"https:\/\/www.artes4.it\/en\/news\/webinar-fondo-nuove-competenze\/\"]}]},{\"@type\":\"ImageObject\",\"inLanguage\":\"en-US\",\"@id\":\"https:\/\/www.artes4.it\/en\/news\/webinar-fondo-nuove-competenze\/#primaryimage\",\"url\":\"https:\/\/www.artes4.it\/wp-content\/uploads\/2024\/03\/1200x628-Dec-02-2020-02-29-32-84-PM.png\",\"contentUrl\":\"https:\/\/www.artes4.it\/wp-content\/uploads\/2024\/03\/1200x628-Dec-02-2020-02-29-32-84-PM.png\",\"width\":1200,\"height\":628},{\"@type\":\"BreadcrumbList\",\"@id\":\"https:\/\/www.artes4.it\/en\/news\/webinar-fondo-nuove-competenze\/#breadcrumb\",\"itemListElement\":[{\"@type\":\"ListItem\",\"position\":1,\"name\":\"Home\",\"item\":\"https:\/\/www.artes4.it\/en\/\"},{\"@type\":\"ListItem\",\"position\":2,\"name\":\"Webinar &#8220;Fondo Nuove Competenze&#8221;\"}]},{\"@type\":\"WebSite\",\"@id\":\"https:\/\/www.artes4.it\/en\/#website\",\"url\":\"https:\/\/www.artes4.it\/en\/\",\"name\":\"Artes 4.0\",\"description\":\"\",\"publisher\":{\"@id\":\"https:\/\/www.artes4.it\/en\/#organization\"},\"potentialAction\":[{\"@type\":\"SearchAction\",\"target\":{\"@type\":\"EntryPoint\",\"urlTemplate\":\"https:\/\/www.artes4.it\/en\/?s={search_term_string}\"},\"query-input\":{\"@type\":\"PropertyValueSpecification\",\"valueRequired\":true,\"valueName\":\"search_term_string\"}}],\"inLanguage\":\"en-US\"},{\"@type\":\"Organization\",\"@id\":\"https:\/\/www.artes4.it\/en\/#organization\",\"name\":\"Artes 4.0\",\"url\":\"https:\/\/www.artes4.it\/en\/\",\"logo\":{\"@type\":\"ImageObject\",\"inLanguage\":\"en-US\",\"@id\":\"https:\/\/www.artes4.it\/en\/#\/schema\/logo\/image\/\",\"url\":\"https:\/\/www.artes4.it\/wp-content\/uploads\/2024\/01\/logo_artes_white.jpeg\",\"contentUrl\":\"https:\/\/www.artes4.it\/wp-content\/uploads\/2024\/01\/logo_artes_white.jpeg\",\"width\":462,\"height\":171,\"caption\":\"Artes 4.0\"},\"image\":{\"@id\":\"https:\/\/www.artes4.it\/en\/#\/schema\/logo\/image\/\"},\"sameAs\":[\"https:\/\/www.linkedin.com\/company\/associazione-artes-4-0\/posts\/?feedView=all\"]},{\"@type\":\"Person\",\"@id\":\"https:\/\/www.artes4.it\/en\/#\/schema\/person\/0f1c2c8c0b9d274494f9df9818d34cbb\",\"name\":\"Lorna Vatta\",\"image\":{\"@type\":\"ImageObject\",\"inLanguage\":\"en-US\",\"@id\":\"https:\/\/www.artes4.it\/en\/#\/schema\/person\/image\/\",\"url\":\"https:\/\/www.artes4.it\/wp-content\/uploads\/2024\/01\/Copia20di20Senza20titolo2014-96x96.png\",\"contentUrl\":\"https:\/\/www.artes4.it\/wp-content\/uploads\/2024\/01\/Copia20di20Senza20titolo2014-96x96.png\",\"caption\":\"Lorna Vatta\"},\"description\":\"Ex Direttrice Esecutiva di ARTES 4.0. Arriva ad ARTES 4.0 come naturale evoluzione del suo percorso: laureata in ingegneria gestionale al Politecnico di Milano, per 15 anni lavora in una multinazionale americana della meccanica avanzata, sempre sui fronti di sviluppo prodotti e business. In questo periodi vive e lavora anche in USA e UK, dove frequenta anche un MBA di UMIST e Manchester Business School. Completata l\u2019acquisizione e l\u2019integrazione di una media azienda italiana nel gruppo, diventa Chief Strategy &amp; Technology Officer di Fabio Perini SpA, leader mondiale della meccatronica per la trasformazione e l'imballaggio di prodotti tissue. Nel 2013 lascia la \u201cold economy\u201d e, da consulente indipendente e Business Angel, lavora con PMI e startup digitali e altamente innovative, principalmente nel business development per Clienti industriali che affrontano la digitalizzazione dei processi. Sono gli anni in cui nasce l\u2019Industria 4.0, e da subito Lorna punta sulla combinazione di competenze industriali e digitali. Il nuovo direttore scientifico di ARTES 4.0 \u00e8 oggi il professor Paolo Dario\",\"url\":\"https:\/\/www.artes4.it\/en\/author\/lorna-vattaartes4-it\/\"}]}<\/script>\n<!-- \/ Yoast SEO Premium plugin. -->","yoast_head_json":{"title":"Webinar \"Fondo Nuove Competenze\" - Artes 4.0","description":"Il Fondo Nuove Competenze rappresenta un'iniziativa strategica per incentivare la formazione continua dei lavoratori durante l'orario di lavoro.","robots":{"index":"index","follow":"follow","max-snippet":"max-snippet:-1","max-image-preview":"max-image-preview:large","max-video-preview":"max-video-preview:-1"},"canonical":"https:\/\/www.artes4.it\/en\/news\/webinar-fondo-nuove-competenze\/","og_locale":"en_US","og_type":"article","og_title":"Webinar \"Fondo Nuove Competenze\"","og_description":"Il Fondo Nuove Competenze rappresenta un'iniziativa strategica per incentivare la formazione continua dei lavoratori durante l'orario di lavoro.","og_url":"https:\/\/www.artes4.it\/en\/news\/webinar-fondo-nuove-competenze\/","og_site_name":"Artes 4.0","article_published_time":"2020-12-02T19:20:00+00:00","article_modified_time":"2024-07-04T09:22:04+00:00","og_image":[{"width":1200,"height":628,"url":"https:\/\/www.artes4.it\/wp-content\/uploads\/2024\/03\/1200x628-Dec-02-2020-02-29-32-84-PM.png","type":"image\/png"}],"author":"Lorna Vatta","twitter_card":"summary_large_image","twitter_misc":{"Written by":"Lorna Vatta","Est. reading time":"3 minutes"},"schema":{"@context":"https:\/\/schema.org","@graph":[{"@type":"Article","@id":"https:\/\/www.artes4.it\/en\/news\/webinar-fondo-nuove-competenze\/#article","isPartOf":{"@id":"https:\/\/www.artes4.it\/en\/news\/webinar-fondo-nuove-competenze\/"},"author":{"name":"Lorna Vatta","@id":"https:\/\/www.artes4.it\/en\/#\/schema\/person\/0f1c2c8c0b9d274494f9df9818d34cbb"},"headline":"Webinar &#8220;Fondo Nuove Competenze&#8221;","datePublished":"2020-12-02T19:20:00+00:00","dateModified":"2024-07-04T09:22:04+00:00","mainEntityOfPage":{"@id":"https:\/\/www.artes4.it\/en\/news\/webinar-fondo-nuove-competenze\/"},"wordCount":464,"commentCount":0,"publisher":{"@id":"https:\/\/www.artes4.it\/en\/#organization"},"image":{"@id":"https:\/\/www.artes4.it\/en\/news\/webinar-fondo-nuove-competenze\/#primaryimage"},"thumbnailUrl":"https:\/\/www.artes4.it\/wp-content\/uploads\/2024\/03\/1200x628-Dec-02-2020-02-29-32-84-PM.png","keywords":["News ed eventi"],"articleSection":["News"],"inLanguage":"en-US"},{"@type":"WebPage","@id":"https:\/\/www.artes4.it\/en\/news\/webinar-fondo-nuove-competenze\/","url":"https:\/\/www.artes4.it\/en\/news\/webinar-fondo-nuove-competenze\/","name":"Webinar \"Fondo Nuove Competenze\" - Artes 4.0","isPartOf":{"@id":"https:\/\/www.artes4.it\/en\/#website"},"primaryImageOfPage":{"@id":"https:\/\/www.artes4.it\/en\/news\/webinar-fondo-nuove-competenze\/#primaryimage"},"image":{"@id":"https:\/\/www.artes4.it\/en\/news\/webinar-fondo-nuove-competenze\/#primaryimage"},"thumbnailUrl":"https:\/\/www.artes4.it\/wp-content\/uploads\/2024\/03\/1200x628-Dec-02-2020-02-29-32-84-PM.png","datePublished":"2020-12-02T19:20:00+00:00","dateModified":"2024-07-04T09:22:04+00:00","description":"Il Fondo Nuove Competenze rappresenta un'iniziativa strategica per incentivare la formazione continua dei lavoratori durante l'orario di lavoro.","breadcrumb":{"@id":"https:\/\/www.artes4.it\/en\/news\/webinar-fondo-nuove-competenze\/#breadcrumb"},"inLanguage":"en-US","potentialAction":[{"@type":"ReadAction","target":["https:\/\/www.artes4.it\/en\/news\/webinar-fondo-nuove-competenze\/"]}]},{"@type":"ImageObject","inLanguage":"en-US","@id":"https:\/\/www.artes4.it\/en\/news\/webinar-fondo-nuove-competenze\/#primaryimage","url":"https:\/\/www.artes4.it\/wp-content\/uploads\/2024\/03\/1200x628-Dec-02-2020-02-29-32-84-PM.png","contentUrl":"https:\/\/www.artes4.it\/wp-content\/uploads\/2024\/03\/1200x628-Dec-02-2020-02-29-32-84-PM.png","width":1200,"height":628},{"@type":"BreadcrumbList","@id":"https:\/\/www.artes4.it\/en\/news\/webinar-fondo-nuove-competenze\/#breadcrumb","itemListElement":[{"@type":"ListItem","position":1,"name":"Home","item":"https:\/\/www.artes4.it\/en\/"},{"@type":"ListItem","position":2,"name":"Webinar &#8220;Fondo Nuove Competenze&#8221;"}]},{"@type":"WebSite","@id":"https:\/\/www.artes4.it\/en\/#website","url":"https:\/\/www.artes4.it\/en\/","name":"Artes 4.0","description":"","publisher":{"@id":"https:\/\/www.artes4.it\/en\/#organization"},"potentialAction":[{"@type":"SearchAction","target":{"@type":"EntryPoint","urlTemplate":"https:\/\/www.artes4.it\/en\/?s={search_term_string}"},"query-input":{"@type":"PropertyValueSpecification","valueRequired":true,"valueName":"search_term_string"}}],"inLanguage":"en-US"},{"@type":"Organization","@id":"https:\/\/www.artes4.it\/en\/#organization","name":"Artes 4.0","url":"https:\/\/www.artes4.it\/en\/","logo":{"@type":"ImageObject","inLanguage":"en-US","@id":"https:\/\/www.artes4.it\/en\/#\/schema\/logo\/image\/","url":"https:\/\/www.artes4.it\/wp-content\/uploads\/2024\/01\/logo_artes_white.jpeg","contentUrl":"https:\/\/www.artes4.it\/wp-content\/uploads\/2024\/01\/logo_artes_white.jpeg","width":462,"height":171,"caption":"Artes 4.0"},"image":{"@id":"https:\/\/www.artes4.it\/en\/#\/schema\/logo\/image\/"},"sameAs":["https:\/\/www.linkedin.com\/company\/associazione-artes-4-0\/posts\/?feedView=all"]},{"@type":"Person","@id":"https:\/\/www.artes4.it\/en\/#\/schema\/person\/0f1c2c8c0b9d274494f9df9818d34cbb","name":"Lorna Vatta","image":{"@type":"ImageObject","inLanguage":"en-US","@id":"https:\/\/www.artes4.it\/en\/#\/schema\/person\/image\/","url":"https:\/\/www.artes4.it\/wp-content\/uploads\/2024\/01\/Copia20di20Senza20titolo2014-96x96.png","contentUrl":"https:\/\/www.artes4.it\/wp-content\/uploads\/2024\/01\/Copia20di20Senza20titolo2014-96x96.png","caption":"Lorna Vatta"},"description":"Ex Direttrice Esecutiva di ARTES 4.0. Arriva ad ARTES 4.0 come naturale evoluzione del suo percorso: laureata in ingegneria gestionale al Politecnico di Milano, per 15 anni lavora in una multinazionale americana della meccanica avanzata, sempre sui fronti di sviluppo prodotti e business. In questo periodi vive e lavora anche in USA e UK, dove frequenta anche un MBA di UMIST e Manchester Business School. Completata l\u2019acquisizione e l\u2019integrazione di una media azienda italiana nel gruppo, diventa Chief Strategy &amp; Technology Officer di Fabio Perini SpA, leader mondiale della meccatronica per la trasformazione e l'imballaggio di prodotti tissue. Nel 2013 lascia la \u201cold economy\u201d e, da consulente indipendente e Business Angel, lavora con PMI e startup digitali e altamente innovative, principalmente nel business development per Clienti industriali che affrontano la digitalizzazione dei processi. Sono gli anni in cui nasce l\u2019Industria 4.0, e da subito Lorna punta sulla combinazione di competenze industriali e digitali. Il nuovo direttore scientifico di ARTES 4.0 \u00e8 oggi il professor Paolo Dario","url":"https:\/\/www.artes4.it\/en\/author\/lorna-vattaartes4-it\/"}]}},"_links":{"self":[{"href":"https:\/\/www.artes4.it\/en\/wp-json\/wp\/v2\/posts\/2507","targetHints":{"allow":["GET"]}}],"collection":[{"href":"https:\/\/www.artes4.it\/en\/wp-json\/wp\/v2\/posts"}],"about":[{"href":"https:\/\/www.artes4.it\/en\/wp-json\/wp\/v2\/types\/post"}],"author":[{"embeddable":true,"href":"https:\/\/www.artes4.it\/en\/wp-json\/wp\/v2\/users\/33"}],"replies":[{"embeddable":true,"href":"https:\/\/www.artes4.it\/en\/wp-json\/wp\/v2\/comments?post=2507"}],"version-history":[{"count":3,"href":"https:\/\/www.artes4.it\/en\/wp-json\/wp\/v2\/posts\/2507\/revisions"}],"predecessor-version":[{"id":5064,"href":"https:\/\/www.artes4.it\/en\/wp-json\/wp\/v2\/posts\/2507\/revisions\/5064"}],"wp:featuredmedia":[{"embeddable":true,"href":"https:\/\/www.artes4.it\/en\/wp-json\/wp\/v2\/media\/2506"}],"wp:attachment":[{"href":"https:\/\/www.artes4.it\/en\/wp-json\/wp\/v2\/media?parent=2507"}],"wp:term":[{"taxonomy":"category","embeddable":true,"href":"https:\/\/www.artes4.it\/en\/wp-json\/wp\/v2\/categories?post=2507"},{"taxonomy":"post_tag","embeddable":true,"href":"https:\/\/www.artes4.it\/en\/wp-json\/wp\/v2\/tags?post=2507"},{"taxonomy":"anno_doc","embeddable":true,"href":"https:\/\/www.artes4.it\/en\/wp-json\/wp\/v2\/anno_doc?post=2507"}],"curies":[{"name":"wp","href":"https:\/\/api.w.org\/{rel}","templated":true}]}}