{"id":2520,"date":"2020-11-10T20:20:00","date_gmt":"2020-11-10T19:20:00","guid":{"rendered":"https:\/\/www.artes4.it\/2020\/11\/10\/webinar-cnrartes-4-0-iot-reti-mobili-e-loro-applicazioni\/"},"modified":"2024-07-04T10:37:07","modified_gmt":"2024-07-04T08:37:07","slug":"webinar-cnrartes-4-0-iot-reti-mobili-e-loro-applicazioni","status":"publish","type":"post","link":"https:\/\/www.artes4.it\/en\/news\/webinar-cnrartes-4-0-iot-reti-mobili-e-loro-applicazioni\/","title":{"rendered":"CNR@ARTES 4.0: IoT, reti mobili e loro applicazioni"},"content":{"rendered":"<p>ARTES 4.0 e il Consiglio Nazionale delle Ricerche organizzano il Webinar &#8220;CNR@ARTES 4.0: IoT, reti mobili e loro applicazioni&#8221;, il giorno 19 novembre alle ore 11:30.<\/p>\n<p>Nella prima parte del webinar saranno presentati i servizi del laboratorio Ubiquitous Internet di IIT-CNR a supporto di progetti di innovazione nei settori IoT, e-health, AI e social networking.<\/p>\n<h3>Innovazione nei Settori IoT e E-Health<\/h3>\n<p>Il laboratorio Ubiquitous Internet dell&#8217;IIT-CNR si distingue per il suo impegno nella ricerca e nello sviluppo di tecnologie avanzate per l&#8217;Internet delle Cose (IoT). Durante il webinar, verranno esaminati i risultati di ricerca pi\u00f9 recenti e le applicazioni pratiche nei settori delle smart cities e dei sistemi di manifattura Industry 4.0. Si discuter\u00e0 inoltre di strumenti innovativi per la medicina personalizzata e il supporto al benessere, utilizzando tecniche avanzate di Intelligenza Artificiale e analisi di Big Data per migliorare la qualit\u00e0 della vita e l&#8217;efficienza dei servizi sanitari.<\/p>\n<h3>AI Distribuita e Analisi dei Big Data<\/h3>\n<p>Un focus particolare sar\u00e0 dedicato alle tecniche di AI distribuita e all&#8217;analisi dei Big Data nei social network online. Queste tecnologie sono fondamentali per comprendere i modelli comportamentali degli utenti e ottimizzare le strategie di interazione e comunicazione. I relatori esperti guideranno i partecipanti attraverso le applicazioni pratiche di queste metodologie, evidenziando come possano essere utilizzate per migliorare la personalizzazione dei servizi e l&#8217;efficacia delle campagne di marketing digitale.<\/p>\n<h3>Tecnologie Wireless e Prossimit\u00e0 Oggetti-Persone<\/h3>\n<p>Michele Girolami del CNR-ISTI Pisa (ISTI-WNLAB) approfondir\u00e0 la rilevazione di prossimit\u00e0 tra oggetti e persone tramite tecnologie wireless a corto raggio. Questo approfondimento sar\u00e0 arricchito dall&#8217;esperienza diretta maturata presso il WN Lab, evidenziando le sfide e le opportunit\u00e0 legate a queste tecnologie emergenti.<\/p>\n<h3>Casi d&#8217;Uso e Progetti Industriali<\/h3>\n<p>Infine, il webinar presenter\u00e0 casi d&#8217;uso concreti di potenziale interesse industriale, illustrando progetti in corso che implementano con successo le tecnologie discusse. Questi esempi pratici mostreranno come le soluzioni IoT e le reti mobili possano essere integrate efficacemente per migliorare la produttivit\u00e0, l&#8217;efficienza operativa e l&#8217;esperienza del cliente in diversi contesti industriali.<\/p>\n<p>Partecipa a questa eccitante esplorazione delle tecnologie IoT, reti mobili e applicazioni innovative nel contesto del Webinar &#8220;CNR@ARTES 4.0: IoT, reti mobili e loro applicazioni&#8221; il 19 novembre alle ore 11:30. Registrati ora per scoprire come queste tecnologie stanno trasformando il nostro mondo e il futuro dell&#8217;innovazione industriale.<\/p>\n<p><!--more--><\/p>\n<p><strong>Per maggiori informazioni e per registrarsi al webinar del 19 novembre: <a href=\"https:\/\/lp.artes4.it\/webinar-19-novembre-artes-e-cnr\" target=\"_blank\" rel=\"noopener\">cliccare qui<\/a>.<\/strong><\/p>\n<p><strong>Per maggiori informazioni sul ciclo di webinar e per vedere i video on-demand: <a href=\"https:\/\/lp.artes4.it\/scopri-i-webinar-di-artes-e-cnr\" target=\"_blank\" rel=\"noopener\">cliccare qui<\/a>.<\/strong><\/p>\n<p>&nbsp;<\/p>\n","protected":false},"excerpt":{"rendered":"<p>ARTES 4.0 e il Consiglio Nazionale delle Ricerche organizzano il Webinar &#8220;CNR@ARTES 4.0: IoT, reti mobili e loro applicazioni&#8221;, il giorno 19 novembre alle ore 11:30. Nella prima parte del webinar saranno presentati i servizi del laboratorio Ubiquitous Internet di IIT-CNR a supporto di progetti di innovazione nei settori IoT, e-health, AI e social networking. [&hellip;]<\/p>\n","protected":false},"author":33,"featured_media":2519,"comment_status":"open","ping_status":"closed","sticky":false,"template":"","format":"standard","meta":{"_acf_changed":false,"footnotes":""},"categories":[1],"tags":[93],"anno_doc":[],"class_list":["post-2520","post","type-post","status-publish","format-standard","has-post-thumbnail","hentry","category-news","tag-news-ed-eventi"],"acf":[],"yoast_head":"<!-- This site is optimized with the Yoast SEO Premium plugin v22.8 (Yoast SEO v25.8) - https:\/\/yoast.com\/wordpress\/plugins\/seo\/ -->\n<title>CNR@ARTES 4.0: IoT, AI, reti mobili e loro applicazioni<\/title>\n<meta name=\"description\" content=\"All&#039;interno del CNR@ARTES 4.0 webinar si parler\u00e0 di IoT, reti mobili e loro applicazioni, nello specifico di tecnologie wireless.\" \/>\n<meta name=\"robots\" content=\"index, follow, max-snippet:-1, max-image-preview:large, max-video-preview:-1\" \/>\n<link rel=\"canonical\" href=\"https:\/\/www.artes4.it\/en\/news\/webinar-cnrartes-4-0-iot-reti-mobili-e-loro-applicazioni\/\" \/>\n<meta property=\"og:locale\" content=\"en_US\" \/>\n<meta property=\"og:type\" content=\"article\" \/>\n<meta property=\"og:title\" content=\"CNR@ARTES 4.0: IoT, reti mobili e loro applicazioni\" \/>\n<meta property=\"og:description\" content=\"All&#039;interno del CNR@ARTES 4.0 webinar si parler\u00e0 di IoT, reti mobili e loro applicazioni, nello specifico di tecnologie wireless.\" \/>\n<meta property=\"og:url\" content=\"https:\/\/www.artes4.it\/en\/news\/webinar-cnrartes-4-0-iot-reti-mobili-e-loro-applicazioni\/\" \/>\n<meta property=\"og:site_name\" content=\"Artes 4.0\" \/>\n<meta property=\"article:published_time\" content=\"2020-11-10T19:20:00+00:00\" \/>\n<meta property=\"article:modified_time\" content=\"2024-07-04T08:37:07+00:00\" \/>\n<meta property=\"og:image\" content=\"https:\/\/www.artes4.it\/wp-content\/uploads\/2024\/03\/1200x628-Nov-10-2020-09-52-20-20-AM.png\" \/>\n\t<meta property=\"og:image:width\" content=\"1200\" \/>\n\t<meta property=\"og:image:height\" content=\"628\" \/>\n\t<meta property=\"og:image:type\" content=\"image\/png\" \/>\n<meta name=\"author\" content=\"Lorna Vatta\" \/>\n<meta name=\"twitter:card\" content=\"summary_large_image\" \/>\n<meta name=\"twitter:label1\" content=\"Written by\" \/>\n\t<meta name=\"twitter:data1\" content=\"Lorna Vatta\" \/>\n\t<meta name=\"twitter:label2\" content=\"Est. reading time\" \/>\n\t<meta name=\"twitter:data2\" content=\"3 minutes\" \/>\n<script type=\"application\/ld+json\" class=\"yoast-schema-graph\">{\"@context\":\"https:\/\/schema.org\",\"@graph\":[{\"@type\":\"Article\",\"@id\":\"https:\/\/www.artes4.it\/en\/news\/webinar-cnrartes-4-0-iot-reti-mobili-e-loro-applicazioni\/#article\",\"isPartOf\":{\"@id\":\"https:\/\/www.artes4.it\/en\/news\/webinar-cnrartes-4-0-iot-reti-mobili-e-loro-applicazioni\/\"},\"author\":{\"name\":\"Lorna Vatta\",\"@id\":\"https:\/\/www.artes4.it\/en\/#\/schema\/person\/0f1c2c8c0b9d274494f9df9818d34cbb\"},\"headline\":\"CNR@ARTES 4.0: IoT, reti mobili e loro applicazioni\",\"datePublished\":\"2020-11-10T19:20:00+00:00\",\"dateModified\":\"2024-07-04T08:37:07+00:00\",\"mainEntityOfPage\":{\"@id\":\"https:\/\/www.artes4.it\/en\/news\/webinar-cnrartes-4-0-iot-reti-mobili-e-loro-applicazioni\/\"},\"wordCount\":419,\"commentCount\":0,\"publisher\":{\"@id\":\"https:\/\/www.artes4.it\/en\/#organization\"},\"image\":{\"@id\":\"https:\/\/www.artes4.it\/en\/news\/webinar-cnrartes-4-0-iot-reti-mobili-e-loro-applicazioni\/#primaryimage\"},\"thumbnailUrl\":\"https:\/\/www.artes4.it\/wp-content\/uploads\/2024\/03\/1200x628-Nov-10-2020-09-52-20-20-AM.png\",\"keywords\":[\"News ed eventi\"],\"articleSection\":[\"News\"],\"inLanguage\":\"en-US\"},{\"@type\":\"WebPage\",\"@id\":\"https:\/\/www.artes4.it\/en\/news\/webinar-cnrartes-4-0-iot-reti-mobili-e-loro-applicazioni\/\",\"url\":\"https:\/\/www.artes4.it\/en\/news\/webinar-cnrartes-4-0-iot-reti-mobili-e-loro-applicazioni\/\",\"name\":\"CNR@ARTES 4.0: IoT, AI, reti mobili e loro applicazioni\",\"isPartOf\":{\"@id\":\"https:\/\/www.artes4.it\/en\/#website\"},\"primaryImageOfPage\":{\"@id\":\"https:\/\/www.artes4.it\/en\/news\/webinar-cnrartes-4-0-iot-reti-mobili-e-loro-applicazioni\/#primaryimage\"},\"image\":{\"@id\":\"https:\/\/www.artes4.it\/en\/news\/webinar-cnrartes-4-0-iot-reti-mobili-e-loro-applicazioni\/#primaryimage\"},\"thumbnailUrl\":\"https:\/\/www.artes4.it\/wp-content\/uploads\/2024\/03\/1200x628-Nov-10-2020-09-52-20-20-AM.png\",\"datePublished\":\"2020-11-10T19:20:00+00:00\",\"dateModified\":\"2024-07-04T08:37:07+00:00\",\"description\":\"All'interno del CNR@ARTES 4.0 webinar si parler\u00e0 di IoT, reti mobili e loro applicazioni, nello specifico di tecnologie wireless.\",\"breadcrumb\":{\"@id\":\"https:\/\/www.artes4.it\/en\/news\/webinar-cnrartes-4-0-iot-reti-mobili-e-loro-applicazioni\/#breadcrumb\"},\"inLanguage\":\"en-US\",\"potentialAction\":[{\"@type\":\"ReadAction\",\"target\":[\"https:\/\/www.artes4.it\/en\/news\/webinar-cnrartes-4-0-iot-reti-mobili-e-loro-applicazioni\/\"]}]},{\"@type\":\"ImageObject\",\"inLanguage\":\"en-US\",\"@id\":\"https:\/\/www.artes4.it\/en\/news\/webinar-cnrartes-4-0-iot-reti-mobili-e-loro-applicazioni\/#primaryimage\",\"url\":\"https:\/\/www.artes4.it\/wp-content\/uploads\/2024\/03\/1200x628-Nov-10-2020-09-52-20-20-AM.png\",\"contentUrl\":\"https:\/\/www.artes4.it\/wp-content\/uploads\/2024\/03\/1200x628-Nov-10-2020-09-52-20-20-AM.png\",\"width\":1200,\"height\":628},{\"@type\":\"BreadcrumbList\",\"@id\":\"https:\/\/www.artes4.it\/en\/news\/webinar-cnrartes-4-0-iot-reti-mobili-e-loro-applicazioni\/#breadcrumb\",\"itemListElement\":[{\"@type\":\"ListItem\",\"position\":1,\"name\":\"Home\",\"item\":\"https:\/\/www.artes4.it\/en\/\"},{\"@type\":\"ListItem\",\"position\":2,\"name\":\"CNR@ARTES 4.0: IoT, reti mobili e loro applicazioni\"}]},{\"@type\":\"WebSite\",\"@id\":\"https:\/\/www.artes4.it\/en\/#website\",\"url\":\"https:\/\/www.artes4.it\/en\/\",\"name\":\"Artes 4.0\",\"description\":\"\",\"publisher\":{\"@id\":\"https:\/\/www.artes4.it\/en\/#organization\"},\"potentialAction\":[{\"@type\":\"SearchAction\",\"target\":{\"@type\":\"EntryPoint\",\"urlTemplate\":\"https:\/\/www.artes4.it\/en\/?s={search_term_string}\"},\"query-input\":{\"@type\":\"PropertyValueSpecification\",\"valueRequired\":true,\"valueName\":\"search_term_string\"}}],\"inLanguage\":\"en-US\"},{\"@type\":\"Organization\",\"@id\":\"https:\/\/www.artes4.it\/en\/#organization\",\"name\":\"Artes 4.0\",\"url\":\"https:\/\/www.artes4.it\/en\/\",\"logo\":{\"@type\":\"ImageObject\",\"inLanguage\":\"en-US\",\"@id\":\"https:\/\/www.artes4.it\/en\/#\/schema\/logo\/image\/\",\"url\":\"https:\/\/www.artes4.it\/wp-content\/uploads\/2024\/01\/logo_artes_white.jpeg\",\"contentUrl\":\"https:\/\/www.artes4.it\/wp-content\/uploads\/2024\/01\/logo_artes_white.jpeg\",\"width\":462,\"height\":171,\"caption\":\"Artes 4.0\"},\"image\":{\"@id\":\"https:\/\/www.artes4.it\/en\/#\/schema\/logo\/image\/\"},\"sameAs\":[\"https:\/\/www.linkedin.com\/company\/associazione-artes-4-0\/posts\/?feedView=all\"]},{\"@type\":\"Person\",\"@id\":\"https:\/\/www.artes4.it\/en\/#\/schema\/person\/0f1c2c8c0b9d274494f9df9818d34cbb\",\"name\":\"Lorna Vatta\",\"image\":{\"@type\":\"ImageObject\",\"inLanguage\":\"en-US\",\"@id\":\"https:\/\/www.artes4.it\/en\/#\/schema\/person\/image\/\",\"url\":\"https:\/\/www.artes4.it\/wp-content\/uploads\/2024\/01\/Copia20di20Senza20titolo2014-96x96.png\",\"contentUrl\":\"https:\/\/www.artes4.it\/wp-content\/uploads\/2024\/01\/Copia20di20Senza20titolo2014-96x96.png\",\"caption\":\"Lorna Vatta\"},\"description\":\"Ex Direttrice Esecutiva di ARTES 4.0. Arriva ad ARTES 4.0 come naturale evoluzione del suo percorso: laureata in ingegneria gestionale al Politecnico di Milano, per 15 anni lavora in una multinazionale americana della meccanica avanzata, sempre sui fronti di sviluppo prodotti e business. In questo periodi vive e lavora anche in USA e UK, dove frequenta anche un MBA di UMIST e Manchester Business School. Completata l\u2019acquisizione e l\u2019integrazione di una media azienda italiana nel gruppo, diventa Chief Strategy &amp; Technology Officer di Fabio Perini SpA, leader mondiale della meccatronica per la trasformazione e l'imballaggio di prodotti tissue. Nel 2013 lascia la \u201cold economy\u201d e, da consulente indipendente e Business Angel, lavora con PMI e startup digitali e altamente innovative, principalmente nel business development per Clienti industriali che affrontano la digitalizzazione dei processi. Sono gli anni in cui nasce l\u2019Industria 4.0, e da subito Lorna punta sulla combinazione di competenze industriali e digitali. Il nuovo direttore scientifico di ARTES 4.0 \u00e8 oggi il professor Paolo Dario\",\"url\":\"https:\/\/www.artes4.it\/en\/author\/lorna-vattaartes4-it\/\"}]}<\/script>\n<!-- \/ Yoast SEO Premium plugin. -->","yoast_head_json":{"title":"CNR@ARTES 4.0: IoT, AI, reti mobili e loro applicazioni","description":"All'interno del CNR@ARTES 4.0 webinar si parler\u00e0 di IoT, reti mobili e loro applicazioni, nello specifico di tecnologie wireless.","robots":{"index":"index","follow":"follow","max-snippet":"max-snippet:-1","max-image-preview":"max-image-preview:large","max-video-preview":"max-video-preview:-1"},"canonical":"https:\/\/www.artes4.it\/en\/news\/webinar-cnrartes-4-0-iot-reti-mobili-e-loro-applicazioni\/","og_locale":"en_US","og_type":"article","og_title":"CNR@ARTES 4.0: IoT, reti mobili e loro applicazioni","og_description":"All'interno del CNR@ARTES 4.0 webinar si parler\u00e0 di IoT, reti mobili e loro applicazioni, nello specifico di tecnologie wireless.","og_url":"https:\/\/www.artes4.it\/en\/news\/webinar-cnrartes-4-0-iot-reti-mobili-e-loro-applicazioni\/","og_site_name":"Artes 4.0","article_published_time":"2020-11-10T19:20:00+00:00","article_modified_time":"2024-07-04T08:37:07+00:00","og_image":[{"width":1200,"height":628,"url":"https:\/\/www.artes4.it\/wp-content\/uploads\/2024\/03\/1200x628-Nov-10-2020-09-52-20-20-AM.png","type":"image\/png"}],"author":"Lorna Vatta","twitter_card":"summary_large_image","twitter_misc":{"Written by":"Lorna Vatta","Est. reading time":"3 minutes"},"schema":{"@context":"https:\/\/schema.org","@graph":[{"@type":"Article","@id":"https:\/\/www.artes4.it\/en\/news\/webinar-cnrartes-4-0-iot-reti-mobili-e-loro-applicazioni\/#article","isPartOf":{"@id":"https:\/\/www.artes4.it\/en\/news\/webinar-cnrartes-4-0-iot-reti-mobili-e-loro-applicazioni\/"},"author":{"name":"Lorna Vatta","@id":"https:\/\/www.artes4.it\/en\/#\/schema\/person\/0f1c2c8c0b9d274494f9df9818d34cbb"},"headline":"CNR@ARTES 4.0: IoT, reti mobili e loro applicazioni","datePublished":"2020-11-10T19:20:00+00:00","dateModified":"2024-07-04T08:37:07+00:00","mainEntityOfPage":{"@id":"https:\/\/www.artes4.it\/en\/news\/webinar-cnrartes-4-0-iot-reti-mobili-e-loro-applicazioni\/"},"wordCount":419,"commentCount":0,"publisher":{"@id":"https:\/\/www.artes4.it\/en\/#organization"},"image":{"@id":"https:\/\/www.artes4.it\/en\/news\/webinar-cnrartes-4-0-iot-reti-mobili-e-loro-applicazioni\/#primaryimage"},"thumbnailUrl":"https:\/\/www.artes4.it\/wp-content\/uploads\/2024\/03\/1200x628-Nov-10-2020-09-52-20-20-AM.png","keywords":["News ed eventi"],"articleSection":["News"],"inLanguage":"en-US"},{"@type":"WebPage","@id":"https:\/\/www.artes4.it\/en\/news\/webinar-cnrartes-4-0-iot-reti-mobili-e-loro-applicazioni\/","url":"https:\/\/www.artes4.it\/en\/news\/webinar-cnrartes-4-0-iot-reti-mobili-e-loro-applicazioni\/","name":"CNR@ARTES 4.0: IoT, AI, reti mobili e loro applicazioni","isPartOf":{"@id":"https:\/\/www.artes4.it\/en\/#website"},"primaryImageOfPage":{"@id":"https:\/\/www.artes4.it\/en\/news\/webinar-cnrartes-4-0-iot-reti-mobili-e-loro-applicazioni\/#primaryimage"},"image":{"@id":"https:\/\/www.artes4.it\/en\/news\/webinar-cnrartes-4-0-iot-reti-mobili-e-loro-applicazioni\/#primaryimage"},"thumbnailUrl":"https:\/\/www.artes4.it\/wp-content\/uploads\/2024\/03\/1200x628-Nov-10-2020-09-52-20-20-AM.png","datePublished":"2020-11-10T19:20:00+00:00","dateModified":"2024-07-04T08:37:07+00:00","description":"All'interno del CNR@ARTES 4.0 webinar si parler\u00e0 di IoT, reti mobili e loro applicazioni, nello specifico di tecnologie wireless.","breadcrumb":{"@id":"https:\/\/www.artes4.it\/en\/news\/webinar-cnrartes-4-0-iot-reti-mobili-e-loro-applicazioni\/#breadcrumb"},"inLanguage":"en-US","potentialAction":[{"@type":"ReadAction","target":["https:\/\/www.artes4.it\/en\/news\/webinar-cnrartes-4-0-iot-reti-mobili-e-loro-applicazioni\/"]}]},{"@type":"ImageObject","inLanguage":"en-US","@id":"https:\/\/www.artes4.it\/en\/news\/webinar-cnrartes-4-0-iot-reti-mobili-e-loro-applicazioni\/#primaryimage","url":"https:\/\/www.artes4.it\/wp-content\/uploads\/2024\/03\/1200x628-Nov-10-2020-09-52-20-20-AM.png","contentUrl":"https:\/\/www.artes4.it\/wp-content\/uploads\/2024\/03\/1200x628-Nov-10-2020-09-52-20-20-AM.png","width":1200,"height":628},{"@type":"BreadcrumbList","@id":"https:\/\/www.artes4.it\/en\/news\/webinar-cnrartes-4-0-iot-reti-mobili-e-loro-applicazioni\/#breadcrumb","itemListElement":[{"@type":"ListItem","position":1,"name":"Home","item":"https:\/\/www.artes4.it\/en\/"},{"@type":"ListItem","position":2,"name":"CNR@ARTES 4.0: IoT, reti mobili e loro applicazioni"}]},{"@type":"WebSite","@id":"https:\/\/www.artes4.it\/en\/#website","url":"https:\/\/www.artes4.it\/en\/","name":"Artes 4.0","description":"","publisher":{"@id":"https:\/\/www.artes4.it\/en\/#organization"},"potentialAction":[{"@type":"SearchAction","target":{"@type":"EntryPoint","urlTemplate":"https:\/\/www.artes4.it\/en\/?s={search_term_string}"},"query-input":{"@type":"PropertyValueSpecification","valueRequired":true,"valueName":"search_term_string"}}],"inLanguage":"en-US"},{"@type":"Organization","@id":"https:\/\/www.artes4.it\/en\/#organization","name":"Artes 4.0","url":"https:\/\/www.artes4.it\/en\/","logo":{"@type":"ImageObject","inLanguage":"en-US","@id":"https:\/\/www.artes4.it\/en\/#\/schema\/logo\/image\/","url":"https:\/\/www.artes4.it\/wp-content\/uploads\/2024\/01\/logo_artes_white.jpeg","contentUrl":"https:\/\/www.artes4.it\/wp-content\/uploads\/2024\/01\/logo_artes_white.jpeg","width":462,"height":171,"caption":"Artes 4.0"},"image":{"@id":"https:\/\/www.artes4.it\/en\/#\/schema\/logo\/image\/"},"sameAs":["https:\/\/www.linkedin.com\/company\/associazione-artes-4-0\/posts\/?feedView=all"]},{"@type":"Person","@id":"https:\/\/www.artes4.it\/en\/#\/schema\/person\/0f1c2c8c0b9d274494f9df9818d34cbb","name":"Lorna Vatta","image":{"@type":"ImageObject","inLanguage":"en-US","@id":"https:\/\/www.artes4.it\/en\/#\/schema\/person\/image\/","url":"https:\/\/www.artes4.it\/wp-content\/uploads\/2024\/01\/Copia20di20Senza20titolo2014-96x96.png","contentUrl":"https:\/\/www.artes4.it\/wp-content\/uploads\/2024\/01\/Copia20di20Senza20titolo2014-96x96.png","caption":"Lorna Vatta"},"description":"Ex Direttrice Esecutiva di ARTES 4.0. Arriva ad ARTES 4.0 come naturale evoluzione del suo percorso: laureata in ingegneria gestionale al Politecnico di Milano, per 15 anni lavora in una multinazionale americana della meccanica avanzata, sempre sui fronti di sviluppo prodotti e business. In questo periodi vive e lavora anche in USA e UK, dove frequenta anche un MBA di UMIST e Manchester Business School. Completata l\u2019acquisizione e l\u2019integrazione di una media azienda italiana nel gruppo, diventa Chief Strategy &amp; Technology Officer di Fabio Perini SpA, leader mondiale della meccatronica per la trasformazione e l'imballaggio di prodotti tissue. Nel 2013 lascia la \u201cold economy\u201d e, da consulente indipendente e Business Angel, lavora con PMI e startup digitali e altamente innovative, principalmente nel business development per Clienti industriali che affrontano la digitalizzazione dei processi. Sono gli anni in cui nasce l\u2019Industria 4.0, e da subito Lorna punta sulla combinazione di competenze industriali e digitali. Il nuovo direttore scientifico di ARTES 4.0 \u00e8 oggi il professor Paolo Dario","url":"https:\/\/www.artes4.it\/en\/author\/lorna-vattaartes4-it\/"}]}},"_links":{"self":[{"href":"https:\/\/www.artes4.it\/en\/wp-json\/wp\/v2\/posts\/2520","targetHints":{"allow":["GET"]}}],"collection":[{"href":"https:\/\/www.artes4.it\/en\/wp-json\/wp\/v2\/posts"}],"about":[{"href":"https:\/\/www.artes4.it\/en\/wp-json\/wp\/v2\/types\/post"}],"author":[{"embeddable":true,"href":"https:\/\/www.artes4.it\/en\/wp-json\/wp\/v2\/users\/33"}],"replies":[{"embeddable":true,"href":"https:\/\/www.artes4.it\/en\/wp-json\/wp\/v2\/comments?post=2520"}],"version-history":[{"count":4,"href":"https:\/\/www.artes4.it\/en\/wp-json\/wp\/v2\/posts\/2520\/revisions"}],"predecessor-version":[{"id":5048,"href":"https:\/\/www.artes4.it\/en\/wp-json\/wp\/v2\/posts\/2520\/revisions\/5048"}],"wp:featuredmedia":[{"embeddable":true,"href":"https:\/\/www.artes4.it\/en\/wp-json\/wp\/v2\/media\/2519"}],"wp:attachment":[{"href":"https:\/\/www.artes4.it\/en\/wp-json\/wp\/v2\/media?parent=2520"}],"wp:term":[{"taxonomy":"category","embeddable":true,"href":"https:\/\/www.artes4.it\/en\/wp-json\/wp\/v2\/categories?post=2520"},{"taxonomy":"post_tag","embeddable":true,"href":"https:\/\/www.artes4.it\/en\/wp-json\/wp\/v2\/tags?post=2520"},{"taxonomy":"anno_doc","embeddable":true,"href":"https:\/\/www.artes4.it\/en\/wp-json\/wp\/v2\/anno_doc?post=2520"}],"curies":[{"name":"wp","href":"https:\/\/api.w.org\/{rel}","templated":true}]}}