{"id":2522,"date":"2020-11-09T20:20:00","date_gmt":"2020-11-09T19:20:00","guid":{"rendered":"https:\/\/www.artes4.it\/2020\/11\/09\/webinar-come-trarre-valore-dalle-tecnologie-4-0-opportunita-e-sfide-per-le-imprese\/"},"modified":"2024-07-04T10:33:08","modified_gmt":"2024-07-04T08:33:08","slug":"come-trarre-valore-dalle-tecnologie-4-0","status":"publish","type":"post","link":"https:\/\/www.artes4.it\/en\/news\/come-trarre-valore-dalle-tecnologie-4-0\/","title":{"rendered":"Come trarre valore dalle Tecnologie 4.0: opportunit\u00e0 e sfide per le imprese"},"content":{"rendered":"<p>ARTES 4.0 e UNIVPM Universit\u00e0 Politecnica delle Marche organizzano il Webinar &#8220;Come trarre valore dalle Tecnologie 4.0: opportunit\u00e0 e sfide per le imprese&#8221;, il 18 novembre alle ore 11:30.<\/p>\n<p>La diffusione delle tecnologie 4.0 sta rivoluzionando il panorama industriale, offrendo nuove opportunit\u00e0 di business e trasformando radicalmente i modelli operativi delle imprese. Tuttavia, l&#8217;adozione di queste tecnologie digitali non \u00e8 priva di sfide significative che le aziende devono affrontare per massimizzare i benefici derivanti dalla loro implementazione.<\/p>\n<h3>Implicazioni Manageriali delle Tecnologie 4.0<\/h3>\n<p>Il webinar si propone di esaminare le principali implicazioni manageriali associate all&#8217;adozione delle Tecnologie 4.0. Il professor Andrea Sabatini, esperto nel campo della gestione dell&#8217;innovazione tecnologica, esplorer\u00e0 come queste tecnologie possano migliorare l&#8217;efficienza operativa, ottimizzare la catena di approvvigionamento e trasformare le strategie di marketing e vendita delle imprese. Sar\u00e0 fondamentale comprendere come i dirigenti aziendali possano integrare con successo queste innovazioni nel loro business model per rimanere competitivi nel mercato globale sempre pi\u00f9 digitale.<\/p>\n<h3>Sfide nell&#8217;Integrazione delle Tecnologie 4.0<\/h3>\n<p>Allo stesso tempo, il webinar affronter\u00e0 anche le sfide pratiche che le imprese devono superare durante il processo di adozione delle Tecnologie 4.0. Da problemi legati alla sicurezza informatica e alla gestione dei dati, fino alla necessit\u00e0 di riconfigurare le competenze dei dipendenti per adattarsi ai nuovi strumenti digitali, ci sono diversi ostacoli che possono rallentare il progresso verso una digitalizzazione completa. Il professor Sabatini discuter\u00e0 strategie e best practice per superare queste sfide in modo efficace e sostenibile nel lungo termine.<\/p>\n<h3>Prospettive Future e Opportunit\u00e0 di Innovazione<\/h3>\n<p>Infine, il webinar esplorer\u00e0 le prospettive future delle Tecnologie 4.0 e le opportunit\u00e0 di innovazione che queste offrono alle imprese. Con l&#8217;avvento dell&#8217;Intelligenza Artificiale, dell&#8217;Internet delle Cose (IoT) e della Blockchain, le possibilit\u00e0 di creare nuovi modelli di business e di migliorare l&#8217;esperienza del cliente sono senza precedenti. \u00c8 essenziale per le aziende comprendere come capitalizzare su queste tecnologie emergenti per rimanere leader nel loro settore.<\/p>\n<p>Unisciti a noi per questo importante webinar dedicato a esplorare come le imprese possono trarre valore dalle Tecnologie 4.0, navigando tra opportunit\u00e0 e sfide con consapevolezza e strategia. Registrati ora per il webinar &#8220;Come trarre valore dalle Tecnologie 4.0: opportunit\u00e0 e sfide per le imprese&#8221; il 18 novembre alle ore 11:30, e preparati a cogliere le potenzialit\u00e0 della rivoluzione digitale per il tuo business.<\/p>\n<p><!--more--><\/p>\n<p><strong>Per maggiori informazioni e per registrarsi al webinar: <a href=\"https:\/\/lp.artes4.it\/webinar-18-novembre-artes\" target=\"_blank\" rel=\"noopener\">cliccare qui<\/a>.<\/strong><\/p>\n<p><strong>Per rivedere i webinar on-demand: <a href=\"https:\/\/lp.artes4.it\/scopri-i-webinar-di-artes\" target=\"_blank\" rel=\"noopener\">cliccare qui<\/a>.<\/strong><\/p>\n<p>&nbsp;<\/p>\n","protected":false},"excerpt":{"rendered":"<p>ARTES 4.0 e UNIVPM Universit\u00e0 Politecnica delle Marche organizzano il Webinar &#8220;Come trarre valore dalle Tecnologie 4.0: opportunit\u00e0 e sfide per le imprese&#8221;, il 18 novembre alle ore 11:30. La diffusione delle tecnologie 4.0 sta rivoluzionando il panorama industriale, offrendo nuove opportunit\u00e0 di business e trasformando radicalmente i modelli operativi delle imprese. Tuttavia, l&#8217;adozione di [&hellip;]<\/p>\n","protected":false},"author":33,"featured_media":2521,"comment_status":"open","ping_status":"closed","sticky":false,"template":"","format":"standard","meta":{"_acf_changed":false,"footnotes":""},"categories":[1],"tags":[93],"anno_doc":[],"class_list":["post-2522","post","type-post","status-publish","format-standard","has-post-thumbnail","hentry","category-news","tag-news-ed-eventi"],"acf":[],"yoast_head":"<!-- This site is optimized with the Yoast SEO Premium plugin v22.8 (Yoast SEO v25.8) - https:\/\/yoast.com\/wordpress\/plugins\/seo\/ -->\n<title>Come trarre valore dalle Tecnologie 4.0:<\/title>\n<meta name=\"description\" content=\"Il tema centrale del webinar riguarda la diffusione delle tecnologie 4.0, la quale ha aperto a una serie di nuove opportunit\u00e0 di business.\" \/>\n<meta name=\"robots\" content=\"index, follow, max-snippet:-1, max-image-preview:large, max-video-preview:-1\" \/>\n<link rel=\"canonical\" href=\"https:\/\/www.artes4.it\/en\/news\/come-trarre-valore-dalle-tecnologie-4-0\/\" \/>\n<meta property=\"og:locale\" content=\"en_US\" \/>\n<meta property=\"og:type\" content=\"article\" \/>\n<meta property=\"og:title\" content=\"Come trarre valore dalle Tecnologie 4.0: opportunit\u00e0 e sfide per le imprese\" \/>\n<meta property=\"og:description\" content=\"Il tema centrale del webinar riguarda la diffusione delle tecnologie 4.0, la quale ha aperto a una serie di nuove opportunit\u00e0 di business.\" \/>\n<meta property=\"og:url\" content=\"https:\/\/www.artes4.it\/en\/news\/come-trarre-valore-dalle-tecnologie-4-0\/\" \/>\n<meta property=\"og:site_name\" content=\"Artes 4.0\" \/>\n<meta property=\"article:published_time\" content=\"2020-11-09T19:20:00+00:00\" \/>\n<meta property=\"article:modified_time\" content=\"2024-07-04T08:33:08+00:00\" \/>\n<meta property=\"og:image\" content=\"https:\/\/www.artes4.it\/wp-content\/uploads\/2024\/03\/Banner201820novembre20-201200x628-1.png\" \/>\n\t<meta property=\"og:image:width\" content=\"1200\" \/>\n\t<meta property=\"og:image:height\" content=\"628\" \/>\n\t<meta property=\"og:image:type\" content=\"image\/png\" \/>\n<meta name=\"author\" content=\"Lorna Vatta\" \/>\n<meta name=\"twitter:card\" content=\"summary_large_image\" \/>\n<meta name=\"twitter:label1\" content=\"Written by\" \/>\n\t<meta name=\"twitter:data1\" content=\"Lorna Vatta\" \/>\n\t<meta name=\"twitter:label2\" content=\"Est. reading time\" \/>\n\t<meta name=\"twitter:data2\" content=\"3 minutes\" \/>\n<script type=\"application\/ld+json\" class=\"yoast-schema-graph\">{\"@context\":\"https:\/\/schema.org\",\"@graph\":[{\"@type\":\"Article\",\"@id\":\"https:\/\/www.artes4.it\/en\/news\/come-trarre-valore-dalle-tecnologie-4-0\/#article\",\"isPartOf\":{\"@id\":\"https:\/\/www.artes4.it\/en\/news\/come-trarre-valore-dalle-tecnologie-4-0\/\"},\"author\":{\"name\":\"Lorna Vatta\",\"@id\":\"https:\/\/www.artes4.it\/en\/#\/schema\/person\/0f1c2c8c0b9d274494f9df9818d34cbb\"},\"headline\":\"Come trarre valore dalle Tecnologie 4.0: opportunit\u00e0 e sfide per le imprese\",\"datePublished\":\"2020-11-09T19:20:00+00:00\",\"dateModified\":\"2024-07-04T08:33:08+00:00\",\"mainEntityOfPage\":{\"@id\":\"https:\/\/www.artes4.it\/en\/news\/come-trarre-valore-dalle-tecnologie-4-0\/\"},\"wordCount\":402,\"commentCount\":0,\"publisher\":{\"@id\":\"https:\/\/www.artes4.it\/en\/#organization\"},\"image\":{\"@id\":\"https:\/\/www.artes4.it\/en\/news\/come-trarre-valore-dalle-tecnologie-4-0\/#primaryimage\"},\"thumbnailUrl\":\"https:\/\/www.artes4.it\/wp-content\/uploads\/2024\/03\/Banner201820novembre20-201200x628-1.png\",\"keywords\":[\"News ed eventi\"],\"articleSection\":[\"News\"],\"inLanguage\":\"en-US\"},{\"@type\":\"WebPage\",\"@id\":\"https:\/\/www.artes4.it\/en\/news\/come-trarre-valore-dalle-tecnologie-4-0\/\",\"url\":\"https:\/\/www.artes4.it\/en\/news\/come-trarre-valore-dalle-tecnologie-4-0\/\",\"name\":\"Come trarre valore dalle Tecnologie 4.0:\",\"isPartOf\":{\"@id\":\"https:\/\/www.artes4.it\/en\/#website\"},\"primaryImageOfPage\":{\"@id\":\"https:\/\/www.artes4.it\/en\/news\/come-trarre-valore-dalle-tecnologie-4-0\/#primaryimage\"},\"image\":{\"@id\":\"https:\/\/www.artes4.it\/en\/news\/come-trarre-valore-dalle-tecnologie-4-0\/#primaryimage\"},\"thumbnailUrl\":\"https:\/\/www.artes4.it\/wp-content\/uploads\/2024\/03\/Banner201820novembre20-201200x628-1.png\",\"datePublished\":\"2020-11-09T19:20:00+00:00\",\"dateModified\":\"2024-07-04T08:33:08+00:00\",\"description\":\"Il tema centrale del webinar riguarda la diffusione delle tecnologie 4.0, la quale ha aperto a una serie di nuove opportunit\u00e0 di business.\",\"breadcrumb\":{\"@id\":\"https:\/\/www.artes4.it\/en\/news\/come-trarre-valore-dalle-tecnologie-4-0\/#breadcrumb\"},\"inLanguage\":\"en-US\",\"potentialAction\":[{\"@type\":\"ReadAction\",\"target\":[\"https:\/\/www.artes4.it\/en\/news\/come-trarre-valore-dalle-tecnologie-4-0\/\"]}]},{\"@type\":\"ImageObject\",\"inLanguage\":\"en-US\",\"@id\":\"https:\/\/www.artes4.it\/en\/news\/come-trarre-valore-dalle-tecnologie-4-0\/#primaryimage\",\"url\":\"https:\/\/www.artes4.it\/wp-content\/uploads\/2024\/03\/Banner201820novembre20-201200x628-1.png\",\"contentUrl\":\"https:\/\/www.artes4.it\/wp-content\/uploads\/2024\/03\/Banner201820novembre20-201200x628-1.png\",\"width\":1200,\"height\":628},{\"@type\":\"BreadcrumbList\",\"@id\":\"https:\/\/www.artes4.it\/en\/news\/come-trarre-valore-dalle-tecnologie-4-0\/#breadcrumb\",\"itemListElement\":[{\"@type\":\"ListItem\",\"position\":1,\"name\":\"Home\",\"item\":\"https:\/\/www.artes4.it\/en\/\"},{\"@type\":\"ListItem\",\"position\":2,\"name\":\"Come trarre valore dalle Tecnologie 4.0: opportunit\u00e0 e sfide per le imprese\"}]},{\"@type\":\"WebSite\",\"@id\":\"https:\/\/www.artes4.it\/en\/#website\",\"url\":\"https:\/\/www.artes4.it\/en\/\",\"name\":\"Artes 4.0\",\"description\":\"\",\"publisher\":{\"@id\":\"https:\/\/www.artes4.it\/en\/#organization\"},\"potentialAction\":[{\"@type\":\"SearchAction\",\"target\":{\"@type\":\"EntryPoint\",\"urlTemplate\":\"https:\/\/www.artes4.it\/en\/?s={search_term_string}\"},\"query-input\":{\"@type\":\"PropertyValueSpecification\",\"valueRequired\":true,\"valueName\":\"search_term_string\"}}],\"inLanguage\":\"en-US\"},{\"@type\":\"Organization\",\"@id\":\"https:\/\/www.artes4.it\/en\/#organization\",\"name\":\"Artes 4.0\",\"url\":\"https:\/\/www.artes4.it\/en\/\",\"logo\":{\"@type\":\"ImageObject\",\"inLanguage\":\"en-US\",\"@id\":\"https:\/\/www.artes4.it\/en\/#\/schema\/logo\/image\/\",\"url\":\"https:\/\/www.artes4.it\/wp-content\/uploads\/2024\/01\/logo_artes_white.jpeg\",\"contentUrl\":\"https:\/\/www.artes4.it\/wp-content\/uploads\/2024\/01\/logo_artes_white.jpeg\",\"width\":462,\"height\":171,\"caption\":\"Artes 4.0\"},\"image\":{\"@id\":\"https:\/\/www.artes4.it\/en\/#\/schema\/logo\/image\/\"},\"sameAs\":[\"https:\/\/www.linkedin.com\/company\/associazione-artes-4-0\/posts\/?feedView=all\"]},{\"@type\":\"Person\",\"@id\":\"https:\/\/www.artes4.it\/en\/#\/schema\/person\/0f1c2c8c0b9d274494f9df9818d34cbb\",\"name\":\"Lorna Vatta\",\"image\":{\"@type\":\"ImageObject\",\"inLanguage\":\"en-US\",\"@id\":\"https:\/\/www.artes4.it\/en\/#\/schema\/person\/image\/\",\"url\":\"https:\/\/www.artes4.it\/wp-content\/uploads\/2024\/01\/Copia20di20Senza20titolo2014-96x96.png\",\"contentUrl\":\"https:\/\/www.artes4.it\/wp-content\/uploads\/2024\/01\/Copia20di20Senza20titolo2014-96x96.png\",\"caption\":\"Lorna Vatta\"},\"description\":\"Ex Direttrice Esecutiva di ARTES 4.0. Arriva ad ARTES 4.0 come naturale evoluzione del suo percorso: laureata in ingegneria gestionale al Politecnico di Milano, per 15 anni lavora in una multinazionale americana della meccanica avanzata, sempre sui fronti di sviluppo prodotti e business. In questo periodi vive e lavora anche in USA e UK, dove frequenta anche un MBA di UMIST e Manchester Business School. Completata l\u2019acquisizione e l\u2019integrazione di una media azienda italiana nel gruppo, diventa Chief Strategy &amp; Technology Officer di Fabio Perini SpA, leader mondiale della meccatronica per la trasformazione e l'imballaggio di prodotti tissue. Nel 2013 lascia la \u201cold economy\u201d e, da consulente indipendente e Business Angel, lavora con PMI e startup digitali e altamente innovative, principalmente nel business development per Clienti industriali che affrontano la digitalizzazione dei processi. Sono gli anni in cui nasce l\u2019Industria 4.0, e da subito Lorna punta sulla combinazione di competenze industriali e digitali. Il nuovo direttore scientifico di ARTES 4.0 \u00e8 oggi il professor Paolo Dario\",\"url\":\"https:\/\/www.artes4.it\/en\/author\/lorna-vattaartes4-it\/\"}]}<\/script>\n<!-- \/ Yoast SEO Premium plugin. -->","yoast_head_json":{"title":"Come trarre valore dalle Tecnologie 4.0:","description":"Il tema centrale del webinar riguarda la diffusione delle tecnologie 4.0, la quale ha aperto a una serie di nuove opportunit\u00e0 di business.","robots":{"index":"index","follow":"follow","max-snippet":"max-snippet:-1","max-image-preview":"max-image-preview:large","max-video-preview":"max-video-preview:-1"},"canonical":"https:\/\/www.artes4.it\/en\/news\/come-trarre-valore-dalle-tecnologie-4-0\/","og_locale":"en_US","og_type":"article","og_title":"Come trarre valore dalle Tecnologie 4.0: opportunit\u00e0 e sfide per le imprese","og_description":"Il tema centrale del webinar riguarda la diffusione delle tecnologie 4.0, la quale ha aperto a una serie di nuove opportunit\u00e0 di business.","og_url":"https:\/\/www.artes4.it\/en\/news\/come-trarre-valore-dalle-tecnologie-4-0\/","og_site_name":"Artes 4.0","article_published_time":"2020-11-09T19:20:00+00:00","article_modified_time":"2024-07-04T08:33:08+00:00","og_image":[{"width":1200,"height":628,"url":"https:\/\/www.artes4.it\/wp-content\/uploads\/2024\/03\/Banner201820novembre20-201200x628-1.png","type":"image\/png"}],"author":"Lorna Vatta","twitter_card":"summary_large_image","twitter_misc":{"Written by":"Lorna Vatta","Est. reading time":"3 minutes"},"schema":{"@context":"https:\/\/schema.org","@graph":[{"@type":"Article","@id":"https:\/\/www.artes4.it\/en\/news\/come-trarre-valore-dalle-tecnologie-4-0\/#article","isPartOf":{"@id":"https:\/\/www.artes4.it\/en\/news\/come-trarre-valore-dalle-tecnologie-4-0\/"},"author":{"name":"Lorna Vatta","@id":"https:\/\/www.artes4.it\/en\/#\/schema\/person\/0f1c2c8c0b9d274494f9df9818d34cbb"},"headline":"Come trarre valore dalle Tecnologie 4.0: opportunit\u00e0 e sfide per le imprese","datePublished":"2020-11-09T19:20:00+00:00","dateModified":"2024-07-04T08:33:08+00:00","mainEntityOfPage":{"@id":"https:\/\/www.artes4.it\/en\/news\/come-trarre-valore-dalle-tecnologie-4-0\/"},"wordCount":402,"commentCount":0,"publisher":{"@id":"https:\/\/www.artes4.it\/en\/#organization"},"image":{"@id":"https:\/\/www.artes4.it\/en\/news\/come-trarre-valore-dalle-tecnologie-4-0\/#primaryimage"},"thumbnailUrl":"https:\/\/www.artes4.it\/wp-content\/uploads\/2024\/03\/Banner201820novembre20-201200x628-1.png","keywords":["News ed eventi"],"articleSection":["News"],"inLanguage":"en-US"},{"@type":"WebPage","@id":"https:\/\/www.artes4.it\/en\/news\/come-trarre-valore-dalle-tecnologie-4-0\/","url":"https:\/\/www.artes4.it\/en\/news\/come-trarre-valore-dalle-tecnologie-4-0\/","name":"Come trarre valore dalle Tecnologie 4.0:","isPartOf":{"@id":"https:\/\/www.artes4.it\/en\/#website"},"primaryImageOfPage":{"@id":"https:\/\/www.artes4.it\/en\/news\/come-trarre-valore-dalle-tecnologie-4-0\/#primaryimage"},"image":{"@id":"https:\/\/www.artes4.it\/en\/news\/come-trarre-valore-dalle-tecnologie-4-0\/#primaryimage"},"thumbnailUrl":"https:\/\/www.artes4.it\/wp-content\/uploads\/2024\/03\/Banner201820novembre20-201200x628-1.png","datePublished":"2020-11-09T19:20:00+00:00","dateModified":"2024-07-04T08:33:08+00:00","description":"Il tema centrale del webinar riguarda la diffusione delle tecnologie 4.0, la quale ha aperto a una serie di nuove opportunit\u00e0 di business.","breadcrumb":{"@id":"https:\/\/www.artes4.it\/en\/news\/come-trarre-valore-dalle-tecnologie-4-0\/#breadcrumb"},"inLanguage":"en-US","potentialAction":[{"@type":"ReadAction","target":["https:\/\/www.artes4.it\/en\/news\/come-trarre-valore-dalle-tecnologie-4-0\/"]}]},{"@type":"ImageObject","inLanguage":"en-US","@id":"https:\/\/www.artes4.it\/en\/news\/come-trarre-valore-dalle-tecnologie-4-0\/#primaryimage","url":"https:\/\/www.artes4.it\/wp-content\/uploads\/2024\/03\/Banner201820novembre20-201200x628-1.png","contentUrl":"https:\/\/www.artes4.it\/wp-content\/uploads\/2024\/03\/Banner201820novembre20-201200x628-1.png","width":1200,"height":628},{"@type":"BreadcrumbList","@id":"https:\/\/www.artes4.it\/en\/news\/come-trarre-valore-dalle-tecnologie-4-0\/#breadcrumb","itemListElement":[{"@type":"ListItem","position":1,"name":"Home","item":"https:\/\/www.artes4.it\/en\/"},{"@type":"ListItem","position":2,"name":"Come trarre valore dalle Tecnologie 4.0: opportunit\u00e0 e sfide per le imprese"}]},{"@type":"WebSite","@id":"https:\/\/www.artes4.it\/en\/#website","url":"https:\/\/www.artes4.it\/en\/","name":"Artes 4.0","description":"","publisher":{"@id":"https:\/\/www.artes4.it\/en\/#organization"},"potentialAction":[{"@type":"SearchAction","target":{"@type":"EntryPoint","urlTemplate":"https:\/\/www.artes4.it\/en\/?s={search_term_string}"},"query-input":{"@type":"PropertyValueSpecification","valueRequired":true,"valueName":"search_term_string"}}],"inLanguage":"en-US"},{"@type":"Organization","@id":"https:\/\/www.artes4.it\/en\/#organization","name":"Artes 4.0","url":"https:\/\/www.artes4.it\/en\/","logo":{"@type":"ImageObject","inLanguage":"en-US","@id":"https:\/\/www.artes4.it\/en\/#\/schema\/logo\/image\/","url":"https:\/\/www.artes4.it\/wp-content\/uploads\/2024\/01\/logo_artes_white.jpeg","contentUrl":"https:\/\/www.artes4.it\/wp-content\/uploads\/2024\/01\/logo_artes_white.jpeg","width":462,"height":171,"caption":"Artes 4.0"},"image":{"@id":"https:\/\/www.artes4.it\/en\/#\/schema\/logo\/image\/"},"sameAs":["https:\/\/www.linkedin.com\/company\/associazione-artes-4-0\/posts\/?feedView=all"]},{"@type":"Person","@id":"https:\/\/www.artes4.it\/en\/#\/schema\/person\/0f1c2c8c0b9d274494f9df9818d34cbb","name":"Lorna Vatta","image":{"@type":"ImageObject","inLanguage":"en-US","@id":"https:\/\/www.artes4.it\/en\/#\/schema\/person\/image\/","url":"https:\/\/www.artes4.it\/wp-content\/uploads\/2024\/01\/Copia20di20Senza20titolo2014-96x96.png","contentUrl":"https:\/\/www.artes4.it\/wp-content\/uploads\/2024\/01\/Copia20di20Senza20titolo2014-96x96.png","caption":"Lorna Vatta"},"description":"Ex Direttrice Esecutiva di ARTES 4.0. Arriva ad ARTES 4.0 come naturale evoluzione del suo percorso: laureata in ingegneria gestionale al Politecnico di Milano, per 15 anni lavora in una multinazionale americana della meccanica avanzata, sempre sui fronti di sviluppo prodotti e business. In questo periodi vive e lavora anche in USA e UK, dove frequenta anche un MBA di UMIST e Manchester Business School. Completata l\u2019acquisizione e l\u2019integrazione di una media azienda italiana nel gruppo, diventa Chief Strategy &amp; Technology Officer di Fabio Perini SpA, leader mondiale della meccatronica per la trasformazione e l'imballaggio di prodotti tissue. Nel 2013 lascia la \u201cold economy\u201d e, da consulente indipendente e Business Angel, lavora con PMI e startup digitali e altamente innovative, principalmente nel business development per Clienti industriali che affrontano la digitalizzazione dei processi. Sono gli anni in cui nasce l\u2019Industria 4.0, e da subito Lorna punta sulla combinazione di competenze industriali e digitali. Il nuovo direttore scientifico di ARTES 4.0 \u00e8 oggi il professor Paolo Dario","url":"https:\/\/www.artes4.it\/en\/author\/lorna-vattaartes4-it\/"}]}},"_links":{"self":[{"href":"https:\/\/www.artes4.it\/en\/wp-json\/wp\/v2\/posts\/2522","targetHints":{"allow":["GET"]}}],"collection":[{"href":"https:\/\/www.artes4.it\/en\/wp-json\/wp\/v2\/posts"}],"about":[{"href":"https:\/\/www.artes4.it\/en\/wp-json\/wp\/v2\/types\/post"}],"author":[{"embeddable":true,"href":"https:\/\/www.artes4.it\/en\/wp-json\/wp\/v2\/users\/33"}],"replies":[{"embeddable":true,"href":"https:\/\/www.artes4.it\/en\/wp-json\/wp\/v2\/comments?post=2522"}],"version-history":[{"count":4,"href":"https:\/\/www.artes4.it\/en\/wp-json\/wp\/v2\/posts\/2522\/revisions"}],"predecessor-version":[{"id":5044,"href":"https:\/\/www.artes4.it\/en\/wp-json\/wp\/v2\/posts\/2522\/revisions\/5044"}],"wp:featuredmedia":[{"embeddable":true,"href":"https:\/\/www.artes4.it\/en\/wp-json\/wp\/v2\/media\/2521"}],"wp:attachment":[{"href":"https:\/\/www.artes4.it\/en\/wp-json\/wp\/v2\/media?parent=2522"}],"wp:term":[{"taxonomy":"category","embeddable":true,"href":"https:\/\/www.artes4.it\/en\/wp-json\/wp\/v2\/categories?post=2522"},{"taxonomy":"post_tag","embeddable":true,"href":"https:\/\/www.artes4.it\/en\/wp-json\/wp\/v2\/tags?post=2522"},{"taxonomy":"anno_doc","embeddable":true,"href":"https:\/\/www.artes4.it\/en\/wp-json\/wp\/v2\/anno_doc?post=2522"}],"curies":[{"name":"wp","href":"https:\/\/api.w.org\/{rel}","templated":true}]}}