{"id":2524,"date":"2020-11-05T20:20:00","date_gmt":"2020-11-05T19:20:00","guid":{"rendered":"https:\/\/www.artes4.it\/2020\/11\/05\/webinar-cnrartes-4-0-elaborazione-di-immagini-augmented-reality-e-intelligent-systems-in-industria-4-0\/"},"modified":"2024-07-04T10:31:51","modified_gmt":"2024-07-04T08:31:51","slug":"elaborazione-di-immagini-augmented-reality-e-intelligent-systems-in-industria-4-0","status":"publish","type":"post","link":"https:\/\/www.artes4.it\/en\/news\/elaborazione-di-immagini-augmented-reality-e-intelligent-systems-in-industria-4-0\/","title":{"rendered":"Elaborazione di immagini, Augmented reality e intelligent systems in Industria 4.0"},"content":{"rendered":"<div class=\"flex-shrink-0 flex flex-col relative items-end\">\n<div>\n<div class=\"pt-0.5 juice:pt-0\">\n<div class=\"gizmo-bot-avatar flex h-6 w-6 items-center justify-center overflow-hidden rounded-full juice:h-8 juice:w-8\">\n<h4 class=\"relative p-1 rounded-sm flex items-center justify-center bg-token-main-surface-primary text-token-text-primary h-8 w-8\">Il ciclo dei Webinar CNR@ARTES 4.0<\/h4>\n<\/div>\n<\/div>\n<\/div>\n<\/div>\n<div class=\"group\/conversation-turn relative flex w-full min-w-0 flex-col agent-turn\">\n<div class=\"flex-col gap-1 md:gap-3\">\n<div class=\"flex flex-grow flex-col max-w-full\">\n<div class=\"min-h-[20px] text-message flex flex-col items-start whitespace-pre-wrap break-words [.text-message+&amp;]:mt-5 juice:w-full juice:items-end overflow-x-auto gap-2\" dir=\"auto\" data-message-author-role=\"assistant\" data-message-id=\"bb3b8289-e2b0-48da-8c0d-99d5bcfd4936\">\n<div class=\"flex w-full flex-col gap-1 juice:empty:hidden juice:first:pt-[3px]\">\n<div class=\"markdown prose w-full break-words dark:prose-invert light\">\n<p>ARTES 4.0 e il Consiglio Nazionale delle Ricerche organizzano il Webinar &#8220;CNR@ARTES 4.0: Elaborazione di immagini, Augmented reality e intelligent systems in Industria 4.0&#8221;, il giorno 12 novembre alle ore 11:30.<\/p>\n<p>Massimo Selva, Ricercatore presso l&#8217;Istituto di Fisica Applicata &#8220;Nello Carrara&#8221; del CNR, presenter\u00e0 le principali competenze del Laboratorio Elaborazione di Immagini dell&#8217;Istituto. A seguire, Davide Moroni, Ricercatore presso ISTI-CNR e Responsabile del Laboratorio Segnali e Immagini, descriver\u00e0 le specificit\u00e0 degli scenari industriali per l\u2019utilizzo di VR\/AR\/MR, individuando le potenzialit\u00e0 connesse alla loro integrazione con sistemi intelligenti per il supporto alla operazione, monitoraggio e manutenzione delle facilities.<\/p>\n<p>L&#8217;elaborazione di immagini e la realt\u00e0 aumentata (AR) stanno rivoluzionando l&#8217;Industria 4.0, introducendo nuove modalit\u00e0 per migliorare l&#8217;efficienza e la precisione nei processi industriali. Il webinar si concentrer\u00e0 sul ruolo cruciale che queste tecnologie giocano nel contesto attuale, esplorando come possono essere integrate con sistemi intelligenti per ottimizzare le operazioni quotidiane e garantire un ambiente di lavoro pi\u00f9 sicuro ed efficiente.<\/p>\n<p>Massimo Selva, con la sua esperienza nell&#8217;Istituto &#8220;Nello Carrara&#8221;, porter\u00e0 alla luce le competenze avanzate nel campo dell&#8217;elaborazione di immagini, evidenziando come la capacit\u00e0 di analizzare e interpretare dati visivi sia fondamentale per migliorare la qualit\u00e0 e l&#8217;affidabilit\u00e0 dei processi industriali. Le applicazioni di questa tecnologia spaziano dalla visione artificiale per il controllo qualit\u00e0 alla robotica avanzata, consentendo un controllo pi\u00f9 preciso e tempestivo delle operazioni di produzione.<\/p>\n<p>Davide Moroni affronter\u00e0 invece il tema dell&#8217;AR, della realt\u00e0 virtuale (VR) e della realt\u00e0 mista (MR) nell&#8217;ambito industriale. Queste tecnologie non solo migliorano l&#8217;interfaccia uomo-macchina, rendendola pi\u00f9 intuitiva e interattiva, ma offrono anche nuove modalit\u00e0 di formazione, manutenzione e monitoraggio delle attivit\u00e0 industriali. La loro integrazione con sistemi intelligenti permette una gestione predittiva e preventiva delle facilities, riducendo il downtime e ottimizzando le risorse.<\/p>\n<h4>Il focus argomentativo<\/h4>\n<p>Durante il webinar, sar\u00e0 fondamentale esplorare anche le sfide associate a queste tecnologie emergenti, come la sicurezza dei dati e l&#8217;adeguata formazione del personale per l&#8217;adozione e l&#8217;utilizzo efficace delle stesse. La discussione mira a coinvolgere esperti del settore, decision makers e accademici interessati a comprendere appieno il potenziale e le implicazioni di queste innovazioni per l&#8217;Industria 4.0.<\/p>\n<p>Non perdere l&#8217;opportunit\u00e0 di partecipare a questa discussione approfondita sui trend e sulle applicazioni avanzate di elaborazione di immagini, realt\u00e0 aumentata e sistemi intelligenti nel contesto dell&#8217;Industria 4.0. Registrati ora per il webinar &#8220;CNR@ARTES 4.0: Elaborazione di immagini, Augmented reality e intelligent systems in Industria 4.0&#8221; il 12 novembre alle ore 11:30.<\/p>\n<\/div>\n<\/div>\n<\/div>\n<\/div>\n<\/div>\n<\/div>\n<p><!--more--><\/p>\n<p><strong>Per maggiori informazioni e per registrarsi al webinar del 12 novembre: <a href=\"https:\/\/lp.artes4.it\/webinar-12-novembre-artes-e-cnr\" target=\"_blank\" rel=\"noopener\">cliccare qui<\/a>.<\/strong><\/p>\n<p><strong>Per maggiori informazioni sul ciclo di webinar: <a href=\"https:\/\/lp.artes4.it\/scopri-i-webinar-di-artes-e-cnr\" target=\"_blank\" rel=\"noopener\">cliccare qui<\/a>.<\/strong><\/p>\n<p>&nbsp;<\/p>\n","protected":false},"excerpt":{"rendered":"<p>Il ciclo dei Webinar CNR@ARTES 4.0 ARTES 4.0 e il Consiglio Nazionale delle Ricerche organizzano il Webinar &#8220;CNR@ARTES 4.0: Elaborazione di immagini, Augmented reality e intelligent systems in Industria 4.0&#8221;, il giorno 12 novembre alle ore 11:30. Massimo Selva, Ricercatore presso l&#8217;Istituto di Fisica Applicata &#8220;Nello Carrara&#8221; del CNR, presenter\u00e0 le principali competenze del Laboratorio [&hellip;]<\/p>\n","protected":false},"author":33,"featured_media":2523,"comment_status":"open","ping_status":"closed","sticky":false,"template":"","format":"standard","meta":{"_acf_changed":false,"footnotes":""},"categories":[1],"tags":[93],"anno_doc":[],"class_list":["post-2524","post","type-post","status-publish","format-standard","has-post-thumbnail","hentry","category-news","tag-news-ed-eventi"],"acf":[],"yoast_head":"<!-- This site is optimized with the Yoast SEO Premium plugin v22.8 (Yoast SEO v25.8) - https:\/\/yoast.com\/wordpress\/plugins\/seo\/ -->\n<title>Augmented reality e intelligent systems in Industria 4.0<\/title>\n<meta name=\"description\" content=\"Il webinar CNR@ARTES 4.0 tratter\u00e0 di argomenti quali: l&#039;elaborazione di immagini, l&#039;augmented reality e intelligent systems in Industria 4.0.\" \/>\n<meta name=\"robots\" content=\"index, follow, max-snippet:-1, max-image-preview:large, max-video-preview:-1\" \/>\n<link rel=\"canonical\" href=\"https:\/\/www.artes4.it\/en\/news\/elaborazione-di-immagini-augmented-reality-e-intelligent-systems-in-industria-4-0\/\" \/>\n<meta property=\"og:locale\" content=\"en_US\" \/>\n<meta property=\"og:type\" content=\"article\" \/>\n<meta property=\"og:title\" content=\"Elaborazione di immagini, Augmented reality e intelligent systems in Industria 4.0\" \/>\n<meta property=\"og:description\" content=\"Il webinar CNR@ARTES 4.0 tratter\u00e0 di argomenti quali: l&#039;elaborazione di immagini, l&#039;augmented reality e intelligent systems in Industria 4.0.\" \/>\n<meta property=\"og:url\" content=\"https:\/\/www.artes4.it\/en\/news\/elaborazione-di-immagini-augmented-reality-e-intelligent-systems-in-industria-4-0\/\" \/>\n<meta property=\"og:site_name\" content=\"Artes 4.0\" \/>\n<meta property=\"article:published_time\" content=\"2020-11-05T19:20:00+00:00\" \/>\n<meta property=\"article:modified_time\" content=\"2024-07-04T08:31:51+00:00\" \/>\n<meta property=\"og:image\" content=\"https:\/\/www.artes4.it\/wp-content\/uploads\/2024\/03\/1200x628-Nov-05-2020-01-46-04-08-PM.png\" \/>\n\t<meta property=\"og:image:width\" content=\"1200\" \/>\n\t<meta property=\"og:image:height\" content=\"628\" \/>\n\t<meta property=\"og:image:type\" content=\"image\/png\" \/>\n<meta name=\"author\" content=\"Lorna Vatta\" \/>\n<meta name=\"twitter:card\" content=\"summary_large_image\" \/>\n<meta name=\"twitter:label1\" content=\"Written by\" \/>\n\t<meta name=\"twitter:data1\" content=\"Lorna Vatta\" \/>\n\t<meta name=\"twitter:label2\" content=\"Est. reading time\" \/>\n\t<meta name=\"twitter:data2\" content=\"3 minutes\" \/>\n<script type=\"application\/ld+json\" class=\"yoast-schema-graph\">{\"@context\":\"https:\/\/schema.org\",\"@graph\":[{\"@type\":\"Article\",\"@id\":\"https:\/\/www.artes4.it\/en\/news\/elaborazione-di-immagini-augmented-reality-e-intelligent-systems-in-industria-4-0\/#article\",\"isPartOf\":{\"@id\":\"https:\/\/www.artes4.it\/en\/news\/elaborazione-di-immagini-augmented-reality-e-intelligent-systems-in-industria-4-0\/\"},\"author\":{\"name\":\"Lorna Vatta\",\"@id\":\"https:\/\/www.artes4.it\/en\/#\/schema\/person\/0f1c2c8c0b9d274494f9df9818d34cbb\"},\"headline\":\"Elaborazione di immagini, Augmented reality e intelligent systems in Industria 4.0\",\"datePublished\":\"2020-11-05T19:20:00+00:00\",\"dateModified\":\"2024-07-04T08:31:51+00:00\",\"mainEntityOfPage\":{\"@id\":\"https:\/\/www.artes4.it\/en\/news\/elaborazione-di-immagini-augmented-reality-e-intelligent-systems-in-industria-4-0\/\"},\"wordCount\":451,\"commentCount\":0,\"publisher\":{\"@id\":\"https:\/\/www.artes4.it\/en\/#organization\"},\"image\":{\"@id\":\"https:\/\/www.artes4.it\/en\/news\/elaborazione-di-immagini-augmented-reality-e-intelligent-systems-in-industria-4-0\/#primaryimage\"},\"thumbnailUrl\":\"https:\/\/www.artes4.it\/wp-content\/uploads\/2024\/03\/1200x628-Nov-05-2020-01-46-04-08-PM.png\",\"keywords\":[\"News ed eventi\"],\"articleSection\":[\"News\"],\"inLanguage\":\"en-US\"},{\"@type\":\"WebPage\",\"@id\":\"https:\/\/www.artes4.it\/en\/news\/elaborazione-di-immagini-augmented-reality-e-intelligent-systems-in-industria-4-0\/\",\"url\":\"https:\/\/www.artes4.it\/en\/news\/elaborazione-di-immagini-augmented-reality-e-intelligent-systems-in-industria-4-0\/\",\"name\":\"Augmented reality e intelligent systems in Industria 4.0\",\"isPartOf\":{\"@id\":\"https:\/\/www.artes4.it\/en\/#website\"},\"primaryImageOfPage\":{\"@id\":\"https:\/\/www.artes4.it\/en\/news\/elaborazione-di-immagini-augmented-reality-e-intelligent-systems-in-industria-4-0\/#primaryimage\"},\"image\":{\"@id\":\"https:\/\/www.artes4.it\/en\/news\/elaborazione-di-immagini-augmented-reality-e-intelligent-systems-in-industria-4-0\/#primaryimage\"},\"thumbnailUrl\":\"https:\/\/www.artes4.it\/wp-content\/uploads\/2024\/03\/1200x628-Nov-05-2020-01-46-04-08-PM.png\",\"datePublished\":\"2020-11-05T19:20:00+00:00\",\"dateModified\":\"2024-07-04T08:31:51+00:00\",\"description\":\"Il webinar CNR@ARTES 4.0 tratter\u00e0 di argomenti quali: l'elaborazione di immagini, l'augmented reality e intelligent systems in Industria 4.0.\",\"breadcrumb\":{\"@id\":\"https:\/\/www.artes4.it\/en\/news\/elaborazione-di-immagini-augmented-reality-e-intelligent-systems-in-industria-4-0\/#breadcrumb\"},\"inLanguage\":\"en-US\",\"potentialAction\":[{\"@type\":\"ReadAction\",\"target\":[\"https:\/\/www.artes4.it\/en\/news\/elaborazione-di-immagini-augmented-reality-e-intelligent-systems-in-industria-4-0\/\"]}]},{\"@type\":\"ImageObject\",\"inLanguage\":\"en-US\",\"@id\":\"https:\/\/www.artes4.it\/en\/news\/elaborazione-di-immagini-augmented-reality-e-intelligent-systems-in-industria-4-0\/#primaryimage\",\"url\":\"https:\/\/www.artes4.it\/wp-content\/uploads\/2024\/03\/1200x628-Nov-05-2020-01-46-04-08-PM.png\",\"contentUrl\":\"https:\/\/www.artes4.it\/wp-content\/uploads\/2024\/03\/1200x628-Nov-05-2020-01-46-04-08-PM.png\",\"width\":1200,\"height\":628},{\"@type\":\"BreadcrumbList\",\"@id\":\"https:\/\/www.artes4.it\/en\/news\/elaborazione-di-immagini-augmented-reality-e-intelligent-systems-in-industria-4-0\/#breadcrumb\",\"itemListElement\":[{\"@type\":\"ListItem\",\"position\":1,\"name\":\"Home\",\"item\":\"https:\/\/www.artes4.it\/en\/\"},{\"@type\":\"ListItem\",\"position\":2,\"name\":\"Elaborazione di immagini, Augmented reality e intelligent systems in Industria 4.0\"}]},{\"@type\":\"WebSite\",\"@id\":\"https:\/\/www.artes4.it\/en\/#website\",\"url\":\"https:\/\/www.artes4.it\/en\/\",\"name\":\"Artes 4.0\",\"description\":\"\",\"publisher\":{\"@id\":\"https:\/\/www.artes4.it\/en\/#organization\"},\"potentialAction\":[{\"@type\":\"SearchAction\",\"target\":{\"@type\":\"EntryPoint\",\"urlTemplate\":\"https:\/\/www.artes4.it\/en\/?s={search_term_string}\"},\"query-input\":{\"@type\":\"PropertyValueSpecification\",\"valueRequired\":true,\"valueName\":\"search_term_string\"}}],\"inLanguage\":\"en-US\"},{\"@type\":\"Organization\",\"@id\":\"https:\/\/www.artes4.it\/en\/#organization\",\"name\":\"Artes 4.0\",\"url\":\"https:\/\/www.artes4.it\/en\/\",\"logo\":{\"@type\":\"ImageObject\",\"inLanguage\":\"en-US\",\"@id\":\"https:\/\/www.artes4.it\/en\/#\/schema\/logo\/image\/\",\"url\":\"https:\/\/www.artes4.it\/wp-content\/uploads\/2024\/01\/logo_artes_white.jpeg\",\"contentUrl\":\"https:\/\/www.artes4.it\/wp-content\/uploads\/2024\/01\/logo_artes_white.jpeg\",\"width\":462,\"height\":171,\"caption\":\"Artes 4.0\"},\"image\":{\"@id\":\"https:\/\/www.artes4.it\/en\/#\/schema\/logo\/image\/\"},\"sameAs\":[\"https:\/\/www.linkedin.com\/company\/associazione-artes-4-0\/posts\/?feedView=all\"]},{\"@type\":\"Person\",\"@id\":\"https:\/\/www.artes4.it\/en\/#\/schema\/person\/0f1c2c8c0b9d274494f9df9818d34cbb\",\"name\":\"Lorna Vatta\",\"image\":{\"@type\":\"ImageObject\",\"inLanguage\":\"en-US\",\"@id\":\"https:\/\/www.artes4.it\/en\/#\/schema\/person\/image\/\",\"url\":\"https:\/\/www.artes4.it\/wp-content\/uploads\/2024\/01\/Copia20di20Senza20titolo2014-96x96.png\",\"contentUrl\":\"https:\/\/www.artes4.it\/wp-content\/uploads\/2024\/01\/Copia20di20Senza20titolo2014-96x96.png\",\"caption\":\"Lorna Vatta\"},\"description\":\"Ex Direttrice Esecutiva di ARTES 4.0. Arriva ad ARTES 4.0 come naturale evoluzione del suo percorso: laureata in ingegneria gestionale al Politecnico di Milano, per 15 anni lavora in una multinazionale americana della meccanica avanzata, sempre sui fronti di sviluppo prodotti e business. In questo periodi vive e lavora anche in USA e UK, dove frequenta anche un MBA di UMIST e Manchester Business School. Completata l\u2019acquisizione e l\u2019integrazione di una media azienda italiana nel gruppo, diventa Chief Strategy &amp; Technology Officer di Fabio Perini SpA, leader mondiale della meccatronica per la trasformazione e l'imballaggio di prodotti tissue. Nel 2013 lascia la \u201cold economy\u201d e, da consulente indipendente e Business Angel, lavora con PMI e startup digitali e altamente innovative, principalmente nel business development per Clienti industriali che affrontano la digitalizzazione dei processi. Sono gli anni in cui nasce l\u2019Industria 4.0, e da subito Lorna punta sulla combinazione di competenze industriali e digitali. Il nuovo direttore scientifico di ARTES 4.0 \u00e8 oggi il professor Paolo Dario\",\"url\":\"https:\/\/www.artes4.it\/en\/author\/lorna-vattaartes4-it\/\"}]}<\/script>\n<!-- \/ Yoast SEO Premium plugin. -->","yoast_head_json":{"title":"Augmented reality e intelligent systems in Industria 4.0","description":"Il webinar CNR@ARTES 4.0 tratter\u00e0 di argomenti quali: l'elaborazione di immagini, l'augmented reality e intelligent systems in Industria 4.0.","robots":{"index":"index","follow":"follow","max-snippet":"max-snippet:-1","max-image-preview":"max-image-preview:large","max-video-preview":"max-video-preview:-1"},"canonical":"https:\/\/www.artes4.it\/en\/news\/elaborazione-di-immagini-augmented-reality-e-intelligent-systems-in-industria-4-0\/","og_locale":"en_US","og_type":"article","og_title":"Elaborazione di immagini, Augmented reality e intelligent systems in Industria 4.0","og_description":"Il webinar CNR@ARTES 4.0 tratter\u00e0 di argomenti quali: l'elaborazione di immagini, l'augmented reality e intelligent systems in Industria 4.0.","og_url":"https:\/\/www.artes4.it\/en\/news\/elaborazione-di-immagini-augmented-reality-e-intelligent-systems-in-industria-4-0\/","og_site_name":"Artes 4.0","article_published_time":"2020-11-05T19:20:00+00:00","article_modified_time":"2024-07-04T08:31:51+00:00","og_image":[{"width":1200,"height":628,"url":"https:\/\/www.artes4.it\/wp-content\/uploads\/2024\/03\/1200x628-Nov-05-2020-01-46-04-08-PM.png","type":"image\/png"}],"author":"Lorna Vatta","twitter_card":"summary_large_image","twitter_misc":{"Written by":"Lorna Vatta","Est. reading time":"3 minutes"},"schema":{"@context":"https:\/\/schema.org","@graph":[{"@type":"Article","@id":"https:\/\/www.artes4.it\/en\/news\/elaborazione-di-immagini-augmented-reality-e-intelligent-systems-in-industria-4-0\/#article","isPartOf":{"@id":"https:\/\/www.artes4.it\/en\/news\/elaborazione-di-immagini-augmented-reality-e-intelligent-systems-in-industria-4-0\/"},"author":{"name":"Lorna Vatta","@id":"https:\/\/www.artes4.it\/en\/#\/schema\/person\/0f1c2c8c0b9d274494f9df9818d34cbb"},"headline":"Elaborazione di immagini, Augmented reality e intelligent systems in Industria 4.0","datePublished":"2020-11-05T19:20:00+00:00","dateModified":"2024-07-04T08:31:51+00:00","mainEntityOfPage":{"@id":"https:\/\/www.artes4.it\/en\/news\/elaborazione-di-immagini-augmented-reality-e-intelligent-systems-in-industria-4-0\/"},"wordCount":451,"commentCount":0,"publisher":{"@id":"https:\/\/www.artes4.it\/en\/#organization"},"image":{"@id":"https:\/\/www.artes4.it\/en\/news\/elaborazione-di-immagini-augmented-reality-e-intelligent-systems-in-industria-4-0\/#primaryimage"},"thumbnailUrl":"https:\/\/www.artes4.it\/wp-content\/uploads\/2024\/03\/1200x628-Nov-05-2020-01-46-04-08-PM.png","keywords":["News ed eventi"],"articleSection":["News"],"inLanguage":"en-US"},{"@type":"WebPage","@id":"https:\/\/www.artes4.it\/en\/news\/elaborazione-di-immagini-augmented-reality-e-intelligent-systems-in-industria-4-0\/","url":"https:\/\/www.artes4.it\/en\/news\/elaborazione-di-immagini-augmented-reality-e-intelligent-systems-in-industria-4-0\/","name":"Augmented reality e intelligent systems in Industria 4.0","isPartOf":{"@id":"https:\/\/www.artes4.it\/en\/#website"},"primaryImageOfPage":{"@id":"https:\/\/www.artes4.it\/en\/news\/elaborazione-di-immagini-augmented-reality-e-intelligent-systems-in-industria-4-0\/#primaryimage"},"image":{"@id":"https:\/\/www.artes4.it\/en\/news\/elaborazione-di-immagini-augmented-reality-e-intelligent-systems-in-industria-4-0\/#primaryimage"},"thumbnailUrl":"https:\/\/www.artes4.it\/wp-content\/uploads\/2024\/03\/1200x628-Nov-05-2020-01-46-04-08-PM.png","datePublished":"2020-11-05T19:20:00+00:00","dateModified":"2024-07-04T08:31:51+00:00","description":"Il webinar CNR@ARTES 4.0 tratter\u00e0 di argomenti quali: l'elaborazione di immagini, l'augmented reality e intelligent systems in Industria 4.0.","breadcrumb":{"@id":"https:\/\/www.artes4.it\/en\/news\/elaborazione-di-immagini-augmented-reality-e-intelligent-systems-in-industria-4-0\/#breadcrumb"},"inLanguage":"en-US","potentialAction":[{"@type":"ReadAction","target":["https:\/\/www.artes4.it\/en\/news\/elaborazione-di-immagini-augmented-reality-e-intelligent-systems-in-industria-4-0\/"]}]},{"@type":"ImageObject","inLanguage":"en-US","@id":"https:\/\/www.artes4.it\/en\/news\/elaborazione-di-immagini-augmented-reality-e-intelligent-systems-in-industria-4-0\/#primaryimage","url":"https:\/\/www.artes4.it\/wp-content\/uploads\/2024\/03\/1200x628-Nov-05-2020-01-46-04-08-PM.png","contentUrl":"https:\/\/www.artes4.it\/wp-content\/uploads\/2024\/03\/1200x628-Nov-05-2020-01-46-04-08-PM.png","width":1200,"height":628},{"@type":"BreadcrumbList","@id":"https:\/\/www.artes4.it\/en\/news\/elaborazione-di-immagini-augmented-reality-e-intelligent-systems-in-industria-4-0\/#breadcrumb","itemListElement":[{"@type":"ListItem","position":1,"name":"Home","item":"https:\/\/www.artes4.it\/en\/"},{"@type":"ListItem","position":2,"name":"Elaborazione di immagini, Augmented reality e intelligent systems in Industria 4.0"}]},{"@type":"WebSite","@id":"https:\/\/www.artes4.it\/en\/#website","url":"https:\/\/www.artes4.it\/en\/","name":"Artes 4.0","description":"","publisher":{"@id":"https:\/\/www.artes4.it\/en\/#organization"},"potentialAction":[{"@type":"SearchAction","target":{"@type":"EntryPoint","urlTemplate":"https:\/\/www.artes4.it\/en\/?s={search_term_string}"},"query-input":{"@type":"PropertyValueSpecification","valueRequired":true,"valueName":"search_term_string"}}],"inLanguage":"en-US"},{"@type":"Organization","@id":"https:\/\/www.artes4.it\/en\/#organization","name":"Artes 4.0","url":"https:\/\/www.artes4.it\/en\/","logo":{"@type":"ImageObject","inLanguage":"en-US","@id":"https:\/\/www.artes4.it\/en\/#\/schema\/logo\/image\/","url":"https:\/\/www.artes4.it\/wp-content\/uploads\/2024\/01\/logo_artes_white.jpeg","contentUrl":"https:\/\/www.artes4.it\/wp-content\/uploads\/2024\/01\/logo_artes_white.jpeg","width":462,"height":171,"caption":"Artes 4.0"},"image":{"@id":"https:\/\/www.artes4.it\/en\/#\/schema\/logo\/image\/"},"sameAs":["https:\/\/www.linkedin.com\/company\/associazione-artes-4-0\/posts\/?feedView=all"]},{"@type":"Person","@id":"https:\/\/www.artes4.it\/en\/#\/schema\/person\/0f1c2c8c0b9d274494f9df9818d34cbb","name":"Lorna Vatta","image":{"@type":"ImageObject","inLanguage":"en-US","@id":"https:\/\/www.artes4.it\/en\/#\/schema\/person\/image\/","url":"https:\/\/www.artes4.it\/wp-content\/uploads\/2024\/01\/Copia20di20Senza20titolo2014-96x96.png","contentUrl":"https:\/\/www.artes4.it\/wp-content\/uploads\/2024\/01\/Copia20di20Senza20titolo2014-96x96.png","caption":"Lorna Vatta"},"description":"Ex Direttrice Esecutiva di ARTES 4.0. Arriva ad ARTES 4.0 come naturale evoluzione del suo percorso: laureata in ingegneria gestionale al Politecnico di Milano, per 15 anni lavora in una multinazionale americana della meccanica avanzata, sempre sui fronti di sviluppo prodotti e business. In questo periodi vive e lavora anche in USA e UK, dove frequenta anche un MBA di UMIST e Manchester Business School. Completata l\u2019acquisizione e l\u2019integrazione di una media azienda italiana nel gruppo, diventa Chief Strategy &amp; Technology Officer di Fabio Perini SpA, leader mondiale della meccatronica per la trasformazione e l'imballaggio di prodotti tissue. Nel 2013 lascia la \u201cold economy\u201d e, da consulente indipendente e Business Angel, lavora con PMI e startup digitali e altamente innovative, principalmente nel business development per Clienti industriali che affrontano la digitalizzazione dei processi. Sono gli anni in cui nasce l\u2019Industria 4.0, e da subito Lorna punta sulla combinazione di competenze industriali e digitali. Il nuovo direttore scientifico di ARTES 4.0 \u00e8 oggi il professor Paolo Dario","url":"https:\/\/www.artes4.it\/en\/author\/lorna-vattaartes4-it\/"}]}},"_links":{"self":[{"href":"https:\/\/www.artes4.it\/en\/wp-json\/wp\/v2\/posts\/2524","targetHints":{"allow":["GET"]}}],"collection":[{"href":"https:\/\/www.artes4.it\/en\/wp-json\/wp\/v2\/posts"}],"about":[{"href":"https:\/\/www.artes4.it\/en\/wp-json\/wp\/v2\/types\/post"}],"author":[{"embeddable":true,"href":"https:\/\/www.artes4.it\/en\/wp-json\/wp\/v2\/users\/33"}],"replies":[{"embeddable":true,"href":"https:\/\/www.artes4.it\/en\/wp-json\/wp\/v2\/comments?post=2524"}],"version-history":[{"count":4,"href":"https:\/\/www.artes4.it\/en\/wp-json\/wp\/v2\/posts\/2524\/revisions"}],"predecessor-version":[{"id":5040,"href":"https:\/\/www.artes4.it\/en\/wp-json\/wp\/v2\/posts\/2524\/revisions\/5040"}],"wp:featuredmedia":[{"embeddable":true,"href":"https:\/\/www.artes4.it\/en\/wp-json\/wp\/v2\/media\/2523"}],"wp:attachment":[{"href":"https:\/\/www.artes4.it\/en\/wp-json\/wp\/v2\/media?parent=2524"}],"wp:term":[{"taxonomy":"category","embeddable":true,"href":"https:\/\/www.artes4.it\/en\/wp-json\/wp\/v2\/categories?post=2524"},{"taxonomy":"post_tag","embeddable":true,"href":"https:\/\/www.artes4.it\/en\/wp-json\/wp\/v2\/tags?post=2524"},{"taxonomy":"anno_doc","embeddable":true,"href":"https:\/\/www.artes4.it\/en\/wp-json\/wp\/v2\/anno_doc?post=2524"}],"curies":[{"name":"wp","href":"https:\/\/api.w.org\/{rel}","templated":true}]}}