{"id":2526,"date":"2020-10-30T20:20:00","date_gmt":"2020-10-30T19:20:00","guid":{"rendered":"https:\/\/www.artes4.it\/2020\/10\/30\/webinar-cnrartes-4-0-i-mestieri-del-futuro-e-il-laboratorio-human-interfaces-in-information-systems\/"},"modified":"2024-07-04T10:27:37","modified_gmt":"2024-07-04T08:27:37","slug":"webinar-cnrartes-4-0-i-mestieri-del-futuro","status":"publish","type":"post","link":"https:\/\/www.artes4.it\/en\/news\/webinar-cnrartes-4-0-i-mestieri-del-futuro\/","title":{"rendered":"Webinar CNR@ARTES 4.0: I mestieri del futuro"},"content":{"rendered":"<div class=\"flex flex-grow flex-col max-w-full\">\n<div class=\"min-h-[20px] text-message flex flex-col items-start whitespace-pre-wrap break-words [.text-message+&amp;]:mt-5 juice:w-full juice:items-end overflow-x-auto gap-2\" dir=\"auto\" data-message-author-role=\"assistant\" data-message-id=\"3ccedc9c-c601-4fa0-af3d-a7c58601d250\">\n<div class=\"flex w-full flex-col gap-1 juice:empty:hidden juice:first:pt-[3px]\">\n<div class=\"markdown prose w-full break-words dark:prose-invert light\">\n<p>ARTES 4.0 e il Consiglio Nazionale delle Ricerche organizzano il Webinar <strong>&#8220;CNR@ARTES 4.0: I mestieri del futuro e il laboratorio &#8220;Human Interfaces in Information Systems<\/strong>&#8220;, il giorno 5 novembre alle ore 11:30.<\/p>\n<p><strong>Darya Majidi, CEO Daxo Group<\/strong>, discuter\u00e0 delle competenze richieste per i mestieri del futuro. A seguire, <strong>Carmen Santoro, Primo Ricercatore presso ISTI-CNR<\/strong>, offrir\u00e0 una panoramica delle recenti attivit\u00e0 svolte dall&#8217;HIIS Lab nell&#8217;ambito della Human-Computer Interaction.<\/p>\n<p>Nell&#8217;attuale panorama industriale, la trasformazione digitale ha rivoluzionato non solo i processi produttivi ma anche le competenze richieste ai lavoratori. A fronte di questa evoluzione, il webinar si propone di esplorare le dinamiche del mercato del lavoro del futuro, focalizzandosi sui settori chiave e sulle abilit\u00e0 emergenti necessarie per restare competitivi.<\/p>\n<h4>Gli argomenti trattati<\/h4>\n<p>Uno degli elementi centrali della discussione sar\u00e0 l&#8217;importanza delle competenze trasversali, quali la capacit\u00e0 di adattamento, la creativit\u00e0 e la capacit\u00e0 di risoluzione dei problemi complessi. <strong>Darya Majidi,<\/strong> con la sua esperienza nel campo del business e dell&#8217;innovazione, condivider\u00e0 insights preziosi su come le aziende stanno ridefinendo le aspettative nei confronti dei loro dipendenti e come gli individui possono prepararsi per abbracciare le sfide del futuro.<\/p>\n<p>Parallelamente, <strong>Carmen Santoro<\/strong> presenter\u00e0 le ultime ricerche condotte presso l&#8217;HIIS Lab, sottolineando l&#8217;importanza della interazione uomo-macchina nei sistemi informativi. Questo laboratorio si distingue per il suo impegno nello sviluppo di interfacce utente intuitive e efficaci, capaci di migliorare l&#8217;esperienza dell&#8217;utente e di aumentare l&#8217;efficienza delle operazioni.<\/p>\n<p>Durante il webinar, verranno anche esplorate le implicazioni etiche e sociali delle tecnologie emergenti, nonch\u00e9 le strategie per garantire un futuro digitale equo e inclusivo per tutti. La discussione mira a coinvolgere non solo esperti del settore, ma anche studenti, professionisti e decisori politici interessati a comprendere meglio come prepararsi per il cambiamento continuo nel mondo del lavoro e nella societ\u00e0 in generale.<\/p>\n<p>Infine, il webinar fornir\u00e0 spunti pratici su come le istituzioni accademiche e le aziende possono collaborare per promuovere l&#8217;innovazione e la formazione continua, assicurando che le future generazioni di lavoratori siano adeguatamente preparate per sfruttare appieno le opportunit\u00e0 offerte dalla rivoluzione digitale.<\/p>\n<p>Non mancare a questo evento unico per esplorare i mestieri del futuro e le frontiere della Human-Computer Interaction, registrandoti ora per partecipare al webinar &#8220;CNR@ARTES 4.0: I mestieri del futuro e il laboratorio &#8220;Human Interfaces in Information Systems&#8221; il 5 novembre alle ore 11:30.<\/p>\n<\/div>\n<\/div>\n<\/div>\n<\/div>\n<p><!--more--><\/p>\n<p><strong>Per maggiori informazioni e per registrarsi al webinar del 5 novembre: <a href=\"https:\/\/lp.artes4.it\/webinar-5-novembre-artes-e-cnr\" target=\"_blank\" rel=\"noopener\">cliccare qui<\/a>.<\/strong><\/p>\n<p><strong>Per maggiori informazioni sul ciclo di webinar: <a href=\"https:\/\/lp.artes4.it\/scopri-i-webinar-di-artes-e-cnr\" target=\"_blank\" rel=\"noopener\">cliccare qui<\/a>.<\/strong><\/p>\n<p>&nbsp;<\/p>\n","protected":false},"excerpt":{"rendered":"<p>ARTES 4.0 e il Consiglio Nazionale delle Ricerche organizzano il Webinar &#8220;CNR@ARTES 4.0: I mestieri del futuro e il laboratorio &#8220;Human Interfaces in Information Systems&#8220;, il giorno 5 novembre alle ore 11:30. Darya Majidi, CEO Daxo Group, discuter\u00e0 delle competenze richieste per i mestieri del futuro. A seguire, Carmen Santoro, Primo Ricercatore presso ISTI-CNR, offrir\u00e0 [&hellip;]<\/p>\n","protected":false},"author":33,"featured_media":2525,"comment_status":"open","ping_status":"closed","sticky":false,"template":"","format":"standard","meta":{"_acf_changed":false,"footnotes":""},"categories":[1],"tags":[93],"anno_doc":[],"class_list":["post-2526","post","type-post","status-publish","format-standard","has-post-thumbnail","hentry","category-news","tag-news-ed-eventi"],"acf":[],"yoast_head":"<!-- This site is optimized with the Yoast SEO Premium plugin v22.8 (Yoast SEO v25.8) - https:\/\/yoast.com\/wordpress\/plugins\/seo\/ -->\n<title>Webinar CNR@ARTES 4.0: I mestieri del futuro - Artes 4.0<\/title>\n<meta name=\"description\" content=\"Il Webinar vede tra le protagoniste Darya Majidi, CEO Daxo Group, la quale discuter\u00e0 delle competenze richieste per i mestieri del futuro.\" \/>\n<meta name=\"robots\" content=\"index, follow, max-snippet:-1, max-image-preview:large, max-video-preview:-1\" \/>\n<link rel=\"canonical\" href=\"https:\/\/www.artes4.it\/en\/news\/webinar-cnrartes-4-0-i-mestieri-del-futuro\/\" \/>\n<meta property=\"og:locale\" content=\"en_US\" \/>\n<meta property=\"og:type\" content=\"article\" \/>\n<meta property=\"og:title\" content=\"Webinar CNR@ARTES 4.0: I mestieri del futuro\" \/>\n<meta property=\"og:description\" content=\"Il Webinar vede tra le protagoniste Darya Majidi, CEO Daxo Group, la quale discuter\u00e0 delle competenze richieste per i mestieri del futuro.\" \/>\n<meta property=\"og:url\" content=\"https:\/\/www.artes4.it\/en\/news\/webinar-cnrartes-4-0-i-mestieri-del-futuro\/\" \/>\n<meta property=\"og:site_name\" content=\"Artes 4.0\" \/>\n<meta property=\"article:published_time\" content=\"2020-10-30T19:20:00+00:00\" \/>\n<meta property=\"article:modified_time\" content=\"2024-07-04T08:27:37+00:00\" \/>\n<meta property=\"og:image\" content=\"https:\/\/www.artes4.it\/wp-content\/uploads\/2024\/03\/1200x628-3.png\" \/>\n\t<meta property=\"og:image:width\" content=\"1200\" \/>\n\t<meta property=\"og:image:height\" content=\"628\" \/>\n\t<meta property=\"og:image:type\" content=\"image\/png\" \/>\n<meta name=\"author\" content=\"Lorna Vatta\" \/>\n<meta name=\"twitter:card\" content=\"summary_large_image\" \/>\n<meta name=\"twitter:label1\" content=\"Written by\" \/>\n\t<meta name=\"twitter:data1\" content=\"Lorna Vatta\" \/>\n\t<meta name=\"twitter:label2\" content=\"Est. reading time\" \/>\n\t<meta name=\"twitter:data2\" content=\"3 minutes\" \/>\n<script type=\"application\/ld+json\" class=\"yoast-schema-graph\">{\"@context\":\"https:\/\/schema.org\",\"@graph\":[{\"@type\":\"Article\",\"@id\":\"https:\/\/www.artes4.it\/en\/news\/webinar-cnrartes-4-0-i-mestieri-del-futuro\/#article\",\"isPartOf\":{\"@id\":\"https:\/\/www.artes4.it\/en\/news\/webinar-cnrartes-4-0-i-mestieri-del-futuro\/\"},\"author\":{\"name\":\"Lorna Vatta\",\"@id\":\"https:\/\/www.artes4.it\/en\/#\/schema\/person\/0f1c2c8c0b9d274494f9df9818d34cbb\"},\"headline\":\"Webinar CNR@ARTES 4.0: I mestieri del futuro\",\"datePublished\":\"2020-10-30T19:20:00+00:00\",\"dateModified\":\"2024-07-04T08:27:37+00:00\",\"mainEntityOfPage\":{\"@id\":\"https:\/\/www.artes4.it\/en\/news\/webinar-cnrartes-4-0-i-mestieri-del-futuro\/\"},\"wordCount\":417,\"commentCount\":0,\"publisher\":{\"@id\":\"https:\/\/www.artes4.it\/en\/#organization\"},\"image\":{\"@id\":\"https:\/\/www.artes4.it\/en\/news\/webinar-cnrartes-4-0-i-mestieri-del-futuro\/#primaryimage\"},\"thumbnailUrl\":\"https:\/\/www.artes4.it\/wp-content\/uploads\/2024\/03\/1200x628-3.png\",\"keywords\":[\"News ed eventi\"],\"articleSection\":[\"News\"],\"inLanguage\":\"en-US\"},{\"@type\":\"WebPage\",\"@id\":\"https:\/\/www.artes4.it\/en\/news\/webinar-cnrartes-4-0-i-mestieri-del-futuro\/\",\"url\":\"https:\/\/www.artes4.it\/en\/news\/webinar-cnrartes-4-0-i-mestieri-del-futuro\/\",\"name\":\"Webinar CNR@ARTES 4.0: I mestieri del futuro - Artes 4.0\",\"isPartOf\":{\"@id\":\"https:\/\/www.artes4.it\/en\/#website\"},\"primaryImageOfPage\":{\"@id\":\"https:\/\/www.artes4.it\/en\/news\/webinar-cnrartes-4-0-i-mestieri-del-futuro\/#primaryimage\"},\"image\":{\"@id\":\"https:\/\/www.artes4.it\/en\/news\/webinar-cnrartes-4-0-i-mestieri-del-futuro\/#primaryimage\"},\"thumbnailUrl\":\"https:\/\/www.artes4.it\/wp-content\/uploads\/2024\/03\/1200x628-3.png\",\"datePublished\":\"2020-10-30T19:20:00+00:00\",\"dateModified\":\"2024-07-04T08:27:37+00:00\",\"description\":\"Il Webinar vede tra le protagoniste Darya Majidi, CEO Daxo Group, la quale discuter\u00e0 delle competenze richieste per i mestieri del futuro.\",\"breadcrumb\":{\"@id\":\"https:\/\/www.artes4.it\/en\/news\/webinar-cnrartes-4-0-i-mestieri-del-futuro\/#breadcrumb\"},\"inLanguage\":\"en-US\",\"potentialAction\":[{\"@type\":\"ReadAction\",\"target\":[\"https:\/\/www.artes4.it\/en\/news\/webinar-cnrartes-4-0-i-mestieri-del-futuro\/\"]}]},{\"@type\":\"ImageObject\",\"inLanguage\":\"en-US\",\"@id\":\"https:\/\/www.artes4.it\/en\/news\/webinar-cnrartes-4-0-i-mestieri-del-futuro\/#primaryimage\",\"url\":\"https:\/\/www.artes4.it\/wp-content\/uploads\/2024\/03\/1200x628-3.png\",\"contentUrl\":\"https:\/\/www.artes4.it\/wp-content\/uploads\/2024\/03\/1200x628-3.png\",\"width\":1200,\"height\":628},{\"@type\":\"BreadcrumbList\",\"@id\":\"https:\/\/www.artes4.it\/en\/news\/webinar-cnrartes-4-0-i-mestieri-del-futuro\/#breadcrumb\",\"itemListElement\":[{\"@type\":\"ListItem\",\"position\":1,\"name\":\"Home\",\"item\":\"https:\/\/www.artes4.it\/en\/\"},{\"@type\":\"ListItem\",\"position\":2,\"name\":\"Webinar CNR@ARTES 4.0: I mestieri del futuro\"}]},{\"@type\":\"WebSite\",\"@id\":\"https:\/\/www.artes4.it\/en\/#website\",\"url\":\"https:\/\/www.artes4.it\/en\/\",\"name\":\"Artes 4.0\",\"description\":\"\",\"publisher\":{\"@id\":\"https:\/\/www.artes4.it\/en\/#organization\"},\"potentialAction\":[{\"@type\":\"SearchAction\",\"target\":{\"@type\":\"EntryPoint\",\"urlTemplate\":\"https:\/\/www.artes4.it\/en\/?s={search_term_string}\"},\"query-input\":{\"@type\":\"PropertyValueSpecification\",\"valueRequired\":true,\"valueName\":\"search_term_string\"}}],\"inLanguage\":\"en-US\"},{\"@type\":\"Organization\",\"@id\":\"https:\/\/www.artes4.it\/en\/#organization\",\"name\":\"Artes 4.0\",\"url\":\"https:\/\/www.artes4.it\/en\/\",\"logo\":{\"@type\":\"ImageObject\",\"inLanguage\":\"en-US\",\"@id\":\"https:\/\/www.artes4.it\/en\/#\/schema\/logo\/image\/\",\"url\":\"https:\/\/www.artes4.it\/wp-content\/uploads\/2024\/01\/logo_artes_white.jpeg\",\"contentUrl\":\"https:\/\/www.artes4.it\/wp-content\/uploads\/2024\/01\/logo_artes_white.jpeg\",\"width\":462,\"height\":171,\"caption\":\"Artes 4.0\"},\"image\":{\"@id\":\"https:\/\/www.artes4.it\/en\/#\/schema\/logo\/image\/\"},\"sameAs\":[\"https:\/\/www.linkedin.com\/company\/associazione-artes-4-0\/posts\/?feedView=all\"]},{\"@type\":\"Person\",\"@id\":\"https:\/\/www.artes4.it\/en\/#\/schema\/person\/0f1c2c8c0b9d274494f9df9818d34cbb\",\"name\":\"Lorna Vatta\",\"image\":{\"@type\":\"ImageObject\",\"inLanguage\":\"en-US\",\"@id\":\"https:\/\/www.artes4.it\/en\/#\/schema\/person\/image\/\",\"url\":\"https:\/\/www.artes4.it\/wp-content\/uploads\/2024\/01\/Copia20di20Senza20titolo2014-96x96.png\",\"contentUrl\":\"https:\/\/www.artes4.it\/wp-content\/uploads\/2024\/01\/Copia20di20Senza20titolo2014-96x96.png\",\"caption\":\"Lorna Vatta\"},\"description\":\"Ex Direttrice Esecutiva di ARTES 4.0. Arriva ad ARTES 4.0 come naturale evoluzione del suo percorso: laureata in ingegneria gestionale al Politecnico di Milano, per 15 anni lavora in una multinazionale americana della meccanica avanzata, sempre sui fronti di sviluppo prodotti e business. In questo periodi vive e lavora anche in USA e UK, dove frequenta anche un MBA di UMIST e Manchester Business School. Completata l\u2019acquisizione e l\u2019integrazione di una media azienda italiana nel gruppo, diventa Chief Strategy &amp; Technology Officer di Fabio Perini SpA, leader mondiale della meccatronica per la trasformazione e l'imballaggio di prodotti tissue. Nel 2013 lascia la \u201cold economy\u201d e, da consulente indipendente e Business Angel, lavora con PMI e startup digitali e altamente innovative, principalmente nel business development per Clienti industriali che affrontano la digitalizzazione dei processi. Sono gli anni in cui nasce l\u2019Industria 4.0, e da subito Lorna punta sulla combinazione di competenze industriali e digitali. Il nuovo direttore scientifico di ARTES 4.0 \u00e8 oggi il professor Paolo Dario\",\"url\":\"https:\/\/www.artes4.it\/en\/author\/lorna-vattaartes4-it\/\"}]}<\/script>\n<!-- \/ Yoast SEO Premium plugin. -->","yoast_head_json":{"title":"Webinar CNR@ARTES 4.0: I mestieri del futuro - Artes 4.0","description":"Il Webinar vede tra le protagoniste Darya Majidi, CEO Daxo Group, la quale discuter\u00e0 delle competenze richieste per i mestieri del futuro.","robots":{"index":"index","follow":"follow","max-snippet":"max-snippet:-1","max-image-preview":"max-image-preview:large","max-video-preview":"max-video-preview:-1"},"canonical":"https:\/\/www.artes4.it\/en\/news\/webinar-cnrartes-4-0-i-mestieri-del-futuro\/","og_locale":"en_US","og_type":"article","og_title":"Webinar CNR@ARTES 4.0: I mestieri del futuro","og_description":"Il Webinar vede tra le protagoniste Darya Majidi, CEO Daxo Group, la quale discuter\u00e0 delle competenze richieste per i mestieri del futuro.","og_url":"https:\/\/www.artes4.it\/en\/news\/webinar-cnrartes-4-0-i-mestieri-del-futuro\/","og_site_name":"Artes 4.0","article_published_time":"2020-10-30T19:20:00+00:00","article_modified_time":"2024-07-04T08:27:37+00:00","og_image":[{"width":1200,"height":628,"url":"https:\/\/www.artes4.it\/wp-content\/uploads\/2024\/03\/1200x628-3.png","type":"image\/png"}],"author":"Lorna Vatta","twitter_card":"summary_large_image","twitter_misc":{"Written by":"Lorna Vatta","Est. reading time":"3 minutes"},"schema":{"@context":"https:\/\/schema.org","@graph":[{"@type":"Article","@id":"https:\/\/www.artes4.it\/en\/news\/webinar-cnrartes-4-0-i-mestieri-del-futuro\/#article","isPartOf":{"@id":"https:\/\/www.artes4.it\/en\/news\/webinar-cnrartes-4-0-i-mestieri-del-futuro\/"},"author":{"name":"Lorna Vatta","@id":"https:\/\/www.artes4.it\/en\/#\/schema\/person\/0f1c2c8c0b9d274494f9df9818d34cbb"},"headline":"Webinar CNR@ARTES 4.0: I mestieri del futuro","datePublished":"2020-10-30T19:20:00+00:00","dateModified":"2024-07-04T08:27:37+00:00","mainEntityOfPage":{"@id":"https:\/\/www.artes4.it\/en\/news\/webinar-cnrartes-4-0-i-mestieri-del-futuro\/"},"wordCount":417,"commentCount":0,"publisher":{"@id":"https:\/\/www.artes4.it\/en\/#organization"},"image":{"@id":"https:\/\/www.artes4.it\/en\/news\/webinar-cnrartes-4-0-i-mestieri-del-futuro\/#primaryimage"},"thumbnailUrl":"https:\/\/www.artes4.it\/wp-content\/uploads\/2024\/03\/1200x628-3.png","keywords":["News ed eventi"],"articleSection":["News"],"inLanguage":"en-US"},{"@type":"WebPage","@id":"https:\/\/www.artes4.it\/en\/news\/webinar-cnrartes-4-0-i-mestieri-del-futuro\/","url":"https:\/\/www.artes4.it\/en\/news\/webinar-cnrartes-4-0-i-mestieri-del-futuro\/","name":"Webinar CNR@ARTES 4.0: I mestieri del futuro - Artes 4.0","isPartOf":{"@id":"https:\/\/www.artes4.it\/en\/#website"},"primaryImageOfPage":{"@id":"https:\/\/www.artes4.it\/en\/news\/webinar-cnrartes-4-0-i-mestieri-del-futuro\/#primaryimage"},"image":{"@id":"https:\/\/www.artes4.it\/en\/news\/webinar-cnrartes-4-0-i-mestieri-del-futuro\/#primaryimage"},"thumbnailUrl":"https:\/\/www.artes4.it\/wp-content\/uploads\/2024\/03\/1200x628-3.png","datePublished":"2020-10-30T19:20:00+00:00","dateModified":"2024-07-04T08:27:37+00:00","description":"Il Webinar vede tra le protagoniste Darya Majidi, CEO Daxo Group, la quale discuter\u00e0 delle competenze richieste per i mestieri del futuro.","breadcrumb":{"@id":"https:\/\/www.artes4.it\/en\/news\/webinar-cnrartes-4-0-i-mestieri-del-futuro\/#breadcrumb"},"inLanguage":"en-US","potentialAction":[{"@type":"ReadAction","target":["https:\/\/www.artes4.it\/en\/news\/webinar-cnrartes-4-0-i-mestieri-del-futuro\/"]}]},{"@type":"ImageObject","inLanguage":"en-US","@id":"https:\/\/www.artes4.it\/en\/news\/webinar-cnrartes-4-0-i-mestieri-del-futuro\/#primaryimage","url":"https:\/\/www.artes4.it\/wp-content\/uploads\/2024\/03\/1200x628-3.png","contentUrl":"https:\/\/www.artes4.it\/wp-content\/uploads\/2024\/03\/1200x628-3.png","width":1200,"height":628},{"@type":"BreadcrumbList","@id":"https:\/\/www.artes4.it\/en\/news\/webinar-cnrartes-4-0-i-mestieri-del-futuro\/#breadcrumb","itemListElement":[{"@type":"ListItem","position":1,"name":"Home","item":"https:\/\/www.artes4.it\/en\/"},{"@type":"ListItem","position":2,"name":"Webinar CNR@ARTES 4.0: I mestieri del futuro"}]},{"@type":"WebSite","@id":"https:\/\/www.artes4.it\/en\/#website","url":"https:\/\/www.artes4.it\/en\/","name":"Artes 4.0","description":"","publisher":{"@id":"https:\/\/www.artes4.it\/en\/#organization"},"potentialAction":[{"@type":"SearchAction","target":{"@type":"EntryPoint","urlTemplate":"https:\/\/www.artes4.it\/en\/?s={search_term_string}"},"query-input":{"@type":"PropertyValueSpecification","valueRequired":true,"valueName":"search_term_string"}}],"inLanguage":"en-US"},{"@type":"Organization","@id":"https:\/\/www.artes4.it\/en\/#organization","name":"Artes 4.0","url":"https:\/\/www.artes4.it\/en\/","logo":{"@type":"ImageObject","inLanguage":"en-US","@id":"https:\/\/www.artes4.it\/en\/#\/schema\/logo\/image\/","url":"https:\/\/www.artes4.it\/wp-content\/uploads\/2024\/01\/logo_artes_white.jpeg","contentUrl":"https:\/\/www.artes4.it\/wp-content\/uploads\/2024\/01\/logo_artes_white.jpeg","width":462,"height":171,"caption":"Artes 4.0"},"image":{"@id":"https:\/\/www.artes4.it\/en\/#\/schema\/logo\/image\/"},"sameAs":["https:\/\/www.linkedin.com\/company\/associazione-artes-4-0\/posts\/?feedView=all"]},{"@type":"Person","@id":"https:\/\/www.artes4.it\/en\/#\/schema\/person\/0f1c2c8c0b9d274494f9df9818d34cbb","name":"Lorna Vatta","image":{"@type":"ImageObject","inLanguage":"en-US","@id":"https:\/\/www.artes4.it\/en\/#\/schema\/person\/image\/","url":"https:\/\/www.artes4.it\/wp-content\/uploads\/2024\/01\/Copia20di20Senza20titolo2014-96x96.png","contentUrl":"https:\/\/www.artes4.it\/wp-content\/uploads\/2024\/01\/Copia20di20Senza20titolo2014-96x96.png","caption":"Lorna Vatta"},"description":"Ex Direttrice Esecutiva di ARTES 4.0. Arriva ad ARTES 4.0 come naturale evoluzione del suo percorso: laureata in ingegneria gestionale al Politecnico di Milano, per 15 anni lavora in una multinazionale americana della meccanica avanzata, sempre sui fronti di sviluppo prodotti e business. In questo periodi vive e lavora anche in USA e UK, dove frequenta anche un MBA di UMIST e Manchester Business School. Completata l\u2019acquisizione e l\u2019integrazione di una media azienda italiana nel gruppo, diventa Chief Strategy &amp; Technology Officer di Fabio Perini SpA, leader mondiale della meccatronica per la trasformazione e l'imballaggio di prodotti tissue. Nel 2013 lascia la \u201cold economy\u201d e, da consulente indipendente e Business Angel, lavora con PMI e startup digitali e altamente innovative, principalmente nel business development per Clienti industriali che affrontano la digitalizzazione dei processi. Sono gli anni in cui nasce l\u2019Industria 4.0, e da subito Lorna punta sulla combinazione di competenze industriali e digitali. Il nuovo direttore scientifico di ARTES 4.0 \u00e8 oggi il professor Paolo Dario","url":"https:\/\/www.artes4.it\/en\/author\/lorna-vattaartes4-it\/"}]}},"_links":{"self":[{"href":"https:\/\/www.artes4.it\/en\/wp-json\/wp\/v2\/posts\/2526","targetHints":{"allow":["GET"]}}],"collection":[{"href":"https:\/\/www.artes4.it\/en\/wp-json\/wp\/v2\/posts"}],"about":[{"href":"https:\/\/www.artes4.it\/en\/wp-json\/wp\/v2\/types\/post"}],"author":[{"embeddable":true,"href":"https:\/\/www.artes4.it\/en\/wp-json\/wp\/v2\/users\/33"}],"replies":[{"embeddable":true,"href":"https:\/\/www.artes4.it\/en\/wp-json\/wp\/v2\/comments?post=2526"}],"version-history":[{"count":4,"href":"https:\/\/www.artes4.it\/en\/wp-json\/wp\/v2\/posts\/2526\/revisions"}],"predecessor-version":[{"id":5034,"href":"https:\/\/www.artes4.it\/en\/wp-json\/wp\/v2\/posts\/2526\/revisions\/5034"}],"wp:featuredmedia":[{"embeddable":true,"href":"https:\/\/www.artes4.it\/en\/wp-json\/wp\/v2\/media\/2525"}],"wp:attachment":[{"href":"https:\/\/www.artes4.it\/en\/wp-json\/wp\/v2\/media?parent=2526"}],"wp:term":[{"taxonomy":"category","embeddable":true,"href":"https:\/\/www.artes4.it\/en\/wp-json\/wp\/v2\/categories?post=2526"},{"taxonomy":"post_tag","embeddable":true,"href":"https:\/\/www.artes4.it\/en\/wp-json\/wp\/v2\/tags?post=2526"},{"taxonomy":"anno_doc","embeddable":true,"href":"https:\/\/www.artes4.it\/en\/wp-json\/wp\/v2\/anno_doc?post=2526"}],"curies":[{"name":"wp","href":"https:\/\/api.w.org\/{rel}","templated":true}]}}