{"id":2530,"date":"2020-10-26T20:20:00","date_gmt":"2020-10-26T19:20:00","guid":{"rendered":"https:\/\/www.artes4.it\/2020\/10\/26\/webinar-teleassistenza-e-telemedicina-modelli-strategie-e-tecnologie-per-lassistenza-territoriale\/"},"modified":"2024-07-04T10:20:48","modified_gmt":"2024-07-04T08:20:48","slug":"webinar-teleassistenza-e-telemedicina-per-lassistenza-territoriale","status":"publish","type":"post","link":"https:\/\/www.artes4.it\/en\/news\/webinar-teleassistenza-e-telemedicina-per-lassistenza-territoriale\/","title":{"rendered":"Webinar &#8220;Teleassistenza e telemedicina per l\u2019assistenza territoriale&#8221;"},"content":{"rendered":"<p>La pandemia di COVID-19 ha accelerato la necessit\u00e0 di innovare e migliorare i servizi sanitari attraverso l&#8217;uso di tecnologie avanzate. Per affrontare queste nuove sfide e opportunit\u00e0, ARTES 4.0 e l&#8217;Universit\u00e0 di Pisa organizzano il webinar &#8220;Teleassistenza e telemedicina: modelli, strategie e tecnologie per l&#8217;assistenza territoriale&#8221;, il 29 ottobre alle ore 15:00. Questo evento mira a fornire una panoramica delle principali esperienze regionali, dei modelli organizzativi e delle tecnologie pi\u00f9 recenti nel campo della teleassistenza e telemedicina per l&#8217;assistenza sanitaria territoriale.<\/p>\n<h4><strong>Modelli e Strategie di Teleassistenza<\/strong><\/h4>\n<p>Durante il webinar, verranno esaminati vari modelli organizzativi di teleassistenza che sono stati implementati a livello regionale. Questi modelli offrono nuove modalit\u00e0 di gestione dell&#8217;assistenza sanitaria, rendendo possibile il monitoraggio continuo dei pazienti a distanza, riducendo la necessit\u00e0 di visite fisiche e migliorando la tempestivit\u00e0 delle cure. Gli esperti discuteranno di come le tecnologie telematiche possono essere integrate nei sistemi sanitari esistenti per offrire una continuit\u00e0 assistenziale efficace e sicura, garantendo al contempo una gestione ottimale delle risorse sanitarie.<\/p>\n<h4><strong>Tecnologie Avanzate per la Telemedicina<\/strong><\/h4>\n<p>Il webinar offrir\u00e0 una panoramica delle tecnologie pi\u00f9 recenti utilizzate nei servizi di telemedicina, incluse le soluzioni robotiche e l&#8217;Internet of Things (IoT). Queste tecnologie consentono il monitoraggio remoto dei pazienti, la raccolta di dati in tempo reale e l&#8217;interazione virtuale tra medici e pazienti. La telemedicina non solo migliora l&#8217;accessibilit\u00e0 alle cure, ma anche la qualit\u00e0 e la sicurezza dei servizi sanitari, riducendo il rischio di infezioni nosocomiali e migliorando l&#8217;efficacia delle cure.<\/p>\n<h4><strong>Esperienze Regionali e Best Practice<\/strong><\/h4>\n<p>Uno degli obiettivi principali del webinar \u00e8 l&#8217;analisi delle best practice attualmente in corso in diverse regioni italiane. Le esperienze regionali offriranno esempi concreti di come i servizi di teleassistenza e telemedicina siano stati implementati con successo, evidenziando i benefici ottenuti e le lezioni apprese. Questi casi studio forniranno utili indicazioni su come superare le sfide comuni e massimizzare l&#8217;impatto positivo delle tecnologie telematiche nel contesto sanitario.<\/p>\n<h4><strong>Impatto della Pandemia di COVID-19<\/strong><\/h4>\n<p>La pandemia ha sottolineato l&#8217;importanza di soluzioni sanitarie innovative che possano adattarsi rapidamente a situazioni di emergenza. Il webinar esaminer\u00e0 come la teleassistenza e la telemedicina hanno risposto alle nuove esigenze emerse durante la pandemia, offrendo cure continue e sicure ai pazienti, anche in condizioni di isolamento. Verranno discusse le strategie adottate per garantire la qualit\u00e0 e la sicurezza delle cure, proteggendo al contempo gli operatori sanitari.<\/p>\n<p>In sintesi, il webinar &#8220;Teleassistenza e telemedicina: modelli, strategie e tecnologie per l&#8217;assistenza territoriale&#8221; rappresenta un&#8217;opportunit\u00e0 imperdibile per esplorare le innovazioni nel campo della sanit\u00e0 digitale. Grazie alla collaborazione tra ARTES 4.0 e l&#8217;Universit\u00e0 di Pisa, i partecipanti potranno acquisire conoscenze approfondite su come migliorare i servizi sanitari attraverso l&#8217;uso di tecnologie avanzate, promuovendo un sistema sanitario pi\u00f9 resiliente, accessibile e sicuro<\/p>\n<p><!--more--><\/p>\n<p><strong>Per maggiori informazioni e per registrarsi al webinar: <a href=\"https:\/\/lp.artes4.it\/webinar-15-ottobre-artes\" target=\"_blank\" rel=\"noopener\">cliccare qui<\/a>.<\/strong><\/p>\n<p>&nbsp;<\/p>\n","protected":false},"excerpt":{"rendered":"<p>La pandemia di COVID-19 ha accelerato la necessit\u00e0 di innovare e migliorare i servizi sanitari attraverso l&#8217;uso di tecnologie avanzate. Per affrontare queste nuove sfide e opportunit\u00e0, ARTES 4.0 e l&#8217;Universit\u00e0 di Pisa organizzano il webinar &#8220;Teleassistenza e telemedicina: modelli, strategie e tecnologie per l&#8217;assistenza territoriale&#8221;, il 29 ottobre alle ore 15:00. Questo evento mira [&hellip;]<\/p>\n","protected":false},"author":33,"featured_media":2529,"comment_status":"open","ping_status":"closed","sticky":false,"template":"","format":"standard","meta":{"_acf_changed":false,"footnotes":""},"categories":[1],"tags":[93],"anno_doc":[],"class_list":["post-2530","post","type-post","status-publish","format-standard","has-post-thumbnail","hentry","category-news","tag-news-ed-eventi"],"acf":[],"yoast_head":"<!-- This site is optimized with the Yoast SEO Premium plugin v22.8 (Yoast SEO v25.8) - https:\/\/yoast.com\/wordpress\/plugins\/seo\/ -->\n<title>webinar &quot;Teleassistenza e telemedicina per l\u2019assistenza territoriale&quot;<\/title>\n<meta name=\"description\" content=\"Webinar &quot;Teleassistenza e telemedicina per l\u2019assistenza territoriale&quot;, verr\u00e0 fornito un quadro delle principali esperienze regionali.\" \/>\n<meta name=\"robots\" content=\"index, follow, max-snippet:-1, max-image-preview:large, max-video-preview:-1\" \/>\n<link rel=\"canonical\" href=\"https:\/\/www.artes4.it\/en\/news\/webinar-teleassistenza-e-telemedicina-per-lassistenza-territoriale\/\" \/>\n<meta property=\"og:locale\" content=\"en_US\" \/>\n<meta property=\"og:type\" content=\"article\" \/>\n<meta property=\"og:title\" content=\"Webinar &quot;Teleassistenza e telemedicina per l\u2019assistenza territoriale&quot;\" \/>\n<meta property=\"og:description\" content=\"Webinar &quot;Teleassistenza e telemedicina per l\u2019assistenza territoriale&quot;, verr\u00e0 fornito un quadro delle principali esperienze regionali.\" \/>\n<meta property=\"og:url\" content=\"https:\/\/www.artes4.it\/en\/news\/webinar-teleassistenza-e-telemedicina-per-lassistenza-territoriale\/\" \/>\n<meta property=\"og:site_name\" content=\"Artes 4.0\" \/>\n<meta property=\"article:published_time\" content=\"2020-10-26T19:20:00+00:00\" \/>\n<meta property=\"article:modified_time\" content=\"2024-07-04T08:20:48+00:00\" \/>\n<meta property=\"og:image\" content=\"https:\/\/www.artes4.it\/wp-content\/uploads\/2024\/03\/Banner202920ottobre20-201200x6282028129-1.png\" \/>\n\t<meta property=\"og:image:width\" content=\"1200\" \/>\n\t<meta property=\"og:image:height\" content=\"628\" \/>\n\t<meta property=\"og:image:type\" content=\"image\/png\" \/>\n<meta name=\"author\" content=\"Lorna Vatta\" \/>\n<meta name=\"twitter:card\" content=\"summary_large_image\" \/>\n<meta name=\"twitter:label1\" content=\"Written by\" \/>\n\t<meta name=\"twitter:data1\" content=\"Lorna Vatta\" \/>\n\t<meta name=\"twitter:label2\" content=\"Est. reading time\" \/>\n\t<meta name=\"twitter:data2\" content=\"3 minutes\" \/>\n<script type=\"application\/ld+json\" class=\"yoast-schema-graph\">{\"@context\":\"https:\/\/schema.org\",\"@graph\":[{\"@type\":\"Article\",\"@id\":\"https:\/\/www.artes4.it\/en\/news\/webinar-teleassistenza-e-telemedicina-per-lassistenza-territoriale\/#article\",\"isPartOf\":{\"@id\":\"https:\/\/www.artes4.it\/en\/news\/webinar-teleassistenza-e-telemedicina-per-lassistenza-territoriale\/\"},\"author\":{\"name\":\"Lorna Vatta\",\"@id\":\"https:\/\/www.artes4.it\/en\/#\/schema\/person\/0f1c2c8c0b9d274494f9df9818d34cbb\"},\"headline\":\"Webinar &#8220;Teleassistenza e telemedicina per l\u2019assistenza territoriale&#8221;\",\"datePublished\":\"2020-10-26T19:20:00+00:00\",\"dateModified\":\"2024-07-04T08:20:48+00:00\",\"mainEntityOfPage\":{\"@id\":\"https:\/\/www.artes4.it\/en\/news\/webinar-teleassistenza-e-telemedicina-per-lassistenza-territoriale\/\"},\"wordCount\":480,\"commentCount\":0,\"publisher\":{\"@id\":\"https:\/\/www.artes4.it\/en\/#organization\"},\"image\":{\"@id\":\"https:\/\/www.artes4.it\/en\/news\/webinar-teleassistenza-e-telemedicina-per-lassistenza-territoriale\/#primaryimage\"},\"thumbnailUrl\":\"https:\/\/www.artes4.it\/wp-content\/uploads\/2024\/03\/Banner202920ottobre20-201200x6282028129-1.png\",\"keywords\":[\"News ed eventi\"],\"articleSection\":[\"News\"],\"inLanguage\":\"en-US\"},{\"@type\":\"WebPage\",\"@id\":\"https:\/\/www.artes4.it\/en\/news\/webinar-teleassistenza-e-telemedicina-per-lassistenza-territoriale\/\",\"url\":\"https:\/\/www.artes4.it\/en\/news\/webinar-teleassistenza-e-telemedicina-per-lassistenza-territoriale\/\",\"name\":\"webinar \\\"Teleassistenza e telemedicina per l\u2019assistenza territoriale\\\"\",\"isPartOf\":{\"@id\":\"https:\/\/www.artes4.it\/en\/#website\"},\"primaryImageOfPage\":{\"@id\":\"https:\/\/www.artes4.it\/en\/news\/webinar-teleassistenza-e-telemedicina-per-lassistenza-territoriale\/#primaryimage\"},\"image\":{\"@id\":\"https:\/\/www.artes4.it\/en\/news\/webinar-teleassistenza-e-telemedicina-per-lassistenza-territoriale\/#primaryimage\"},\"thumbnailUrl\":\"https:\/\/www.artes4.it\/wp-content\/uploads\/2024\/03\/Banner202920ottobre20-201200x6282028129-1.png\",\"datePublished\":\"2020-10-26T19:20:00+00:00\",\"dateModified\":\"2024-07-04T08:20:48+00:00\",\"description\":\"Webinar \\\"Teleassistenza e telemedicina per l\u2019assistenza territoriale\\\", verr\u00e0 fornito un quadro delle principali esperienze regionali.\",\"breadcrumb\":{\"@id\":\"https:\/\/www.artes4.it\/en\/news\/webinar-teleassistenza-e-telemedicina-per-lassistenza-territoriale\/#breadcrumb\"},\"inLanguage\":\"en-US\",\"potentialAction\":[{\"@type\":\"ReadAction\",\"target\":[\"https:\/\/www.artes4.it\/en\/news\/webinar-teleassistenza-e-telemedicina-per-lassistenza-territoriale\/\"]}]},{\"@type\":\"ImageObject\",\"inLanguage\":\"en-US\",\"@id\":\"https:\/\/www.artes4.it\/en\/news\/webinar-teleassistenza-e-telemedicina-per-lassistenza-territoriale\/#primaryimage\",\"url\":\"https:\/\/www.artes4.it\/wp-content\/uploads\/2024\/03\/Banner202920ottobre20-201200x6282028129-1.png\",\"contentUrl\":\"https:\/\/www.artes4.it\/wp-content\/uploads\/2024\/03\/Banner202920ottobre20-201200x6282028129-1.png\",\"width\":1200,\"height\":628},{\"@type\":\"BreadcrumbList\",\"@id\":\"https:\/\/www.artes4.it\/en\/news\/webinar-teleassistenza-e-telemedicina-per-lassistenza-territoriale\/#breadcrumb\",\"itemListElement\":[{\"@type\":\"ListItem\",\"position\":1,\"name\":\"Home\",\"item\":\"https:\/\/www.artes4.it\/en\/\"},{\"@type\":\"ListItem\",\"position\":2,\"name\":\"Webinar &#8220;Teleassistenza e telemedicina per l\u2019assistenza territoriale&#8221;\"}]},{\"@type\":\"WebSite\",\"@id\":\"https:\/\/www.artes4.it\/en\/#website\",\"url\":\"https:\/\/www.artes4.it\/en\/\",\"name\":\"Artes 4.0\",\"description\":\"\",\"publisher\":{\"@id\":\"https:\/\/www.artes4.it\/en\/#organization\"},\"potentialAction\":[{\"@type\":\"SearchAction\",\"target\":{\"@type\":\"EntryPoint\",\"urlTemplate\":\"https:\/\/www.artes4.it\/en\/?s={search_term_string}\"},\"query-input\":{\"@type\":\"PropertyValueSpecification\",\"valueRequired\":true,\"valueName\":\"search_term_string\"}}],\"inLanguage\":\"en-US\"},{\"@type\":\"Organization\",\"@id\":\"https:\/\/www.artes4.it\/en\/#organization\",\"name\":\"Artes 4.0\",\"url\":\"https:\/\/www.artes4.it\/en\/\",\"logo\":{\"@type\":\"ImageObject\",\"inLanguage\":\"en-US\",\"@id\":\"https:\/\/www.artes4.it\/en\/#\/schema\/logo\/image\/\",\"url\":\"https:\/\/www.artes4.it\/wp-content\/uploads\/2024\/01\/logo_artes_white.jpeg\",\"contentUrl\":\"https:\/\/www.artes4.it\/wp-content\/uploads\/2024\/01\/logo_artes_white.jpeg\",\"width\":462,\"height\":171,\"caption\":\"Artes 4.0\"},\"image\":{\"@id\":\"https:\/\/www.artes4.it\/en\/#\/schema\/logo\/image\/\"},\"sameAs\":[\"https:\/\/www.linkedin.com\/company\/associazione-artes-4-0\/posts\/?feedView=all\"]},{\"@type\":\"Person\",\"@id\":\"https:\/\/www.artes4.it\/en\/#\/schema\/person\/0f1c2c8c0b9d274494f9df9818d34cbb\",\"name\":\"Lorna Vatta\",\"image\":{\"@type\":\"ImageObject\",\"inLanguage\":\"en-US\",\"@id\":\"https:\/\/www.artes4.it\/en\/#\/schema\/person\/image\/\",\"url\":\"https:\/\/www.artes4.it\/wp-content\/uploads\/2024\/01\/Copia20di20Senza20titolo2014-96x96.png\",\"contentUrl\":\"https:\/\/www.artes4.it\/wp-content\/uploads\/2024\/01\/Copia20di20Senza20titolo2014-96x96.png\",\"caption\":\"Lorna Vatta\"},\"description\":\"Ex Direttrice Esecutiva di ARTES 4.0. Arriva ad ARTES 4.0 come naturale evoluzione del suo percorso: laureata in ingegneria gestionale al Politecnico di Milano, per 15 anni lavora in una multinazionale americana della meccanica avanzata, sempre sui fronti di sviluppo prodotti e business. In questo periodi vive e lavora anche in USA e UK, dove frequenta anche un MBA di UMIST e Manchester Business School. Completata l\u2019acquisizione e l\u2019integrazione di una media azienda italiana nel gruppo, diventa Chief Strategy &amp; Technology Officer di Fabio Perini SpA, leader mondiale della meccatronica per la trasformazione e l'imballaggio di prodotti tissue. Nel 2013 lascia la \u201cold economy\u201d e, da consulente indipendente e Business Angel, lavora con PMI e startup digitali e altamente innovative, principalmente nel business development per Clienti industriali che affrontano la digitalizzazione dei processi. Sono gli anni in cui nasce l\u2019Industria 4.0, e da subito Lorna punta sulla combinazione di competenze industriali e digitali. Il nuovo direttore scientifico di ARTES 4.0 \u00e8 oggi il professor Paolo Dario\",\"url\":\"https:\/\/www.artes4.it\/en\/author\/lorna-vattaartes4-it\/\"}]}<\/script>\n<!-- \/ Yoast SEO Premium plugin. -->","yoast_head_json":{"title":"webinar \"Teleassistenza e telemedicina per l\u2019assistenza territoriale\"","description":"Webinar \"Teleassistenza e telemedicina per l\u2019assistenza territoriale\", verr\u00e0 fornito un quadro delle principali esperienze regionali.","robots":{"index":"index","follow":"follow","max-snippet":"max-snippet:-1","max-image-preview":"max-image-preview:large","max-video-preview":"max-video-preview:-1"},"canonical":"https:\/\/www.artes4.it\/en\/news\/webinar-teleassistenza-e-telemedicina-per-lassistenza-territoriale\/","og_locale":"en_US","og_type":"article","og_title":"Webinar \"Teleassistenza e telemedicina per l\u2019assistenza territoriale\"","og_description":"Webinar \"Teleassistenza e telemedicina per l\u2019assistenza territoriale\", verr\u00e0 fornito un quadro delle principali esperienze regionali.","og_url":"https:\/\/www.artes4.it\/en\/news\/webinar-teleassistenza-e-telemedicina-per-lassistenza-territoriale\/","og_site_name":"Artes 4.0","article_published_time":"2020-10-26T19:20:00+00:00","article_modified_time":"2024-07-04T08:20:48+00:00","og_image":[{"width":1200,"height":628,"url":"https:\/\/www.artes4.it\/wp-content\/uploads\/2024\/03\/Banner202920ottobre20-201200x6282028129-1.png","type":"image\/png"}],"author":"Lorna Vatta","twitter_card":"summary_large_image","twitter_misc":{"Written by":"Lorna Vatta","Est. reading time":"3 minutes"},"schema":{"@context":"https:\/\/schema.org","@graph":[{"@type":"Article","@id":"https:\/\/www.artes4.it\/en\/news\/webinar-teleassistenza-e-telemedicina-per-lassistenza-territoriale\/#article","isPartOf":{"@id":"https:\/\/www.artes4.it\/en\/news\/webinar-teleassistenza-e-telemedicina-per-lassistenza-territoriale\/"},"author":{"name":"Lorna Vatta","@id":"https:\/\/www.artes4.it\/en\/#\/schema\/person\/0f1c2c8c0b9d274494f9df9818d34cbb"},"headline":"Webinar &#8220;Teleassistenza e telemedicina per l\u2019assistenza territoriale&#8221;","datePublished":"2020-10-26T19:20:00+00:00","dateModified":"2024-07-04T08:20:48+00:00","mainEntityOfPage":{"@id":"https:\/\/www.artes4.it\/en\/news\/webinar-teleassistenza-e-telemedicina-per-lassistenza-territoriale\/"},"wordCount":480,"commentCount":0,"publisher":{"@id":"https:\/\/www.artes4.it\/en\/#organization"},"image":{"@id":"https:\/\/www.artes4.it\/en\/news\/webinar-teleassistenza-e-telemedicina-per-lassistenza-territoriale\/#primaryimage"},"thumbnailUrl":"https:\/\/www.artes4.it\/wp-content\/uploads\/2024\/03\/Banner202920ottobre20-201200x6282028129-1.png","keywords":["News ed eventi"],"articleSection":["News"],"inLanguage":"en-US"},{"@type":"WebPage","@id":"https:\/\/www.artes4.it\/en\/news\/webinar-teleassistenza-e-telemedicina-per-lassistenza-territoriale\/","url":"https:\/\/www.artes4.it\/en\/news\/webinar-teleassistenza-e-telemedicina-per-lassistenza-territoriale\/","name":"webinar \"Teleassistenza e telemedicina per l\u2019assistenza territoriale\"","isPartOf":{"@id":"https:\/\/www.artes4.it\/en\/#website"},"primaryImageOfPage":{"@id":"https:\/\/www.artes4.it\/en\/news\/webinar-teleassistenza-e-telemedicina-per-lassistenza-territoriale\/#primaryimage"},"image":{"@id":"https:\/\/www.artes4.it\/en\/news\/webinar-teleassistenza-e-telemedicina-per-lassistenza-territoriale\/#primaryimage"},"thumbnailUrl":"https:\/\/www.artes4.it\/wp-content\/uploads\/2024\/03\/Banner202920ottobre20-201200x6282028129-1.png","datePublished":"2020-10-26T19:20:00+00:00","dateModified":"2024-07-04T08:20:48+00:00","description":"Webinar \"Teleassistenza e telemedicina per l\u2019assistenza territoriale\", verr\u00e0 fornito un quadro delle principali esperienze regionali.","breadcrumb":{"@id":"https:\/\/www.artes4.it\/en\/news\/webinar-teleassistenza-e-telemedicina-per-lassistenza-territoriale\/#breadcrumb"},"inLanguage":"en-US","potentialAction":[{"@type":"ReadAction","target":["https:\/\/www.artes4.it\/en\/news\/webinar-teleassistenza-e-telemedicina-per-lassistenza-territoriale\/"]}]},{"@type":"ImageObject","inLanguage":"en-US","@id":"https:\/\/www.artes4.it\/en\/news\/webinar-teleassistenza-e-telemedicina-per-lassistenza-territoriale\/#primaryimage","url":"https:\/\/www.artes4.it\/wp-content\/uploads\/2024\/03\/Banner202920ottobre20-201200x6282028129-1.png","contentUrl":"https:\/\/www.artes4.it\/wp-content\/uploads\/2024\/03\/Banner202920ottobre20-201200x6282028129-1.png","width":1200,"height":628},{"@type":"BreadcrumbList","@id":"https:\/\/www.artes4.it\/en\/news\/webinar-teleassistenza-e-telemedicina-per-lassistenza-territoriale\/#breadcrumb","itemListElement":[{"@type":"ListItem","position":1,"name":"Home","item":"https:\/\/www.artes4.it\/en\/"},{"@type":"ListItem","position":2,"name":"Webinar &#8220;Teleassistenza e telemedicina per l\u2019assistenza territoriale&#8221;"}]},{"@type":"WebSite","@id":"https:\/\/www.artes4.it\/en\/#website","url":"https:\/\/www.artes4.it\/en\/","name":"Artes 4.0","description":"","publisher":{"@id":"https:\/\/www.artes4.it\/en\/#organization"},"potentialAction":[{"@type":"SearchAction","target":{"@type":"EntryPoint","urlTemplate":"https:\/\/www.artes4.it\/en\/?s={search_term_string}"},"query-input":{"@type":"PropertyValueSpecification","valueRequired":true,"valueName":"search_term_string"}}],"inLanguage":"en-US"},{"@type":"Organization","@id":"https:\/\/www.artes4.it\/en\/#organization","name":"Artes 4.0","url":"https:\/\/www.artes4.it\/en\/","logo":{"@type":"ImageObject","inLanguage":"en-US","@id":"https:\/\/www.artes4.it\/en\/#\/schema\/logo\/image\/","url":"https:\/\/www.artes4.it\/wp-content\/uploads\/2024\/01\/logo_artes_white.jpeg","contentUrl":"https:\/\/www.artes4.it\/wp-content\/uploads\/2024\/01\/logo_artes_white.jpeg","width":462,"height":171,"caption":"Artes 4.0"},"image":{"@id":"https:\/\/www.artes4.it\/en\/#\/schema\/logo\/image\/"},"sameAs":["https:\/\/www.linkedin.com\/company\/associazione-artes-4-0\/posts\/?feedView=all"]},{"@type":"Person","@id":"https:\/\/www.artes4.it\/en\/#\/schema\/person\/0f1c2c8c0b9d274494f9df9818d34cbb","name":"Lorna Vatta","image":{"@type":"ImageObject","inLanguage":"en-US","@id":"https:\/\/www.artes4.it\/en\/#\/schema\/person\/image\/","url":"https:\/\/www.artes4.it\/wp-content\/uploads\/2024\/01\/Copia20di20Senza20titolo2014-96x96.png","contentUrl":"https:\/\/www.artes4.it\/wp-content\/uploads\/2024\/01\/Copia20di20Senza20titolo2014-96x96.png","caption":"Lorna Vatta"},"description":"Ex Direttrice Esecutiva di ARTES 4.0. Arriva ad ARTES 4.0 come naturale evoluzione del suo percorso: laureata in ingegneria gestionale al Politecnico di Milano, per 15 anni lavora in una multinazionale americana della meccanica avanzata, sempre sui fronti di sviluppo prodotti e business. In questo periodi vive e lavora anche in USA e UK, dove frequenta anche un MBA di UMIST e Manchester Business School. Completata l\u2019acquisizione e l\u2019integrazione di una media azienda italiana nel gruppo, diventa Chief Strategy &amp; Technology Officer di Fabio Perini SpA, leader mondiale della meccatronica per la trasformazione e l'imballaggio di prodotti tissue. Nel 2013 lascia la \u201cold economy\u201d e, da consulente indipendente e Business Angel, lavora con PMI e startup digitali e altamente innovative, principalmente nel business development per Clienti industriali che affrontano la digitalizzazione dei processi. Sono gli anni in cui nasce l\u2019Industria 4.0, e da subito Lorna punta sulla combinazione di competenze industriali e digitali. Il nuovo direttore scientifico di ARTES 4.0 \u00e8 oggi il professor Paolo Dario","url":"https:\/\/www.artes4.it\/en\/author\/lorna-vattaartes4-it\/"}]}},"_links":{"self":[{"href":"https:\/\/www.artes4.it\/en\/wp-json\/wp\/v2\/posts\/2530","targetHints":{"allow":["GET"]}}],"collection":[{"href":"https:\/\/www.artes4.it\/en\/wp-json\/wp\/v2\/posts"}],"about":[{"href":"https:\/\/www.artes4.it\/en\/wp-json\/wp\/v2\/types\/post"}],"author":[{"embeddable":true,"href":"https:\/\/www.artes4.it\/en\/wp-json\/wp\/v2\/users\/33"}],"replies":[{"embeddable":true,"href":"https:\/\/www.artes4.it\/en\/wp-json\/wp\/v2\/comments?post=2530"}],"version-history":[{"count":5,"href":"https:\/\/www.artes4.it\/en\/wp-json\/wp\/v2\/posts\/2530\/revisions"}],"predecessor-version":[{"id":5026,"href":"https:\/\/www.artes4.it\/en\/wp-json\/wp\/v2\/posts\/2530\/revisions\/5026"}],"wp:featuredmedia":[{"embeddable":true,"href":"https:\/\/www.artes4.it\/en\/wp-json\/wp\/v2\/media\/2529"}],"wp:attachment":[{"href":"https:\/\/www.artes4.it\/en\/wp-json\/wp\/v2\/media?parent=2530"}],"wp:term":[{"taxonomy":"category","embeddable":true,"href":"https:\/\/www.artes4.it\/en\/wp-json\/wp\/v2\/categories?post=2530"},{"taxonomy":"post_tag","embeddable":true,"href":"https:\/\/www.artes4.it\/en\/wp-json\/wp\/v2\/tags?post=2530"},{"taxonomy":"anno_doc","embeddable":true,"href":"https:\/\/www.artes4.it\/en\/wp-json\/wp\/v2\/anno_doc?post=2530"}],"curies":[{"name":"wp","href":"https:\/\/api.w.org\/{rel}","templated":true}]}}