{"id":2562,"date":"2020-07-02T20:20:00","date_gmt":"2020-07-02T18:20:00","guid":{"rendered":"https:\/\/www.artes4.it\/2020\/07\/02\/inaugurato-a-vicenza-il-learning-center-comau\/"},"modified":"2024-06-27T12:30:06","modified_gmt":"2024-06-27T10:30:06","slug":"inaugurato-a-vicenza-il-learning-center-comau","status":"publish","type":"post","link":"https:\/\/www.artes4.it\/en\/news\/inaugurato-a-vicenza-il-learning-center-comau\/","title":{"rendered":"Inaugurato a Vicenza il Learning Center Comau"},"content":{"rendered":"<div>\n<p style=\"text-align: center;\"><strong>Inaugurato a Vicenza il Learning Center Comau<\/strong><\/p>\n<p>Il <strong>2 luglio 2020<\/strong>, presso il Digital Innovation Hub di Confartigianato Imprese Vicenza, \u00e8 stato inaugurato il Learning Center Comau, l\u2019unico centro autorizzato della Provincia di Vicenza dedicato all\u2019insegnamento della robotica industriale per le imprese e delle materie STEM per studenti.<\/p>\n<p><!--more--><\/p>\n<p>Il Learning Center, oltre ad avere un ruolo decisivo nell\u2019ambito del <strong>progetto La Cantera<\/strong>, un trampolino di lancio per una moltitudine di attivit\u00e0 e opportunit\u00e0 che coinvolgono i giovani, dai 16 ai 30 anni, andr\u00e0 a incrementare ulteriormente l\u2019offerta formativa che il DIH Vicenza erogher\u00e0, in qualit\u00e0 di nodo specializzato sull\u2019orientamento e la formazione, all\u2019interno del <strong>Competence Center Artes 4.0<\/strong>.<br \/>\nIn particolare sar\u00e0 rafforzata la collaborazione con l\u2019Istituto Italiano di Tecnologia di Genova che, nell\u2019ambito di Artes 4.0., ha selezionato il DIH quale luogo privilegiato per la formazione digitale.<\/p>\n<p>A partire gi\u00e0 da questo mese al DIH sar\u00e0 possibile organizzare workshop formativi certificati, corsi e seminari, attraverso l\u2019uso degli <strong>e.DO Comau<\/strong>, quattro bracci robotici a sei assi pensati per essere utilizzati in sicurezza in ambienti non industriali.<\/p>\n<p>Inoltre, grazie ai Desk Simulator, sar\u00e0 possibile \u201ctrasformare\u201d gli e.DO in veri e propri robot industriali permettendo di attivare anche i corsi per il Patentino della Robotica, una certificazione riconosciuta a livello mondiale utile per il mercato del lavoro.<\/p>\n<p><strong>Per maggiori informazioni: <a href=\"https:\/\/digitalinnovationhubvicenza.it\/inaugurazione-learning-center-comau-per-la-formazione-4-0-di-giovani-e-imprenditori\/\" target=\"_blank\" rel=\"noopener\">cliccare qui<\/a>.<\/strong><\/p>\n<p>&nbsp;<\/p>\n<\/div>\n","protected":false},"excerpt":{"rendered":"<p>Inaugurato a Vicenza il Learning Center Comau Il 2 luglio 2020, presso il Digital Innovation Hub di Confartigianato Imprese Vicenza, \u00e8 stato inaugurato il Learning Center Comau, l\u2019unico centro autorizzato della Provincia di Vicenza dedicato all\u2019insegnamento della robotica industriale per le imprese e delle materie STEM per studenti.<\/p>\n","protected":false},"author":33,"featured_media":2561,"comment_status":"open","ping_status":"closed","sticky":false,"template":"","format":"standard","meta":{"_acf_changed":false,"footnotes":""},"categories":[1],"tags":[93],"anno_doc":[],"class_list":["post-2562","post","type-post","status-publish","format-standard","has-post-thumbnail","hentry","category-news","tag-news-ed-eventi"],"acf":[],"yoast_head":"<!-- This site is optimized with the Yoast SEO Premium plugin v22.8 (Yoast SEO v25.8) - https:\/\/yoast.com\/wordpress\/plugins\/seo\/ -->\n<title>Inaugurato a Vicenza il Learning Center Comau - Artes 4.0<\/title>\n<meta name=\"description\" content=\"Il Learning Center Comau \u00e8 un trampolino di lancio per una moltitudine di attivit\u00e0 e opportunit\u00e0 che coinvolgono i giovani, dai 16 ai 30 anni.\" \/>\n<meta name=\"robots\" content=\"index, follow, max-snippet:-1, max-image-preview:large, max-video-preview:-1\" \/>\n<link rel=\"canonical\" href=\"https:\/\/www.artes4.it\/en\/news\/inaugurato-a-vicenza-il-learning-center-comau\/\" \/>\n<meta property=\"og:locale\" content=\"en_US\" \/>\n<meta property=\"og:type\" content=\"article\" \/>\n<meta property=\"og:title\" content=\"Inaugurato a Vicenza il Learning Center Comau\" \/>\n<meta property=\"og:description\" content=\"Il Learning Center Comau \u00e8 un trampolino di lancio per una moltitudine di attivit\u00e0 e opportunit\u00e0 che coinvolgono i giovani, dai 16 ai 30 anni.\" \/>\n<meta property=\"og:url\" content=\"https:\/\/www.artes4.it\/en\/news\/inaugurato-a-vicenza-il-learning-center-comau\/\" \/>\n<meta property=\"og:site_name\" content=\"Artes 4.0\" \/>\n<meta property=\"article:published_time\" content=\"2020-07-02T18:20:00+00:00\" \/>\n<meta property=\"article:modified_time\" content=\"2024-06-27T10:30:06+00:00\" \/>\n<meta property=\"og:image\" content=\"https:\/\/www.artes4.it\/wp-content\/uploads\/2024\/03\/comau.jpg\" \/>\n\t<meta property=\"og:image:width\" content=\"500\" \/>\n\t<meta property=\"og:image:height\" content=\"260\" \/>\n\t<meta property=\"og:image:type\" content=\"image\/jpeg\" \/>\n<meta name=\"author\" content=\"Lorna Vatta\" \/>\n<meta name=\"twitter:card\" content=\"summary_large_image\" \/>\n<meta name=\"twitter:label1\" content=\"Written by\" \/>\n\t<meta name=\"twitter:data1\" content=\"Lorna Vatta\" \/>\n\t<meta name=\"twitter:label2\" content=\"Est. reading time\" \/>\n\t<meta name=\"twitter:data2\" content=\"2 minutes\" \/>\n<script type=\"application\/ld+json\" class=\"yoast-schema-graph\">{\"@context\":\"https:\/\/schema.org\",\"@graph\":[{\"@type\":\"Article\",\"@id\":\"https:\/\/www.artes4.it\/en\/news\/inaugurato-a-vicenza-il-learning-center-comau\/#article\",\"isPartOf\":{\"@id\":\"https:\/\/www.artes4.it\/en\/news\/inaugurato-a-vicenza-il-learning-center-comau\/\"},\"author\":{\"name\":\"Lorna Vatta\",\"@id\":\"https:\/\/www.artes4.it\/en\/#\/schema\/person\/0f1c2c8c0b9d274494f9df9818d34cbb\"},\"headline\":\"Inaugurato a Vicenza il Learning Center Comau\",\"datePublished\":\"2020-07-02T18:20:00+00:00\",\"dateModified\":\"2024-06-27T10:30:06+00:00\",\"mainEntityOfPage\":{\"@id\":\"https:\/\/www.artes4.it\/en\/news\/inaugurato-a-vicenza-il-learning-center-comau\/\"},\"wordCount\":231,\"commentCount\":0,\"publisher\":{\"@id\":\"https:\/\/www.artes4.it\/en\/#organization\"},\"image\":{\"@id\":\"https:\/\/www.artes4.it\/en\/news\/inaugurato-a-vicenza-il-learning-center-comau\/#primaryimage\"},\"thumbnailUrl\":\"https:\/\/www.artes4.it\/wp-content\/uploads\/2024\/03\/comau.jpg\",\"keywords\":[\"News ed eventi\"],\"articleSection\":[\"News\"],\"inLanguage\":\"en-US\"},{\"@type\":\"WebPage\",\"@id\":\"https:\/\/www.artes4.it\/en\/news\/inaugurato-a-vicenza-il-learning-center-comau\/\",\"url\":\"https:\/\/www.artes4.it\/en\/news\/inaugurato-a-vicenza-il-learning-center-comau\/\",\"name\":\"Inaugurato a Vicenza il Learning Center Comau - Artes 4.0\",\"isPartOf\":{\"@id\":\"https:\/\/www.artes4.it\/en\/#website\"},\"primaryImageOfPage\":{\"@id\":\"https:\/\/www.artes4.it\/en\/news\/inaugurato-a-vicenza-il-learning-center-comau\/#primaryimage\"},\"image\":{\"@id\":\"https:\/\/www.artes4.it\/en\/news\/inaugurato-a-vicenza-il-learning-center-comau\/#primaryimage\"},\"thumbnailUrl\":\"https:\/\/www.artes4.it\/wp-content\/uploads\/2024\/03\/comau.jpg\",\"datePublished\":\"2020-07-02T18:20:00+00:00\",\"dateModified\":\"2024-06-27T10:30:06+00:00\",\"description\":\"Il Learning Center Comau \u00e8 un trampolino di lancio per una moltitudine di attivit\u00e0 e opportunit\u00e0 che coinvolgono i giovani, dai 16 ai 30 anni.\",\"breadcrumb\":{\"@id\":\"https:\/\/www.artes4.it\/en\/news\/inaugurato-a-vicenza-il-learning-center-comau\/#breadcrumb\"},\"inLanguage\":\"en-US\",\"potentialAction\":[{\"@type\":\"ReadAction\",\"target\":[\"https:\/\/www.artes4.it\/en\/news\/inaugurato-a-vicenza-il-learning-center-comau\/\"]}]},{\"@type\":\"ImageObject\",\"inLanguage\":\"en-US\",\"@id\":\"https:\/\/www.artes4.it\/en\/news\/inaugurato-a-vicenza-il-learning-center-comau\/#primaryimage\",\"url\":\"https:\/\/www.artes4.it\/wp-content\/uploads\/2024\/03\/comau.jpg\",\"contentUrl\":\"https:\/\/www.artes4.it\/wp-content\/uploads\/2024\/03\/comau.jpg\",\"width\":500,\"height\":260},{\"@type\":\"BreadcrumbList\",\"@id\":\"https:\/\/www.artes4.it\/en\/news\/inaugurato-a-vicenza-il-learning-center-comau\/#breadcrumb\",\"itemListElement\":[{\"@type\":\"ListItem\",\"position\":1,\"name\":\"Home\",\"item\":\"https:\/\/www.artes4.it\/en\/\"},{\"@type\":\"ListItem\",\"position\":2,\"name\":\"Inaugurato a Vicenza il Learning Center Comau\"}]},{\"@type\":\"WebSite\",\"@id\":\"https:\/\/www.artes4.it\/en\/#website\",\"url\":\"https:\/\/www.artes4.it\/en\/\",\"name\":\"Artes 4.0\",\"description\":\"\",\"publisher\":{\"@id\":\"https:\/\/www.artes4.it\/en\/#organization\"},\"potentialAction\":[{\"@type\":\"SearchAction\",\"target\":{\"@type\":\"EntryPoint\",\"urlTemplate\":\"https:\/\/www.artes4.it\/en\/?s={search_term_string}\"},\"query-input\":{\"@type\":\"PropertyValueSpecification\",\"valueRequired\":true,\"valueName\":\"search_term_string\"}}],\"inLanguage\":\"en-US\"},{\"@type\":\"Organization\",\"@id\":\"https:\/\/www.artes4.it\/en\/#organization\",\"name\":\"Artes 4.0\",\"url\":\"https:\/\/www.artes4.it\/en\/\",\"logo\":{\"@type\":\"ImageObject\",\"inLanguage\":\"en-US\",\"@id\":\"https:\/\/www.artes4.it\/en\/#\/schema\/logo\/image\/\",\"url\":\"https:\/\/www.artes4.it\/wp-content\/uploads\/2024\/01\/logo_artes_white.jpeg\",\"contentUrl\":\"https:\/\/www.artes4.it\/wp-content\/uploads\/2024\/01\/logo_artes_white.jpeg\",\"width\":462,\"height\":171,\"caption\":\"Artes 4.0\"},\"image\":{\"@id\":\"https:\/\/www.artes4.it\/en\/#\/schema\/logo\/image\/\"},\"sameAs\":[\"https:\/\/www.linkedin.com\/company\/associazione-artes-4-0\/posts\/?feedView=all\"]},{\"@type\":\"Person\",\"@id\":\"https:\/\/www.artes4.it\/en\/#\/schema\/person\/0f1c2c8c0b9d274494f9df9818d34cbb\",\"name\":\"Lorna Vatta\",\"image\":{\"@type\":\"ImageObject\",\"inLanguage\":\"en-US\",\"@id\":\"https:\/\/www.artes4.it\/en\/#\/schema\/person\/image\/\",\"url\":\"https:\/\/www.artes4.it\/wp-content\/uploads\/2024\/01\/Copia20di20Senza20titolo2014-96x96.png\",\"contentUrl\":\"https:\/\/www.artes4.it\/wp-content\/uploads\/2024\/01\/Copia20di20Senza20titolo2014-96x96.png\",\"caption\":\"Lorna Vatta\"},\"description\":\"Ex Direttrice Esecutiva di ARTES 4.0. Arriva ad ARTES 4.0 come naturale evoluzione del suo percorso: laureata in ingegneria gestionale al Politecnico di Milano, per 15 anni lavora in una multinazionale americana della meccanica avanzata, sempre sui fronti di sviluppo prodotti e business. In questo periodi vive e lavora anche in USA e UK, dove frequenta anche un MBA di UMIST e Manchester Business School. Completata l\u2019acquisizione e l\u2019integrazione di una media azienda italiana nel gruppo, diventa Chief Strategy &amp; Technology Officer di Fabio Perini SpA, leader mondiale della meccatronica per la trasformazione e l'imballaggio di prodotti tissue. Nel 2013 lascia la \u201cold economy\u201d e, da consulente indipendente e Business Angel, lavora con PMI e startup digitali e altamente innovative, principalmente nel business development per Clienti industriali che affrontano la digitalizzazione dei processi. Sono gli anni in cui nasce l\u2019Industria 4.0, e da subito Lorna punta sulla combinazione di competenze industriali e digitali. Il nuovo direttore scientifico di ARTES 4.0 \u00e8 oggi il professor Paolo Dario\",\"url\":\"https:\/\/www.artes4.it\/en\/author\/lorna-vattaartes4-it\/\"}]}<\/script>\n<!-- \/ Yoast SEO Premium plugin. -->","yoast_head_json":{"title":"Inaugurato a Vicenza il Learning Center Comau - Artes 4.0","description":"Il Learning Center Comau \u00e8 un trampolino di lancio per una moltitudine di attivit\u00e0 e opportunit\u00e0 che coinvolgono i giovani, dai 16 ai 30 anni.","robots":{"index":"index","follow":"follow","max-snippet":"max-snippet:-1","max-image-preview":"max-image-preview:large","max-video-preview":"max-video-preview:-1"},"canonical":"https:\/\/www.artes4.it\/en\/news\/inaugurato-a-vicenza-il-learning-center-comau\/","og_locale":"en_US","og_type":"article","og_title":"Inaugurato a Vicenza il Learning Center Comau","og_description":"Il Learning Center Comau \u00e8 un trampolino di lancio per una moltitudine di attivit\u00e0 e opportunit\u00e0 che coinvolgono i giovani, dai 16 ai 30 anni.","og_url":"https:\/\/www.artes4.it\/en\/news\/inaugurato-a-vicenza-il-learning-center-comau\/","og_site_name":"Artes 4.0","article_published_time":"2020-07-02T18:20:00+00:00","article_modified_time":"2024-06-27T10:30:06+00:00","og_image":[{"width":500,"height":260,"url":"https:\/\/www.artes4.it\/wp-content\/uploads\/2024\/03\/comau.jpg","type":"image\/jpeg"}],"author":"Lorna Vatta","twitter_card":"summary_large_image","twitter_misc":{"Written by":"Lorna Vatta","Est. reading time":"2 minutes"},"schema":{"@context":"https:\/\/schema.org","@graph":[{"@type":"Article","@id":"https:\/\/www.artes4.it\/en\/news\/inaugurato-a-vicenza-il-learning-center-comau\/#article","isPartOf":{"@id":"https:\/\/www.artes4.it\/en\/news\/inaugurato-a-vicenza-il-learning-center-comau\/"},"author":{"name":"Lorna Vatta","@id":"https:\/\/www.artes4.it\/en\/#\/schema\/person\/0f1c2c8c0b9d274494f9df9818d34cbb"},"headline":"Inaugurato a Vicenza il Learning Center Comau","datePublished":"2020-07-02T18:20:00+00:00","dateModified":"2024-06-27T10:30:06+00:00","mainEntityOfPage":{"@id":"https:\/\/www.artes4.it\/en\/news\/inaugurato-a-vicenza-il-learning-center-comau\/"},"wordCount":231,"commentCount":0,"publisher":{"@id":"https:\/\/www.artes4.it\/en\/#organization"},"image":{"@id":"https:\/\/www.artes4.it\/en\/news\/inaugurato-a-vicenza-il-learning-center-comau\/#primaryimage"},"thumbnailUrl":"https:\/\/www.artes4.it\/wp-content\/uploads\/2024\/03\/comau.jpg","keywords":["News ed eventi"],"articleSection":["News"],"inLanguage":"en-US"},{"@type":"WebPage","@id":"https:\/\/www.artes4.it\/en\/news\/inaugurato-a-vicenza-il-learning-center-comau\/","url":"https:\/\/www.artes4.it\/en\/news\/inaugurato-a-vicenza-il-learning-center-comau\/","name":"Inaugurato a Vicenza il Learning Center Comau - Artes 4.0","isPartOf":{"@id":"https:\/\/www.artes4.it\/en\/#website"},"primaryImageOfPage":{"@id":"https:\/\/www.artes4.it\/en\/news\/inaugurato-a-vicenza-il-learning-center-comau\/#primaryimage"},"image":{"@id":"https:\/\/www.artes4.it\/en\/news\/inaugurato-a-vicenza-il-learning-center-comau\/#primaryimage"},"thumbnailUrl":"https:\/\/www.artes4.it\/wp-content\/uploads\/2024\/03\/comau.jpg","datePublished":"2020-07-02T18:20:00+00:00","dateModified":"2024-06-27T10:30:06+00:00","description":"Il Learning Center Comau \u00e8 un trampolino di lancio per una moltitudine di attivit\u00e0 e opportunit\u00e0 che coinvolgono i giovani, dai 16 ai 30 anni.","breadcrumb":{"@id":"https:\/\/www.artes4.it\/en\/news\/inaugurato-a-vicenza-il-learning-center-comau\/#breadcrumb"},"inLanguage":"en-US","potentialAction":[{"@type":"ReadAction","target":["https:\/\/www.artes4.it\/en\/news\/inaugurato-a-vicenza-il-learning-center-comau\/"]}]},{"@type":"ImageObject","inLanguage":"en-US","@id":"https:\/\/www.artes4.it\/en\/news\/inaugurato-a-vicenza-il-learning-center-comau\/#primaryimage","url":"https:\/\/www.artes4.it\/wp-content\/uploads\/2024\/03\/comau.jpg","contentUrl":"https:\/\/www.artes4.it\/wp-content\/uploads\/2024\/03\/comau.jpg","width":500,"height":260},{"@type":"BreadcrumbList","@id":"https:\/\/www.artes4.it\/en\/news\/inaugurato-a-vicenza-il-learning-center-comau\/#breadcrumb","itemListElement":[{"@type":"ListItem","position":1,"name":"Home","item":"https:\/\/www.artes4.it\/en\/"},{"@type":"ListItem","position":2,"name":"Inaugurato a Vicenza il Learning Center Comau"}]},{"@type":"WebSite","@id":"https:\/\/www.artes4.it\/en\/#website","url":"https:\/\/www.artes4.it\/en\/","name":"Artes 4.0","description":"","publisher":{"@id":"https:\/\/www.artes4.it\/en\/#organization"},"potentialAction":[{"@type":"SearchAction","target":{"@type":"EntryPoint","urlTemplate":"https:\/\/www.artes4.it\/en\/?s={search_term_string}"},"query-input":{"@type":"PropertyValueSpecification","valueRequired":true,"valueName":"search_term_string"}}],"inLanguage":"en-US"},{"@type":"Organization","@id":"https:\/\/www.artes4.it\/en\/#organization","name":"Artes 4.0","url":"https:\/\/www.artes4.it\/en\/","logo":{"@type":"ImageObject","inLanguage":"en-US","@id":"https:\/\/www.artes4.it\/en\/#\/schema\/logo\/image\/","url":"https:\/\/www.artes4.it\/wp-content\/uploads\/2024\/01\/logo_artes_white.jpeg","contentUrl":"https:\/\/www.artes4.it\/wp-content\/uploads\/2024\/01\/logo_artes_white.jpeg","width":462,"height":171,"caption":"Artes 4.0"},"image":{"@id":"https:\/\/www.artes4.it\/en\/#\/schema\/logo\/image\/"},"sameAs":["https:\/\/www.linkedin.com\/company\/associazione-artes-4-0\/posts\/?feedView=all"]},{"@type":"Person","@id":"https:\/\/www.artes4.it\/en\/#\/schema\/person\/0f1c2c8c0b9d274494f9df9818d34cbb","name":"Lorna Vatta","image":{"@type":"ImageObject","inLanguage":"en-US","@id":"https:\/\/www.artes4.it\/en\/#\/schema\/person\/image\/","url":"https:\/\/www.artes4.it\/wp-content\/uploads\/2024\/01\/Copia20di20Senza20titolo2014-96x96.png","contentUrl":"https:\/\/www.artes4.it\/wp-content\/uploads\/2024\/01\/Copia20di20Senza20titolo2014-96x96.png","caption":"Lorna Vatta"},"description":"Ex Direttrice Esecutiva di ARTES 4.0. Arriva ad ARTES 4.0 come naturale evoluzione del suo percorso: laureata in ingegneria gestionale al Politecnico di Milano, per 15 anni lavora in una multinazionale americana della meccanica avanzata, sempre sui fronti di sviluppo prodotti e business. In questo periodi vive e lavora anche in USA e UK, dove frequenta anche un MBA di UMIST e Manchester Business School. Completata l\u2019acquisizione e l\u2019integrazione di una media azienda italiana nel gruppo, diventa Chief Strategy &amp; Technology Officer di Fabio Perini SpA, leader mondiale della meccatronica per la trasformazione e l'imballaggio di prodotti tissue. Nel 2013 lascia la \u201cold economy\u201d e, da consulente indipendente e Business Angel, lavora con PMI e startup digitali e altamente innovative, principalmente nel business development per Clienti industriali che affrontano la digitalizzazione dei processi. Sono gli anni in cui nasce l\u2019Industria 4.0, e da subito Lorna punta sulla combinazione di competenze industriali e digitali. Il nuovo direttore scientifico di ARTES 4.0 \u00e8 oggi il professor Paolo Dario","url":"https:\/\/www.artes4.it\/en\/author\/lorna-vattaartes4-it\/"}]}},"_links":{"self":[{"href":"https:\/\/www.artes4.it\/en\/wp-json\/wp\/v2\/posts\/2562","targetHints":{"allow":["GET"]}}],"collection":[{"href":"https:\/\/www.artes4.it\/en\/wp-json\/wp\/v2\/posts"}],"about":[{"href":"https:\/\/www.artes4.it\/en\/wp-json\/wp\/v2\/types\/post"}],"author":[{"embeddable":true,"href":"https:\/\/www.artes4.it\/en\/wp-json\/wp\/v2\/users\/33"}],"replies":[{"embeddable":true,"href":"https:\/\/www.artes4.it\/en\/wp-json\/wp\/v2\/comments?post=2562"}],"version-history":[{"count":3,"href":"https:\/\/www.artes4.it\/en\/wp-json\/wp\/v2\/posts\/2562\/revisions"}],"predecessor-version":[{"id":4888,"href":"https:\/\/www.artes4.it\/en\/wp-json\/wp\/v2\/posts\/2562\/revisions\/4888"}],"wp:featuredmedia":[{"embeddable":true,"href":"https:\/\/www.artes4.it\/en\/wp-json\/wp\/v2\/media\/2561"}],"wp:attachment":[{"href":"https:\/\/www.artes4.it\/en\/wp-json\/wp\/v2\/media?parent=2562"}],"wp:term":[{"taxonomy":"category","embeddable":true,"href":"https:\/\/www.artes4.it\/en\/wp-json\/wp\/v2\/categories?post=2562"},{"taxonomy":"post_tag","embeddable":true,"href":"https:\/\/www.artes4.it\/en\/wp-json\/wp\/v2\/tags?post=2562"},{"taxonomy":"anno_doc","embeddable":true,"href":"https:\/\/www.artes4.it\/en\/wp-json\/wp\/v2\/anno_doc?post=2562"}],"curies":[{"name":"wp","href":"https:\/\/api.w.org\/{rel}","templated":true}]}}