{"id":2570,"date":"2020-06-20T20:20:00","date_gmt":"2020-06-20T18:20:00","guid":{"rendered":"https:\/\/www.artes4.it\/2020\/06\/20\/webinar-la-realta-virtuale-per-favorire-la-collaborazione-tra-i-team-di-lavoro-organizzato-da-esi-group\/"},"modified":"2024-07-02T12:13:22","modified_gmt":"2024-07-02T10:13:22","slug":"la-realta-virtuale-favorisce-la-collaborazione-tra-i-team-di-lavoro","status":"publish","type":"post","link":"https:\/\/www.artes4.it\/en\/news\/la-realta-virtuale-favorisce-la-collaborazione-tra-i-team-di-lavoro\/","title":{"rendered":"La Realt\u00e0 Virtuale favorisce la collaborazione tra i team di lavoro"},"content":{"rendered":"<div>\n<p><a href=\"https:\/\/www.esi-group.com\/\" target=\"_blank\" rel=\"noopener\"><strong>Esi Group<\/strong><\/a> in collaborazione con <strong>ARTES 4.0<\/strong>, organizza il Webinar \u201cLa Realt\u00e0 Virtuale per favorire la collaborazione tra i team di lavoro\u201d.<\/p>\n<p>&nbsp;<\/p>\n<div class=\"flex flex-grow flex-col max-w-full\">\n<div class=\"min-h-[20px] text-message flex flex-col items-start whitespace-pre-wrap break-words [.text-message+&amp;]:mt-5 juice:w-full juice:items-end overflow-x-auto gap-2\" dir=\"auto\" data-message-author-role=\"assistant\" data-message-id=\"09b8667c-484e-477c-8793-0f2546f766d6\">\n<div class=\"flex w-full flex-col gap-1 juice:empty:hidden juice:first:pt-[3px]\">\n<div class=\"markdown prose w-full break-words dark:prose-invert light\">\n<p>Nell&#8217;era dell&#8217;Industria 4.0, la tecnologia della realt\u00e0 virtuale (VR) sta emergendo come un potente strumento per migliorare la collaborazione e l&#8217;efficienza nei team di lavoro. Esi Group, in collaborazione con ARTES 4.0, organizzer\u00e0 un webinar focalizzato su questo argomento chiave, programmato per gioved\u00ec 25 giugno alle ore 9:00.<\/p>\n<p><strong>Contenuto:<\/strong><\/p>\n<p>Durante il webinar, saranno esplorate le diverse applicazioni della realt\u00e0 virtuale nel contesto industriale. Si discuter\u00e0 di come la VR possa facilitare la collaborazione tra team distribuiti geograficamente, consentendo loro di lavorare insieme su progetti complessi in modo efficace e coordinato. Verranno presentati casi studio e esempi pratici di come le aziende stanno adottando la VR per migliorare la comunicazione interna, accelerare i processi decisionali e ottimizzare le operazioni.<\/p>\n<p>Sar\u00e0 dedicato ampio spazio anche alla presentazione delle tecnologie VR pi\u00f9 avanzate disponibili oggi, inclusi software di simulazione e ambienti virtuali che consentono agli utenti di interagire in modo immersivo con i modelli 3D dei prodotti e dei processi industriali. Queste soluzioni non solo migliorano l&#8217;efficienza, ma anche la qualit\u00e0 e la sicurezza sul lavoro.<\/p>\n<p><strong>Obiettivi:<\/strong><\/p>\n<p>L&#8217;obiettivo principale del webinar \u00e8 quello di fornire agli spettatori una comprensione approfondita di come la realt\u00e0 virtuale possa essere integrata nelle strategie aziendali per massimizzare la collaborazione e la produttivit\u00e0 dei team di lavoro. I partecipanti avranno l&#8217;opportunit\u00e0 di apprendere best practice e consigli pratici su come implementare con successo la VR nei propri processi aziendali.<\/p>\n<p><strong>Conclusioni:<\/strong><\/p>\n<p>In conclusione, il webinar organizzato da Esi Group e ARTES 4.0 rappresenta un&#8217;importante occasione per esplorare il potenziale trasformativo della realt\u00e0 virtuale nell&#8217;ambito industriale. \u00c8 un momento cruciale per le aziende interessate a innovare e migliorare le loro pratiche di collaborazione interna, sfruttando le tecnologie pi\u00f9 avanzate disponibili oggi. Non perdere l&#8217;opportunit\u00e0 di partecipare e scoprire come la VR pu\u00f2 rivoluzionare il modo in cui lavoriamo e collaboriamo.<\/p>\n<\/div>\n<\/div>\n<\/div>\n<\/div>\n<p><!--more--><\/p>\n<p>Per maggiori informazioni e per registrarsi al webinar: <a href=\"https:\/\/www.esi-group.com\/it\/webinar-gratuito-la-realta-virtuale-favorire-la-collaborazione-tra-i-team-di-lavoro?utm_content=132153991&amp;utm_medium=social&amp;utm_source=linkedin&amp;hss_channel=lcp-12623306\" target=\"_blank\" rel=\"noopener\">cliccare qui<\/a><u>.<\/u><\/p>\n<p>&nbsp;<\/p>\n<\/div>\n","protected":false},"excerpt":{"rendered":"<p>Esi Group in collaborazione con ARTES 4.0, organizza il Webinar \u201cLa Realt\u00e0 Virtuale per favorire la collaborazione tra i team di lavoro\u201d. &nbsp; Nell&#8217;era dell&#8217;Industria 4.0, la tecnologia della realt\u00e0 virtuale (VR) sta emergendo come un potente strumento per migliorare la collaborazione e l&#8217;efficienza nei team di lavoro. Esi Group, in collaborazione con ARTES 4.0, [&hellip;]<\/p>\n","protected":false},"author":33,"featured_media":2569,"comment_status":"open","ping_status":"closed","sticky":false,"template":"","format":"standard","meta":{"_acf_changed":false,"footnotes":""},"categories":[1],"tags":[93],"anno_doc":[],"class_list":["post-2570","post","type-post","status-publish","format-standard","has-post-thumbnail","hentry","category-news","tag-news-ed-eventi"],"acf":[],"yoast_head":"<!-- This site is optimized with the Yoast SEO Premium plugin v22.8 (Yoast SEO v25.8) - https:\/\/yoast.com\/wordpress\/plugins\/seo\/ -->\n<title>La Realt\u00e0 Virtuale favorisce la collaborazione tra i team di lavoro<\/title>\n<meta name=\"description\" content=\"La Realt\u00e0 Virtuale favorisce la collaborazione tra i team di lavoro: un webinar sulla realt\u00e0 virtuale per le imprese.\" \/>\n<meta name=\"robots\" content=\"index, follow, max-snippet:-1, max-image-preview:large, max-video-preview:-1\" \/>\n<link rel=\"canonical\" href=\"https:\/\/www.artes4.it\/en\/news\/la-realta-virtuale-favorisce-la-collaborazione-tra-i-team-di-lavoro\/\" \/>\n<meta property=\"og:locale\" content=\"en_US\" \/>\n<meta property=\"og:type\" content=\"article\" \/>\n<meta property=\"og:title\" content=\"La Realt\u00e0 Virtuale favorisce la collaborazione tra i team di lavoro\" \/>\n<meta property=\"og:description\" content=\"La Realt\u00e0 Virtuale favorisce la collaborazione tra i team di lavoro: un webinar sulla realt\u00e0 virtuale per le imprese.\" \/>\n<meta property=\"og:url\" content=\"https:\/\/www.artes4.it\/en\/news\/la-realta-virtuale-favorisce-la-collaborazione-tra-i-team-di-lavoro\/\" \/>\n<meta property=\"og:site_name\" content=\"Artes 4.0\" \/>\n<meta property=\"article:published_time\" content=\"2020-06-20T18:20:00+00:00\" \/>\n<meta property=\"article:modified_time\" content=\"2024-07-02T10:13:22+00:00\" \/>\n<meta property=\"og:image\" content=\"https:\/\/www.artes4.it\/wp-content\/uploads\/2024\/03\/realtC3A020virtuale20collaborazione.jpg\" \/>\n\t<meta property=\"og:image:width\" content=\"626\" \/>\n\t<meta property=\"og:image:height\" content=\"404\" \/>\n\t<meta property=\"og:image:type\" content=\"image\/jpeg\" \/>\n<meta name=\"author\" content=\"Lorna Vatta\" \/>\n<meta name=\"twitter:card\" content=\"summary_large_image\" \/>\n<meta name=\"twitter:label1\" content=\"Written by\" \/>\n\t<meta name=\"twitter:data1\" content=\"Lorna Vatta\" \/>\n\t<meta name=\"twitter:label2\" content=\"Est. reading time\" \/>\n\t<meta name=\"twitter:data2\" content=\"2 minutes\" \/>\n<script type=\"application\/ld+json\" class=\"yoast-schema-graph\">{\"@context\":\"https:\/\/schema.org\",\"@graph\":[{\"@type\":\"Article\",\"@id\":\"https:\/\/www.artes4.it\/en\/news\/la-realta-virtuale-favorisce-la-collaborazione-tra-i-team-di-lavoro\/#article\",\"isPartOf\":{\"@id\":\"https:\/\/www.artes4.it\/en\/news\/la-realta-virtuale-favorisce-la-collaborazione-tra-i-team-di-lavoro\/\"},\"author\":{\"name\":\"Lorna Vatta\",\"@id\":\"https:\/\/www.artes4.it\/en\/#\/schema\/person\/0f1c2c8c0b9d274494f9df9818d34cbb\"},\"headline\":\"La Realt\u00e0 Virtuale favorisce la collaborazione tra i team di lavoro\",\"datePublished\":\"2020-06-20T18:20:00+00:00\",\"dateModified\":\"2024-07-02T10:13:22+00:00\",\"mainEntityOfPage\":{\"@id\":\"https:\/\/www.artes4.it\/en\/news\/la-realta-virtuale-favorisce-la-collaborazione-tra-i-team-di-lavoro\/\"},\"wordCount\":346,\"commentCount\":0,\"publisher\":{\"@id\":\"https:\/\/www.artes4.it\/en\/#organization\"},\"image\":{\"@id\":\"https:\/\/www.artes4.it\/en\/news\/la-realta-virtuale-favorisce-la-collaborazione-tra-i-team-di-lavoro\/#primaryimage\"},\"thumbnailUrl\":\"https:\/\/www.artes4.it\/wp-content\/uploads\/2024\/03\/realtC3A020virtuale20collaborazione.jpg\",\"keywords\":[\"News ed eventi\"],\"articleSection\":[\"News\"],\"inLanguage\":\"en-US\"},{\"@type\":\"WebPage\",\"@id\":\"https:\/\/www.artes4.it\/en\/news\/la-realta-virtuale-favorisce-la-collaborazione-tra-i-team-di-lavoro\/\",\"url\":\"https:\/\/www.artes4.it\/en\/news\/la-realta-virtuale-favorisce-la-collaborazione-tra-i-team-di-lavoro\/\",\"name\":\"La Realt\u00e0 Virtuale favorisce la collaborazione tra i team di lavoro\",\"isPartOf\":{\"@id\":\"https:\/\/www.artes4.it\/en\/#website\"},\"primaryImageOfPage\":{\"@id\":\"https:\/\/www.artes4.it\/en\/news\/la-realta-virtuale-favorisce-la-collaborazione-tra-i-team-di-lavoro\/#primaryimage\"},\"image\":{\"@id\":\"https:\/\/www.artes4.it\/en\/news\/la-realta-virtuale-favorisce-la-collaborazione-tra-i-team-di-lavoro\/#primaryimage\"},\"thumbnailUrl\":\"https:\/\/www.artes4.it\/wp-content\/uploads\/2024\/03\/realtC3A020virtuale20collaborazione.jpg\",\"datePublished\":\"2020-06-20T18:20:00+00:00\",\"dateModified\":\"2024-07-02T10:13:22+00:00\",\"description\":\"La Realt\u00e0 Virtuale favorisce la collaborazione tra i team di lavoro: un webinar sulla realt\u00e0 virtuale per le imprese.\",\"breadcrumb\":{\"@id\":\"https:\/\/www.artes4.it\/en\/news\/la-realta-virtuale-favorisce-la-collaborazione-tra-i-team-di-lavoro\/#breadcrumb\"},\"inLanguage\":\"en-US\",\"potentialAction\":[{\"@type\":\"ReadAction\",\"target\":[\"https:\/\/www.artes4.it\/en\/news\/la-realta-virtuale-favorisce-la-collaborazione-tra-i-team-di-lavoro\/\"]}]},{\"@type\":\"ImageObject\",\"inLanguage\":\"en-US\",\"@id\":\"https:\/\/www.artes4.it\/en\/news\/la-realta-virtuale-favorisce-la-collaborazione-tra-i-team-di-lavoro\/#primaryimage\",\"url\":\"https:\/\/www.artes4.it\/wp-content\/uploads\/2024\/03\/realtC3A020virtuale20collaborazione.jpg\",\"contentUrl\":\"https:\/\/www.artes4.it\/wp-content\/uploads\/2024\/03\/realtC3A020virtuale20collaborazione.jpg\",\"width\":626,\"height\":404},{\"@type\":\"BreadcrumbList\",\"@id\":\"https:\/\/www.artes4.it\/en\/news\/la-realta-virtuale-favorisce-la-collaborazione-tra-i-team-di-lavoro\/#breadcrumb\",\"itemListElement\":[{\"@type\":\"ListItem\",\"position\":1,\"name\":\"Home\",\"item\":\"https:\/\/www.artes4.it\/en\/\"},{\"@type\":\"ListItem\",\"position\":2,\"name\":\"La Realt\u00e0 Virtuale favorisce la collaborazione tra i team di lavoro\"}]},{\"@type\":\"WebSite\",\"@id\":\"https:\/\/www.artes4.it\/en\/#website\",\"url\":\"https:\/\/www.artes4.it\/en\/\",\"name\":\"Artes 4.0\",\"description\":\"\",\"publisher\":{\"@id\":\"https:\/\/www.artes4.it\/en\/#organization\"},\"potentialAction\":[{\"@type\":\"SearchAction\",\"target\":{\"@type\":\"EntryPoint\",\"urlTemplate\":\"https:\/\/www.artes4.it\/en\/?s={search_term_string}\"},\"query-input\":{\"@type\":\"PropertyValueSpecification\",\"valueRequired\":true,\"valueName\":\"search_term_string\"}}],\"inLanguage\":\"en-US\"},{\"@type\":\"Organization\",\"@id\":\"https:\/\/www.artes4.it\/en\/#organization\",\"name\":\"Artes 4.0\",\"url\":\"https:\/\/www.artes4.it\/en\/\",\"logo\":{\"@type\":\"ImageObject\",\"inLanguage\":\"en-US\",\"@id\":\"https:\/\/www.artes4.it\/en\/#\/schema\/logo\/image\/\",\"url\":\"https:\/\/www.artes4.it\/wp-content\/uploads\/2024\/01\/logo_artes_white.jpeg\",\"contentUrl\":\"https:\/\/www.artes4.it\/wp-content\/uploads\/2024\/01\/logo_artes_white.jpeg\",\"width\":462,\"height\":171,\"caption\":\"Artes 4.0\"},\"image\":{\"@id\":\"https:\/\/www.artes4.it\/en\/#\/schema\/logo\/image\/\"},\"sameAs\":[\"https:\/\/www.linkedin.com\/company\/associazione-artes-4-0\/posts\/?feedView=all\"]},{\"@type\":\"Person\",\"@id\":\"https:\/\/www.artes4.it\/en\/#\/schema\/person\/0f1c2c8c0b9d274494f9df9818d34cbb\",\"name\":\"Lorna Vatta\",\"image\":{\"@type\":\"ImageObject\",\"inLanguage\":\"en-US\",\"@id\":\"https:\/\/www.artes4.it\/en\/#\/schema\/person\/image\/\",\"url\":\"https:\/\/www.artes4.it\/wp-content\/uploads\/2024\/01\/Copia20di20Senza20titolo2014-96x96.png\",\"contentUrl\":\"https:\/\/www.artes4.it\/wp-content\/uploads\/2024\/01\/Copia20di20Senza20titolo2014-96x96.png\",\"caption\":\"Lorna Vatta\"},\"description\":\"Ex Direttrice Esecutiva di ARTES 4.0. Arriva ad ARTES 4.0 come naturale evoluzione del suo percorso: laureata in ingegneria gestionale al Politecnico di Milano, per 15 anni lavora in una multinazionale americana della meccanica avanzata, sempre sui fronti di sviluppo prodotti e business. In questo periodi vive e lavora anche in USA e UK, dove frequenta anche un MBA di UMIST e Manchester Business School. Completata l\u2019acquisizione e l\u2019integrazione di una media azienda italiana nel gruppo, diventa Chief Strategy &amp; Technology Officer di Fabio Perini SpA, leader mondiale della meccatronica per la trasformazione e l'imballaggio di prodotti tissue. Nel 2013 lascia la \u201cold economy\u201d e, da consulente indipendente e Business Angel, lavora con PMI e startup digitali e altamente innovative, principalmente nel business development per Clienti industriali che affrontano la digitalizzazione dei processi. Sono gli anni in cui nasce l\u2019Industria 4.0, e da subito Lorna punta sulla combinazione di competenze industriali e digitali. Il nuovo direttore scientifico di ARTES 4.0 \u00e8 oggi il professor Paolo Dario\",\"url\":\"https:\/\/www.artes4.it\/en\/author\/lorna-vattaartes4-it\/\"}]}<\/script>\n<!-- \/ Yoast SEO Premium plugin. -->","yoast_head_json":{"title":"La Realt\u00e0 Virtuale favorisce la collaborazione tra i team di lavoro","description":"La Realt\u00e0 Virtuale favorisce la collaborazione tra i team di lavoro: un webinar sulla realt\u00e0 virtuale per le imprese.","robots":{"index":"index","follow":"follow","max-snippet":"max-snippet:-1","max-image-preview":"max-image-preview:large","max-video-preview":"max-video-preview:-1"},"canonical":"https:\/\/www.artes4.it\/en\/news\/la-realta-virtuale-favorisce-la-collaborazione-tra-i-team-di-lavoro\/","og_locale":"en_US","og_type":"article","og_title":"La Realt\u00e0 Virtuale favorisce la collaborazione tra i team di lavoro","og_description":"La Realt\u00e0 Virtuale favorisce la collaborazione tra i team di lavoro: un webinar sulla realt\u00e0 virtuale per le imprese.","og_url":"https:\/\/www.artes4.it\/en\/news\/la-realta-virtuale-favorisce-la-collaborazione-tra-i-team-di-lavoro\/","og_site_name":"Artes 4.0","article_published_time":"2020-06-20T18:20:00+00:00","article_modified_time":"2024-07-02T10:13:22+00:00","og_image":[{"width":626,"height":404,"url":"https:\/\/www.artes4.it\/wp-content\/uploads\/2024\/03\/realtC3A020virtuale20collaborazione.jpg","type":"image\/jpeg"}],"author":"Lorna Vatta","twitter_card":"summary_large_image","twitter_misc":{"Written by":"Lorna Vatta","Est. reading time":"2 minutes"},"schema":{"@context":"https:\/\/schema.org","@graph":[{"@type":"Article","@id":"https:\/\/www.artes4.it\/en\/news\/la-realta-virtuale-favorisce-la-collaborazione-tra-i-team-di-lavoro\/#article","isPartOf":{"@id":"https:\/\/www.artes4.it\/en\/news\/la-realta-virtuale-favorisce-la-collaborazione-tra-i-team-di-lavoro\/"},"author":{"name":"Lorna Vatta","@id":"https:\/\/www.artes4.it\/en\/#\/schema\/person\/0f1c2c8c0b9d274494f9df9818d34cbb"},"headline":"La Realt\u00e0 Virtuale favorisce la collaborazione tra i team di lavoro","datePublished":"2020-06-20T18:20:00+00:00","dateModified":"2024-07-02T10:13:22+00:00","mainEntityOfPage":{"@id":"https:\/\/www.artes4.it\/en\/news\/la-realta-virtuale-favorisce-la-collaborazione-tra-i-team-di-lavoro\/"},"wordCount":346,"commentCount":0,"publisher":{"@id":"https:\/\/www.artes4.it\/en\/#organization"},"image":{"@id":"https:\/\/www.artes4.it\/en\/news\/la-realta-virtuale-favorisce-la-collaborazione-tra-i-team-di-lavoro\/#primaryimage"},"thumbnailUrl":"https:\/\/www.artes4.it\/wp-content\/uploads\/2024\/03\/realtC3A020virtuale20collaborazione.jpg","keywords":["News ed eventi"],"articleSection":["News"],"inLanguage":"en-US"},{"@type":"WebPage","@id":"https:\/\/www.artes4.it\/en\/news\/la-realta-virtuale-favorisce-la-collaborazione-tra-i-team-di-lavoro\/","url":"https:\/\/www.artes4.it\/en\/news\/la-realta-virtuale-favorisce-la-collaborazione-tra-i-team-di-lavoro\/","name":"La Realt\u00e0 Virtuale favorisce la collaborazione tra i team di lavoro","isPartOf":{"@id":"https:\/\/www.artes4.it\/en\/#website"},"primaryImageOfPage":{"@id":"https:\/\/www.artes4.it\/en\/news\/la-realta-virtuale-favorisce-la-collaborazione-tra-i-team-di-lavoro\/#primaryimage"},"image":{"@id":"https:\/\/www.artes4.it\/en\/news\/la-realta-virtuale-favorisce-la-collaborazione-tra-i-team-di-lavoro\/#primaryimage"},"thumbnailUrl":"https:\/\/www.artes4.it\/wp-content\/uploads\/2024\/03\/realtC3A020virtuale20collaborazione.jpg","datePublished":"2020-06-20T18:20:00+00:00","dateModified":"2024-07-02T10:13:22+00:00","description":"La Realt\u00e0 Virtuale favorisce la collaborazione tra i team di lavoro: un webinar sulla realt\u00e0 virtuale per le imprese.","breadcrumb":{"@id":"https:\/\/www.artes4.it\/en\/news\/la-realta-virtuale-favorisce-la-collaborazione-tra-i-team-di-lavoro\/#breadcrumb"},"inLanguage":"en-US","potentialAction":[{"@type":"ReadAction","target":["https:\/\/www.artes4.it\/en\/news\/la-realta-virtuale-favorisce-la-collaborazione-tra-i-team-di-lavoro\/"]}]},{"@type":"ImageObject","inLanguage":"en-US","@id":"https:\/\/www.artes4.it\/en\/news\/la-realta-virtuale-favorisce-la-collaborazione-tra-i-team-di-lavoro\/#primaryimage","url":"https:\/\/www.artes4.it\/wp-content\/uploads\/2024\/03\/realtC3A020virtuale20collaborazione.jpg","contentUrl":"https:\/\/www.artes4.it\/wp-content\/uploads\/2024\/03\/realtC3A020virtuale20collaborazione.jpg","width":626,"height":404},{"@type":"BreadcrumbList","@id":"https:\/\/www.artes4.it\/en\/news\/la-realta-virtuale-favorisce-la-collaborazione-tra-i-team-di-lavoro\/#breadcrumb","itemListElement":[{"@type":"ListItem","position":1,"name":"Home","item":"https:\/\/www.artes4.it\/en\/"},{"@type":"ListItem","position":2,"name":"La Realt\u00e0 Virtuale favorisce la collaborazione tra i team di lavoro"}]},{"@type":"WebSite","@id":"https:\/\/www.artes4.it\/en\/#website","url":"https:\/\/www.artes4.it\/en\/","name":"Artes 4.0","description":"","publisher":{"@id":"https:\/\/www.artes4.it\/en\/#organization"},"potentialAction":[{"@type":"SearchAction","target":{"@type":"EntryPoint","urlTemplate":"https:\/\/www.artes4.it\/en\/?s={search_term_string}"},"query-input":{"@type":"PropertyValueSpecification","valueRequired":true,"valueName":"search_term_string"}}],"inLanguage":"en-US"},{"@type":"Organization","@id":"https:\/\/www.artes4.it\/en\/#organization","name":"Artes 4.0","url":"https:\/\/www.artes4.it\/en\/","logo":{"@type":"ImageObject","inLanguage":"en-US","@id":"https:\/\/www.artes4.it\/en\/#\/schema\/logo\/image\/","url":"https:\/\/www.artes4.it\/wp-content\/uploads\/2024\/01\/logo_artes_white.jpeg","contentUrl":"https:\/\/www.artes4.it\/wp-content\/uploads\/2024\/01\/logo_artes_white.jpeg","width":462,"height":171,"caption":"Artes 4.0"},"image":{"@id":"https:\/\/www.artes4.it\/en\/#\/schema\/logo\/image\/"},"sameAs":["https:\/\/www.linkedin.com\/company\/associazione-artes-4-0\/posts\/?feedView=all"]},{"@type":"Person","@id":"https:\/\/www.artes4.it\/en\/#\/schema\/person\/0f1c2c8c0b9d274494f9df9818d34cbb","name":"Lorna Vatta","image":{"@type":"ImageObject","inLanguage":"en-US","@id":"https:\/\/www.artes4.it\/en\/#\/schema\/person\/image\/","url":"https:\/\/www.artes4.it\/wp-content\/uploads\/2024\/01\/Copia20di20Senza20titolo2014-96x96.png","contentUrl":"https:\/\/www.artes4.it\/wp-content\/uploads\/2024\/01\/Copia20di20Senza20titolo2014-96x96.png","caption":"Lorna Vatta"},"description":"Ex Direttrice Esecutiva di ARTES 4.0. Arriva ad ARTES 4.0 come naturale evoluzione del suo percorso: laureata in ingegneria gestionale al Politecnico di Milano, per 15 anni lavora in una multinazionale americana della meccanica avanzata, sempre sui fronti di sviluppo prodotti e business. In questo periodi vive e lavora anche in USA e UK, dove frequenta anche un MBA di UMIST e Manchester Business School. Completata l\u2019acquisizione e l\u2019integrazione di una media azienda italiana nel gruppo, diventa Chief Strategy &amp; Technology Officer di Fabio Perini SpA, leader mondiale della meccatronica per la trasformazione e l'imballaggio di prodotti tissue. Nel 2013 lascia la \u201cold economy\u201d e, da consulente indipendente e Business Angel, lavora con PMI e startup digitali e altamente innovative, principalmente nel business development per Clienti industriali che affrontano la digitalizzazione dei processi. Sono gli anni in cui nasce l\u2019Industria 4.0, e da subito Lorna punta sulla combinazione di competenze industriali e digitali. Il nuovo direttore scientifico di ARTES 4.0 \u00e8 oggi il professor Paolo Dario","url":"https:\/\/www.artes4.it\/en\/author\/lorna-vattaartes4-it\/"}]}},"_links":{"self":[{"href":"https:\/\/www.artes4.it\/en\/wp-json\/wp\/v2\/posts\/2570","targetHints":{"allow":["GET"]}}],"collection":[{"href":"https:\/\/www.artes4.it\/en\/wp-json\/wp\/v2\/posts"}],"about":[{"href":"https:\/\/www.artes4.it\/en\/wp-json\/wp\/v2\/types\/post"}],"author":[{"embeddable":true,"href":"https:\/\/www.artes4.it\/en\/wp-json\/wp\/v2\/users\/33"}],"replies":[{"embeddable":true,"href":"https:\/\/www.artes4.it\/en\/wp-json\/wp\/v2\/comments?post=2570"}],"version-history":[{"count":4,"href":"https:\/\/www.artes4.it\/en\/wp-json\/wp\/v2\/posts\/2570\/revisions"}],"predecessor-version":[{"id":4995,"href":"https:\/\/www.artes4.it\/en\/wp-json\/wp\/v2\/posts\/2570\/revisions\/4995"}],"wp:featuredmedia":[{"embeddable":true,"href":"https:\/\/www.artes4.it\/en\/wp-json\/wp\/v2\/media\/2569"}],"wp:attachment":[{"href":"https:\/\/www.artes4.it\/en\/wp-json\/wp\/v2\/media?parent=2570"}],"wp:term":[{"taxonomy":"category","embeddable":true,"href":"https:\/\/www.artes4.it\/en\/wp-json\/wp\/v2\/categories?post=2570"},{"taxonomy":"post_tag","embeddable":true,"href":"https:\/\/www.artes4.it\/en\/wp-json\/wp\/v2\/tags?post=2570"},{"taxonomy":"anno_doc","embeddable":true,"href":"https:\/\/www.artes4.it\/en\/wp-json\/wp\/v2\/anno_doc?post=2570"}],"curies":[{"name":"wp","href":"https:\/\/api.w.org\/{rel}","templated":true}]}}