{"id":2574,"date":"2020-06-10T20:20:00","date_gmt":"2020-06-10T18:20:00","guid":{"rendered":"https:\/\/www.artes4.it\/2020\/06\/10\/ciclo-di-3-webinar-organizzato-da-artes-4-0-e-dal-macronodo-delluniversita-di-pisa\/"},"modified":"2024-07-02T11:44:51","modified_gmt":"2024-07-02T09:44:51","slug":"3-webinar-organizzati-da-artes-4-0-e-dal-macronodo","status":"publish","type":"post","link":"https:\/\/www.artes4.it\/en\/news\/3-webinar-organizzati-da-artes-4-0-e-dal-macronodo\/","title":{"rendered":"3 Webinar organizzati da ARTES 4.0 e dal Macronodo"},"content":{"rendered":"<h4>3 Webinar organizzati da ARTES 4.0 e dal Macronodo<\/h4>\n<p>Al fine di supportare le imprese manifatturiere, favorendo la massima diffusione della conoscenza di quanto le tecnologie digitali e le nuove forme di organizzazione produttiva possano contribuire al superamento della crisi causata dall\u2019emergenza \u201cCOVID-19\u201d, <strong>ARTES 4.0<\/strong> e l\u2019<strong>Universit\u00e0 di Pisa<\/strong> hanno organizzato un ciclo di <strong>3 webinar<\/strong> previsti per il <strong>17, il\u00a0 24 e il 30 Giugno 2020<\/strong>.<br \/>\n<!--more--><\/p>\n<div class=\"flex flex-grow flex-col max-w-full\">\n<div class=\"min-h-[20px] text-message flex flex-col items-start whitespace-pre-wrap break-words [.text-message+&amp;]:mt-5 juice:w-full juice:items-end overflow-x-auto gap-2\" dir=\"auto\" data-message-author-role=\"assistant\" data-message-id=\"3d7c089a-7cf2-4c72-94fb-a1306bf54739\">\n<div class=\"flex w-full flex-col gap-1 juice:empty:hidden juice:first:pt-[3px]\">\n<div class=\"markdown prose w-full break-words dark:prose-invert light\">\n<p>Al fine di affrontare le sfide imposte dall&#8217;emergenza COVID-19 e supportare le imprese nel loro percorso di ripresa e innovazione, ARTES 4.0 insieme al Macronodo dell&#8217;Universit\u00e0 di Pisa ha promosso un ciclo di tre webinar dedicati all&#8217;Impresa 4.0 e alle nuove forme di organizzazione produttiva. Questi eventi mirano a fornire conoscenze e strumenti pratici per guidare le imprese verso una trasformazione digitale efficace e sostenibile.<\/p>\n<p>I webinar, programmati per il 17, 24 e 30 Giugno 2020, rappresentano un&#8217;opportunit\u00e0 cruciale per le imprese manifatturiere di acquisire competenze fondamentali in tecnologie digitali, soluzioni organizzative innovative, e opportunit\u00e0 di finanziamento e incentivi fiscali per l&#8217;innovazione. Ogni sessione sar\u00e0 condotta da docenti universitari, esperti del settore e professionisti che condivideranno le loro conoscenze e best practices.<\/p>\n<p>Il primo webinar, intitolato &#8220;Impresa 4.0 \u2013 Nuovi modelli organizzativi e sistemi gestionali alla luce dell\u2019esperienza COVID-19&#8221;, si terr\u00e0 il 17 Giugno 2020 alle ore 15:00. Durante questa sessione di due ore, gli esperti esploreranno come le aziende possono adattare e sviluppare nuovi modelli organizzativi in risposta alle sfide poste dalla pandemia. Saranno trattati temi cruciali come la resilienza aziendale, l&#8217;ottimizzazione dei processi produttivi attraverso tecnologie avanzate, e l&#8217;implementazione di sistemi gestionali efficienti.<\/p>\n<p>Oltre a fornire una panoramica sulle migliori pratiche emergenti, il webinar consentir\u00e0 agli imprenditori e ai manager di porre domande e discutere direttamente con gli esperti presenti. Questo approccio interattivo favorir\u00e0 un dialogo costruttivo, permettendo alle aziende di ottenere consigli personalizzati e soluzioni su misura per le loro esigenze specifiche di digitalizzazione e crescita.<\/p>\n<p>I webinar successivi continueranno a esplorare altri aspetti cruciali dell&#8217;Impresa 4.0, inclusi l&#8217;adozione di tecnologie emergenti, la sicurezza informatica e l&#8217;ottimizzazione dei processi attraverso l&#8217;intelligenza artificiale e l&#8217;Internet delle cose (IoT). Queste sessioni rappresentano un&#8217;opportunit\u00e0 unica per le imprese di cogliere le sfide attuali come opportunit\u00e0 di crescita e di rafforzamento della loro posizione nel mercato globale sempre pi\u00f9 digitalizzato.<\/p>\n<\/div>\n<\/div>\n<\/div>\n<\/div>\n<p><strong>Per maggiori informazioni sul Programma dei singoli webinar e per registrarsi:<\/strong> <a href=\"https:\/\/lp.artes4.it\/scopri-i-webinar-di-artes\" target=\"_blank\" rel=\"noopener\">cliccare qui.<\/a><\/p>\n<p>&nbsp;<\/p>\n","protected":false},"excerpt":{"rendered":"<p>3 Webinar organizzati da ARTES 4.0 e dal Macronodo Al fine di supportare le imprese manifatturiere, favorendo la massima diffusione della conoscenza di quanto le tecnologie digitali e le nuove forme di organizzazione produttiva possano contribuire al superamento della crisi causata dall\u2019emergenza \u201cCOVID-19\u201d, ARTES 4.0 e l\u2019Universit\u00e0 di Pisa hanno organizzato un ciclo di 3 [&hellip;]<\/p>\n","protected":false},"author":33,"featured_media":2573,"comment_status":"open","ping_status":"closed","sticky":false,"template":"","format":"standard","meta":{"_acf_changed":false,"footnotes":""},"categories":[1],"tags":[93],"anno_doc":[],"class_list":["post-2574","post","type-post","status-publish","format-standard","has-post-thumbnail","hentry","category-news","tag-news-ed-eventi"],"acf":[],"yoast_head":"<!-- This site is optimized with the Yoast SEO Premium plugin v22.8 (Yoast SEO v25.8) - https:\/\/yoast.com\/wordpress\/plugins\/seo\/ -->\n<title>3 Webinar organizzati da ARTES 4.0 e dal Macronodo<\/title>\n<meta name=\"description\" content=\"I 3 webinar sono organizzati da docenti universitari, esperti e professionisti, con focus sumaterie di tecnologie, soluzioni organizzative.\" \/>\n<meta name=\"robots\" content=\"index, follow, max-snippet:-1, max-image-preview:large, max-video-preview:-1\" \/>\n<link rel=\"canonical\" href=\"https:\/\/www.artes4.it\/en\/news\/3-webinar-organizzati-da-artes-4-0-e-dal-macronodo\/\" \/>\n<meta property=\"og:locale\" content=\"en_US\" \/>\n<meta property=\"og:type\" content=\"article\" \/>\n<meta property=\"og:title\" content=\"3 Webinar organizzati da ARTES 4.0 e dal Macronodo\" \/>\n<meta property=\"og:description\" content=\"I 3 webinar sono organizzati da docenti universitari, esperti e professionisti, con focus sumaterie di tecnologie, soluzioni organizzative.\" \/>\n<meta property=\"og:url\" content=\"https:\/\/www.artes4.it\/en\/news\/3-webinar-organizzati-da-artes-4-0-e-dal-macronodo\/\" \/>\n<meta property=\"og:site_name\" content=\"Artes 4.0\" \/>\n<meta property=\"article:published_time\" content=\"2020-06-10T18:20:00+00:00\" \/>\n<meta property=\"article:modified_time\" content=\"2024-07-02T09:44:51+00:00\" \/>\n<meta property=\"og:image\" content=\"https:\/\/www.artes4.it\/wp-content\/uploads\/2024\/03\/webinars-890x395_c-1.jpg\" \/>\n\t<meta property=\"og:image:width\" content=\"890\" \/>\n\t<meta property=\"og:image:height\" content=\"395\" \/>\n\t<meta property=\"og:image:type\" content=\"image\/jpeg\" \/>\n<meta name=\"author\" content=\"Lorna Vatta\" \/>\n<meta name=\"twitter:card\" content=\"summary_large_image\" \/>\n<meta name=\"twitter:label1\" content=\"Written by\" \/>\n\t<meta name=\"twitter:data1\" content=\"Lorna Vatta\" \/>\n\t<meta name=\"twitter:label2\" content=\"Est. reading time\" \/>\n\t<meta name=\"twitter:data2\" content=\"3 minutes\" \/>\n<script type=\"application\/ld+json\" class=\"yoast-schema-graph\">{\"@context\":\"https:\/\/schema.org\",\"@graph\":[{\"@type\":\"Article\",\"@id\":\"https:\/\/www.artes4.it\/en\/news\/3-webinar-organizzati-da-artes-4-0-e-dal-macronodo\/#article\",\"isPartOf\":{\"@id\":\"https:\/\/www.artes4.it\/en\/news\/3-webinar-organizzati-da-artes-4-0-e-dal-macronodo\/\"},\"author\":{\"name\":\"Lorna Vatta\",\"@id\":\"https:\/\/www.artes4.it\/en\/#\/schema\/person\/0f1c2c8c0b9d274494f9df9818d34cbb\"},\"headline\":\"3 Webinar organizzati da ARTES 4.0 e dal Macronodo\",\"datePublished\":\"2020-06-10T18:20:00+00:00\",\"dateModified\":\"2024-07-02T09:44:51+00:00\",\"mainEntityOfPage\":{\"@id\":\"https:\/\/www.artes4.it\/en\/news\/3-webinar-organizzati-da-artes-4-0-e-dal-macronodo\/\"},\"wordCount\":393,\"commentCount\":0,\"publisher\":{\"@id\":\"https:\/\/www.artes4.it\/en\/#organization\"},\"image\":{\"@id\":\"https:\/\/www.artes4.it\/en\/news\/3-webinar-organizzati-da-artes-4-0-e-dal-macronodo\/#primaryimage\"},\"thumbnailUrl\":\"https:\/\/www.artes4.it\/wp-content\/uploads\/2024\/03\/webinars-890x395_c-1.jpg\",\"keywords\":[\"News ed eventi\"],\"articleSection\":[\"News\"],\"inLanguage\":\"en-US\"},{\"@type\":\"WebPage\",\"@id\":\"https:\/\/www.artes4.it\/en\/news\/3-webinar-organizzati-da-artes-4-0-e-dal-macronodo\/\",\"url\":\"https:\/\/www.artes4.it\/en\/news\/3-webinar-organizzati-da-artes-4-0-e-dal-macronodo\/\",\"name\":\"3 Webinar organizzati da ARTES 4.0 e dal Macronodo\",\"isPartOf\":{\"@id\":\"https:\/\/www.artes4.it\/en\/#website\"},\"primaryImageOfPage\":{\"@id\":\"https:\/\/www.artes4.it\/en\/news\/3-webinar-organizzati-da-artes-4-0-e-dal-macronodo\/#primaryimage\"},\"image\":{\"@id\":\"https:\/\/www.artes4.it\/en\/news\/3-webinar-organizzati-da-artes-4-0-e-dal-macronodo\/#primaryimage\"},\"thumbnailUrl\":\"https:\/\/www.artes4.it\/wp-content\/uploads\/2024\/03\/webinars-890x395_c-1.jpg\",\"datePublished\":\"2020-06-10T18:20:00+00:00\",\"dateModified\":\"2024-07-02T09:44:51+00:00\",\"description\":\"I 3 webinar sono organizzati da docenti universitari, esperti e professionisti, con focus sumaterie di tecnologie, soluzioni organizzative.\",\"breadcrumb\":{\"@id\":\"https:\/\/www.artes4.it\/en\/news\/3-webinar-organizzati-da-artes-4-0-e-dal-macronodo\/#breadcrumb\"},\"inLanguage\":\"en-US\",\"potentialAction\":[{\"@type\":\"ReadAction\",\"target\":[\"https:\/\/www.artes4.it\/en\/news\/3-webinar-organizzati-da-artes-4-0-e-dal-macronodo\/\"]}]},{\"@type\":\"ImageObject\",\"inLanguage\":\"en-US\",\"@id\":\"https:\/\/www.artes4.it\/en\/news\/3-webinar-organizzati-da-artes-4-0-e-dal-macronodo\/#primaryimage\",\"url\":\"https:\/\/www.artes4.it\/wp-content\/uploads\/2024\/03\/webinars-890x395_c-1.jpg\",\"contentUrl\":\"https:\/\/www.artes4.it\/wp-content\/uploads\/2024\/03\/webinars-890x395_c-1.jpg\",\"width\":890,\"height\":395},{\"@type\":\"BreadcrumbList\",\"@id\":\"https:\/\/www.artes4.it\/en\/news\/3-webinar-organizzati-da-artes-4-0-e-dal-macronodo\/#breadcrumb\",\"itemListElement\":[{\"@type\":\"ListItem\",\"position\":1,\"name\":\"Home\",\"item\":\"https:\/\/www.artes4.it\/en\/\"},{\"@type\":\"ListItem\",\"position\":2,\"name\":\"3 Webinar organizzati da ARTES 4.0 e dal Macronodo\"}]},{\"@type\":\"WebSite\",\"@id\":\"https:\/\/www.artes4.it\/en\/#website\",\"url\":\"https:\/\/www.artes4.it\/en\/\",\"name\":\"Artes 4.0\",\"description\":\"\",\"publisher\":{\"@id\":\"https:\/\/www.artes4.it\/en\/#organization\"},\"potentialAction\":[{\"@type\":\"SearchAction\",\"target\":{\"@type\":\"EntryPoint\",\"urlTemplate\":\"https:\/\/www.artes4.it\/en\/?s={search_term_string}\"},\"query-input\":{\"@type\":\"PropertyValueSpecification\",\"valueRequired\":true,\"valueName\":\"search_term_string\"}}],\"inLanguage\":\"en-US\"},{\"@type\":\"Organization\",\"@id\":\"https:\/\/www.artes4.it\/en\/#organization\",\"name\":\"Artes 4.0\",\"url\":\"https:\/\/www.artes4.it\/en\/\",\"logo\":{\"@type\":\"ImageObject\",\"inLanguage\":\"en-US\",\"@id\":\"https:\/\/www.artes4.it\/en\/#\/schema\/logo\/image\/\",\"url\":\"https:\/\/www.artes4.it\/wp-content\/uploads\/2024\/01\/logo_artes_white.jpeg\",\"contentUrl\":\"https:\/\/www.artes4.it\/wp-content\/uploads\/2024\/01\/logo_artes_white.jpeg\",\"width\":462,\"height\":171,\"caption\":\"Artes 4.0\"},\"image\":{\"@id\":\"https:\/\/www.artes4.it\/en\/#\/schema\/logo\/image\/\"},\"sameAs\":[\"https:\/\/www.linkedin.com\/company\/associazione-artes-4-0\/posts\/?feedView=all\"]},{\"@type\":\"Person\",\"@id\":\"https:\/\/www.artes4.it\/en\/#\/schema\/person\/0f1c2c8c0b9d274494f9df9818d34cbb\",\"name\":\"Lorna Vatta\",\"image\":{\"@type\":\"ImageObject\",\"inLanguage\":\"en-US\",\"@id\":\"https:\/\/www.artes4.it\/en\/#\/schema\/person\/image\/\",\"url\":\"https:\/\/www.artes4.it\/wp-content\/uploads\/2024\/01\/Copia20di20Senza20titolo2014-96x96.png\",\"contentUrl\":\"https:\/\/www.artes4.it\/wp-content\/uploads\/2024\/01\/Copia20di20Senza20titolo2014-96x96.png\",\"caption\":\"Lorna Vatta\"},\"description\":\"Ex Direttrice Esecutiva di ARTES 4.0. Arriva ad ARTES 4.0 come naturale evoluzione del suo percorso: laureata in ingegneria gestionale al Politecnico di Milano, per 15 anni lavora in una multinazionale americana della meccanica avanzata, sempre sui fronti di sviluppo prodotti e business. In questo periodi vive e lavora anche in USA e UK, dove frequenta anche un MBA di UMIST e Manchester Business School. Completata l\u2019acquisizione e l\u2019integrazione di una media azienda italiana nel gruppo, diventa Chief Strategy &amp; Technology Officer di Fabio Perini SpA, leader mondiale della meccatronica per la trasformazione e l'imballaggio di prodotti tissue. Nel 2013 lascia la \u201cold economy\u201d e, da consulente indipendente e Business Angel, lavora con PMI e startup digitali e altamente innovative, principalmente nel business development per Clienti industriali che affrontano la digitalizzazione dei processi. Sono gli anni in cui nasce l\u2019Industria 4.0, e da subito Lorna punta sulla combinazione di competenze industriali e digitali. Il nuovo direttore scientifico di ARTES 4.0 \u00e8 oggi il professor Paolo Dario\",\"url\":\"https:\/\/www.artes4.it\/en\/author\/lorna-vattaartes4-it\/\"}]}<\/script>\n<!-- \/ Yoast SEO Premium plugin. -->","yoast_head_json":{"title":"3 Webinar organizzati da ARTES 4.0 e dal Macronodo","description":"I 3 webinar sono organizzati da docenti universitari, esperti e professionisti, con focus sumaterie di tecnologie, soluzioni organizzative.","robots":{"index":"index","follow":"follow","max-snippet":"max-snippet:-1","max-image-preview":"max-image-preview:large","max-video-preview":"max-video-preview:-1"},"canonical":"https:\/\/www.artes4.it\/en\/news\/3-webinar-organizzati-da-artes-4-0-e-dal-macronodo\/","og_locale":"en_US","og_type":"article","og_title":"3 Webinar organizzati da ARTES 4.0 e dal Macronodo","og_description":"I 3 webinar sono organizzati da docenti universitari, esperti e professionisti, con focus sumaterie di tecnologie, soluzioni organizzative.","og_url":"https:\/\/www.artes4.it\/en\/news\/3-webinar-organizzati-da-artes-4-0-e-dal-macronodo\/","og_site_name":"Artes 4.0","article_published_time":"2020-06-10T18:20:00+00:00","article_modified_time":"2024-07-02T09:44:51+00:00","og_image":[{"width":890,"height":395,"url":"https:\/\/www.artes4.it\/wp-content\/uploads\/2024\/03\/webinars-890x395_c-1.jpg","type":"image\/jpeg"}],"author":"Lorna Vatta","twitter_card":"summary_large_image","twitter_misc":{"Written by":"Lorna Vatta","Est. reading time":"3 minutes"},"schema":{"@context":"https:\/\/schema.org","@graph":[{"@type":"Article","@id":"https:\/\/www.artes4.it\/en\/news\/3-webinar-organizzati-da-artes-4-0-e-dal-macronodo\/#article","isPartOf":{"@id":"https:\/\/www.artes4.it\/en\/news\/3-webinar-organizzati-da-artes-4-0-e-dal-macronodo\/"},"author":{"name":"Lorna Vatta","@id":"https:\/\/www.artes4.it\/en\/#\/schema\/person\/0f1c2c8c0b9d274494f9df9818d34cbb"},"headline":"3 Webinar organizzati da ARTES 4.0 e dal Macronodo","datePublished":"2020-06-10T18:20:00+00:00","dateModified":"2024-07-02T09:44:51+00:00","mainEntityOfPage":{"@id":"https:\/\/www.artes4.it\/en\/news\/3-webinar-organizzati-da-artes-4-0-e-dal-macronodo\/"},"wordCount":393,"commentCount":0,"publisher":{"@id":"https:\/\/www.artes4.it\/en\/#organization"},"image":{"@id":"https:\/\/www.artes4.it\/en\/news\/3-webinar-organizzati-da-artes-4-0-e-dal-macronodo\/#primaryimage"},"thumbnailUrl":"https:\/\/www.artes4.it\/wp-content\/uploads\/2024\/03\/webinars-890x395_c-1.jpg","keywords":["News ed eventi"],"articleSection":["News"],"inLanguage":"en-US"},{"@type":"WebPage","@id":"https:\/\/www.artes4.it\/en\/news\/3-webinar-organizzati-da-artes-4-0-e-dal-macronodo\/","url":"https:\/\/www.artes4.it\/en\/news\/3-webinar-organizzati-da-artes-4-0-e-dal-macronodo\/","name":"3 Webinar organizzati da ARTES 4.0 e dal Macronodo","isPartOf":{"@id":"https:\/\/www.artes4.it\/en\/#website"},"primaryImageOfPage":{"@id":"https:\/\/www.artes4.it\/en\/news\/3-webinar-organizzati-da-artes-4-0-e-dal-macronodo\/#primaryimage"},"image":{"@id":"https:\/\/www.artes4.it\/en\/news\/3-webinar-organizzati-da-artes-4-0-e-dal-macronodo\/#primaryimage"},"thumbnailUrl":"https:\/\/www.artes4.it\/wp-content\/uploads\/2024\/03\/webinars-890x395_c-1.jpg","datePublished":"2020-06-10T18:20:00+00:00","dateModified":"2024-07-02T09:44:51+00:00","description":"I 3 webinar sono organizzati da docenti universitari, esperti e professionisti, con focus sumaterie di tecnologie, soluzioni organizzative.","breadcrumb":{"@id":"https:\/\/www.artes4.it\/en\/news\/3-webinar-organizzati-da-artes-4-0-e-dal-macronodo\/#breadcrumb"},"inLanguage":"en-US","potentialAction":[{"@type":"ReadAction","target":["https:\/\/www.artes4.it\/en\/news\/3-webinar-organizzati-da-artes-4-0-e-dal-macronodo\/"]}]},{"@type":"ImageObject","inLanguage":"en-US","@id":"https:\/\/www.artes4.it\/en\/news\/3-webinar-organizzati-da-artes-4-0-e-dal-macronodo\/#primaryimage","url":"https:\/\/www.artes4.it\/wp-content\/uploads\/2024\/03\/webinars-890x395_c-1.jpg","contentUrl":"https:\/\/www.artes4.it\/wp-content\/uploads\/2024\/03\/webinars-890x395_c-1.jpg","width":890,"height":395},{"@type":"BreadcrumbList","@id":"https:\/\/www.artes4.it\/en\/news\/3-webinar-organizzati-da-artes-4-0-e-dal-macronodo\/#breadcrumb","itemListElement":[{"@type":"ListItem","position":1,"name":"Home","item":"https:\/\/www.artes4.it\/en\/"},{"@type":"ListItem","position":2,"name":"3 Webinar organizzati da ARTES 4.0 e dal Macronodo"}]},{"@type":"WebSite","@id":"https:\/\/www.artes4.it\/en\/#website","url":"https:\/\/www.artes4.it\/en\/","name":"Artes 4.0","description":"","publisher":{"@id":"https:\/\/www.artes4.it\/en\/#organization"},"potentialAction":[{"@type":"SearchAction","target":{"@type":"EntryPoint","urlTemplate":"https:\/\/www.artes4.it\/en\/?s={search_term_string}"},"query-input":{"@type":"PropertyValueSpecification","valueRequired":true,"valueName":"search_term_string"}}],"inLanguage":"en-US"},{"@type":"Organization","@id":"https:\/\/www.artes4.it\/en\/#organization","name":"Artes 4.0","url":"https:\/\/www.artes4.it\/en\/","logo":{"@type":"ImageObject","inLanguage":"en-US","@id":"https:\/\/www.artes4.it\/en\/#\/schema\/logo\/image\/","url":"https:\/\/www.artes4.it\/wp-content\/uploads\/2024\/01\/logo_artes_white.jpeg","contentUrl":"https:\/\/www.artes4.it\/wp-content\/uploads\/2024\/01\/logo_artes_white.jpeg","width":462,"height":171,"caption":"Artes 4.0"},"image":{"@id":"https:\/\/www.artes4.it\/en\/#\/schema\/logo\/image\/"},"sameAs":["https:\/\/www.linkedin.com\/company\/associazione-artes-4-0\/posts\/?feedView=all"]},{"@type":"Person","@id":"https:\/\/www.artes4.it\/en\/#\/schema\/person\/0f1c2c8c0b9d274494f9df9818d34cbb","name":"Lorna Vatta","image":{"@type":"ImageObject","inLanguage":"en-US","@id":"https:\/\/www.artes4.it\/en\/#\/schema\/person\/image\/","url":"https:\/\/www.artes4.it\/wp-content\/uploads\/2024\/01\/Copia20di20Senza20titolo2014-96x96.png","contentUrl":"https:\/\/www.artes4.it\/wp-content\/uploads\/2024\/01\/Copia20di20Senza20titolo2014-96x96.png","caption":"Lorna Vatta"},"description":"Ex Direttrice Esecutiva di ARTES 4.0. Arriva ad ARTES 4.0 come naturale evoluzione del suo percorso: laureata in ingegneria gestionale al Politecnico di Milano, per 15 anni lavora in una multinazionale americana della meccanica avanzata, sempre sui fronti di sviluppo prodotti e business. In questo periodi vive e lavora anche in USA e UK, dove frequenta anche un MBA di UMIST e Manchester Business School. Completata l\u2019acquisizione e l\u2019integrazione di una media azienda italiana nel gruppo, diventa Chief Strategy &amp; Technology Officer di Fabio Perini SpA, leader mondiale della meccatronica per la trasformazione e l'imballaggio di prodotti tissue. Nel 2013 lascia la \u201cold economy\u201d e, da consulente indipendente e Business Angel, lavora con PMI e startup digitali e altamente innovative, principalmente nel business development per Clienti industriali che affrontano la digitalizzazione dei processi. Sono gli anni in cui nasce l\u2019Industria 4.0, e da subito Lorna punta sulla combinazione di competenze industriali e digitali. Il nuovo direttore scientifico di ARTES 4.0 \u00e8 oggi il professor Paolo Dario","url":"https:\/\/www.artes4.it\/en\/author\/lorna-vattaartes4-it\/"}]}},"_links":{"self":[{"href":"https:\/\/www.artes4.it\/en\/wp-json\/wp\/v2\/posts\/2574","targetHints":{"allow":["GET"]}}],"collection":[{"href":"https:\/\/www.artes4.it\/en\/wp-json\/wp\/v2\/posts"}],"about":[{"href":"https:\/\/www.artes4.it\/en\/wp-json\/wp\/v2\/types\/post"}],"author":[{"embeddable":true,"href":"https:\/\/www.artes4.it\/en\/wp-json\/wp\/v2\/users\/33"}],"replies":[{"embeddable":true,"href":"https:\/\/www.artes4.it\/en\/wp-json\/wp\/v2\/comments?post=2574"}],"version-history":[{"count":5,"href":"https:\/\/www.artes4.it\/en\/wp-json\/wp\/v2\/posts\/2574\/revisions"}],"predecessor-version":[{"id":4993,"href":"https:\/\/www.artes4.it\/en\/wp-json\/wp\/v2\/posts\/2574\/revisions\/4993"}],"wp:featuredmedia":[{"embeddable":true,"href":"https:\/\/www.artes4.it\/en\/wp-json\/wp\/v2\/media\/2573"}],"wp:attachment":[{"href":"https:\/\/www.artes4.it\/en\/wp-json\/wp\/v2\/media?parent=2574"}],"wp:term":[{"taxonomy":"category","embeddable":true,"href":"https:\/\/www.artes4.it\/en\/wp-json\/wp\/v2\/categories?post=2574"},{"taxonomy":"post_tag","embeddable":true,"href":"https:\/\/www.artes4.it\/en\/wp-json\/wp\/v2\/tags?post=2574"},{"taxonomy":"anno_doc","embeddable":true,"href":"https:\/\/www.artes4.it\/en\/wp-json\/wp\/v2\/anno_doc?post=2574"}],"curies":[{"name":"wp","href":"https:\/\/api.w.org\/{rel}","templated":true}]}}