{"id":2578,"date":"2020-04-30T20:20:00","date_gmt":"2020-04-30T18:20:00","guid":{"rendered":"https:\/\/www.artes4.it\/2020\/04\/30\/webinar-management-4-0-strumenti-per-la-competitivita-delle-imprese-artes-4-0-e-l-istituto-di-management-della-scuola-superiore-santanna\/"},"modified":"2024-07-02T11:35:03","modified_gmt":"2024-07-02T09:35:03","slug":"webinar-management-4-0-strumenti-per-la-competitivita-delle-imprese-artes-4-0-e-l-istituto-di-management-della-scuola-superiore-santanna","status":"publish","type":"post","link":"https:\/\/www.artes4.it\/en\/news\/webinar-management-4-0-strumenti-per-la-competitivita-delle-imprese-artes-4-0-e-l-istituto-di-management-della-scuola-superiore-santanna\/","title":{"rendered":"Strumenti per la competitivit\u00e0 delle imprese: management"},"content":{"rendered":"<div class=\"flex flex-grow flex-col max-w-full\">\n<div class=\"min-h-[20px] text-message flex flex-col items-start whitespace-pre-wrap break-words [.text-message+&amp;]:mt-5 juice:w-full juice:items-end overflow-x-auto gap-2\" dir=\"auto\" data-message-author-role=\"assistant\" data-message-id=\"6e2838a3-2156-4d98-b8ee-04f1dccf30ab\">\n<div class=\"flex w-full flex-col gap-1 juice:empty:hidden juice:first:pt-[3px]\">\n<div class=\"markdown prose w-full break-words dark:prose-invert light\">\n<p>ARTES 4.0 e l\u2019Istituto di Management della Scuola Superiore Sant\u2019Anna si uniscono per offrire un webinar cruciale dedicato al supporto delle imprese in questo periodo di trasformazione digitale. Il webinar si concentrer\u00e0 su competenze essenziali e strumenti pratici che le aziende possono adottare per massimizzare i benefici delle Tecnologie 4.0 e affrontare sfide cruciali come la modifica del business model, il marketing per prodotti innovativi, la sostenibilit\u00e0 ambientale e la gestione del cambiamento.<\/p>\n<p>Durante il webinar interattivo, i 6 docenti della Scuola Superiore Sant\u2019Anna condivideranno pillole di conoscenza e strumenti pratici, fornendo agli partecipanti insights preziosi su come implementare con successo le Tecnologie 4.0. La sessione non sar\u00e0 solo informativa, ma anche un&#8217;opportunit\u00e0 per le aziende di condividere le proprie esperienze e sfide. Questo scambio permetter\u00e0 di raccogliere feedback diretti dalle imprese, fondamentali per adattare e migliorare l&#8217;offerta di supporto dell\u2019Istituto di Management e di ARTES 4.0.<\/p>\n<p>Le metodologie presentate includeranno approcci avanzati alla valutazione dell\u2019impatto economico e della sostenibilit\u00e0 ambientale, essenziali per le aziende che desiderano integrare pratiche di responsabilit\u00e0 sociale e ambientale nei loro modelli di business. Inoltre, verranno discusse strategie efficaci per gestire il cambiamento organizzativo e i rischi associati alle innovazioni tecnologiche.<\/p>\n<p>La partecipazione al webinar \u00e8 gratuita, ma a numero chiuso per garantire un&#8217;interazione adeguata e un dialogo costruttivo tra i partecipanti e i relatori. Questo approccio mira a fornire un ambiente stimolante e collaborativo, dove le aziende possono apprendere, condividere e sviluppare soluzioni pratiche per migliorare la propria competitivit\u00e0 nel contesto dell&#8217;Industria 4.0.<\/p>\n<p>Non perdete questa occasione unica di accedere a conoscenze di alto livello e connettervi con esperti del settore e con altre aziende impegnate nello stesso percorso di trasformazione digitale e innovazione industriale.<\/p>\n<\/div>\n<\/div>\n<\/div>\n<\/div>\n<p>Scopri il\u00a0<strong>Programma del Webinar<\/strong>\u00a0e come procedere con l\u2019<strong>Iscrizione<\/strong>:\u00a0<strong><a href=\"https:\/\/lp.artes4.it\/webinar-management?utm_campaign=Webinar%20S.Anna&amp;utm_source=hs_email&amp;utm_medium=email&amp;utm_content=87152247&amp;_hsenc=p2ANqtz--YjQ7-YUT_0Hnx7HFDETu1X1Sxm1X1hGKVhReusdZVveKvFWnGRXkAN48Qt4x9f1CiQwAz1HVnX0dICFWZtZKPbUzYUA&amp;_hsmi=87152247\">clicca qui<\/a><\/strong><\/p>\n<p>&nbsp;<\/p>\n","protected":false},"excerpt":{"rendered":"<p>ARTES 4.0 e l\u2019Istituto di Management della Scuola Superiore Sant\u2019Anna si uniscono per offrire un webinar cruciale dedicato al supporto delle imprese in questo periodo di trasformazione digitale. Il webinar si concentrer\u00e0 su competenze essenziali e strumenti pratici che le aziende possono adottare per massimizzare i benefici delle Tecnologie 4.0 e affrontare sfide cruciali come [&hellip;]<\/p>\n","protected":false},"author":33,"featured_media":2577,"comment_status":"open","ping_status":"closed","sticky":false,"template":"","format":"standard","meta":{"_acf_changed":false,"footnotes":""},"categories":[1],"tags":[93],"anno_doc":[],"class_list":["post-2578","post","type-post","status-publish","format-standard","has-post-thumbnail","hentry","category-news","tag-news-ed-eventi"],"acf":[],"yoast_head":"<!-- This site is optimized with the Yoast SEO Premium plugin v22.8 (Yoast SEO v25.8) - https:\/\/yoast.com\/wordpress\/plugins\/seo\/ -->\n<title>Strumenti per la competitivit\u00e0 delle imprese: management - Artes 4.0<\/title>\n<meta name=\"description\" content=\"ARTES 4.0 e l\u2019 Istituto di Management della Scuola Superiore Sant\u2019Anna insieme per supportare le imprese: webinar management 4.0\" \/>\n<meta name=\"robots\" content=\"index, follow, max-snippet:-1, max-image-preview:large, max-video-preview:-1\" \/>\n<link rel=\"canonical\" href=\"https:\/\/www.artes4.it\/en\/news\/webinar-management-4-0-strumenti-per-la-competitivita-delle-imprese-artes-4-0-e-l-istituto-di-management-della-scuola-superiore-santanna\/\" \/>\n<meta property=\"og:locale\" content=\"en_US\" \/>\n<meta property=\"og:type\" content=\"article\" \/>\n<meta property=\"og:title\" content=\"Strumenti per la competitivit\u00e0 delle imprese: management\" \/>\n<meta property=\"og:description\" content=\"ARTES 4.0 e l\u2019 Istituto di Management della Scuola Superiore Sant\u2019Anna insieme per supportare le imprese: webinar management 4.0\" \/>\n<meta property=\"og:url\" content=\"https:\/\/www.artes4.it\/en\/news\/webinar-management-4-0-strumenti-per-la-competitivita-delle-imprese-artes-4-0-e-l-istituto-di-management-della-scuola-superiore-santanna\/\" \/>\n<meta property=\"og:site_name\" content=\"Artes 4.0\" \/>\n<meta property=\"article:published_time\" content=\"2020-04-30T18:20:00+00:00\" \/>\n<meta property=\"article:modified_time\" content=\"2024-07-02T09:35:03+00:00\" \/>\n<meta property=\"og:image\" content=\"https:\/\/www.artes4.it\/wp-content\/uploads\/2024\/03\/62028129.png\" \/>\n\t<meta property=\"og:image:width\" content=\"1080\" \/>\n\t<meta property=\"og:image:height\" content=\"1080\" \/>\n\t<meta property=\"og:image:type\" content=\"image\/png\" \/>\n<meta name=\"author\" content=\"Lorna Vatta\" \/>\n<meta name=\"twitter:card\" content=\"summary_large_image\" \/>\n<meta name=\"twitter:label1\" content=\"Written by\" \/>\n\t<meta name=\"twitter:data1\" content=\"Lorna Vatta\" \/>\n\t<meta name=\"twitter:label2\" content=\"Est. reading time\" \/>\n\t<meta name=\"twitter:data2\" content=\"2 minutes\" \/>\n<script type=\"application\/ld+json\" class=\"yoast-schema-graph\">{\"@context\":\"https:\/\/schema.org\",\"@graph\":[{\"@type\":\"Article\",\"@id\":\"https:\/\/www.artes4.it\/en\/news\/webinar-management-4-0-strumenti-per-la-competitivita-delle-imprese-artes-4-0-e-l-istituto-di-management-della-scuola-superiore-santanna\/#article\",\"isPartOf\":{\"@id\":\"https:\/\/www.artes4.it\/en\/news\/webinar-management-4-0-strumenti-per-la-competitivita-delle-imprese-artes-4-0-e-l-istituto-di-management-della-scuola-superiore-santanna\/\"},\"author\":{\"name\":\"Lorna Vatta\",\"@id\":\"https:\/\/www.artes4.it\/en\/#\/schema\/person\/0f1c2c8c0b9d274494f9df9818d34cbb\"},\"headline\":\"Strumenti per la competitivit\u00e0 delle imprese: management\",\"datePublished\":\"2020-04-30T18:20:00+00:00\",\"dateModified\":\"2024-07-02T09:35:03+00:00\",\"mainEntityOfPage\":{\"@id\":\"https:\/\/www.artes4.it\/en\/news\/webinar-management-4-0-strumenti-per-la-competitivita-delle-imprese-artes-4-0-e-l-istituto-di-management-della-scuola-superiore-santanna\/\"},\"wordCount\":304,\"commentCount\":0,\"publisher\":{\"@id\":\"https:\/\/www.artes4.it\/en\/#organization\"},\"image\":{\"@id\":\"https:\/\/www.artes4.it\/en\/news\/webinar-management-4-0-strumenti-per-la-competitivita-delle-imprese-artes-4-0-e-l-istituto-di-management-della-scuola-superiore-santanna\/#primaryimage\"},\"thumbnailUrl\":\"https:\/\/www.artes4.it\/wp-content\/uploads\/2024\/03\/62028129.png\",\"keywords\":[\"News ed eventi\"],\"articleSection\":[\"News\"],\"inLanguage\":\"en-US\"},{\"@type\":\"WebPage\",\"@id\":\"https:\/\/www.artes4.it\/en\/news\/webinar-management-4-0-strumenti-per-la-competitivita-delle-imprese-artes-4-0-e-l-istituto-di-management-della-scuola-superiore-santanna\/\",\"url\":\"https:\/\/www.artes4.it\/en\/news\/webinar-management-4-0-strumenti-per-la-competitivita-delle-imprese-artes-4-0-e-l-istituto-di-management-della-scuola-superiore-santanna\/\",\"name\":\"Strumenti per la competitivit\u00e0 delle imprese: management - Artes 4.0\",\"isPartOf\":{\"@id\":\"https:\/\/www.artes4.it\/en\/#website\"},\"primaryImageOfPage\":{\"@id\":\"https:\/\/www.artes4.it\/en\/news\/webinar-management-4-0-strumenti-per-la-competitivita-delle-imprese-artes-4-0-e-l-istituto-di-management-della-scuola-superiore-santanna\/#primaryimage\"},\"image\":{\"@id\":\"https:\/\/www.artes4.it\/en\/news\/webinar-management-4-0-strumenti-per-la-competitivita-delle-imprese-artes-4-0-e-l-istituto-di-management-della-scuola-superiore-santanna\/#primaryimage\"},\"thumbnailUrl\":\"https:\/\/www.artes4.it\/wp-content\/uploads\/2024\/03\/62028129.png\",\"datePublished\":\"2020-04-30T18:20:00+00:00\",\"dateModified\":\"2024-07-02T09:35:03+00:00\",\"description\":\"ARTES 4.0 e l\u2019 Istituto di Management della Scuola Superiore Sant\u2019Anna insieme per supportare le imprese: webinar management 4.0\",\"breadcrumb\":{\"@id\":\"https:\/\/www.artes4.it\/en\/news\/webinar-management-4-0-strumenti-per-la-competitivita-delle-imprese-artes-4-0-e-l-istituto-di-management-della-scuola-superiore-santanna\/#breadcrumb\"},\"inLanguage\":\"en-US\",\"potentialAction\":[{\"@type\":\"ReadAction\",\"target\":[\"https:\/\/www.artes4.it\/en\/news\/webinar-management-4-0-strumenti-per-la-competitivita-delle-imprese-artes-4-0-e-l-istituto-di-management-della-scuola-superiore-santanna\/\"]}]},{\"@type\":\"ImageObject\",\"inLanguage\":\"en-US\",\"@id\":\"https:\/\/www.artes4.it\/en\/news\/webinar-management-4-0-strumenti-per-la-competitivita-delle-imprese-artes-4-0-e-l-istituto-di-management-della-scuola-superiore-santanna\/#primaryimage\",\"url\":\"https:\/\/www.artes4.it\/wp-content\/uploads\/2024\/03\/62028129.png\",\"contentUrl\":\"https:\/\/www.artes4.it\/wp-content\/uploads\/2024\/03\/62028129.png\",\"width\":1080,\"height\":1080},{\"@type\":\"BreadcrumbList\",\"@id\":\"https:\/\/www.artes4.it\/en\/news\/webinar-management-4-0-strumenti-per-la-competitivita-delle-imprese-artes-4-0-e-l-istituto-di-management-della-scuola-superiore-santanna\/#breadcrumb\",\"itemListElement\":[{\"@type\":\"ListItem\",\"position\":1,\"name\":\"Home\",\"item\":\"https:\/\/www.artes4.it\/en\/\"},{\"@type\":\"ListItem\",\"position\":2,\"name\":\"Strumenti per la competitivit\u00e0 delle imprese: management\"}]},{\"@type\":\"WebSite\",\"@id\":\"https:\/\/www.artes4.it\/en\/#website\",\"url\":\"https:\/\/www.artes4.it\/en\/\",\"name\":\"Artes 4.0\",\"description\":\"\",\"publisher\":{\"@id\":\"https:\/\/www.artes4.it\/en\/#organization\"},\"potentialAction\":[{\"@type\":\"SearchAction\",\"target\":{\"@type\":\"EntryPoint\",\"urlTemplate\":\"https:\/\/www.artes4.it\/en\/?s={search_term_string}\"},\"query-input\":{\"@type\":\"PropertyValueSpecification\",\"valueRequired\":true,\"valueName\":\"search_term_string\"}}],\"inLanguage\":\"en-US\"},{\"@type\":\"Organization\",\"@id\":\"https:\/\/www.artes4.it\/en\/#organization\",\"name\":\"Artes 4.0\",\"url\":\"https:\/\/www.artes4.it\/en\/\",\"logo\":{\"@type\":\"ImageObject\",\"inLanguage\":\"en-US\",\"@id\":\"https:\/\/www.artes4.it\/en\/#\/schema\/logo\/image\/\",\"url\":\"https:\/\/www.artes4.it\/wp-content\/uploads\/2024\/01\/logo_artes_white.jpeg\",\"contentUrl\":\"https:\/\/www.artes4.it\/wp-content\/uploads\/2024\/01\/logo_artes_white.jpeg\",\"width\":462,\"height\":171,\"caption\":\"Artes 4.0\"},\"image\":{\"@id\":\"https:\/\/www.artes4.it\/en\/#\/schema\/logo\/image\/\"},\"sameAs\":[\"https:\/\/www.linkedin.com\/company\/associazione-artes-4-0\/posts\/?feedView=all\"]},{\"@type\":\"Person\",\"@id\":\"https:\/\/www.artes4.it\/en\/#\/schema\/person\/0f1c2c8c0b9d274494f9df9818d34cbb\",\"name\":\"Lorna Vatta\",\"image\":{\"@type\":\"ImageObject\",\"inLanguage\":\"en-US\",\"@id\":\"https:\/\/www.artes4.it\/en\/#\/schema\/person\/image\/\",\"url\":\"https:\/\/www.artes4.it\/wp-content\/uploads\/2024\/01\/Copia20di20Senza20titolo2014-96x96.png\",\"contentUrl\":\"https:\/\/www.artes4.it\/wp-content\/uploads\/2024\/01\/Copia20di20Senza20titolo2014-96x96.png\",\"caption\":\"Lorna Vatta\"},\"description\":\"Ex Direttrice Esecutiva di ARTES 4.0. Arriva ad ARTES 4.0 come naturale evoluzione del suo percorso: laureata in ingegneria gestionale al Politecnico di Milano, per 15 anni lavora in una multinazionale americana della meccanica avanzata, sempre sui fronti di sviluppo prodotti e business. In questo periodi vive e lavora anche in USA e UK, dove frequenta anche un MBA di UMIST e Manchester Business School. Completata l\u2019acquisizione e l\u2019integrazione di una media azienda italiana nel gruppo, diventa Chief Strategy &amp; Technology Officer di Fabio Perini SpA, leader mondiale della meccatronica per la trasformazione e l'imballaggio di prodotti tissue. Nel 2013 lascia la \u201cold economy\u201d e, da consulente indipendente e Business Angel, lavora con PMI e startup digitali e altamente innovative, principalmente nel business development per Clienti industriali che affrontano la digitalizzazione dei processi. Sono gli anni in cui nasce l\u2019Industria 4.0, e da subito Lorna punta sulla combinazione di competenze industriali e digitali. Il nuovo direttore scientifico di ARTES 4.0 \u00e8 oggi il professor Paolo Dario\",\"url\":\"https:\/\/www.artes4.it\/en\/author\/lorna-vattaartes4-it\/\"}]}<\/script>\n<!-- \/ Yoast SEO Premium plugin. -->","yoast_head_json":{"title":"Strumenti per la competitivit\u00e0 delle imprese: management - Artes 4.0","description":"ARTES 4.0 e l\u2019 Istituto di Management della Scuola Superiore Sant\u2019Anna insieme per supportare le imprese: webinar management 4.0","robots":{"index":"index","follow":"follow","max-snippet":"max-snippet:-1","max-image-preview":"max-image-preview:large","max-video-preview":"max-video-preview:-1"},"canonical":"https:\/\/www.artes4.it\/en\/news\/webinar-management-4-0-strumenti-per-la-competitivita-delle-imprese-artes-4-0-e-l-istituto-di-management-della-scuola-superiore-santanna\/","og_locale":"en_US","og_type":"article","og_title":"Strumenti per la competitivit\u00e0 delle imprese: management","og_description":"ARTES 4.0 e l\u2019 Istituto di Management della Scuola Superiore Sant\u2019Anna insieme per supportare le imprese: webinar management 4.0","og_url":"https:\/\/www.artes4.it\/en\/news\/webinar-management-4-0-strumenti-per-la-competitivita-delle-imprese-artes-4-0-e-l-istituto-di-management-della-scuola-superiore-santanna\/","og_site_name":"Artes 4.0","article_published_time":"2020-04-30T18:20:00+00:00","article_modified_time":"2024-07-02T09:35:03+00:00","og_image":[{"width":1080,"height":1080,"url":"https:\/\/www.artes4.it\/wp-content\/uploads\/2024\/03\/62028129.png","type":"image\/png"}],"author":"Lorna Vatta","twitter_card":"summary_large_image","twitter_misc":{"Written by":"Lorna Vatta","Est. reading time":"2 minutes"},"schema":{"@context":"https:\/\/schema.org","@graph":[{"@type":"Article","@id":"https:\/\/www.artes4.it\/en\/news\/webinar-management-4-0-strumenti-per-la-competitivita-delle-imprese-artes-4-0-e-l-istituto-di-management-della-scuola-superiore-santanna\/#article","isPartOf":{"@id":"https:\/\/www.artes4.it\/en\/news\/webinar-management-4-0-strumenti-per-la-competitivita-delle-imprese-artes-4-0-e-l-istituto-di-management-della-scuola-superiore-santanna\/"},"author":{"name":"Lorna Vatta","@id":"https:\/\/www.artes4.it\/en\/#\/schema\/person\/0f1c2c8c0b9d274494f9df9818d34cbb"},"headline":"Strumenti per la competitivit\u00e0 delle imprese: management","datePublished":"2020-04-30T18:20:00+00:00","dateModified":"2024-07-02T09:35:03+00:00","mainEntityOfPage":{"@id":"https:\/\/www.artes4.it\/en\/news\/webinar-management-4-0-strumenti-per-la-competitivita-delle-imprese-artes-4-0-e-l-istituto-di-management-della-scuola-superiore-santanna\/"},"wordCount":304,"commentCount":0,"publisher":{"@id":"https:\/\/www.artes4.it\/en\/#organization"},"image":{"@id":"https:\/\/www.artes4.it\/en\/news\/webinar-management-4-0-strumenti-per-la-competitivita-delle-imprese-artes-4-0-e-l-istituto-di-management-della-scuola-superiore-santanna\/#primaryimage"},"thumbnailUrl":"https:\/\/www.artes4.it\/wp-content\/uploads\/2024\/03\/62028129.png","keywords":["News ed eventi"],"articleSection":["News"],"inLanguage":"en-US"},{"@type":"WebPage","@id":"https:\/\/www.artes4.it\/en\/news\/webinar-management-4-0-strumenti-per-la-competitivita-delle-imprese-artes-4-0-e-l-istituto-di-management-della-scuola-superiore-santanna\/","url":"https:\/\/www.artes4.it\/en\/news\/webinar-management-4-0-strumenti-per-la-competitivita-delle-imprese-artes-4-0-e-l-istituto-di-management-della-scuola-superiore-santanna\/","name":"Strumenti per la competitivit\u00e0 delle imprese: management - Artes 4.0","isPartOf":{"@id":"https:\/\/www.artes4.it\/en\/#website"},"primaryImageOfPage":{"@id":"https:\/\/www.artes4.it\/en\/news\/webinar-management-4-0-strumenti-per-la-competitivita-delle-imprese-artes-4-0-e-l-istituto-di-management-della-scuola-superiore-santanna\/#primaryimage"},"image":{"@id":"https:\/\/www.artes4.it\/en\/news\/webinar-management-4-0-strumenti-per-la-competitivita-delle-imprese-artes-4-0-e-l-istituto-di-management-della-scuola-superiore-santanna\/#primaryimage"},"thumbnailUrl":"https:\/\/www.artes4.it\/wp-content\/uploads\/2024\/03\/62028129.png","datePublished":"2020-04-30T18:20:00+00:00","dateModified":"2024-07-02T09:35:03+00:00","description":"ARTES 4.0 e l\u2019 Istituto di Management della Scuola Superiore Sant\u2019Anna insieme per supportare le imprese: webinar management 4.0","breadcrumb":{"@id":"https:\/\/www.artes4.it\/en\/news\/webinar-management-4-0-strumenti-per-la-competitivita-delle-imprese-artes-4-0-e-l-istituto-di-management-della-scuola-superiore-santanna\/#breadcrumb"},"inLanguage":"en-US","potentialAction":[{"@type":"ReadAction","target":["https:\/\/www.artes4.it\/en\/news\/webinar-management-4-0-strumenti-per-la-competitivita-delle-imprese-artes-4-0-e-l-istituto-di-management-della-scuola-superiore-santanna\/"]}]},{"@type":"ImageObject","inLanguage":"en-US","@id":"https:\/\/www.artes4.it\/en\/news\/webinar-management-4-0-strumenti-per-la-competitivita-delle-imprese-artes-4-0-e-l-istituto-di-management-della-scuola-superiore-santanna\/#primaryimage","url":"https:\/\/www.artes4.it\/wp-content\/uploads\/2024\/03\/62028129.png","contentUrl":"https:\/\/www.artes4.it\/wp-content\/uploads\/2024\/03\/62028129.png","width":1080,"height":1080},{"@type":"BreadcrumbList","@id":"https:\/\/www.artes4.it\/en\/news\/webinar-management-4-0-strumenti-per-la-competitivita-delle-imprese-artes-4-0-e-l-istituto-di-management-della-scuola-superiore-santanna\/#breadcrumb","itemListElement":[{"@type":"ListItem","position":1,"name":"Home","item":"https:\/\/www.artes4.it\/en\/"},{"@type":"ListItem","position":2,"name":"Strumenti per la competitivit\u00e0 delle imprese: management"}]},{"@type":"WebSite","@id":"https:\/\/www.artes4.it\/en\/#website","url":"https:\/\/www.artes4.it\/en\/","name":"Artes 4.0","description":"","publisher":{"@id":"https:\/\/www.artes4.it\/en\/#organization"},"potentialAction":[{"@type":"SearchAction","target":{"@type":"EntryPoint","urlTemplate":"https:\/\/www.artes4.it\/en\/?s={search_term_string}"},"query-input":{"@type":"PropertyValueSpecification","valueRequired":true,"valueName":"search_term_string"}}],"inLanguage":"en-US"},{"@type":"Organization","@id":"https:\/\/www.artes4.it\/en\/#organization","name":"Artes 4.0","url":"https:\/\/www.artes4.it\/en\/","logo":{"@type":"ImageObject","inLanguage":"en-US","@id":"https:\/\/www.artes4.it\/en\/#\/schema\/logo\/image\/","url":"https:\/\/www.artes4.it\/wp-content\/uploads\/2024\/01\/logo_artes_white.jpeg","contentUrl":"https:\/\/www.artes4.it\/wp-content\/uploads\/2024\/01\/logo_artes_white.jpeg","width":462,"height":171,"caption":"Artes 4.0"},"image":{"@id":"https:\/\/www.artes4.it\/en\/#\/schema\/logo\/image\/"},"sameAs":["https:\/\/www.linkedin.com\/company\/associazione-artes-4-0\/posts\/?feedView=all"]},{"@type":"Person","@id":"https:\/\/www.artes4.it\/en\/#\/schema\/person\/0f1c2c8c0b9d274494f9df9818d34cbb","name":"Lorna Vatta","image":{"@type":"ImageObject","inLanguage":"en-US","@id":"https:\/\/www.artes4.it\/en\/#\/schema\/person\/image\/","url":"https:\/\/www.artes4.it\/wp-content\/uploads\/2024\/01\/Copia20di20Senza20titolo2014-96x96.png","contentUrl":"https:\/\/www.artes4.it\/wp-content\/uploads\/2024\/01\/Copia20di20Senza20titolo2014-96x96.png","caption":"Lorna Vatta"},"description":"Ex Direttrice Esecutiva di ARTES 4.0. Arriva ad ARTES 4.0 come naturale evoluzione del suo percorso: laureata in ingegneria gestionale al Politecnico di Milano, per 15 anni lavora in una multinazionale americana della meccanica avanzata, sempre sui fronti di sviluppo prodotti e business. In questo periodi vive e lavora anche in USA e UK, dove frequenta anche un MBA di UMIST e Manchester Business School. Completata l\u2019acquisizione e l\u2019integrazione di una media azienda italiana nel gruppo, diventa Chief Strategy &amp; Technology Officer di Fabio Perini SpA, leader mondiale della meccatronica per la trasformazione e l'imballaggio di prodotti tissue. Nel 2013 lascia la \u201cold economy\u201d e, da consulente indipendente e Business Angel, lavora con PMI e startup digitali e altamente innovative, principalmente nel business development per Clienti industriali che affrontano la digitalizzazione dei processi. Sono gli anni in cui nasce l\u2019Industria 4.0, e da subito Lorna punta sulla combinazione di competenze industriali e digitali. Il nuovo direttore scientifico di ARTES 4.0 \u00e8 oggi il professor Paolo Dario","url":"https:\/\/www.artes4.it\/en\/author\/lorna-vattaartes4-it\/"}]}},"_links":{"self":[{"href":"https:\/\/www.artes4.it\/en\/wp-json\/wp\/v2\/posts\/2578","targetHints":{"allow":["GET"]}}],"collection":[{"href":"https:\/\/www.artes4.it\/en\/wp-json\/wp\/v2\/posts"}],"about":[{"href":"https:\/\/www.artes4.it\/en\/wp-json\/wp\/v2\/types\/post"}],"author":[{"embeddable":true,"href":"https:\/\/www.artes4.it\/en\/wp-json\/wp\/v2\/users\/33"}],"replies":[{"embeddable":true,"href":"https:\/\/www.artes4.it\/en\/wp-json\/wp\/v2\/comments?post=2578"}],"version-history":[{"count":5,"href":"https:\/\/www.artes4.it\/en\/wp-json\/wp\/v2\/posts\/2578\/revisions"}],"predecessor-version":[{"id":4990,"href":"https:\/\/www.artes4.it\/en\/wp-json\/wp\/v2\/posts\/2578\/revisions\/4990"}],"wp:featuredmedia":[{"embeddable":true,"href":"https:\/\/www.artes4.it\/en\/wp-json\/wp\/v2\/media\/2577"}],"wp:attachment":[{"href":"https:\/\/www.artes4.it\/en\/wp-json\/wp\/v2\/media?parent=2578"}],"wp:term":[{"taxonomy":"category","embeddable":true,"href":"https:\/\/www.artes4.it\/en\/wp-json\/wp\/v2\/categories?post=2578"},{"taxonomy":"post_tag","embeddable":true,"href":"https:\/\/www.artes4.it\/en\/wp-json\/wp\/v2\/tags?post=2578"},{"taxonomy":"anno_doc","embeddable":true,"href":"https:\/\/www.artes4.it\/en\/wp-json\/wp\/v2\/anno_doc?post=2578"}],"curies":[{"name":"wp","href":"https:\/\/api.w.org\/{rel}","templated":true}]}}