{"id":2645,"date":"2020-01-16T20:20:00","date_gmt":"2020-01-16T19:20:00","guid":{"rendered":"https:\/\/www.artes4.it\/2020\/01\/16\/23-gennaio-2020-a-sassari-evento-sassari-per-linnovazione\/"},"modified":"2024-07-02T11:06:02","modified_gmt":"2024-07-02T09:06:02","slug":"23-gennaio-2020-a-sassari-evento-sassari-per-linnovazione","status":"publish","type":"post","link":"https:\/\/www.artes4.it\/en\/news\/23-gennaio-2020-a-sassari-evento-sassari-per-linnovazione\/","title":{"rendered":"L&#8217;innovazione a Sassari- gennaio 2020"},"content":{"rendered":"<div>\n<div class=\"flex flex-grow flex-col max-w-full\">\n<div class=\"min-h-[20px] text-message flex flex-col items-start whitespace-pre-wrap break-words [.text-message+&amp;]:mt-5 juice:w-full juice:items-end overflow-x-auto gap-2\" dir=\"auto\" data-message-author-role=\"assistant\" data-message-id=\"97df1fb1-6fbb-421e-9ac3-9de6613f378e\">\n<div class=\"flex w-full flex-col gap-1 juice:empty:hidden juice:first:pt-[3px]\">\n<div class=\"markdown prose w-full break-words dark:prose-invert light\">\n<h4><strong>Introduzione:<\/strong><\/h4>\n<p>L&#8217;innovazione \u00e8 un elemento chiave per lo sviluppo economico e sociale di un territorio. Eventi come &#8220;Sassari per l\u2019innovazione&#8221;, organizzato dall\u2019Universit\u00e0 degli Studi di Sassari insieme al Comune di Sassari e alla Fondazione di Sardegna, rappresentano un&#8217;importante occasione per promuovere l&#8217;imprenditorialit\u00e0 e la cultura dell&#8217;innovazione tra i giovani e le imprese locali. Il convegno, che si terr\u00e0 il 23 gennaio 2020 presso il Teatro Civico di Sassari, sar\u00e0 un punto di incontro tra studenti, accademici e professionisti, con l&#8217;obiettivo di valorizzare le competenze e stimolare la nascita di nuove idee e progetti imprenditoriali.<\/p>\n<p><strong>L\u2019evento\u00a0Sassari per l\u2019innovazione, organizzato dall\u2019Universit\u00e0 degli Studi di Sassari insieme con il Comune di Sassari e la Fondazione di Sardegna, vedr\u00e0 la presentazione di diverse attivit\u00e0 legate ai temi dell\u2019innovazione per lo sviluppo del territorio.<\/strong><\/p>\n<p><strong>L&#8217;evento si svolger\u00e0 il 23 gennaio 2020 alle ore 15:30 presso il Teatro Civico della Citt\u00e0 la citt\u00e0 di Sassari.<\/strong><\/p>\n<p>In primo luogo, esso includer\u00e0 la Finale della 3\u00b0 edizione del Contamination Lab UNISS, percorso formativo non convenzionale, rivolto agli studenti dell\u2019Ateneo.<\/p>\n<p>L&#8217;evento si basa sulla contaminazione delle competenze e sulla promozione della cultura dell\u2019imprenditorialit\u00e0 e dell\u2019innovazione, che, gi\u00e0 nelle edizioni passate, ha accompagnato gruppi di giovani a lanciare start-up innovative.<\/p>\n<p>I gruppi di studenti, formati durante il percorso, presenteranno, in forma di elevator pitch, i loro progetti di impresa ad un\u2019apposita giuria e i migliori riceveranno premi in denaro e servizi.<\/p>\n<p>Inoltre, verranno presentate le attivit\u00e0 di\u00a0ARTES 4.0\u00a0in generale e quelle pi\u00f9 specificatamente legate al\u00a0Macronodo ARTES4.0@UNISS.<\/p>\n<p><strong>Non perdete questa occasione!<\/strong><\/p>\n<hr \/>\n<h4><strong>Espansione degli argomenti:<\/strong><\/h4>\n<p>L&#8217;evento &#8220;Sassari per l\u2019innovazione&#8221; \u00e8 un&#8217;opportunit\u00e0 unica per mettere in luce le potenzialit\u00e0 del territorio in termini di creativit\u00e0 e capacit\u00e0 imprenditoriale. Il Contamination Lab UNISS, giunto alla sua terza edizione, \u00e8 un esempio eccellente di come le universit\u00e0 possano fungere da catalizzatori per l&#8217;innovazione. Questo laboratorio formativo offre agli studenti un ambiente dinamico in cui possono sviluppare le loro idee di business, lavorare in team multidisciplinari e acquisire competenze pratiche cruciali per il successo nel mondo degli affari.<\/p>\n<p>La presentazione in forma di elevator pitch alla giuria non solo mette alla prova le abilit\u00e0 comunicative e di sintesi degli studenti, ma consente loro anche di ottenere feedback preziosi da esperti del settore. I premi in denaro e i servizi offerti ai migliori progetti rappresentano un incentivo concreto per trasformare le idee in realt\u00e0 imprenditoriali. Questi premi possono coprire una gamma di necessit\u00e0, dal finanziamento iniziale per lo sviluppo del prodotto alla consulenza specialistica per affrontare le sfide del mercato.<\/p>\n<p>Un altro elemento significativo dell&#8217;evento sar\u00e0 la presentazione delle attivit\u00e0 di ARTES 4.0, con un focus particolare sul Macronodo ARTES4.0@UNISS. Questa collaborazione evidenzia l&#8217;importanza di creare sinergie tra le istituzioni accademiche e i centri di competenza tecnologica. ARTES 4.0, con la sua rete di competenze e risorse, offre un supporto fondamentale per lo sviluppo di progetti innovativi in settori chiave come l&#8217;intelligenza artificiale, la robotica e la digitalizzazione industriale.<\/p>\n<p>Partecipare a<strong> &#8220;Sassari per l\u2019innovazione&#8221;<\/strong> significa non solo celebrare l&#8217;ingegno e la determinazione dei giovani imprenditori, ma anche rafforzare il tessuto economico locale attraverso la promozione della cultura dell&#8217;innovazione. \u00c8 un&#8217;opportunit\u00e0 per le imprese di scoprire nuovi talenti, per gli studenti di fare esperienza sul campo e per l&#8217;intera comunit\u00e0 di avvicinarsi alle tecnologie emergenti e alle loro applicazioni pratiche.<\/p>\n<\/div>\n<\/div>\n<\/div>\n<\/div>\n<p>&nbsp;<\/p>\n<\/div>\n<p><strong>Non perdete questa occasione!<\/strong><\/p>\n<p>&nbsp;<\/p>\n<p>&nbsp;<\/p>\n","protected":false},"excerpt":{"rendered":"<p>Introduzione: L&#8217;innovazione \u00e8 un elemento chiave per lo sviluppo economico e sociale di un territorio. Eventi come &#8220;Sassari per l\u2019innovazione&#8221;, organizzato dall\u2019Universit\u00e0 degli Studi di Sassari insieme al Comune di Sassari e alla Fondazione di Sardegna, rappresentano un&#8217;importante occasione per promuovere l&#8217;imprenditorialit\u00e0 e la cultura dell&#8217;innovazione tra i giovani e le imprese locali. Il convegno, [&hellip;]<\/p>\n","protected":false},"author":33,"featured_media":2644,"comment_status":"open","ping_status":"closed","sticky":false,"template":"","format":"standard","meta":{"_acf_changed":false,"footnotes":""},"categories":[1],"tags":[93],"anno_doc":[],"class_list":["post-2645","post","type-post","status-publish","format-standard","has-post-thumbnail","hentry","category-news","tag-news-ed-eventi"],"acf":[],"yoast_head":"<!-- This site is optimized with the Yoast SEO Premium plugin v22.8 (Yoast SEO v25.8) - https:\/\/yoast.com\/wordpress\/plugins\/seo\/ -->\n<title>L&#039;innovazione a Sassari- gennaio 2020 - Artes 4.0<\/title>\n<meta name=\"description\" content=\"L&#039;evento si basa sulla contaminazione delle competenze e sulla promozione della cultura dell\u2019imprenditorialit\u00e0 giovanile e dell\u2019innovazione.\" \/>\n<meta name=\"robots\" content=\"index, follow, max-snippet:-1, max-image-preview:large, max-video-preview:-1\" \/>\n<link rel=\"canonical\" href=\"https:\/\/www.artes4.it\/en\/news\/23-gennaio-2020-a-sassari-evento-sassari-per-linnovazione\/\" \/>\n<meta property=\"og:locale\" content=\"en_US\" \/>\n<meta property=\"og:type\" content=\"article\" \/>\n<meta property=\"og:title\" content=\"L&#039;innovazione a Sassari- gennaio 2020\" \/>\n<meta property=\"og:description\" content=\"L&#039;evento si basa sulla contaminazione delle competenze e sulla promozione della cultura dell\u2019imprenditorialit\u00e0 giovanile e dell\u2019innovazione.\" \/>\n<meta property=\"og:url\" content=\"https:\/\/www.artes4.it\/en\/news\/23-gennaio-2020-a-sassari-evento-sassari-per-linnovazione\/\" \/>\n<meta property=\"og:site_name\" content=\"Artes 4.0\" \/>\n<meta property=\"article:published_time\" content=\"2020-01-16T19:20:00+00:00\" \/>\n<meta property=\"article:modified_time\" content=\"2024-07-02T09:06:02+00:00\" \/>\n<meta property=\"og:image\" content=\"https:\/\/www.artes4.it\/wp-content\/uploads\/2024\/03\/Copia20di20Piaggio2028429.png\" \/>\n\t<meta property=\"og:image:width\" content=\"1000\" \/>\n\t<meta property=\"og:image:height\" content=\"628\" \/>\n\t<meta property=\"og:image:type\" content=\"image\/png\" \/>\n<meta name=\"author\" content=\"Lorna Vatta\" \/>\n<meta name=\"twitter:card\" content=\"summary_large_image\" \/>\n<meta name=\"twitter:label1\" content=\"Written by\" \/>\n\t<meta name=\"twitter:data1\" content=\"Lorna Vatta\" \/>\n\t<meta name=\"twitter:label2\" content=\"Est. reading time\" \/>\n\t<meta name=\"twitter:data2\" content=\"4 minutes\" \/>\n<script type=\"application\/ld+json\" class=\"yoast-schema-graph\">{\"@context\":\"https:\/\/schema.org\",\"@graph\":[{\"@type\":\"Article\",\"@id\":\"https:\/\/www.artes4.it\/en\/news\/23-gennaio-2020-a-sassari-evento-sassari-per-linnovazione\/#article\",\"isPartOf\":{\"@id\":\"https:\/\/www.artes4.it\/en\/news\/23-gennaio-2020-a-sassari-evento-sassari-per-linnovazione\/\"},\"author\":{\"name\":\"Lorna Vatta\",\"@id\":\"https:\/\/www.artes4.it\/en\/#\/schema\/person\/0f1c2c8c0b9d274494f9df9818d34cbb\"},\"headline\":\"L&#8217;innovazione a Sassari- gennaio 2020\",\"datePublished\":\"2020-01-16T19:20:00+00:00\",\"dateModified\":\"2024-07-02T09:06:02+00:00\",\"mainEntityOfPage\":{\"@id\":\"https:\/\/www.artes4.it\/en\/news\/23-gennaio-2020-a-sassari-evento-sassari-per-linnovazione\/\"},\"wordCount\":576,\"commentCount\":0,\"publisher\":{\"@id\":\"https:\/\/www.artes4.it\/en\/#organization\"},\"image\":{\"@id\":\"https:\/\/www.artes4.it\/en\/news\/23-gennaio-2020-a-sassari-evento-sassari-per-linnovazione\/#primaryimage\"},\"thumbnailUrl\":\"https:\/\/www.artes4.it\/wp-content\/uploads\/2024\/03\/Copia20di20Piaggio2028429.png\",\"keywords\":[\"News ed eventi\"],\"articleSection\":[\"News\"],\"inLanguage\":\"en-US\"},{\"@type\":\"WebPage\",\"@id\":\"https:\/\/www.artes4.it\/en\/news\/23-gennaio-2020-a-sassari-evento-sassari-per-linnovazione\/\",\"url\":\"https:\/\/www.artes4.it\/en\/news\/23-gennaio-2020-a-sassari-evento-sassari-per-linnovazione\/\",\"name\":\"L'innovazione a Sassari- gennaio 2020 - Artes 4.0\",\"isPartOf\":{\"@id\":\"https:\/\/www.artes4.it\/en\/#website\"},\"primaryImageOfPage\":{\"@id\":\"https:\/\/www.artes4.it\/en\/news\/23-gennaio-2020-a-sassari-evento-sassari-per-linnovazione\/#primaryimage\"},\"image\":{\"@id\":\"https:\/\/www.artes4.it\/en\/news\/23-gennaio-2020-a-sassari-evento-sassari-per-linnovazione\/#primaryimage\"},\"thumbnailUrl\":\"https:\/\/www.artes4.it\/wp-content\/uploads\/2024\/03\/Copia20di20Piaggio2028429.png\",\"datePublished\":\"2020-01-16T19:20:00+00:00\",\"dateModified\":\"2024-07-02T09:06:02+00:00\",\"description\":\"L'evento si basa sulla contaminazione delle competenze e sulla promozione della cultura dell\u2019imprenditorialit\u00e0 giovanile e dell\u2019innovazione.\",\"breadcrumb\":{\"@id\":\"https:\/\/www.artes4.it\/en\/news\/23-gennaio-2020-a-sassari-evento-sassari-per-linnovazione\/#breadcrumb\"},\"inLanguage\":\"en-US\",\"potentialAction\":[{\"@type\":\"ReadAction\",\"target\":[\"https:\/\/www.artes4.it\/en\/news\/23-gennaio-2020-a-sassari-evento-sassari-per-linnovazione\/\"]}]},{\"@type\":\"ImageObject\",\"inLanguage\":\"en-US\",\"@id\":\"https:\/\/www.artes4.it\/en\/news\/23-gennaio-2020-a-sassari-evento-sassari-per-linnovazione\/#primaryimage\",\"url\":\"https:\/\/www.artes4.it\/wp-content\/uploads\/2024\/03\/Copia20di20Piaggio2028429.png\",\"contentUrl\":\"https:\/\/www.artes4.it\/wp-content\/uploads\/2024\/03\/Copia20di20Piaggio2028429.png\",\"width\":1000,\"height\":628,\"caption\":\"innovazione, artes 4.0\"},{\"@type\":\"BreadcrumbList\",\"@id\":\"https:\/\/www.artes4.it\/en\/news\/23-gennaio-2020-a-sassari-evento-sassari-per-linnovazione\/#breadcrumb\",\"itemListElement\":[{\"@type\":\"ListItem\",\"position\":1,\"name\":\"Home\",\"item\":\"https:\/\/www.artes4.it\/en\/\"},{\"@type\":\"ListItem\",\"position\":2,\"name\":\"L&#8217;innovazione a Sassari- gennaio 2020\"}]},{\"@type\":\"WebSite\",\"@id\":\"https:\/\/www.artes4.it\/en\/#website\",\"url\":\"https:\/\/www.artes4.it\/en\/\",\"name\":\"Artes 4.0\",\"description\":\"\",\"publisher\":{\"@id\":\"https:\/\/www.artes4.it\/en\/#organization\"},\"potentialAction\":[{\"@type\":\"SearchAction\",\"target\":{\"@type\":\"EntryPoint\",\"urlTemplate\":\"https:\/\/www.artes4.it\/en\/?s={search_term_string}\"},\"query-input\":{\"@type\":\"PropertyValueSpecification\",\"valueRequired\":true,\"valueName\":\"search_term_string\"}}],\"inLanguage\":\"en-US\"},{\"@type\":\"Organization\",\"@id\":\"https:\/\/www.artes4.it\/en\/#organization\",\"name\":\"Artes 4.0\",\"url\":\"https:\/\/www.artes4.it\/en\/\",\"logo\":{\"@type\":\"ImageObject\",\"inLanguage\":\"en-US\",\"@id\":\"https:\/\/www.artes4.it\/en\/#\/schema\/logo\/image\/\",\"url\":\"https:\/\/www.artes4.it\/wp-content\/uploads\/2024\/01\/logo_artes_white.jpeg\",\"contentUrl\":\"https:\/\/www.artes4.it\/wp-content\/uploads\/2024\/01\/logo_artes_white.jpeg\",\"width\":462,\"height\":171,\"caption\":\"Artes 4.0\"},\"image\":{\"@id\":\"https:\/\/www.artes4.it\/en\/#\/schema\/logo\/image\/\"},\"sameAs\":[\"https:\/\/www.linkedin.com\/company\/associazione-artes-4-0\/posts\/?feedView=all\"]},{\"@type\":\"Person\",\"@id\":\"https:\/\/www.artes4.it\/en\/#\/schema\/person\/0f1c2c8c0b9d274494f9df9818d34cbb\",\"name\":\"Lorna Vatta\",\"image\":{\"@type\":\"ImageObject\",\"inLanguage\":\"en-US\",\"@id\":\"https:\/\/www.artes4.it\/en\/#\/schema\/person\/image\/\",\"url\":\"https:\/\/www.artes4.it\/wp-content\/uploads\/2024\/01\/Copia20di20Senza20titolo2014-96x96.png\",\"contentUrl\":\"https:\/\/www.artes4.it\/wp-content\/uploads\/2024\/01\/Copia20di20Senza20titolo2014-96x96.png\",\"caption\":\"Lorna Vatta\"},\"description\":\"Ex Direttrice Esecutiva di ARTES 4.0. Arriva ad ARTES 4.0 come naturale evoluzione del suo percorso: laureata in ingegneria gestionale al Politecnico di Milano, per 15 anni lavora in una multinazionale americana della meccanica avanzata, sempre sui fronti di sviluppo prodotti e business. In questo periodi vive e lavora anche in USA e UK, dove frequenta anche un MBA di UMIST e Manchester Business School. Completata l\u2019acquisizione e l\u2019integrazione di una media azienda italiana nel gruppo, diventa Chief Strategy &amp; Technology Officer di Fabio Perini SpA, leader mondiale della meccatronica per la trasformazione e l'imballaggio di prodotti tissue. Nel 2013 lascia la \u201cold economy\u201d e, da consulente indipendente e Business Angel, lavora con PMI e startup digitali e altamente innovative, principalmente nel business development per Clienti industriali che affrontano la digitalizzazione dei processi. Sono gli anni in cui nasce l\u2019Industria 4.0, e da subito Lorna punta sulla combinazione di competenze industriali e digitali. Il nuovo direttore scientifico di ARTES 4.0 \u00e8 oggi il professor Paolo Dario\",\"url\":\"https:\/\/www.artes4.it\/en\/author\/lorna-vattaartes4-it\/\"}]}<\/script>\n<!-- \/ Yoast SEO Premium plugin. -->","yoast_head_json":{"title":"L'innovazione a Sassari- gennaio 2020 - Artes 4.0","description":"L'evento si basa sulla contaminazione delle competenze e sulla promozione della cultura dell\u2019imprenditorialit\u00e0 giovanile e dell\u2019innovazione.","robots":{"index":"index","follow":"follow","max-snippet":"max-snippet:-1","max-image-preview":"max-image-preview:large","max-video-preview":"max-video-preview:-1"},"canonical":"https:\/\/www.artes4.it\/en\/news\/23-gennaio-2020-a-sassari-evento-sassari-per-linnovazione\/","og_locale":"en_US","og_type":"article","og_title":"L'innovazione a Sassari- gennaio 2020","og_description":"L'evento si basa sulla contaminazione delle competenze e sulla promozione della cultura dell\u2019imprenditorialit\u00e0 giovanile e dell\u2019innovazione.","og_url":"https:\/\/www.artes4.it\/en\/news\/23-gennaio-2020-a-sassari-evento-sassari-per-linnovazione\/","og_site_name":"Artes 4.0","article_published_time":"2020-01-16T19:20:00+00:00","article_modified_time":"2024-07-02T09:06:02+00:00","og_image":[{"width":1000,"height":628,"url":"https:\/\/www.artes4.it\/wp-content\/uploads\/2024\/03\/Copia20di20Piaggio2028429.png","type":"image\/png"}],"author":"Lorna Vatta","twitter_card":"summary_large_image","twitter_misc":{"Written by":"Lorna Vatta","Est. reading time":"4 minutes"},"schema":{"@context":"https:\/\/schema.org","@graph":[{"@type":"Article","@id":"https:\/\/www.artes4.it\/en\/news\/23-gennaio-2020-a-sassari-evento-sassari-per-linnovazione\/#article","isPartOf":{"@id":"https:\/\/www.artes4.it\/en\/news\/23-gennaio-2020-a-sassari-evento-sassari-per-linnovazione\/"},"author":{"name":"Lorna Vatta","@id":"https:\/\/www.artes4.it\/en\/#\/schema\/person\/0f1c2c8c0b9d274494f9df9818d34cbb"},"headline":"L&#8217;innovazione a Sassari- gennaio 2020","datePublished":"2020-01-16T19:20:00+00:00","dateModified":"2024-07-02T09:06:02+00:00","mainEntityOfPage":{"@id":"https:\/\/www.artes4.it\/en\/news\/23-gennaio-2020-a-sassari-evento-sassari-per-linnovazione\/"},"wordCount":576,"commentCount":0,"publisher":{"@id":"https:\/\/www.artes4.it\/en\/#organization"},"image":{"@id":"https:\/\/www.artes4.it\/en\/news\/23-gennaio-2020-a-sassari-evento-sassari-per-linnovazione\/#primaryimage"},"thumbnailUrl":"https:\/\/www.artes4.it\/wp-content\/uploads\/2024\/03\/Copia20di20Piaggio2028429.png","keywords":["News ed eventi"],"articleSection":["News"],"inLanguage":"en-US"},{"@type":"WebPage","@id":"https:\/\/www.artes4.it\/en\/news\/23-gennaio-2020-a-sassari-evento-sassari-per-linnovazione\/","url":"https:\/\/www.artes4.it\/en\/news\/23-gennaio-2020-a-sassari-evento-sassari-per-linnovazione\/","name":"L'innovazione a Sassari- gennaio 2020 - Artes 4.0","isPartOf":{"@id":"https:\/\/www.artes4.it\/en\/#website"},"primaryImageOfPage":{"@id":"https:\/\/www.artes4.it\/en\/news\/23-gennaio-2020-a-sassari-evento-sassari-per-linnovazione\/#primaryimage"},"image":{"@id":"https:\/\/www.artes4.it\/en\/news\/23-gennaio-2020-a-sassari-evento-sassari-per-linnovazione\/#primaryimage"},"thumbnailUrl":"https:\/\/www.artes4.it\/wp-content\/uploads\/2024\/03\/Copia20di20Piaggio2028429.png","datePublished":"2020-01-16T19:20:00+00:00","dateModified":"2024-07-02T09:06:02+00:00","description":"L'evento si basa sulla contaminazione delle competenze e sulla promozione della cultura dell\u2019imprenditorialit\u00e0 giovanile e dell\u2019innovazione.","breadcrumb":{"@id":"https:\/\/www.artes4.it\/en\/news\/23-gennaio-2020-a-sassari-evento-sassari-per-linnovazione\/#breadcrumb"},"inLanguage":"en-US","potentialAction":[{"@type":"ReadAction","target":["https:\/\/www.artes4.it\/en\/news\/23-gennaio-2020-a-sassari-evento-sassari-per-linnovazione\/"]}]},{"@type":"ImageObject","inLanguage":"en-US","@id":"https:\/\/www.artes4.it\/en\/news\/23-gennaio-2020-a-sassari-evento-sassari-per-linnovazione\/#primaryimage","url":"https:\/\/www.artes4.it\/wp-content\/uploads\/2024\/03\/Copia20di20Piaggio2028429.png","contentUrl":"https:\/\/www.artes4.it\/wp-content\/uploads\/2024\/03\/Copia20di20Piaggio2028429.png","width":1000,"height":628,"caption":"innovazione, artes 4.0"},{"@type":"BreadcrumbList","@id":"https:\/\/www.artes4.it\/en\/news\/23-gennaio-2020-a-sassari-evento-sassari-per-linnovazione\/#breadcrumb","itemListElement":[{"@type":"ListItem","position":1,"name":"Home","item":"https:\/\/www.artes4.it\/en\/"},{"@type":"ListItem","position":2,"name":"L&#8217;innovazione a Sassari- gennaio 2020"}]},{"@type":"WebSite","@id":"https:\/\/www.artes4.it\/en\/#website","url":"https:\/\/www.artes4.it\/en\/","name":"Artes 4.0","description":"","publisher":{"@id":"https:\/\/www.artes4.it\/en\/#organization"},"potentialAction":[{"@type":"SearchAction","target":{"@type":"EntryPoint","urlTemplate":"https:\/\/www.artes4.it\/en\/?s={search_term_string}"},"query-input":{"@type":"PropertyValueSpecification","valueRequired":true,"valueName":"search_term_string"}}],"inLanguage":"en-US"},{"@type":"Organization","@id":"https:\/\/www.artes4.it\/en\/#organization","name":"Artes 4.0","url":"https:\/\/www.artes4.it\/en\/","logo":{"@type":"ImageObject","inLanguage":"en-US","@id":"https:\/\/www.artes4.it\/en\/#\/schema\/logo\/image\/","url":"https:\/\/www.artes4.it\/wp-content\/uploads\/2024\/01\/logo_artes_white.jpeg","contentUrl":"https:\/\/www.artes4.it\/wp-content\/uploads\/2024\/01\/logo_artes_white.jpeg","width":462,"height":171,"caption":"Artes 4.0"},"image":{"@id":"https:\/\/www.artes4.it\/en\/#\/schema\/logo\/image\/"},"sameAs":["https:\/\/www.linkedin.com\/company\/associazione-artes-4-0\/posts\/?feedView=all"]},{"@type":"Person","@id":"https:\/\/www.artes4.it\/en\/#\/schema\/person\/0f1c2c8c0b9d274494f9df9818d34cbb","name":"Lorna Vatta","image":{"@type":"ImageObject","inLanguage":"en-US","@id":"https:\/\/www.artes4.it\/en\/#\/schema\/person\/image\/","url":"https:\/\/www.artes4.it\/wp-content\/uploads\/2024\/01\/Copia20di20Senza20titolo2014-96x96.png","contentUrl":"https:\/\/www.artes4.it\/wp-content\/uploads\/2024\/01\/Copia20di20Senza20titolo2014-96x96.png","caption":"Lorna Vatta"},"description":"Ex Direttrice Esecutiva di ARTES 4.0. Arriva ad ARTES 4.0 come naturale evoluzione del suo percorso: laureata in ingegneria gestionale al Politecnico di Milano, per 15 anni lavora in una multinazionale americana della meccanica avanzata, sempre sui fronti di sviluppo prodotti e business. In questo periodi vive e lavora anche in USA e UK, dove frequenta anche un MBA di UMIST e Manchester Business School. Completata l\u2019acquisizione e l\u2019integrazione di una media azienda italiana nel gruppo, diventa Chief Strategy &amp; Technology Officer di Fabio Perini SpA, leader mondiale della meccatronica per la trasformazione e l'imballaggio di prodotti tissue. Nel 2013 lascia la \u201cold economy\u201d e, da consulente indipendente e Business Angel, lavora con PMI e startup digitali e altamente innovative, principalmente nel business development per Clienti industriali che affrontano la digitalizzazione dei processi. Sono gli anni in cui nasce l\u2019Industria 4.0, e da subito Lorna punta sulla combinazione di competenze industriali e digitali. Il nuovo direttore scientifico di ARTES 4.0 \u00e8 oggi il professor Paolo Dario","url":"https:\/\/www.artes4.it\/en\/author\/lorna-vattaartes4-it\/"}]}},"_links":{"self":[{"href":"https:\/\/www.artes4.it\/en\/wp-json\/wp\/v2\/posts\/2645","targetHints":{"allow":["GET"]}}],"collection":[{"href":"https:\/\/www.artes4.it\/en\/wp-json\/wp\/v2\/posts"}],"about":[{"href":"https:\/\/www.artes4.it\/en\/wp-json\/wp\/v2\/types\/post"}],"author":[{"embeddable":true,"href":"https:\/\/www.artes4.it\/en\/wp-json\/wp\/v2\/users\/33"}],"replies":[{"embeddable":true,"href":"https:\/\/www.artes4.it\/en\/wp-json\/wp\/v2\/comments?post=2645"}],"version-history":[{"count":4,"href":"https:\/\/www.artes4.it\/en\/wp-json\/wp\/v2\/posts\/2645\/revisions"}],"predecessor-version":[{"id":4982,"href":"https:\/\/www.artes4.it\/en\/wp-json\/wp\/v2\/posts\/2645\/revisions\/4982"}],"wp:featuredmedia":[{"embeddable":true,"href":"https:\/\/www.artes4.it\/en\/wp-json\/wp\/v2\/media\/2644"}],"wp:attachment":[{"href":"https:\/\/www.artes4.it\/en\/wp-json\/wp\/v2\/media?parent=2645"}],"wp:term":[{"taxonomy":"category","embeddable":true,"href":"https:\/\/www.artes4.it\/en\/wp-json\/wp\/v2\/categories?post=2645"},{"taxonomy":"post_tag","embeddable":true,"href":"https:\/\/www.artes4.it\/en\/wp-json\/wp\/v2\/tags?post=2645"},{"taxonomy":"anno_doc","embeddable":true,"href":"https:\/\/www.artes4.it\/en\/wp-json\/wp\/v2\/anno_doc?post=2645"}],"curies":[{"name":"wp","href":"https:\/\/api.w.org\/{rel}","templated":true}]}}