{"id":2647,"date":"2019-11-19T20:19:00","date_gmt":"2019-11-19T19:19:00","guid":{"rendered":"https:\/\/www.artes4.it\/2019\/11\/19\/29-novembre-2019-ad-ancona-presentazione-del-primo-bando-di-artes-4-0-per-progetti-di-ricerca-industriale-e-sviluppo-sperimentale\/"},"modified":"2024-07-02T10:56:46","modified_gmt":"2024-07-02T08:56:46","slug":"bando-di-progetto-di-ricerca-industriale-ancona-2019","status":"publish","type":"post","link":"https:\/\/www.artes4.it\/en\/news\/bando-di-progetto-di-ricerca-industriale-ancona-2019\/","title":{"rendered":"Bando di progetto di Ricerca Industriale &#8211; Ancona 2019"},"content":{"rendered":"<h4><strong>Introduzione:<\/strong><\/h4>\n<p>Il <strong>mondo dell&#8217;innovazione e della ricerca industriale<\/strong> \u00e8 in continua evoluzione, con nuove opportunit\u00e0 che emergono costantemente per le imprese che vogliono rimanere competitive e all&#8217;avanguardia. Un esempio significativo di queste opportunit\u00e0 \u00e8 rappresentato dai bandi per progetti di ricerca industriale e sviluppo sperimentale, come quello promosso da ARTES 4.0. In questo contesto, eventi informativi e formativi giocano un ruolo cruciale nel guidare le imprese attraverso il processo di partecipazione e nella comprensione delle potenzialit\u00e0 offerte da tali iniziative. Un evento particolarmente rilevante \u00e8 il convegno organizzato dal Macronodo Universit\u00e0 Politecnica delle Marche, in collaborazione con ARTES 4.0, che si terr\u00e0 il 29 novembre 2019 ad Ancona.<\/p>\n<p>Il <strong>Macronodo Universit\u00e0 Politecnica delle Marche, in collaborazione con ARTES 4.0<\/strong>, organizza un convegno per presentare i dettagli del primo Bando di ARTES 4.0 per Progetti di Ricerca Industriale e Sviluppo Sperimentale.<\/p>\n<p>Grazie alla presenza dello staff di <strong>ARTES 4.0<\/strong>, le imprese partecipanti potranno avere indicazioni strategiche e operative per la partecipazione.<\/p>\n<p><strong>L&#8217;evento si svolger\u00e0 il 29 novembre 2019 alle ore 10:30 presso l\u2019Aula 160\/3 della Facolt\u00e0 di Ingegneria dell\u2019Universit\u00e0 Politecnica delle Marche, Ancona.<\/strong><\/p>\n<hr \/>\n<h4><strong>Espansione degli argomenti:<\/strong><\/h4>\n<p>L&#8217;evento organizzato dal Macronodo Universit\u00e0 Politecnica delle Marche in collaborazione con ARTES 4.0 rappresenta un&#8217;importante opportunit\u00e0 per le imprese del territorio di accedere a informazioni chiave e supporto strategico per la partecipazione al bando di ARTES 4.0. Questo bando \u00e8 progettato per incentivare progetti di ricerca industriale e sviluppo sperimentale, mirando a promuovere l&#8217;innovazione tecnologica e a migliorare la competitivit\u00e0 delle imprese italiane.<\/p>\n<p>Durante il convegno, le imprese partecipanti avranno l&#8217;opportunit\u00e0 di interagire direttamente con lo staff di ARTES 4.0, ottenendo consigli pratici e indicazioni operative su come presentare proposte di successo. Questo tipo di supporto \u00e8 essenziale per aiutare le aziende a navigare attraverso le complessit\u00e0 del processo di applicazione e per massimizzare le loro possibilit\u00e0 di ottenere finanziamenti.<\/p>\n<p>La scelta di tenere l&#8217;evento presso la Facolt\u00e0 di Ingegneria dell&#8217;Universit\u00e0 Politecnica delle Marche non \u00e8 casuale. Le universit\u00e0, infatti, svolgono un ruolo cruciale nel trasferimento di conoscenze e tecnologie alle imprese. La collaborazione tra il mondo accademico e quello industriale \u00e8 fondamentale per sviluppare soluzioni innovative che rispondano alle esigenze del mercato. L&#8217;evento offre quindi un&#8217;importante piattaforma di dialogo e collaborazione tra ricercatori, imprenditori e professionisti del settore.<\/p>\n<p>Partecipare a questo convegno non solo permetter\u00e0 alle imprese di comprendere meglio le opportunit\u00e0 offerte dal bando, ma favorir\u00e0 anche il networking con altre aziende e istituzioni presenti. Questi incontri possono portare alla nascita di nuove collaborazioni e partnership, amplificando l&#8217;impatto dei progetti di ricerca e sviluppo.<\/p>\n<p>In sintesi, il convegno del 29 novembre ad Ancona \u00e8 un appuntamento imperdibile per le imprese che vogliono essere protagoniste nell&#8217;era dell&#8217;Industria 4.0. Attraverso l&#8217;interazione diretta con gli esperti di ARTES 4.0 e con i rappresentanti dell&#8217;Universit\u00e0 Politecnica delle Marche, le aziende potranno acquisire le competenze e le conoscenze necessarie per sviluppare progetti innovativi e ottenere i finanziamenti necessari per la loro realizzazione. Questo evento rappresenta un passo significativo verso un futuro industriale pi\u00f9 innovativo e competitivo.<\/p>\n<p><!--more--><\/p>\n<p>Grazie alla presenza dello staff di ARTES 4.0, le imprese partecipanti potranno avere indicazioni strategiche e operative per la partecipazione.<\/p>\n<p>L&#8217;evento si svolger\u00e0 il <strong>29 novembre 2019<\/strong> alle <strong>ore 10:30 presso l\u2019Aula 160\/3 della Facolt\u00e0 di Ingegneria dell\u2019Universit\u00e0 Politecnica delle Marche<\/strong>, Ancona.<\/p>\n<p>&nbsp;<\/p>\n","protected":false},"excerpt":{"rendered":"<p>Introduzione: Il mondo dell&#8217;innovazione e della ricerca industriale \u00e8 in continua evoluzione, con nuove opportunit\u00e0 che emergono costantemente per le imprese che vogliono rimanere competitive e all&#8217;avanguardia. Un esempio significativo di queste opportunit\u00e0 \u00e8 rappresentato dai bandi per progetti di ricerca industriale e sviluppo sperimentale, come quello promosso da ARTES 4.0. In questo contesto, eventi [&hellip;]<\/p>\n","protected":false},"author":33,"featured_media":2646,"comment_status":"open","ping_status":"closed","sticky":false,"template":"","format":"standard","meta":{"_acf_changed":false,"footnotes":""},"categories":[1],"tags":[93],"anno_doc":[],"class_list":["post-2647","post","type-post","status-publish","format-standard","has-post-thumbnail","hentry","category-news","tag-news-ed-eventi"],"acf":[],"yoast_head":"<!-- This site is optimized with the Yoast SEO Premium plugin v22.8 (Yoast SEO v25.8) - https:\/\/yoast.com\/wordpress\/plugins\/seo\/ -->\n<title>Convegno sul bando di progetto di Ricerca Industriale<\/title>\n<meta name=\"description\" content=\"Convegno per presentare i dettagli del\u00a0primo Bando di ARTES 4.0 per Progetti di Ricerca Industriale e Sviluppo Sperimentale.\" \/>\n<meta name=\"robots\" content=\"index, follow, max-snippet:-1, max-image-preview:large, max-video-preview:-1\" \/>\n<link rel=\"canonical\" href=\"https:\/\/www.artes4.it\/en\/news\/bando-di-progetto-di-ricerca-industriale-ancona-2019\/\" \/>\n<meta property=\"og:locale\" content=\"en_US\" \/>\n<meta property=\"og:type\" content=\"article\" \/>\n<meta property=\"og:title\" content=\"Bando di progetto di Ricerca Industriale - Ancona 2019\" \/>\n<meta property=\"og:description\" content=\"Convegno per presentare i dettagli del\u00a0primo Bando di ARTES 4.0 per Progetti di Ricerca Industriale e Sviluppo Sperimentale.\" \/>\n<meta property=\"og:url\" content=\"https:\/\/www.artes4.it\/en\/news\/bando-di-progetto-di-ricerca-industriale-ancona-2019\/\" \/>\n<meta property=\"og:site_name\" content=\"Artes 4.0\" \/>\n<meta property=\"article:published_time\" content=\"2019-11-19T19:19:00+00:00\" \/>\n<meta property=\"article:modified_time\" content=\"2024-07-02T08:56:46+00:00\" \/>\n<meta property=\"og:image\" content=\"https:\/\/www.artes4.it\/wp-content\/uploads\/2024\/03\/Copia20di20Piaggio2028529.png\" \/>\n\t<meta property=\"og:image:width\" content=\"993\" \/>\n\t<meta property=\"og:image:height\" content=\"479\" \/>\n\t<meta property=\"og:image:type\" content=\"image\/png\" \/>\n<meta name=\"author\" content=\"Lorna Vatta\" \/>\n<meta name=\"twitter:card\" content=\"summary_large_image\" \/>\n<meta name=\"twitter:label1\" content=\"Written by\" \/>\n\t<meta name=\"twitter:data1\" content=\"Lorna Vatta\" \/>\n\t<meta name=\"twitter:label2\" content=\"Est. reading time\" \/>\n\t<meta name=\"twitter:data2\" content=\"4 minutes\" \/>\n<script type=\"application\/ld+json\" class=\"yoast-schema-graph\">{\"@context\":\"https:\/\/schema.org\",\"@graph\":[{\"@type\":\"Article\",\"@id\":\"https:\/\/www.artes4.it\/en\/news\/bando-di-progetto-di-ricerca-industriale-ancona-2019\/#article\",\"isPartOf\":{\"@id\":\"https:\/\/www.artes4.it\/en\/news\/bando-di-progetto-di-ricerca-industriale-ancona-2019\/\"},\"author\":{\"name\":\"Lorna Vatta\",\"@id\":\"https:\/\/www.artes4.it\/en\/#\/schema\/person\/0f1c2c8c0b9d274494f9df9818d34cbb\"},\"headline\":\"Bando di progetto di Ricerca Industriale &#8211; Ancona 2019\",\"datePublished\":\"2019-11-19T19:19:00+00:00\",\"dateModified\":\"2024-07-02T08:56:46+00:00\",\"mainEntityOfPage\":{\"@id\":\"https:\/\/www.artes4.it\/en\/news\/bando-di-progetto-di-ricerca-industriale-ancona-2019\/\"},\"wordCount\":540,\"commentCount\":0,\"publisher\":{\"@id\":\"https:\/\/www.artes4.it\/en\/#organization\"},\"image\":{\"@id\":\"https:\/\/www.artes4.it\/en\/news\/bando-di-progetto-di-ricerca-industriale-ancona-2019\/#primaryimage\"},\"thumbnailUrl\":\"https:\/\/www.artes4.it\/wp-content\/uploads\/2024\/03\/Copia20di20Piaggio2028529.png\",\"keywords\":[\"News ed eventi\"],\"articleSection\":[\"News\"],\"inLanguage\":\"en-US\"},{\"@type\":\"WebPage\",\"@id\":\"https:\/\/www.artes4.it\/en\/news\/bando-di-progetto-di-ricerca-industriale-ancona-2019\/\",\"url\":\"https:\/\/www.artes4.it\/en\/news\/bando-di-progetto-di-ricerca-industriale-ancona-2019\/\",\"name\":\"Convegno sul bando di progetto di Ricerca Industriale\",\"isPartOf\":{\"@id\":\"https:\/\/www.artes4.it\/en\/#website\"},\"primaryImageOfPage\":{\"@id\":\"https:\/\/www.artes4.it\/en\/news\/bando-di-progetto-di-ricerca-industriale-ancona-2019\/#primaryimage\"},\"image\":{\"@id\":\"https:\/\/www.artes4.it\/en\/news\/bando-di-progetto-di-ricerca-industriale-ancona-2019\/#primaryimage\"},\"thumbnailUrl\":\"https:\/\/www.artes4.it\/wp-content\/uploads\/2024\/03\/Copia20di20Piaggio2028529.png\",\"datePublished\":\"2019-11-19T19:19:00+00:00\",\"dateModified\":\"2024-07-02T08:56:46+00:00\",\"description\":\"Convegno per presentare i dettagli del\u00a0primo Bando di ARTES 4.0 per Progetti di Ricerca Industriale e Sviluppo Sperimentale.\",\"breadcrumb\":{\"@id\":\"https:\/\/www.artes4.it\/en\/news\/bando-di-progetto-di-ricerca-industriale-ancona-2019\/#breadcrumb\"},\"inLanguage\":\"en-US\",\"potentialAction\":[{\"@type\":\"ReadAction\",\"target\":[\"https:\/\/www.artes4.it\/en\/news\/bando-di-progetto-di-ricerca-industriale-ancona-2019\/\"]}]},{\"@type\":\"ImageObject\",\"inLanguage\":\"en-US\",\"@id\":\"https:\/\/www.artes4.it\/en\/news\/bando-di-progetto-di-ricerca-industriale-ancona-2019\/#primaryimage\",\"url\":\"https:\/\/www.artes4.it\/wp-content\/uploads\/2024\/03\/Copia20di20Piaggio2028529.png\",\"contentUrl\":\"https:\/\/www.artes4.it\/wp-content\/uploads\/2024\/03\/Copia20di20Piaggio2028529.png\",\"width\":993,\"height\":479},{\"@type\":\"BreadcrumbList\",\"@id\":\"https:\/\/www.artes4.it\/en\/news\/bando-di-progetto-di-ricerca-industriale-ancona-2019\/#breadcrumb\",\"itemListElement\":[{\"@type\":\"ListItem\",\"position\":1,\"name\":\"Home\",\"item\":\"https:\/\/www.artes4.it\/en\/\"},{\"@type\":\"ListItem\",\"position\":2,\"name\":\"Bando di progetto di Ricerca Industriale &#8211; Ancona 2019\"}]},{\"@type\":\"WebSite\",\"@id\":\"https:\/\/www.artes4.it\/en\/#website\",\"url\":\"https:\/\/www.artes4.it\/en\/\",\"name\":\"Artes 4.0\",\"description\":\"\",\"publisher\":{\"@id\":\"https:\/\/www.artes4.it\/en\/#organization\"},\"potentialAction\":[{\"@type\":\"SearchAction\",\"target\":{\"@type\":\"EntryPoint\",\"urlTemplate\":\"https:\/\/www.artes4.it\/en\/?s={search_term_string}\"},\"query-input\":{\"@type\":\"PropertyValueSpecification\",\"valueRequired\":true,\"valueName\":\"search_term_string\"}}],\"inLanguage\":\"en-US\"},{\"@type\":\"Organization\",\"@id\":\"https:\/\/www.artes4.it\/en\/#organization\",\"name\":\"Artes 4.0\",\"url\":\"https:\/\/www.artes4.it\/en\/\",\"logo\":{\"@type\":\"ImageObject\",\"inLanguage\":\"en-US\",\"@id\":\"https:\/\/www.artes4.it\/en\/#\/schema\/logo\/image\/\",\"url\":\"https:\/\/www.artes4.it\/wp-content\/uploads\/2024\/01\/logo_artes_white.jpeg\",\"contentUrl\":\"https:\/\/www.artes4.it\/wp-content\/uploads\/2024\/01\/logo_artes_white.jpeg\",\"width\":462,\"height\":171,\"caption\":\"Artes 4.0\"},\"image\":{\"@id\":\"https:\/\/www.artes4.it\/en\/#\/schema\/logo\/image\/\"},\"sameAs\":[\"https:\/\/www.linkedin.com\/company\/associazione-artes-4-0\/posts\/?feedView=all\"]},{\"@type\":\"Person\",\"@id\":\"https:\/\/www.artes4.it\/en\/#\/schema\/person\/0f1c2c8c0b9d274494f9df9818d34cbb\",\"name\":\"Lorna Vatta\",\"image\":{\"@type\":\"ImageObject\",\"inLanguage\":\"en-US\",\"@id\":\"https:\/\/www.artes4.it\/en\/#\/schema\/person\/image\/\",\"url\":\"https:\/\/www.artes4.it\/wp-content\/uploads\/2024\/01\/Copia20di20Senza20titolo2014-96x96.png\",\"contentUrl\":\"https:\/\/www.artes4.it\/wp-content\/uploads\/2024\/01\/Copia20di20Senza20titolo2014-96x96.png\",\"caption\":\"Lorna Vatta\"},\"description\":\"Ex Direttrice Esecutiva di ARTES 4.0. Arriva ad ARTES 4.0 come naturale evoluzione del suo percorso: laureata in ingegneria gestionale al Politecnico di Milano, per 15 anni lavora in una multinazionale americana della meccanica avanzata, sempre sui fronti di sviluppo prodotti e business. In questo periodi vive e lavora anche in USA e UK, dove frequenta anche un MBA di UMIST e Manchester Business School. Completata l\u2019acquisizione e l\u2019integrazione di una media azienda italiana nel gruppo, diventa Chief Strategy &amp; Technology Officer di Fabio Perini SpA, leader mondiale della meccatronica per la trasformazione e l'imballaggio di prodotti tissue. Nel 2013 lascia la \u201cold economy\u201d e, da consulente indipendente e Business Angel, lavora con PMI e startup digitali e altamente innovative, principalmente nel business development per Clienti industriali che affrontano la digitalizzazione dei processi. Sono gli anni in cui nasce l\u2019Industria 4.0, e da subito Lorna punta sulla combinazione di competenze industriali e digitali. Il nuovo direttore scientifico di ARTES 4.0 \u00e8 oggi il professor Paolo Dario\",\"url\":\"https:\/\/www.artes4.it\/en\/author\/lorna-vattaartes4-it\/\"}]}<\/script>\n<!-- \/ Yoast SEO Premium plugin. -->","yoast_head_json":{"title":"Convegno sul bando di progetto di Ricerca Industriale","description":"Convegno per presentare i dettagli del\u00a0primo Bando di ARTES 4.0 per Progetti di Ricerca Industriale e Sviluppo Sperimentale.","robots":{"index":"index","follow":"follow","max-snippet":"max-snippet:-1","max-image-preview":"max-image-preview:large","max-video-preview":"max-video-preview:-1"},"canonical":"https:\/\/www.artes4.it\/en\/news\/bando-di-progetto-di-ricerca-industriale-ancona-2019\/","og_locale":"en_US","og_type":"article","og_title":"Bando di progetto di Ricerca Industriale - Ancona 2019","og_description":"Convegno per presentare i dettagli del\u00a0primo Bando di ARTES 4.0 per Progetti di Ricerca Industriale e Sviluppo Sperimentale.","og_url":"https:\/\/www.artes4.it\/en\/news\/bando-di-progetto-di-ricerca-industriale-ancona-2019\/","og_site_name":"Artes 4.0","article_published_time":"2019-11-19T19:19:00+00:00","article_modified_time":"2024-07-02T08:56:46+00:00","og_image":[{"width":993,"height":479,"url":"https:\/\/www.artes4.it\/wp-content\/uploads\/2024\/03\/Copia20di20Piaggio2028529.png","type":"image\/png"}],"author":"Lorna Vatta","twitter_card":"summary_large_image","twitter_misc":{"Written by":"Lorna Vatta","Est. reading time":"4 minutes"},"schema":{"@context":"https:\/\/schema.org","@graph":[{"@type":"Article","@id":"https:\/\/www.artes4.it\/en\/news\/bando-di-progetto-di-ricerca-industriale-ancona-2019\/#article","isPartOf":{"@id":"https:\/\/www.artes4.it\/en\/news\/bando-di-progetto-di-ricerca-industriale-ancona-2019\/"},"author":{"name":"Lorna Vatta","@id":"https:\/\/www.artes4.it\/en\/#\/schema\/person\/0f1c2c8c0b9d274494f9df9818d34cbb"},"headline":"Bando di progetto di Ricerca Industriale &#8211; Ancona 2019","datePublished":"2019-11-19T19:19:00+00:00","dateModified":"2024-07-02T08:56:46+00:00","mainEntityOfPage":{"@id":"https:\/\/www.artes4.it\/en\/news\/bando-di-progetto-di-ricerca-industriale-ancona-2019\/"},"wordCount":540,"commentCount":0,"publisher":{"@id":"https:\/\/www.artes4.it\/en\/#organization"},"image":{"@id":"https:\/\/www.artes4.it\/en\/news\/bando-di-progetto-di-ricerca-industriale-ancona-2019\/#primaryimage"},"thumbnailUrl":"https:\/\/www.artes4.it\/wp-content\/uploads\/2024\/03\/Copia20di20Piaggio2028529.png","keywords":["News ed eventi"],"articleSection":["News"],"inLanguage":"en-US"},{"@type":"WebPage","@id":"https:\/\/www.artes4.it\/en\/news\/bando-di-progetto-di-ricerca-industriale-ancona-2019\/","url":"https:\/\/www.artes4.it\/en\/news\/bando-di-progetto-di-ricerca-industriale-ancona-2019\/","name":"Convegno sul bando di progetto di Ricerca Industriale","isPartOf":{"@id":"https:\/\/www.artes4.it\/en\/#website"},"primaryImageOfPage":{"@id":"https:\/\/www.artes4.it\/en\/news\/bando-di-progetto-di-ricerca-industriale-ancona-2019\/#primaryimage"},"image":{"@id":"https:\/\/www.artes4.it\/en\/news\/bando-di-progetto-di-ricerca-industriale-ancona-2019\/#primaryimage"},"thumbnailUrl":"https:\/\/www.artes4.it\/wp-content\/uploads\/2024\/03\/Copia20di20Piaggio2028529.png","datePublished":"2019-11-19T19:19:00+00:00","dateModified":"2024-07-02T08:56:46+00:00","description":"Convegno per presentare i dettagli del\u00a0primo Bando di ARTES 4.0 per Progetti di Ricerca Industriale e Sviluppo Sperimentale.","breadcrumb":{"@id":"https:\/\/www.artes4.it\/en\/news\/bando-di-progetto-di-ricerca-industriale-ancona-2019\/#breadcrumb"},"inLanguage":"en-US","potentialAction":[{"@type":"ReadAction","target":["https:\/\/www.artes4.it\/en\/news\/bando-di-progetto-di-ricerca-industriale-ancona-2019\/"]}]},{"@type":"ImageObject","inLanguage":"en-US","@id":"https:\/\/www.artes4.it\/en\/news\/bando-di-progetto-di-ricerca-industriale-ancona-2019\/#primaryimage","url":"https:\/\/www.artes4.it\/wp-content\/uploads\/2024\/03\/Copia20di20Piaggio2028529.png","contentUrl":"https:\/\/www.artes4.it\/wp-content\/uploads\/2024\/03\/Copia20di20Piaggio2028529.png","width":993,"height":479},{"@type":"BreadcrumbList","@id":"https:\/\/www.artes4.it\/en\/news\/bando-di-progetto-di-ricerca-industriale-ancona-2019\/#breadcrumb","itemListElement":[{"@type":"ListItem","position":1,"name":"Home","item":"https:\/\/www.artes4.it\/en\/"},{"@type":"ListItem","position":2,"name":"Bando di progetto di Ricerca Industriale &#8211; Ancona 2019"}]},{"@type":"WebSite","@id":"https:\/\/www.artes4.it\/en\/#website","url":"https:\/\/www.artes4.it\/en\/","name":"Artes 4.0","description":"","publisher":{"@id":"https:\/\/www.artes4.it\/en\/#organization"},"potentialAction":[{"@type":"SearchAction","target":{"@type":"EntryPoint","urlTemplate":"https:\/\/www.artes4.it\/en\/?s={search_term_string}"},"query-input":{"@type":"PropertyValueSpecification","valueRequired":true,"valueName":"search_term_string"}}],"inLanguage":"en-US"},{"@type":"Organization","@id":"https:\/\/www.artes4.it\/en\/#organization","name":"Artes 4.0","url":"https:\/\/www.artes4.it\/en\/","logo":{"@type":"ImageObject","inLanguage":"en-US","@id":"https:\/\/www.artes4.it\/en\/#\/schema\/logo\/image\/","url":"https:\/\/www.artes4.it\/wp-content\/uploads\/2024\/01\/logo_artes_white.jpeg","contentUrl":"https:\/\/www.artes4.it\/wp-content\/uploads\/2024\/01\/logo_artes_white.jpeg","width":462,"height":171,"caption":"Artes 4.0"},"image":{"@id":"https:\/\/www.artes4.it\/en\/#\/schema\/logo\/image\/"},"sameAs":["https:\/\/www.linkedin.com\/company\/associazione-artes-4-0\/posts\/?feedView=all"]},{"@type":"Person","@id":"https:\/\/www.artes4.it\/en\/#\/schema\/person\/0f1c2c8c0b9d274494f9df9818d34cbb","name":"Lorna Vatta","image":{"@type":"ImageObject","inLanguage":"en-US","@id":"https:\/\/www.artes4.it\/en\/#\/schema\/person\/image\/","url":"https:\/\/www.artes4.it\/wp-content\/uploads\/2024\/01\/Copia20di20Senza20titolo2014-96x96.png","contentUrl":"https:\/\/www.artes4.it\/wp-content\/uploads\/2024\/01\/Copia20di20Senza20titolo2014-96x96.png","caption":"Lorna Vatta"},"description":"Ex Direttrice Esecutiva di ARTES 4.0. Arriva ad ARTES 4.0 come naturale evoluzione del suo percorso: laureata in ingegneria gestionale al Politecnico di Milano, per 15 anni lavora in una multinazionale americana della meccanica avanzata, sempre sui fronti di sviluppo prodotti e business. In questo periodi vive e lavora anche in USA e UK, dove frequenta anche un MBA di UMIST e Manchester Business School. Completata l\u2019acquisizione e l\u2019integrazione di una media azienda italiana nel gruppo, diventa Chief Strategy &amp; Technology Officer di Fabio Perini SpA, leader mondiale della meccatronica per la trasformazione e l'imballaggio di prodotti tissue. Nel 2013 lascia la \u201cold economy\u201d e, da consulente indipendente e Business Angel, lavora con PMI e startup digitali e altamente innovative, principalmente nel business development per Clienti industriali che affrontano la digitalizzazione dei processi. Sono gli anni in cui nasce l\u2019Industria 4.0, e da subito Lorna punta sulla combinazione di competenze industriali e digitali. Il nuovo direttore scientifico di ARTES 4.0 \u00e8 oggi il professor Paolo Dario","url":"https:\/\/www.artes4.it\/en\/author\/lorna-vattaartes4-it\/"}]}},"_links":{"self":[{"href":"https:\/\/www.artes4.it\/en\/wp-json\/wp\/v2\/posts\/2647","targetHints":{"allow":["GET"]}}],"collection":[{"href":"https:\/\/www.artes4.it\/en\/wp-json\/wp\/v2\/posts"}],"about":[{"href":"https:\/\/www.artes4.it\/en\/wp-json\/wp\/v2\/types\/post"}],"author":[{"embeddable":true,"href":"https:\/\/www.artes4.it\/en\/wp-json\/wp\/v2\/users\/33"}],"replies":[{"embeddable":true,"href":"https:\/\/www.artes4.it\/en\/wp-json\/wp\/v2\/comments?post=2647"}],"version-history":[{"count":4,"href":"https:\/\/www.artes4.it\/en\/wp-json\/wp\/v2\/posts\/2647\/revisions"}],"predecessor-version":[{"id":4981,"href":"https:\/\/www.artes4.it\/en\/wp-json\/wp\/v2\/posts\/2647\/revisions\/4981"}],"wp:featuredmedia":[{"embeddable":true,"href":"https:\/\/www.artes4.it\/en\/wp-json\/wp\/v2\/media\/2646"}],"wp:attachment":[{"href":"https:\/\/www.artes4.it\/en\/wp-json\/wp\/v2\/media?parent=2647"}],"wp:term":[{"taxonomy":"category","embeddable":true,"href":"https:\/\/www.artes4.it\/en\/wp-json\/wp\/v2\/categories?post=2647"},{"taxonomy":"post_tag","embeddable":true,"href":"https:\/\/www.artes4.it\/en\/wp-json\/wp\/v2\/tags?post=2647"},{"taxonomy":"anno_doc","embeddable":true,"href":"https:\/\/www.artes4.it\/en\/wp-json\/wp\/v2\/anno_doc?post=2647"}],"curies":[{"name":"wp","href":"https:\/\/api.w.org\/{rel}","templated":true}]}}