{"id":2649,"date":"2019-11-13T20:19:00","date_gmt":"2019-11-13T19:19:00","guid":{"rendered":"https:\/\/www.artes4.it\/2019\/11\/13\/21-novembre-2019-a-firenze-presentazione-del-primo-bando-di-artes-4-0-per-progetti-di-ricerca-industriale-e-sviluppo-sperimentale\/"},"modified":"2024-07-02T10:49:52","modified_gmt":"2024-07-02T08:49:52","slug":"21-novembre-2019-a-firenze-presentazione-del-primo-bando-di-artes-4-0-per-progetti-di-ricerca-industriale-e-sviluppo-sperimentale","status":"publish","type":"post","link":"https:\/\/www.artes4.it\/en\/news\/21-novembre-2019-a-firenze-presentazione-del-primo-bando-di-artes-4-0-per-progetti-di-ricerca-industriale-e-sviluppo-sperimentale\/","title":{"rendered":"Bando per Progetti di Ricerca Industriale e Sviluppo Sperimentale"},"content":{"rendered":"<p>Il mondo dell&#8217;industria sta vivendo una trasformazione radicale grazie all&#8217;adozione di tecnologie avanzate e alla digitalizzazione dei processi produttivi. In questo contesto, iniziative come i bandi per progetti di ricerca industriale e sviluppo sperimentale diventano strumenti essenziali per favorire l&#8217;innovazione e la competitivit\u00e0 delle imprese. L&#8217;evento organizzato dal Digital Innovation Hub di Confindustria Toscana, in collaborazione con ARTES 4.0 e Confindustria Firenze, \u00e8 un&#8217;importante occasione per le imprese interessate a conoscere e partecipare al primo Bando di ARTES 4.0. Questo incontro offrir\u00e0 indicazioni strategiche e operative fondamentali per la partecipazione e il finanziamento dei progetti.<\/p>\n<p>Il\u00a0<strong>Digital Innovation Hub di Confindustria Toscana<\/strong>, in collaborazione con\u00a0ARTES 4.0\u00a0e\u00a0Confindustria Firenze, organizza un evento dedicato alle\u00a0imprese\u00a0per presentare i dettagli del primo\u00a0Bando di ARTES 4.0 per Progetti di Ricerca Industriale e Sviluppo Sperimentale\u00a0con indicazioni strategiche e operative per la partecipazione.<\/p>\n<p>L&#8217;evento si svolger\u00e0 il 21 novembre 2019 presso Confindustria Firenze, in Via Valfonda 9 a Firenze.<\/p>\n<p>Grazie alla presenza dello staff di ARTES 4.0, le imprese partecipanti potranno avere una prima valutazione della fattibilit\u00e0 e dei fabbisogni per la realizzazione e il finanziamento dei progetti.<\/p>\n<hr \/>\n<h4><strong>Espansione degli argomenti:<\/strong><\/h4>\n<p>L&#8217;evento organizzato da Confindustria Toscana, in collaborazione con ARTES 4.0 e Confindustria Firenze, rappresenta un&#8217;importante opportunit\u00e0 per le imprese di accedere a risorse e competenze necessarie per sviluppare progetti innovativi nell&#8217;ambito dell&#8217;Industria 4.0. La partecipazione al bando di ARTES 4.0 offre alle aziende la possibilit\u00e0 di ottenere finanziamenti per progetti di ricerca industriale e sviluppo sperimentale, con l&#8217;obiettivo di migliorare l&#8217;efficienza e la competitivit\u00e0 attraverso l&#8217;adozione di nuove tecnologie.<\/p>\n<p>Durante l&#8217;evento del 21 novembre 2019, le imprese avranno l&#8217;opportunit\u00e0 di interagire direttamente con lo staff di ARTES 4.0, che fornir\u00e0 indicazioni dettagliate e supporto operativo per la partecipazione al bando. Questo tipo di interazione \u00e8 fondamentale per comprendere appieno i requisiti del bando e per valutare la fattibilit\u00e0 dei progetti proposti. Le imprese potranno discutere dei propri fabbisogni specifici e ottenere consigli su come sviluppare proposte competitive.<\/p>\n<p>Inoltre, l&#8217;evento rappresenta un&#8217;importante occasione di networking, dove le imprese possono incontrare potenziali partner e collaboratori. La collaborazione tra aziende e centri di ricerca \u00e8 spesso un elemento chiave per il successo dei progetti di innovazione. Con ARTES 4.0, le imprese hanno accesso a una rete di competenze e risorse che pu\u00f2 supportare lo sviluppo di soluzioni avanzate in vari settori industriali.<\/p>\n<p>La digitalizzazione e l&#8217;innovazione tecnologica sono driver essenziali per la crescita economica e la sostenibilit\u00e0 delle imprese. Partecipare a eventi come quello organizzato da Confindustria Toscana, ARTES 4.0 e Confindustria Firenze permette alle aziende di rimanere aggiornate sulle ultime novit\u00e0 tecnologiche e di cogliere le opportunit\u00e0 offerte dai finanziamenti per l&#8217;innovazione. Investire in progetti di ricerca e sviluppo non solo migliora la competitivit\u00e0 delle imprese, ma contribuisce anche al progresso tecnologico e industriale del paese.<\/p>\n<p><!--more--><\/p>\n<p>L&#8217;evento si svolger\u00e0 il <strong>21 novembre 2019<\/strong> presso <strong>Confindustria Firenze, in Via Valfonda 9 a Firenze<\/strong>.<\/p>\n<p>Grazie alla presenza dello staff di ARTES 4.0, le imprese partecipanti potranno avere una prima valutazione della fattibilit\u00e0 e dei fabbisogni per la realizzazione e il finanziamento dei progetti.<\/p>\n<p>A questo<strong>\u00a0<\/strong><a href=\"https:\/\/www.confindustria.toscana.it\/2019\/11\/progetti-di-ricerca-e-sviluppo-dih-toscana-presenta-il-bando-del-competence-center-artes-4-0\/\" target=\"_blank\" rel=\"noopener noreferrer\"><strong>link<\/strong><\/a>\u00a0troverete l\u2019articolo pubblicato sul sito di Confindustria Toscana.<\/p>\n<p>&nbsp;<\/p>\n","protected":false},"excerpt":{"rendered":"<p>Il mondo dell&#8217;industria sta vivendo una trasformazione radicale grazie all&#8217;adozione di tecnologie avanzate e alla digitalizzazione dei processi produttivi. In questo contesto, iniziative come i bandi per progetti di ricerca industriale e sviluppo sperimentale diventano strumenti essenziali per favorire l&#8217;innovazione e la competitivit\u00e0 delle imprese. L&#8217;evento organizzato dal Digital Innovation Hub di Confindustria Toscana, in [&hellip;]<\/p>\n","protected":false},"author":33,"featured_media":2648,"comment_status":"open","ping_status":"closed","sticky":false,"template":"","format":"standard","meta":{"_acf_changed":false,"footnotes":""},"categories":[1],"tags":[93],"anno_doc":[],"class_list":["post-2649","post","type-post","status-publish","format-standard","has-post-thumbnail","hentry","category-news","tag-news-ed-eventi"],"acf":[],"yoast_head":"<!-- This site is optimized with the Yoast SEO Premium plugin v22.8 (Yoast SEO v25.8) - https:\/\/yoast.com\/wordpress\/plugins\/seo\/ -->\n<title>Bando per Progetti di Ricerca Industriale e Sviluppo Sperimentale<\/title>\n<meta name=\"description\" content=\"Evento dedicato alle\u00a0imprese\u00a0per presentare i dettagli del primo\u00a0Bando di ARTES 4.0 per Progetti di Ricerca Industriale.\" \/>\n<meta name=\"robots\" content=\"index, follow, max-snippet:-1, max-image-preview:large, max-video-preview:-1\" \/>\n<link rel=\"canonical\" href=\"https:\/\/www.artes4.it\/en\/news\/21-novembre-2019-a-firenze-presentazione-del-primo-bando-di-artes-4-0-per-progetti-di-ricerca-industriale-e-sviluppo-sperimentale\/\" \/>\n<meta property=\"og:locale\" content=\"en_US\" \/>\n<meta property=\"og:type\" content=\"article\" \/>\n<meta property=\"og:title\" content=\"Bando per Progetti di Ricerca Industriale e Sviluppo Sperimentale\" \/>\n<meta property=\"og:description\" content=\"Evento dedicato alle\u00a0imprese\u00a0per presentare i dettagli del primo\u00a0Bando di ARTES 4.0 per Progetti di Ricerca Industriale.\" \/>\n<meta property=\"og:url\" content=\"https:\/\/www.artes4.it\/en\/news\/21-novembre-2019-a-firenze-presentazione-del-primo-bando-di-artes-4-0-per-progetti-di-ricerca-industriale-e-sviluppo-sperimentale\/\" \/>\n<meta property=\"og:site_name\" content=\"Artes 4.0\" \/>\n<meta property=\"article:published_time\" content=\"2019-11-13T19:19:00+00:00\" \/>\n<meta property=\"article:modified_time\" content=\"2024-07-02T08:49:52+00:00\" \/>\n<meta property=\"og:image\" content=\"https:\/\/www.artes4.it\/wp-content\/uploads\/2024\/03\/Sezione20News20ed20eventi20-20ARTES204.0.png\" \/>\n\t<meta property=\"og:image:width\" content=\"993\" \/>\n\t<meta property=\"og:image:height\" content=\"494\" \/>\n\t<meta property=\"og:image:type\" content=\"image\/png\" \/>\n<meta name=\"author\" content=\"Lorna Vatta\" \/>\n<meta name=\"twitter:card\" content=\"summary_large_image\" \/>\n<meta name=\"twitter:label1\" content=\"Written by\" \/>\n\t<meta name=\"twitter:data1\" content=\"Lorna Vatta\" \/>\n\t<meta name=\"twitter:label2\" content=\"Est. reading time\" \/>\n\t<meta name=\"twitter:data2\" content=\"3 minutes\" \/>\n<script type=\"application\/ld+json\" class=\"yoast-schema-graph\">{\"@context\":\"https:\/\/schema.org\",\"@graph\":[{\"@type\":\"Article\",\"@id\":\"https:\/\/www.artes4.it\/en\/news\/21-novembre-2019-a-firenze-presentazione-del-primo-bando-di-artes-4-0-per-progetti-di-ricerca-industriale-e-sviluppo-sperimentale\/#article\",\"isPartOf\":{\"@id\":\"https:\/\/www.artes4.it\/en\/news\/21-novembre-2019-a-firenze-presentazione-del-primo-bando-di-artes-4-0-per-progetti-di-ricerca-industriale-e-sviluppo-sperimentale\/\"},\"author\":{\"name\":\"Lorna Vatta\",\"@id\":\"https:\/\/www.artes4.it\/en\/#\/schema\/person\/0f1c2c8c0b9d274494f9df9818d34cbb\"},\"headline\":\"Bando per Progetti di Ricerca Industriale e Sviluppo Sperimentale\",\"datePublished\":\"2019-11-13T19:19:00+00:00\",\"dateModified\":\"2024-07-02T08:49:52+00:00\",\"mainEntityOfPage\":{\"@id\":\"https:\/\/www.artes4.it\/en\/news\/21-novembre-2019-a-firenze-presentazione-del-primo-bando-di-artes-4-0-per-progetti-di-ricerca-industriale-e-sviluppo-sperimentale\/\"},\"wordCount\":528,\"commentCount\":0,\"publisher\":{\"@id\":\"https:\/\/www.artes4.it\/en\/#organization\"},\"image\":{\"@id\":\"https:\/\/www.artes4.it\/en\/news\/21-novembre-2019-a-firenze-presentazione-del-primo-bando-di-artes-4-0-per-progetti-di-ricerca-industriale-e-sviluppo-sperimentale\/#primaryimage\"},\"thumbnailUrl\":\"https:\/\/www.artes4.it\/wp-content\/uploads\/2024\/03\/Sezione20News20ed20eventi20-20ARTES204.0.png\",\"keywords\":[\"News ed eventi\"],\"articleSection\":[\"News\"],\"inLanguage\":\"en-US\"},{\"@type\":\"WebPage\",\"@id\":\"https:\/\/www.artes4.it\/en\/news\/21-novembre-2019-a-firenze-presentazione-del-primo-bando-di-artes-4-0-per-progetti-di-ricerca-industriale-e-sviluppo-sperimentale\/\",\"url\":\"https:\/\/www.artes4.it\/en\/news\/21-novembre-2019-a-firenze-presentazione-del-primo-bando-di-artes-4-0-per-progetti-di-ricerca-industriale-e-sviluppo-sperimentale\/\",\"name\":\"Bando per Progetti di Ricerca Industriale e Sviluppo Sperimentale\",\"isPartOf\":{\"@id\":\"https:\/\/www.artes4.it\/en\/#website\"},\"primaryImageOfPage\":{\"@id\":\"https:\/\/www.artes4.it\/en\/news\/21-novembre-2019-a-firenze-presentazione-del-primo-bando-di-artes-4-0-per-progetti-di-ricerca-industriale-e-sviluppo-sperimentale\/#primaryimage\"},\"image\":{\"@id\":\"https:\/\/www.artes4.it\/en\/news\/21-novembre-2019-a-firenze-presentazione-del-primo-bando-di-artes-4-0-per-progetti-di-ricerca-industriale-e-sviluppo-sperimentale\/#primaryimage\"},\"thumbnailUrl\":\"https:\/\/www.artes4.it\/wp-content\/uploads\/2024\/03\/Sezione20News20ed20eventi20-20ARTES204.0.png\",\"datePublished\":\"2019-11-13T19:19:00+00:00\",\"dateModified\":\"2024-07-02T08:49:52+00:00\",\"description\":\"Evento dedicato alle\u00a0imprese\u00a0per presentare i dettagli del primo\u00a0Bando di ARTES 4.0 per Progetti di Ricerca Industriale.\",\"breadcrumb\":{\"@id\":\"https:\/\/www.artes4.it\/en\/news\/21-novembre-2019-a-firenze-presentazione-del-primo-bando-di-artes-4-0-per-progetti-di-ricerca-industriale-e-sviluppo-sperimentale\/#breadcrumb\"},\"inLanguage\":\"en-US\",\"potentialAction\":[{\"@type\":\"ReadAction\",\"target\":[\"https:\/\/www.artes4.it\/en\/news\/21-novembre-2019-a-firenze-presentazione-del-primo-bando-di-artes-4-0-per-progetti-di-ricerca-industriale-e-sviluppo-sperimentale\/\"]}]},{\"@type\":\"ImageObject\",\"inLanguage\":\"en-US\",\"@id\":\"https:\/\/www.artes4.it\/en\/news\/21-novembre-2019-a-firenze-presentazione-del-primo-bando-di-artes-4-0-per-progetti-di-ricerca-industriale-e-sviluppo-sperimentale\/#primaryimage\",\"url\":\"https:\/\/www.artes4.it\/wp-content\/uploads\/2024\/03\/Sezione20News20ed20eventi20-20ARTES204.0.png\",\"contentUrl\":\"https:\/\/www.artes4.it\/wp-content\/uploads\/2024\/03\/Sezione20News20ed20eventi20-20ARTES204.0.png\",\"width\":993,\"height\":494},{\"@type\":\"BreadcrumbList\",\"@id\":\"https:\/\/www.artes4.it\/en\/news\/21-novembre-2019-a-firenze-presentazione-del-primo-bando-di-artes-4-0-per-progetti-di-ricerca-industriale-e-sviluppo-sperimentale\/#breadcrumb\",\"itemListElement\":[{\"@type\":\"ListItem\",\"position\":1,\"name\":\"Home\",\"item\":\"https:\/\/www.artes4.it\/en\/\"},{\"@type\":\"ListItem\",\"position\":2,\"name\":\"Bando per Progetti di Ricerca Industriale e Sviluppo Sperimentale\"}]},{\"@type\":\"WebSite\",\"@id\":\"https:\/\/www.artes4.it\/en\/#website\",\"url\":\"https:\/\/www.artes4.it\/en\/\",\"name\":\"Artes 4.0\",\"description\":\"\",\"publisher\":{\"@id\":\"https:\/\/www.artes4.it\/en\/#organization\"},\"potentialAction\":[{\"@type\":\"SearchAction\",\"target\":{\"@type\":\"EntryPoint\",\"urlTemplate\":\"https:\/\/www.artes4.it\/en\/?s={search_term_string}\"},\"query-input\":{\"@type\":\"PropertyValueSpecification\",\"valueRequired\":true,\"valueName\":\"search_term_string\"}}],\"inLanguage\":\"en-US\"},{\"@type\":\"Organization\",\"@id\":\"https:\/\/www.artes4.it\/en\/#organization\",\"name\":\"Artes 4.0\",\"url\":\"https:\/\/www.artes4.it\/en\/\",\"logo\":{\"@type\":\"ImageObject\",\"inLanguage\":\"en-US\",\"@id\":\"https:\/\/www.artes4.it\/en\/#\/schema\/logo\/image\/\",\"url\":\"https:\/\/www.artes4.it\/wp-content\/uploads\/2024\/01\/logo_artes_white.jpeg\",\"contentUrl\":\"https:\/\/www.artes4.it\/wp-content\/uploads\/2024\/01\/logo_artes_white.jpeg\",\"width\":462,\"height\":171,\"caption\":\"Artes 4.0\"},\"image\":{\"@id\":\"https:\/\/www.artes4.it\/en\/#\/schema\/logo\/image\/\"},\"sameAs\":[\"https:\/\/www.linkedin.com\/company\/associazione-artes-4-0\/posts\/?feedView=all\"]},{\"@type\":\"Person\",\"@id\":\"https:\/\/www.artes4.it\/en\/#\/schema\/person\/0f1c2c8c0b9d274494f9df9818d34cbb\",\"name\":\"Lorna Vatta\",\"image\":{\"@type\":\"ImageObject\",\"inLanguage\":\"en-US\",\"@id\":\"https:\/\/www.artes4.it\/en\/#\/schema\/person\/image\/\",\"url\":\"https:\/\/www.artes4.it\/wp-content\/uploads\/2024\/01\/Copia20di20Senza20titolo2014-96x96.png\",\"contentUrl\":\"https:\/\/www.artes4.it\/wp-content\/uploads\/2024\/01\/Copia20di20Senza20titolo2014-96x96.png\",\"caption\":\"Lorna Vatta\"},\"description\":\"Ex Direttrice Esecutiva di ARTES 4.0. Arriva ad ARTES 4.0 come naturale evoluzione del suo percorso: laureata in ingegneria gestionale al Politecnico di Milano, per 15 anni lavora in una multinazionale americana della meccanica avanzata, sempre sui fronti di sviluppo prodotti e business. In questo periodi vive e lavora anche in USA e UK, dove frequenta anche un MBA di UMIST e Manchester Business School. Completata l\u2019acquisizione e l\u2019integrazione di una media azienda italiana nel gruppo, diventa Chief Strategy &amp; Technology Officer di Fabio Perini SpA, leader mondiale della meccatronica per la trasformazione e l'imballaggio di prodotti tissue. Nel 2013 lascia la \u201cold economy\u201d e, da consulente indipendente e Business Angel, lavora con PMI e startup digitali e altamente innovative, principalmente nel business development per Clienti industriali che affrontano la digitalizzazione dei processi. Sono gli anni in cui nasce l\u2019Industria 4.0, e da subito Lorna punta sulla combinazione di competenze industriali e digitali. Il nuovo direttore scientifico di ARTES 4.0 \u00e8 oggi il professor Paolo Dario\",\"url\":\"https:\/\/www.artes4.it\/en\/author\/lorna-vattaartes4-it\/\"}]}<\/script>\n<!-- \/ Yoast SEO Premium plugin. -->","yoast_head_json":{"title":"Bando per Progetti di Ricerca Industriale e Sviluppo Sperimentale","description":"Evento dedicato alle\u00a0imprese\u00a0per presentare i dettagli del primo\u00a0Bando di ARTES 4.0 per Progetti di Ricerca Industriale.","robots":{"index":"index","follow":"follow","max-snippet":"max-snippet:-1","max-image-preview":"max-image-preview:large","max-video-preview":"max-video-preview:-1"},"canonical":"https:\/\/www.artes4.it\/en\/news\/21-novembre-2019-a-firenze-presentazione-del-primo-bando-di-artes-4-0-per-progetti-di-ricerca-industriale-e-sviluppo-sperimentale\/","og_locale":"en_US","og_type":"article","og_title":"Bando per Progetti di Ricerca Industriale e Sviluppo Sperimentale","og_description":"Evento dedicato alle\u00a0imprese\u00a0per presentare i dettagli del primo\u00a0Bando di ARTES 4.0 per Progetti di Ricerca Industriale.","og_url":"https:\/\/www.artes4.it\/en\/news\/21-novembre-2019-a-firenze-presentazione-del-primo-bando-di-artes-4-0-per-progetti-di-ricerca-industriale-e-sviluppo-sperimentale\/","og_site_name":"Artes 4.0","article_published_time":"2019-11-13T19:19:00+00:00","article_modified_time":"2024-07-02T08:49:52+00:00","og_image":[{"width":993,"height":494,"url":"https:\/\/www.artes4.it\/wp-content\/uploads\/2024\/03\/Sezione20News20ed20eventi20-20ARTES204.0.png","type":"image\/png"}],"author":"Lorna Vatta","twitter_card":"summary_large_image","twitter_misc":{"Written by":"Lorna Vatta","Est. reading time":"3 minutes"},"schema":{"@context":"https:\/\/schema.org","@graph":[{"@type":"Article","@id":"https:\/\/www.artes4.it\/en\/news\/21-novembre-2019-a-firenze-presentazione-del-primo-bando-di-artes-4-0-per-progetti-di-ricerca-industriale-e-sviluppo-sperimentale\/#article","isPartOf":{"@id":"https:\/\/www.artes4.it\/en\/news\/21-novembre-2019-a-firenze-presentazione-del-primo-bando-di-artes-4-0-per-progetti-di-ricerca-industriale-e-sviluppo-sperimentale\/"},"author":{"name":"Lorna Vatta","@id":"https:\/\/www.artes4.it\/en\/#\/schema\/person\/0f1c2c8c0b9d274494f9df9818d34cbb"},"headline":"Bando per Progetti di Ricerca Industriale e Sviluppo Sperimentale","datePublished":"2019-11-13T19:19:00+00:00","dateModified":"2024-07-02T08:49:52+00:00","mainEntityOfPage":{"@id":"https:\/\/www.artes4.it\/en\/news\/21-novembre-2019-a-firenze-presentazione-del-primo-bando-di-artes-4-0-per-progetti-di-ricerca-industriale-e-sviluppo-sperimentale\/"},"wordCount":528,"commentCount":0,"publisher":{"@id":"https:\/\/www.artes4.it\/en\/#organization"},"image":{"@id":"https:\/\/www.artes4.it\/en\/news\/21-novembre-2019-a-firenze-presentazione-del-primo-bando-di-artes-4-0-per-progetti-di-ricerca-industriale-e-sviluppo-sperimentale\/#primaryimage"},"thumbnailUrl":"https:\/\/www.artes4.it\/wp-content\/uploads\/2024\/03\/Sezione20News20ed20eventi20-20ARTES204.0.png","keywords":["News ed eventi"],"articleSection":["News"],"inLanguage":"en-US"},{"@type":"WebPage","@id":"https:\/\/www.artes4.it\/en\/news\/21-novembre-2019-a-firenze-presentazione-del-primo-bando-di-artes-4-0-per-progetti-di-ricerca-industriale-e-sviluppo-sperimentale\/","url":"https:\/\/www.artes4.it\/en\/news\/21-novembre-2019-a-firenze-presentazione-del-primo-bando-di-artes-4-0-per-progetti-di-ricerca-industriale-e-sviluppo-sperimentale\/","name":"Bando per Progetti di Ricerca Industriale e Sviluppo Sperimentale","isPartOf":{"@id":"https:\/\/www.artes4.it\/en\/#website"},"primaryImageOfPage":{"@id":"https:\/\/www.artes4.it\/en\/news\/21-novembre-2019-a-firenze-presentazione-del-primo-bando-di-artes-4-0-per-progetti-di-ricerca-industriale-e-sviluppo-sperimentale\/#primaryimage"},"image":{"@id":"https:\/\/www.artes4.it\/en\/news\/21-novembre-2019-a-firenze-presentazione-del-primo-bando-di-artes-4-0-per-progetti-di-ricerca-industriale-e-sviluppo-sperimentale\/#primaryimage"},"thumbnailUrl":"https:\/\/www.artes4.it\/wp-content\/uploads\/2024\/03\/Sezione20News20ed20eventi20-20ARTES204.0.png","datePublished":"2019-11-13T19:19:00+00:00","dateModified":"2024-07-02T08:49:52+00:00","description":"Evento dedicato alle\u00a0imprese\u00a0per presentare i dettagli del primo\u00a0Bando di ARTES 4.0 per Progetti di Ricerca Industriale.","breadcrumb":{"@id":"https:\/\/www.artes4.it\/en\/news\/21-novembre-2019-a-firenze-presentazione-del-primo-bando-di-artes-4-0-per-progetti-di-ricerca-industriale-e-sviluppo-sperimentale\/#breadcrumb"},"inLanguage":"en-US","potentialAction":[{"@type":"ReadAction","target":["https:\/\/www.artes4.it\/en\/news\/21-novembre-2019-a-firenze-presentazione-del-primo-bando-di-artes-4-0-per-progetti-di-ricerca-industriale-e-sviluppo-sperimentale\/"]}]},{"@type":"ImageObject","inLanguage":"en-US","@id":"https:\/\/www.artes4.it\/en\/news\/21-novembre-2019-a-firenze-presentazione-del-primo-bando-di-artes-4-0-per-progetti-di-ricerca-industriale-e-sviluppo-sperimentale\/#primaryimage","url":"https:\/\/www.artes4.it\/wp-content\/uploads\/2024\/03\/Sezione20News20ed20eventi20-20ARTES204.0.png","contentUrl":"https:\/\/www.artes4.it\/wp-content\/uploads\/2024\/03\/Sezione20News20ed20eventi20-20ARTES204.0.png","width":993,"height":494},{"@type":"BreadcrumbList","@id":"https:\/\/www.artes4.it\/en\/news\/21-novembre-2019-a-firenze-presentazione-del-primo-bando-di-artes-4-0-per-progetti-di-ricerca-industriale-e-sviluppo-sperimentale\/#breadcrumb","itemListElement":[{"@type":"ListItem","position":1,"name":"Home","item":"https:\/\/www.artes4.it\/en\/"},{"@type":"ListItem","position":2,"name":"Bando per Progetti di Ricerca Industriale e Sviluppo Sperimentale"}]},{"@type":"WebSite","@id":"https:\/\/www.artes4.it\/en\/#website","url":"https:\/\/www.artes4.it\/en\/","name":"Artes 4.0","description":"","publisher":{"@id":"https:\/\/www.artes4.it\/en\/#organization"},"potentialAction":[{"@type":"SearchAction","target":{"@type":"EntryPoint","urlTemplate":"https:\/\/www.artes4.it\/en\/?s={search_term_string}"},"query-input":{"@type":"PropertyValueSpecification","valueRequired":true,"valueName":"search_term_string"}}],"inLanguage":"en-US"},{"@type":"Organization","@id":"https:\/\/www.artes4.it\/en\/#organization","name":"Artes 4.0","url":"https:\/\/www.artes4.it\/en\/","logo":{"@type":"ImageObject","inLanguage":"en-US","@id":"https:\/\/www.artes4.it\/en\/#\/schema\/logo\/image\/","url":"https:\/\/www.artes4.it\/wp-content\/uploads\/2024\/01\/logo_artes_white.jpeg","contentUrl":"https:\/\/www.artes4.it\/wp-content\/uploads\/2024\/01\/logo_artes_white.jpeg","width":462,"height":171,"caption":"Artes 4.0"},"image":{"@id":"https:\/\/www.artes4.it\/en\/#\/schema\/logo\/image\/"},"sameAs":["https:\/\/www.linkedin.com\/company\/associazione-artes-4-0\/posts\/?feedView=all"]},{"@type":"Person","@id":"https:\/\/www.artes4.it\/en\/#\/schema\/person\/0f1c2c8c0b9d274494f9df9818d34cbb","name":"Lorna Vatta","image":{"@type":"ImageObject","inLanguage":"en-US","@id":"https:\/\/www.artes4.it\/en\/#\/schema\/person\/image\/","url":"https:\/\/www.artes4.it\/wp-content\/uploads\/2024\/01\/Copia20di20Senza20titolo2014-96x96.png","contentUrl":"https:\/\/www.artes4.it\/wp-content\/uploads\/2024\/01\/Copia20di20Senza20titolo2014-96x96.png","caption":"Lorna Vatta"},"description":"Ex Direttrice Esecutiva di ARTES 4.0. Arriva ad ARTES 4.0 come naturale evoluzione del suo percorso: laureata in ingegneria gestionale al Politecnico di Milano, per 15 anni lavora in una multinazionale americana della meccanica avanzata, sempre sui fronti di sviluppo prodotti e business. In questo periodi vive e lavora anche in USA e UK, dove frequenta anche un MBA di UMIST e Manchester Business School. Completata l\u2019acquisizione e l\u2019integrazione di una media azienda italiana nel gruppo, diventa Chief Strategy &amp; Technology Officer di Fabio Perini SpA, leader mondiale della meccatronica per la trasformazione e l'imballaggio di prodotti tissue. Nel 2013 lascia la \u201cold economy\u201d e, da consulente indipendente e Business Angel, lavora con PMI e startup digitali e altamente innovative, principalmente nel business development per Clienti industriali che affrontano la digitalizzazione dei processi. Sono gli anni in cui nasce l\u2019Industria 4.0, e da subito Lorna punta sulla combinazione di competenze industriali e digitali. Il nuovo direttore scientifico di ARTES 4.0 \u00e8 oggi il professor Paolo Dario","url":"https:\/\/www.artes4.it\/en\/author\/lorna-vattaartes4-it\/"}]}},"_links":{"self":[{"href":"https:\/\/www.artes4.it\/en\/wp-json\/wp\/v2\/posts\/2649","targetHints":{"allow":["GET"]}}],"collection":[{"href":"https:\/\/www.artes4.it\/en\/wp-json\/wp\/v2\/posts"}],"about":[{"href":"https:\/\/www.artes4.it\/en\/wp-json\/wp\/v2\/types\/post"}],"author":[{"embeddable":true,"href":"https:\/\/www.artes4.it\/en\/wp-json\/wp\/v2\/users\/33"}],"replies":[{"embeddable":true,"href":"https:\/\/www.artes4.it\/en\/wp-json\/wp\/v2\/comments?post=2649"}],"version-history":[{"count":4,"href":"https:\/\/www.artes4.it\/en\/wp-json\/wp\/v2\/posts\/2649\/revisions"}],"predecessor-version":[{"id":4980,"href":"https:\/\/www.artes4.it\/en\/wp-json\/wp\/v2\/posts\/2649\/revisions\/4980"}],"wp:featuredmedia":[{"embeddable":true,"href":"https:\/\/www.artes4.it\/en\/wp-json\/wp\/v2\/media\/2648"}],"wp:attachment":[{"href":"https:\/\/www.artes4.it\/en\/wp-json\/wp\/v2\/media?parent=2649"}],"wp:term":[{"taxonomy":"category","embeddable":true,"href":"https:\/\/www.artes4.it\/en\/wp-json\/wp\/v2\/categories?post=2649"},{"taxonomy":"post_tag","embeddable":true,"href":"https:\/\/www.artes4.it\/en\/wp-json\/wp\/v2\/tags?post=2649"},{"taxonomy":"anno_doc","embeddable":true,"href":"https:\/\/www.artes4.it\/en\/wp-json\/wp\/v2\/anno_doc?post=2649"}],"curies":[{"name":"wp","href":"https:\/\/api.w.org\/{rel}","templated":true}]}}