{"id":2651,"date":"2019-11-11T20:19:00","date_gmt":"2019-11-11T19:19:00","guid":{"rendered":"https:\/\/www.artes4.it\/2019\/11\/11\/25-novembre-2019-a-firenze-workshop-empowerment-delle-donne-per-lindustria-4-0\/"},"modified":"2024-07-02T10:44:08","modified_gmt":"2024-07-02T08:44:08","slug":"workshop-empowerment-delle-donne-per-lindustria-4-0-firenze-2019","status":"publish","type":"post","link":"https:\/\/www.artes4.it\/en\/news\/workshop-empowerment-delle-donne-per-lindustria-4-0-firenze-2019\/","title":{"rendered":"Workshop Empowerment delle Donne &#8211; Firenze 2019"},"content":{"rendered":"<div>\n<div class=\"flex flex-grow flex-col max-w-full\">\n<div class=\"min-h-[20px] text-message flex flex-col items-start whitespace-pre-wrap break-words [.text-message+&amp;]:mt-5 juice:w-full juice:items-end overflow-x-auto gap-2\" dir=\"auto\" data-message-author-role=\"assistant\" data-message-id=\"252ebc8a-345a-4df6-a10a-6b2e644e1817\">\n<div class=\"flex w-full flex-col gap-1 juice:empty:hidden juice:first:pt-[3px]\">\n<div class=\"markdown prose w-full break-words dark:prose-invert light\">\n<h4><strong>Introduzione:<\/strong><\/h4>\n<p>Il mondo dell&#8217;industria sta attraversando una trasformazione profonda grazie all&#8217;avvento dell&#8217;Industria 4.0, caratterizzata dall&#8217;integrazione di tecnologie digitali avanzate nei processi produttivi. In questo contesto, la partecipazione e l&#8217;empowerment delle donne sono cruciali per garantire una crescita inclusiva e sostenibile. Il workshop &#8220;Empowerment delle Donne per l\u2019Industria 4.0&#8221;, in programma il <strong>25 novembre 2019 al Grand Hotel Baglioni di Firenze<\/strong>, rappresenta un&#8217;importante iniziativa per promuovere il ruolo delle donne nell&#8217;innovazione tecnologica e nella leadership industriale. L&#8217;evento offre un&#8217;opportunit\u00e0 unica per sviluppare competenze strategiche e digitali, fondamentali per affrontare le sfide della nuova era industriale.<\/p>\n<p>Il <strong>25 novembre 2019 al Grand Hotel Baglioni di Firenze dalle ore 9:00 alle ore 18:00<\/strong> si terr\u00e0 la prossima edizione del workshop Empowerment delle Donne per l\u2019Industria 4.0 (Donne 4.0, come rendere le donne protagoniste dell\u2019innovazione per vincere la sfida in Industria 4.0).<\/p>\n<p>Il workshop \u00e8 pensato come uno strumento formativo, sviluppato da donne imprenditrici e professioniste finalizzato a sviluppare competenze strategiche, digitali, tecnologiche e comportamentali di donne imprenditrici, manager e professioniste necessarie per affrontare contesti sempre pi\u00f9 complessi e mutevoli nell\u2019era di industria 4.0.<\/p>\n<hr \/>\n<h4><strong>Espansione degli argomenti:<\/strong><\/h4>\n<p>L&#8217;evento &#8220;Empowerment delle Donne per l\u2019Industria 4.0&#8221; nasce dalla consapevolezza che la parit\u00e0 di genere e l&#8217;inclusione sono elementi chiave per il successo nell&#8217;era dell&#8217;Industria 4.0. La presenza di donne in ruoli di leadership e in posizioni strategiche nelle aziende pu\u00f2 apportare diverse prospettive, favorire l&#8217;innovazione e migliorare la competitivit\u00e0 delle imprese. Questo workshop rappresenta una risposta concreta alla necessit\u00e0 di colmare il divario di genere nel settore tecnologico e industriale.<\/p>\n<p>Durante il workshop, le partecipanti avranno l&#8217;opportunit\u00e0 di acquisire competenze in ambiti cruciali come la gestione dei dati, l&#8217;analisi dei big data, l&#8217;intelligenza artificiale e la cybersecurity. Queste competenze sono sempre pi\u00f9 richieste nel mercato del lavoro e sono essenziali per navigare con successo nelle complessit\u00e0 dell&#8217;Industria 4.0. Oltre agli aspetti tecnici, il workshop si concentrer\u00e0 anche sullo sviluppo di soft skills, quali la leadership, la gestione del cambiamento e la capacit\u00e0 di lavorare in team interdisciplinari.<\/p>\n<p>La formazione sar\u00e0 arricchita da testimonianze di donne imprenditrici e professioniste che hanno gi\u00e0 affrontato con successo le sfide legate all&#8217;innovazione tecnologica. Queste esperienze offriranno ispirazione e modelli di riferimento per le partecipanti, evidenziando l&#8217;importanza di una rete di supporto e mentorship femminile.<\/p>\n<p>Il workshop si propone non solo come un momento di apprendimento, ma anche come una piattaforma per il networking e la creazione di collaborazioni future. Le partecipanti avranno l&#8217;opportunit\u00e0 di connettersi con altre professioniste del settore, scambiare idee e progettare insieme soluzioni innovative per le loro imprese.<\/p>\n<p>In conclusione, l&#8217;iniziativa <strong>&#8220;Empowerment delle Donne per l\u2019Industria 4.0&#8221;<\/strong> rappresenta un passo significativo verso un&#8217;industria pi\u00f9 inclusiva e diversificata, dove le donne possono giocare un ruolo da protagoniste nell&#8217;innovazione e nello sviluppo tecnologico. Partecipare a questo workshop significa investire nel proprio futuro professionale e contribuire alla costruzione di un ambiente industriale pi\u00f9 equo e dinamico.<\/p>\n<\/div>\n<\/div>\n<\/div>\n<\/div>\n<p><!--more-->A questo\u00a0<strong><a href=\"http:\/\/donne4puntozero.it\/location-costi\/\" target=\"_blank\" rel=\"noopener noreferrer\">link<\/a><\/strong>\u00a0troverete tutte le informazioni sulla location, i costi e la modalit\u00e0 di iscrizione!<\/p>\n<p>&nbsp;<\/p>\n<\/div>\n","protected":false},"excerpt":{"rendered":"<p>Introduzione: Il mondo dell&#8217;industria sta attraversando una trasformazione profonda grazie all&#8217;avvento dell&#8217;Industria 4.0, caratterizzata dall&#8217;integrazione di tecnologie digitali avanzate nei processi produttivi. In questo contesto, la partecipazione e l&#8217;empowerment delle donne sono cruciali per garantire una crescita inclusiva e sostenibile. Il workshop &#8220;Empowerment delle Donne per l\u2019Industria 4.0&#8221;, in programma il 25 novembre 2019 al [&hellip;]<\/p>\n","protected":false},"author":33,"featured_media":2650,"comment_status":"open","ping_status":"closed","sticky":false,"template":"","format":"standard","meta":{"_acf_changed":false,"footnotes":""},"categories":[1],"tags":[93],"anno_doc":[],"class_list":["post-2651","post","type-post","status-publish","format-standard","has-post-thumbnail","hentry","category-news","tag-news-ed-eventi"],"acf":[],"yoast_head":"<!-- This site is optimized with the Yoast SEO Premium plugin v22.8 (Yoast SEO v25.8) - https:\/\/yoast.com\/wordpress\/plugins\/seo\/ -->\n<title>Workshop Donne per l\u2019Industria 4.0- Firenze 2019<\/title>\n<meta name=\"description\" content=\"Il workshop \u00e8 pensato come uno strumento formativo, sviluppato da imprenditrici e professioniste finalizzato a sviluppare competenze.\" \/>\n<meta name=\"robots\" content=\"index, follow, max-snippet:-1, max-image-preview:large, max-video-preview:-1\" \/>\n<link rel=\"canonical\" href=\"https:\/\/www.artes4.it\/en\/news\/workshop-empowerment-delle-donne-per-lindustria-4-0-firenze-2019\/\" \/>\n<meta property=\"og:locale\" content=\"en_US\" \/>\n<meta property=\"og:type\" content=\"article\" \/>\n<meta property=\"og:title\" content=\"Workshop Empowerment delle Donne - Firenze 2019\" \/>\n<meta property=\"og:description\" content=\"Il workshop \u00e8 pensato come uno strumento formativo, sviluppato da imprenditrici e professioniste finalizzato a sviluppare competenze.\" \/>\n<meta property=\"og:url\" content=\"https:\/\/www.artes4.it\/en\/news\/workshop-empowerment-delle-donne-per-lindustria-4-0-firenze-2019\/\" \/>\n<meta property=\"og:site_name\" content=\"Artes 4.0\" \/>\n<meta property=\"article:published_time\" content=\"2019-11-11T19:19:00+00:00\" \/>\n<meta property=\"article:modified_time\" content=\"2024-07-02T08:44:08+00:00\" \/>\n<meta property=\"og:image\" content=\"https:\/\/www.artes4.it\/wp-content\/uploads\/2024\/03\/Workshop_Donne_4.0-1280x315-1.jpg\" \/>\n\t<meta property=\"og:image:width\" content=\"1280\" \/>\n\t<meta property=\"og:image:height\" content=\"315\" \/>\n\t<meta property=\"og:image:type\" content=\"image\/jpeg\" \/>\n<meta name=\"author\" content=\"Lorna Vatta\" \/>\n<meta name=\"twitter:card\" content=\"summary_large_image\" \/>\n<meta name=\"twitter:label1\" content=\"Written by\" \/>\n\t<meta name=\"twitter:data1\" content=\"Lorna Vatta\" \/>\n\t<meta name=\"twitter:label2\" content=\"Est. reading time\" \/>\n\t<meta name=\"twitter:data2\" content=\"3 minutes\" \/>\n<script type=\"application\/ld+json\" class=\"yoast-schema-graph\">{\"@context\":\"https:\/\/schema.org\",\"@graph\":[{\"@type\":\"Article\",\"@id\":\"https:\/\/www.artes4.it\/en\/news\/workshop-empowerment-delle-donne-per-lindustria-4-0-firenze-2019\/#article\",\"isPartOf\":{\"@id\":\"https:\/\/www.artes4.it\/en\/news\/workshop-empowerment-delle-donne-per-lindustria-4-0-firenze-2019\/\"},\"author\":{\"name\":\"Lorna Vatta\",\"@id\":\"https:\/\/www.artes4.it\/en\/#\/schema\/person\/0f1c2c8c0b9d274494f9df9818d34cbb\"},\"headline\":\"Workshop Empowerment delle Donne &#8211; Firenze 2019\",\"datePublished\":\"2019-11-11T19:19:00+00:00\",\"dateModified\":\"2024-07-02T08:44:08+00:00\",\"mainEntityOfPage\":{\"@id\":\"https:\/\/www.artes4.it\/en\/news\/workshop-empowerment-delle-donne-per-lindustria-4-0-firenze-2019\/\"},\"wordCount\":512,\"commentCount\":0,\"publisher\":{\"@id\":\"https:\/\/www.artes4.it\/en\/#organization\"},\"image\":{\"@id\":\"https:\/\/www.artes4.it\/en\/news\/workshop-empowerment-delle-donne-per-lindustria-4-0-firenze-2019\/#primaryimage\"},\"thumbnailUrl\":\"https:\/\/www.artes4.it\/wp-content\/uploads\/2024\/03\/Workshop_Donne_4.0-1280x315-1.jpg\",\"keywords\":[\"News ed eventi\"],\"articleSection\":[\"News\"],\"inLanguage\":\"en-US\"},{\"@type\":\"WebPage\",\"@id\":\"https:\/\/www.artes4.it\/en\/news\/workshop-empowerment-delle-donne-per-lindustria-4-0-firenze-2019\/\",\"url\":\"https:\/\/www.artes4.it\/en\/news\/workshop-empowerment-delle-donne-per-lindustria-4-0-firenze-2019\/\",\"name\":\"Workshop Donne per l\u2019Industria 4.0- Firenze 2019\",\"isPartOf\":{\"@id\":\"https:\/\/www.artes4.it\/en\/#website\"},\"primaryImageOfPage\":{\"@id\":\"https:\/\/www.artes4.it\/en\/news\/workshop-empowerment-delle-donne-per-lindustria-4-0-firenze-2019\/#primaryimage\"},\"image\":{\"@id\":\"https:\/\/www.artes4.it\/en\/news\/workshop-empowerment-delle-donne-per-lindustria-4-0-firenze-2019\/#primaryimage\"},\"thumbnailUrl\":\"https:\/\/www.artes4.it\/wp-content\/uploads\/2024\/03\/Workshop_Donne_4.0-1280x315-1.jpg\",\"datePublished\":\"2019-11-11T19:19:00+00:00\",\"dateModified\":\"2024-07-02T08:44:08+00:00\",\"description\":\"Il workshop \u00e8 pensato come uno strumento formativo, sviluppato da imprenditrici e professioniste finalizzato a sviluppare competenze.\",\"breadcrumb\":{\"@id\":\"https:\/\/www.artes4.it\/en\/news\/workshop-empowerment-delle-donne-per-lindustria-4-0-firenze-2019\/#breadcrumb\"},\"inLanguage\":\"en-US\",\"potentialAction\":[{\"@type\":\"ReadAction\",\"target\":[\"https:\/\/www.artes4.it\/en\/news\/workshop-empowerment-delle-donne-per-lindustria-4-0-firenze-2019\/\"]}]},{\"@type\":\"ImageObject\",\"inLanguage\":\"en-US\",\"@id\":\"https:\/\/www.artes4.it\/en\/news\/workshop-empowerment-delle-donne-per-lindustria-4-0-firenze-2019\/#primaryimage\",\"url\":\"https:\/\/www.artes4.it\/wp-content\/uploads\/2024\/03\/Workshop_Donne_4.0-1280x315-1.jpg\",\"contentUrl\":\"https:\/\/www.artes4.it\/wp-content\/uploads\/2024\/03\/Workshop_Donne_4.0-1280x315-1.jpg\",\"width\":1280,\"height\":315},{\"@type\":\"BreadcrumbList\",\"@id\":\"https:\/\/www.artes4.it\/en\/news\/workshop-empowerment-delle-donne-per-lindustria-4-0-firenze-2019\/#breadcrumb\",\"itemListElement\":[{\"@type\":\"ListItem\",\"position\":1,\"name\":\"Home\",\"item\":\"https:\/\/www.artes4.it\/en\/\"},{\"@type\":\"ListItem\",\"position\":2,\"name\":\"Workshop Empowerment delle Donne &#8211; Firenze 2019\"}]},{\"@type\":\"WebSite\",\"@id\":\"https:\/\/www.artes4.it\/en\/#website\",\"url\":\"https:\/\/www.artes4.it\/en\/\",\"name\":\"Artes 4.0\",\"description\":\"\",\"publisher\":{\"@id\":\"https:\/\/www.artes4.it\/en\/#organization\"},\"potentialAction\":[{\"@type\":\"SearchAction\",\"target\":{\"@type\":\"EntryPoint\",\"urlTemplate\":\"https:\/\/www.artes4.it\/en\/?s={search_term_string}\"},\"query-input\":{\"@type\":\"PropertyValueSpecification\",\"valueRequired\":true,\"valueName\":\"search_term_string\"}}],\"inLanguage\":\"en-US\"},{\"@type\":\"Organization\",\"@id\":\"https:\/\/www.artes4.it\/en\/#organization\",\"name\":\"Artes 4.0\",\"url\":\"https:\/\/www.artes4.it\/en\/\",\"logo\":{\"@type\":\"ImageObject\",\"inLanguage\":\"en-US\",\"@id\":\"https:\/\/www.artes4.it\/en\/#\/schema\/logo\/image\/\",\"url\":\"https:\/\/www.artes4.it\/wp-content\/uploads\/2024\/01\/logo_artes_white.jpeg\",\"contentUrl\":\"https:\/\/www.artes4.it\/wp-content\/uploads\/2024\/01\/logo_artes_white.jpeg\",\"width\":462,\"height\":171,\"caption\":\"Artes 4.0\"},\"image\":{\"@id\":\"https:\/\/www.artes4.it\/en\/#\/schema\/logo\/image\/\"},\"sameAs\":[\"https:\/\/www.linkedin.com\/company\/associazione-artes-4-0\/posts\/?feedView=all\"]},{\"@type\":\"Person\",\"@id\":\"https:\/\/www.artes4.it\/en\/#\/schema\/person\/0f1c2c8c0b9d274494f9df9818d34cbb\",\"name\":\"Lorna Vatta\",\"image\":{\"@type\":\"ImageObject\",\"inLanguage\":\"en-US\",\"@id\":\"https:\/\/www.artes4.it\/en\/#\/schema\/person\/image\/\",\"url\":\"https:\/\/www.artes4.it\/wp-content\/uploads\/2024\/01\/Copia20di20Senza20titolo2014-96x96.png\",\"contentUrl\":\"https:\/\/www.artes4.it\/wp-content\/uploads\/2024\/01\/Copia20di20Senza20titolo2014-96x96.png\",\"caption\":\"Lorna Vatta\"},\"description\":\"Ex Direttrice Esecutiva di ARTES 4.0. Arriva ad ARTES 4.0 come naturale evoluzione del suo percorso: laureata in ingegneria gestionale al Politecnico di Milano, per 15 anni lavora in una multinazionale americana della meccanica avanzata, sempre sui fronti di sviluppo prodotti e business. In questo periodi vive e lavora anche in USA e UK, dove frequenta anche un MBA di UMIST e Manchester Business School. Completata l\u2019acquisizione e l\u2019integrazione di una media azienda italiana nel gruppo, diventa Chief Strategy &amp; Technology Officer di Fabio Perini SpA, leader mondiale della meccatronica per la trasformazione e l'imballaggio di prodotti tissue. Nel 2013 lascia la \u201cold economy\u201d e, da consulente indipendente e Business Angel, lavora con PMI e startup digitali e altamente innovative, principalmente nel business development per Clienti industriali che affrontano la digitalizzazione dei processi. Sono gli anni in cui nasce l\u2019Industria 4.0, e da subito Lorna punta sulla combinazione di competenze industriali e digitali. Il nuovo direttore scientifico di ARTES 4.0 \u00e8 oggi il professor Paolo Dario\",\"url\":\"https:\/\/www.artes4.it\/en\/author\/lorna-vattaartes4-it\/\"}]}<\/script>\n<!-- \/ Yoast SEO Premium plugin. -->","yoast_head_json":{"title":"Workshop Donne per l\u2019Industria 4.0- Firenze 2019","description":"Il workshop \u00e8 pensato come uno strumento formativo, sviluppato da imprenditrici e professioniste finalizzato a sviluppare competenze.","robots":{"index":"index","follow":"follow","max-snippet":"max-snippet:-1","max-image-preview":"max-image-preview:large","max-video-preview":"max-video-preview:-1"},"canonical":"https:\/\/www.artes4.it\/en\/news\/workshop-empowerment-delle-donne-per-lindustria-4-0-firenze-2019\/","og_locale":"en_US","og_type":"article","og_title":"Workshop Empowerment delle Donne - Firenze 2019","og_description":"Il workshop \u00e8 pensato come uno strumento formativo, sviluppato da imprenditrici e professioniste finalizzato a sviluppare competenze.","og_url":"https:\/\/www.artes4.it\/en\/news\/workshop-empowerment-delle-donne-per-lindustria-4-0-firenze-2019\/","og_site_name":"Artes 4.0","article_published_time":"2019-11-11T19:19:00+00:00","article_modified_time":"2024-07-02T08:44:08+00:00","og_image":[{"width":1280,"height":315,"url":"https:\/\/www.artes4.it\/wp-content\/uploads\/2024\/03\/Workshop_Donne_4.0-1280x315-1.jpg","type":"image\/jpeg"}],"author":"Lorna Vatta","twitter_card":"summary_large_image","twitter_misc":{"Written by":"Lorna Vatta","Est. reading time":"3 minutes"},"schema":{"@context":"https:\/\/schema.org","@graph":[{"@type":"Article","@id":"https:\/\/www.artes4.it\/en\/news\/workshop-empowerment-delle-donne-per-lindustria-4-0-firenze-2019\/#article","isPartOf":{"@id":"https:\/\/www.artes4.it\/en\/news\/workshop-empowerment-delle-donne-per-lindustria-4-0-firenze-2019\/"},"author":{"name":"Lorna Vatta","@id":"https:\/\/www.artes4.it\/en\/#\/schema\/person\/0f1c2c8c0b9d274494f9df9818d34cbb"},"headline":"Workshop Empowerment delle Donne &#8211; Firenze 2019","datePublished":"2019-11-11T19:19:00+00:00","dateModified":"2024-07-02T08:44:08+00:00","mainEntityOfPage":{"@id":"https:\/\/www.artes4.it\/en\/news\/workshop-empowerment-delle-donne-per-lindustria-4-0-firenze-2019\/"},"wordCount":512,"commentCount":0,"publisher":{"@id":"https:\/\/www.artes4.it\/en\/#organization"},"image":{"@id":"https:\/\/www.artes4.it\/en\/news\/workshop-empowerment-delle-donne-per-lindustria-4-0-firenze-2019\/#primaryimage"},"thumbnailUrl":"https:\/\/www.artes4.it\/wp-content\/uploads\/2024\/03\/Workshop_Donne_4.0-1280x315-1.jpg","keywords":["News ed eventi"],"articleSection":["News"],"inLanguage":"en-US"},{"@type":"WebPage","@id":"https:\/\/www.artes4.it\/en\/news\/workshop-empowerment-delle-donne-per-lindustria-4-0-firenze-2019\/","url":"https:\/\/www.artes4.it\/en\/news\/workshop-empowerment-delle-donne-per-lindustria-4-0-firenze-2019\/","name":"Workshop Donne per l\u2019Industria 4.0- Firenze 2019","isPartOf":{"@id":"https:\/\/www.artes4.it\/en\/#website"},"primaryImageOfPage":{"@id":"https:\/\/www.artes4.it\/en\/news\/workshop-empowerment-delle-donne-per-lindustria-4-0-firenze-2019\/#primaryimage"},"image":{"@id":"https:\/\/www.artes4.it\/en\/news\/workshop-empowerment-delle-donne-per-lindustria-4-0-firenze-2019\/#primaryimage"},"thumbnailUrl":"https:\/\/www.artes4.it\/wp-content\/uploads\/2024\/03\/Workshop_Donne_4.0-1280x315-1.jpg","datePublished":"2019-11-11T19:19:00+00:00","dateModified":"2024-07-02T08:44:08+00:00","description":"Il workshop \u00e8 pensato come uno strumento formativo, sviluppato da imprenditrici e professioniste finalizzato a sviluppare competenze.","breadcrumb":{"@id":"https:\/\/www.artes4.it\/en\/news\/workshop-empowerment-delle-donne-per-lindustria-4-0-firenze-2019\/#breadcrumb"},"inLanguage":"en-US","potentialAction":[{"@type":"ReadAction","target":["https:\/\/www.artes4.it\/en\/news\/workshop-empowerment-delle-donne-per-lindustria-4-0-firenze-2019\/"]}]},{"@type":"ImageObject","inLanguage":"en-US","@id":"https:\/\/www.artes4.it\/en\/news\/workshop-empowerment-delle-donne-per-lindustria-4-0-firenze-2019\/#primaryimage","url":"https:\/\/www.artes4.it\/wp-content\/uploads\/2024\/03\/Workshop_Donne_4.0-1280x315-1.jpg","contentUrl":"https:\/\/www.artes4.it\/wp-content\/uploads\/2024\/03\/Workshop_Donne_4.0-1280x315-1.jpg","width":1280,"height":315},{"@type":"BreadcrumbList","@id":"https:\/\/www.artes4.it\/en\/news\/workshop-empowerment-delle-donne-per-lindustria-4-0-firenze-2019\/#breadcrumb","itemListElement":[{"@type":"ListItem","position":1,"name":"Home","item":"https:\/\/www.artes4.it\/en\/"},{"@type":"ListItem","position":2,"name":"Workshop Empowerment delle Donne &#8211; Firenze 2019"}]},{"@type":"WebSite","@id":"https:\/\/www.artes4.it\/en\/#website","url":"https:\/\/www.artes4.it\/en\/","name":"Artes 4.0","description":"","publisher":{"@id":"https:\/\/www.artes4.it\/en\/#organization"},"potentialAction":[{"@type":"SearchAction","target":{"@type":"EntryPoint","urlTemplate":"https:\/\/www.artes4.it\/en\/?s={search_term_string}"},"query-input":{"@type":"PropertyValueSpecification","valueRequired":true,"valueName":"search_term_string"}}],"inLanguage":"en-US"},{"@type":"Organization","@id":"https:\/\/www.artes4.it\/en\/#organization","name":"Artes 4.0","url":"https:\/\/www.artes4.it\/en\/","logo":{"@type":"ImageObject","inLanguage":"en-US","@id":"https:\/\/www.artes4.it\/en\/#\/schema\/logo\/image\/","url":"https:\/\/www.artes4.it\/wp-content\/uploads\/2024\/01\/logo_artes_white.jpeg","contentUrl":"https:\/\/www.artes4.it\/wp-content\/uploads\/2024\/01\/logo_artes_white.jpeg","width":462,"height":171,"caption":"Artes 4.0"},"image":{"@id":"https:\/\/www.artes4.it\/en\/#\/schema\/logo\/image\/"},"sameAs":["https:\/\/www.linkedin.com\/company\/associazione-artes-4-0\/posts\/?feedView=all"]},{"@type":"Person","@id":"https:\/\/www.artes4.it\/en\/#\/schema\/person\/0f1c2c8c0b9d274494f9df9818d34cbb","name":"Lorna Vatta","image":{"@type":"ImageObject","inLanguage":"en-US","@id":"https:\/\/www.artes4.it\/en\/#\/schema\/person\/image\/","url":"https:\/\/www.artes4.it\/wp-content\/uploads\/2024\/01\/Copia20di20Senza20titolo2014-96x96.png","contentUrl":"https:\/\/www.artes4.it\/wp-content\/uploads\/2024\/01\/Copia20di20Senza20titolo2014-96x96.png","caption":"Lorna Vatta"},"description":"Ex Direttrice Esecutiva di ARTES 4.0. Arriva ad ARTES 4.0 come naturale evoluzione del suo percorso: laureata in ingegneria gestionale al Politecnico di Milano, per 15 anni lavora in una multinazionale americana della meccanica avanzata, sempre sui fronti di sviluppo prodotti e business. In questo periodi vive e lavora anche in USA e UK, dove frequenta anche un MBA di UMIST e Manchester Business School. Completata l\u2019acquisizione e l\u2019integrazione di una media azienda italiana nel gruppo, diventa Chief Strategy &amp; Technology Officer di Fabio Perini SpA, leader mondiale della meccatronica per la trasformazione e l'imballaggio di prodotti tissue. Nel 2013 lascia la \u201cold economy\u201d e, da consulente indipendente e Business Angel, lavora con PMI e startup digitali e altamente innovative, principalmente nel business development per Clienti industriali che affrontano la digitalizzazione dei processi. Sono gli anni in cui nasce l\u2019Industria 4.0, e da subito Lorna punta sulla combinazione di competenze industriali e digitali. Il nuovo direttore scientifico di ARTES 4.0 \u00e8 oggi il professor Paolo Dario","url":"https:\/\/www.artes4.it\/en\/author\/lorna-vattaartes4-it\/"}]}},"_links":{"self":[{"href":"https:\/\/www.artes4.it\/en\/wp-json\/wp\/v2\/posts\/2651","targetHints":{"allow":["GET"]}}],"collection":[{"href":"https:\/\/www.artes4.it\/en\/wp-json\/wp\/v2\/posts"}],"about":[{"href":"https:\/\/www.artes4.it\/en\/wp-json\/wp\/v2\/types\/post"}],"author":[{"embeddable":true,"href":"https:\/\/www.artes4.it\/en\/wp-json\/wp\/v2\/users\/33"}],"replies":[{"embeddable":true,"href":"https:\/\/www.artes4.it\/en\/wp-json\/wp\/v2\/comments?post=2651"}],"version-history":[{"count":5,"href":"https:\/\/www.artes4.it\/en\/wp-json\/wp\/v2\/posts\/2651\/revisions"}],"predecessor-version":[{"id":4979,"href":"https:\/\/www.artes4.it\/en\/wp-json\/wp\/v2\/posts\/2651\/revisions\/4979"}],"wp:featuredmedia":[{"embeddable":true,"href":"https:\/\/www.artes4.it\/en\/wp-json\/wp\/v2\/media\/2650"}],"wp:attachment":[{"href":"https:\/\/www.artes4.it\/en\/wp-json\/wp\/v2\/media?parent=2651"}],"wp:term":[{"taxonomy":"category","embeddable":true,"href":"https:\/\/www.artes4.it\/en\/wp-json\/wp\/v2\/categories?post=2651"},{"taxonomy":"post_tag","embeddable":true,"href":"https:\/\/www.artes4.it\/en\/wp-json\/wp\/v2\/tags?post=2651"},{"taxonomy":"anno_doc","embeddable":true,"href":"https:\/\/www.artes4.it\/en\/wp-json\/wp\/v2\/anno_doc?post=2651"}],"curies":[{"name":"wp","href":"https:\/\/api.w.org\/{rel}","templated":true}]}}