{"id":2729,"date":"2020-11-15T20:20:00","date_gmt":"2020-11-15T19:20:00","guid":{"rendered":"https:\/\/www.artes4.it\/2020\/11\/15\/intelligenza-artificiale-le-piu-moderne-tecnologie-vocali-a-servizio-degli-ipovedenti\/"},"modified":"2024-06-28T12:15:43","modified_gmt":"2024-06-28T10:15:43","slug":"intelligenza-artificiale-a-servizio-degli-ipovedenti","status":"publish","type":"post","link":"https:\/\/www.artes4.it\/en\/blog\/intelligenza-artificiale-a-servizio-degli-ipovedenti\/","title":{"rendered":"Intelligenza artificiale: a servizio degli ipovedenti"},"content":{"rendered":"<div>\n<p>Grazie all\u2019intelligenza artificiale nel nostro quotidiano nuovi tipi di interazione uomo-macchina nascono e gradualmente migliorano la qualit\u00e0 della vita. Nel caso di persone con handicap questo effetto(ciechi o ipovedenti) \u00e8 sorprendente, e pu\u00f2 davvero fare un\u2019enorme differenza. In questo articolo vedremo il caso dell\u2019interazione vocale intelligente per persone con gravi problemi di vista.<\/p>\n<h2><!--more-->Handicap legati ai sensi- ipovedenti<\/h2>\n<p>Contestualizziamo l\u2019audience per le applicazioni tecnologiche di cui parliamo oggi:<\/p>\n<ul>\n<li>in Europa oggi vivono 80 milioni di persone con disabilit\u00e0 di vario tipo;<\/li>\n<li>81 milioni di adulti in Europa soffrono di perdita dell\u2019udito (ci\u00f2 equivale a una persona su 7);<\/li>\n<li>i problemi visivi sono ancora pi\u00f9 diffusi: l\u2019Unione mondiale dei ciechi ci dice che il 23,5 % della popolazione dell\u2019UE \u00e8 interessato da problemi visivi;<\/li>\n<li>solo in Italia vivono 250.000 non vedenti e 1,5 milioni di ipovedenti;<\/li>\n<li>le stime dicono che circa 120 milioni di abitanti della Comunit\u00e0 Europea sono affetti da disabilit\u00e0.<\/li>\n<\/ul>\n<p>Dato il trend di invecchiamento della popolazione, tutte queste cifre sono probabilmente destinate ad aumentare, poich\u00e9 molti di questi problemi sorgono con l\u2019et\u00e0 avanzata.<\/p>\n<h2>La vista, il senso per eccellenza<\/h2>\n<p>Il mondo della robotica umanoide e delle nuove tecnologie ci confermano che il primo fondamentale senso per compiere la maggior parte delle azioni ed elaborare informazioni \u00e8 la vista.<\/p>\n<p>L\u2019espressione umana assume tante forme anche non verbali, \u00e8 molto complessa e varia da cultura a cultura. Parole, cadenza, intonazione, espressioni facciali, linguaggio del corpo: tutto questo \u00e8 comunicazione, ed \u00e8 uno dei motivi per cui tutti tendiamo a preferire incontri di persona a telefonate o videoconferenze.<\/p>\n<p>Quanto le tecnologie possono aiutare ad \u201caumentare\u201d il valore della comunicazione quando la vista viene a mancare? Sicuramente molto.<\/p>\n<p>Oggi esploriamo insieme il mondo dei non vedenti, ipovedenti, o pi\u00f9 in generale anziani e persone che, per necessit\u00e0, hanno bisogno di un&#8217;interazione non visiva con il mondo digitale.<\/p>\n<p><img decoding=\"async\" src=\"https:\/\/blog.artes4.it\/hs-fs\/hubfs\/Copia%20di%20Senza%20titolo%20(22).png?width=697&amp;name=Copia%20di%20Senza%20titolo%20(22).png\" sizes=\"(max-width: 697px) 100vw, 697px\" srcset=\"https:\/\/blog.artes4.it\/hs-fs\/hubfs\/Copia%20di%20Senza%20titolo%20(22).png?width=349&amp;name=Copia%20di%20Senza%20titolo%20(22).png 349w, https:\/\/blog.artes4.it\/hs-fs\/hubfs\/Copia%20di%20Senza%20titolo%20(22).png?width=697&amp;name=Copia%20di%20Senza%20titolo%20(22).png 697w, https:\/\/blog.artes4.it\/hs-fs\/hubfs\/Copia%20di%20Senza%20titolo%20(22).png?width=1046&amp;name=Copia%20di%20Senza%20titolo%20(22).png 1046w, https:\/\/blog.artes4.it\/hs-fs\/hubfs\/Copia%20di%20Senza%20titolo%20(22).png?width=1394&amp;name=Copia%20di%20Senza%20titolo%20(22).png 1394w, https:\/\/blog.artes4.it\/hs-fs\/hubfs\/Copia%20di%20Senza%20titolo%20(22).png?width=1743&amp;name=Copia%20di%20Senza%20titolo%20(22).png 1743w, https:\/\/blog.artes4.it\/hs-fs\/hubfs\/Copia%20di%20Senza%20titolo%20(22).png?width=2091&amp;name=Copia%20di%20Senza%20titolo%20(22).png 2091w\" alt=\"Intelligenza artificiale - ARTES 4.0\" width=\"697\" \/><\/p>\n<p>Praticamente ognuno di noi ha provato da vicino, direttamente o attraverso propri cari, cosa vuol dire avere un handicap visivo.<\/p>\n<p>Le persone che soffrono di questo disagio legato alla vista, spesso abbinato ad una questione generazionale, hanno delle riserve rispetto al mondo della tecnologia e del digitale in generale.<\/p>\n<p>Ci\u00f2 crea una barriera alla fruizione di tanti servizi e opportunit\u00e0 che invece potrebbero migliorare la loro vita.<\/p>\n<h2>Tante soluzioni gi\u00e0 disponibili per gli ipovedenti<\/h2>\n<p><img decoding=\"async\" src=\"https:\/\/blog.artes4.it\/hs-fs\/hubfs\/Intelligenza%20artificiale-1.png?width=697&amp;name=Intelligenza%20artificiale-1.png\" sizes=\"(max-width: 697px) 100vw, 697px\" srcset=\"https:\/\/blog.artes4.it\/hs-fs\/hubfs\/Intelligenza%20artificiale-1.png?width=349&amp;name=Intelligenza%20artificiale-1.png 349w, https:\/\/blog.artes4.it\/hs-fs\/hubfs\/Intelligenza%20artificiale-1.png?width=697&amp;name=Intelligenza%20artificiale-1.png 697w, https:\/\/blog.artes4.it\/hs-fs\/hubfs\/Intelligenza%20artificiale-1.png?width=1046&amp;name=Intelligenza%20artificiale-1.png 1046w, https:\/\/blog.artes4.it\/hs-fs\/hubfs\/Intelligenza%20artificiale-1.png?width=1394&amp;name=Intelligenza%20artificiale-1.png 1394w, https:\/\/blog.artes4.it\/hs-fs\/hubfs\/Intelligenza%20artificiale-1.png?width=1743&amp;name=Intelligenza%20artificiale-1.png 1743w, https:\/\/blog.artes4.it\/hs-fs\/hubfs\/Intelligenza%20artificiale-1.png?width=2091&amp;name=Intelligenza%20artificiale-1.png 2091w\" alt=\"Intelligenza artificiale - ARTES 4.0\" width=\"697\" \/><\/p>\n<p>Partendo dalle soluzioni pi\u00f9 semplici e diffuse, sappiamo che su tutti i computer, tablet e smartphone \u00e8 possibile usufruire di:<\/p>\n<ul>\n<li>assistente vocale;<\/li>\n<li>lettura vocale;<\/li>\n<li>dettatura;<\/li>\n<li>registrazione;<\/li>\n<li>trasformazione di testi in parole e viceversa.<\/li>\n<\/ul>\n<p>Queste sono tutte applicazioni di <strong>intelligenza artificiale<\/strong>, spesso effettivamente<em> Smart<\/em> perch\u00e9 in grado di riconoscere voci, accenti, lingue ecc.<\/p>\n<p>Ma non ci fermiamo qui: ci sono start up e aziende vocate a questo tipo di missione inclusiva che lavorano ogni giorno proprio per migliorare la vita di queste persone.<\/p>\n<p>\u00c8 oggi possibile ridurre ulteriormente il divario digitale. Come? Facilitando l&#8217;accesso al mondo digitale alle persone che hanno difficolt\u00e0 di vista, oppure che risentono della difficolt\u00e0 di accesso a questi mezzi tecnologici.<\/p>\n<h3>La TV facilitata: in che cosa consiste?<\/h3>\n<p>Anche l\u2019innovazione europea parla di questi temi, e un progetto in particolare, EasyTV, sta lavorando sullo sviluppo di piattaforme innovative di interazione uomo-macchina, focalizzate su tecnologie vocali e Avatar, essenziali per una fruizione semplice ed efficace per persone non vedenti, ipovedenti e sorde.<\/p>\n<h3>Il Personal Computer nato per gli ipovedenti e per i ciechi<\/h3>\n<p>\u00c8 stato sviluppato in Italia un vero personal computer nato per facilitare la vita a tutti coloro che hanno difficolt\u00e0 di vista: ciechi ed ipovedenti, ma anche anziani.<\/p>\n<p>Si tratta di un <strong>personal computer dotato di uno speciale telecomando<\/strong> con microfono con cui l&#8217;utente d\u00e0 comandi vocali al computer.<\/p>\n<p>Questo \u201crisponde\u201d fornendo a voce i contenuti e i servizi richiesti. La novit\u00e0 sta nel fatto che si tratta di soluzioni nate con un focus su usabilit\u00e0 e accessibilit\u00e0, concepite cio\u00e8 seguendo i principi della <strong>Progettazione Universale<\/strong> (<i>Universal Design<\/i>) secondo i quali soddisfacendo le esigenze dei pi\u00f9 deboli si producono prodotti e servizi migliori per tutti.<\/p>\n<h3>L&#8217;industria impara dagli ausili alla persona<\/h3>\n<p>Data la disponibilit\u00e0 di queste tecnologie, la contaminazione dell\u2019innovazione percorre la strada secondo due direttrici:<\/p>\n<ul>\n<li>dal mondo digitale verso quello degli ausili per persone con handicap;<\/li>\n<li>dal mondo dell\u2019ausilio all\u2019handicap verso le altre applicazioni.<\/li>\n<\/ul>\n<p>Infatti, il cuore della soluzione del personal computer \u00e8 una tecnologia ottimizzata, potente e veloce, che permette anche alle aziende di abilitare i propri prodotti e servizi all&#8217;interazione vocale &#8211; in parlato e in ascolto- , per i pi\u00f9 svariati utilizzi.<\/p>\n<p>Insomma ciascuno pu\u00f2 realizzare un\u2019Alexa, una Siri, una Cortana privata, molto peculiare, performante e brevettata.<\/p>\n<h2>La prossima frontiera: catturare le emozioni<\/h2>\n<p><img decoding=\"async\" src=\"https:\/\/blog.artes4.it\/hubfs\/Copia%20di%20Senza%20titolo%20(20).png\" alt=\"Intelligenza artificiale - ARTES 4.0\" \/><\/p>\n<p>Uno degli ambiti di ricerca per la robotica e l\u2019intelligenza artificiale \u00e8 quello di catturare l\u2019 <strong>\u201dintento emotivo\u201d implicito nelle parole<\/strong>, infatti gi\u00e0 si sente parlare di sensori di emozione vocale, rispetto a quelli dell&#8217;audio.<\/p>\n<p>Non \u00e8 difficile far volare l\u2019immaginazione ad un momento in cui i software di riconoscimento vocale, &#8211; addestrati a riconoscere la nostra voce e a compararla con tanti campioni da cui ha imparato &#8211; metteranno la musica adatta al nostro stato d\u2019animo.<\/p>\n<p>S\u00ec, fa un certo effetto, magari anche di invadenza, ma per una persona con un handicap importante, sono tutte modalit\u00e0 che migliorano l\u2019interazione, la rendono pi\u00f9 umana, facile e gradevole.<\/p>\n<p>E soprattutto migliorano la vita.<\/p>\n<p>&nbsp;<\/p>\n<\/div>\n","protected":false},"excerpt":{"rendered":"<p>Grazie all\u2019intelligenza artificiale nel nostro quotidiano nuovi tipi di interazione uomo-macchina nascono e gradualmente migliorano la qualit\u00e0 della vita. Nel caso di persone con handicap questo effetto(ciechi o ipovedenti) \u00e8 sorprendente, e pu\u00f2 davvero fare un\u2019enorme differenza. In questo articolo vedremo il caso dell\u2019interazione vocale intelligente per persone con gravi problemi di vista.<\/p>\n","protected":false},"author":27,"featured_media":2728,"comment_status":"open","ping_status":"closed","sticky":false,"template":"","format":"standard","meta":{"_acf_changed":false,"footnotes":""},"categories":[88],"tags":[89],"anno_doc":[],"class_list":["post-2729","post","type-post","status-publish","format-standard","has-post-thumbnail","hentry","category-blog","tag-robotica-e-intelligenza-artificiale"],"acf":[],"yoast_head":"<!-- This site is optimized with the Yoast SEO Premium plugin v22.8 (Yoast SEO v25.8) - https:\/\/yoast.com\/wordpress\/plugins\/seo\/ -->\n<title>Intelligenza artificiale: a servizio degli ipovedenti<\/title>\n<meta name=\"description\" content=\"E&#039; stato sviluppato in Italia un vero personal computer nato per facilitare la vita a coloro che sono ciechi, ipovedenti, ma anche anziani.\" \/>\n<meta name=\"robots\" content=\"index, follow, max-snippet:-1, max-image-preview:large, max-video-preview:-1\" \/>\n<link rel=\"canonical\" href=\"https:\/\/www.artes4.it\/en\/blog\/intelligenza-artificiale-a-servizio-degli-ipovedenti\/\" \/>\n<meta property=\"og:locale\" content=\"en_US\" \/>\n<meta property=\"og:type\" content=\"article\" \/>\n<meta property=\"og:title\" content=\"Intelligenza artificiale: a servizio degli ipovedenti\" \/>\n<meta property=\"og:description\" content=\"E&#039; stato sviluppato in Italia un vero personal computer nato per facilitare la vita a coloro che sono ciechi, ipovedenti, ma anche anziani.\" \/>\n<meta property=\"og:url\" content=\"https:\/\/www.artes4.it\/en\/blog\/intelligenza-artificiale-a-servizio-degli-ipovedenti\/\" \/>\n<meta property=\"og:site_name\" content=\"Artes 4.0\" \/>\n<meta property=\"article:published_time\" content=\"2020-11-15T19:20:00+00:00\" \/>\n<meta property=\"article:modified_time\" content=\"2024-06-28T10:15:43+00:00\" \/>\n<meta property=\"og:image\" content=\"https:\/\/www.artes4.it\/wp-content\/uploads\/2024\/03\/Copia20di20Senza20titolo20281229.png\" \/>\n\t<meta property=\"og:image:width\" content=\"1000\" \/>\n\t<meta property=\"og:image:height\" content=\"628\" \/>\n\t<meta property=\"og:image:type\" content=\"image\/png\" \/>\n<meta name=\"author\" content=\"Fabrizio Giacomelli\" \/>\n<meta name=\"twitter:card\" content=\"summary_large_image\" \/>\n<meta name=\"twitter:label1\" content=\"Written by\" \/>\n\t<meta name=\"twitter:data1\" content=\"Fabrizio Giacomelli\" \/>\n\t<meta name=\"twitter:label2\" content=\"Est. reading time\" \/>\n\t<meta name=\"twitter:data2\" content=\"6 minutes\" \/>\n<script type=\"application\/ld+json\" class=\"yoast-schema-graph\">{\"@context\":\"https:\/\/schema.org\",\"@graph\":[{\"@type\":\"Article\",\"@id\":\"https:\/\/www.artes4.it\/en\/blog\/intelligenza-artificiale-a-servizio-degli-ipovedenti\/#article\",\"isPartOf\":{\"@id\":\"https:\/\/www.artes4.it\/en\/blog\/intelligenza-artificiale-a-servizio-degli-ipovedenti\/\"},\"author\":{\"name\":\"Fabrizio Giacomelli\",\"@id\":\"https:\/\/www.artes4.it\/en\/#\/schema\/person\/7694da22116dcf0175f2ba23d045f62d\"},\"headline\":\"Intelligenza artificiale: a servizio degli ipovedenti\",\"datePublished\":\"2020-11-15T19:20:00+00:00\",\"dateModified\":\"2024-06-28T10:15:43+00:00\",\"mainEntityOfPage\":{\"@id\":\"https:\/\/www.artes4.it\/en\/blog\/intelligenza-artificiale-a-servizio-degli-ipovedenti\/\"},\"wordCount\":884,\"commentCount\":0,\"publisher\":{\"@id\":\"https:\/\/www.artes4.it\/en\/#organization\"},\"image\":{\"@id\":\"https:\/\/www.artes4.it\/en\/blog\/intelligenza-artificiale-a-servizio-degli-ipovedenti\/#primaryimage\"},\"thumbnailUrl\":\"https:\/\/www.artes4.it\/wp-content\/uploads\/2024\/03\/Copia20di20Senza20titolo20281229.png\",\"keywords\":[\"Robotica e Intelligenza Artificiale\"],\"articleSection\":[\"Blog\"],\"inLanguage\":\"en-US\"},{\"@type\":\"WebPage\",\"@id\":\"https:\/\/www.artes4.it\/en\/blog\/intelligenza-artificiale-a-servizio-degli-ipovedenti\/\",\"url\":\"https:\/\/www.artes4.it\/en\/blog\/intelligenza-artificiale-a-servizio-degli-ipovedenti\/\",\"name\":\"Intelligenza artificiale: a servizio degli ipovedenti\",\"isPartOf\":{\"@id\":\"https:\/\/www.artes4.it\/en\/#website\"},\"primaryImageOfPage\":{\"@id\":\"https:\/\/www.artes4.it\/en\/blog\/intelligenza-artificiale-a-servizio-degli-ipovedenti\/#primaryimage\"},\"image\":{\"@id\":\"https:\/\/www.artes4.it\/en\/blog\/intelligenza-artificiale-a-servizio-degli-ipovedenti\/#primaryimage\"},\"thumbnailUrl\":\"https:\/\/www.artes4.it\/wp-content\/uploads\/2024\/03\/Copia20di20Senza20titolo20281229.png\",\"datePublished\":\"2020-11-15T19:20:00+00:00\",\"dateModified\":\"2024-06-28T10:15:43+00:00\",\"description\":\"E' stato sviluppato in Italia un vero personal computer nato per facilitare la vita a coloro che sono ciechi, ipovedenti, ma anche anziani.\",\"breadcrumb\":{\"@id\":\"https:\/\/www.artes4.it\/en\/blog\/intelligenza-artificiale-a-servizio-degli-ipovedenti\/#breadcrumb\"},\"inLanguage\":\"en-US\",\"potentialAction\":[{\"@type\":\"ReadAction\",\"target\":[\"https:\/\/www.artes4.it\/en\/blog\/intelligenza-artificiale-a-servizio-degli-ipovedenti\/\"]}]},{\"@type\":\"ImageObject\",\"inLanguage\":\"en-US\",\"@id\":\"https:\/\/www.artes4.it\/en\/blog\/intelligenza-artificiale-a-servizio-degli-ipovedenti\/#primaryimage\",\"url\":\"https:\/\/www.artes4.it\/wp-content\/uploads\/2024\/03\/Copia20di20Senza20titolo20281229.png\",\"contentUrl\":\"https:\/\/www.artes4.it\/wp-content\/uploads\/2024\/03\/Copia20di20Senza20titolo20281229.png\",\"width\":1000,\"height\":628},{\"@type\":\"BreadcrumbList\",\"@id\":\"https:\/\/www.artes4.it\/en\/blog\/intelligenza-artificiale-a-servizio-degli-ipovedenti\/#breadcrumb\",\"itemListElement\":[{\"@type\":\"ListItem\",\"position\":1,\"name\":\"Home\",\"item\":\"https:\/\/www.artes4.it\/en\/\"},{\"@type\":\"ListItem\",\"position\":2,\"name\":\"Intelligenza artificiale: a servizio degli ipovedenti\"}]},{\"@type\":\"WebSite\",\"@id\":\"https:\/\/www.artes4.it\/en\/#website\",\"url\":\"https:\/\/www.artes4.it\/en\/\",\"name\":\"Artes 4.0\",\"description\":\"\",\"publisher\":{\"@id\":\"https:\/\/www.artes4.it\/en\/#organization\"},\"potentialAction\":[{\"@type\":\"SearchAction\",\"target\":{\"@type\":\"EntryPoint\",\"urlTemplate\":\"https:\/\/www.artes4.it\/en\/?s={search_term_string}\"},\"query-input\":{\"@type\":\"PropertyValueSpecification\",\"valueRequired\":true,\"valueName\":\"search_term_string\"}}],\"inLanguage\":\"en-US\"},{\"@type\":\"Organization\",\"@id\":\"https:\/\/www.artes4.it\/en\/#organization\",\"name\":\"Artes 4.0\",\"url\":\"https:\/\/www.artes4.it\/en\/\",\"logo\":{\"@type\":\"ImageObject\",\"inLanguage\":\"en-US\",\"@id\":\"https:\/\/www.artes4.it\/en\/#\/schema\/logo\/image\/\",\"url\":\"https:\/\/www.artes4.it\/wp-content\/uploads\/2024\/01\/logo_artes_white.jpeg\",\"contentUrl\":\"https:\/\/www.artes4.it\/wp-content\/uploads\/2024\/01\/logo_artes_white.jpeg\",\"width\":462,\"height\":171,\"caption\":\"Artes 4.0\"},\"image\":{\"@id\":\"https:\/\/www.artes4.it\/en\/#\/schema\/logo\/image\/\"},\"sameAs\":[\"https:\/\/www.linkedin.com\/company\/associazione-artes-4-0\/posts\/?feedView=all\"]},{\"@type\":\"Person\",\"@id\":\"https:\/\/www.artes4.it\/en\/#\/schema\/person\/7694da22116dcf0175f2ba23d045f62d\",\"name\":\"Fabrizio Giacomelli\",\"image\":{\"@type\":\"ImageObject\",\"inLanguage\":\"en-US\",\"@id\":\"https:\/\/www.artes4.it\/en\/#\/schema\/person\/image\/\",\"url\":\"https:\/\/www.artes4.it\/wp-content\/uploads\/2024\/03\/Fabrizio-Giacomelli-Mediavoice-96x96.webp\",\"contentUrl\":\"https:\/\/www.artes4.it\/wp-content\/uploads\/2024\/03\/Fabrizio-Giacomelli-Mediavoice-96x96.webp\",\"caption\":\"Fabrizio Giacomelli\"},\"description\":\"Mentre da piccolo smontava ogni tipo di macchina per comprenderne il funzionamento, da grande si \u00e8 appassionato alla macchina pi\u00f9 complessa dell\u2019universo noto e difficilmente smontabile: la mente umana. Dopo il conseguimento di due lauree (ingegneria informatica e filosofia della mente), negli anni \u201990 fonda una startup in ambito AI per sviluppare una \u201cSiri ante litteram\u201d. Nel 2000 costituisce Mediavoice, attraverso la quale fare diventare la tecnologia vocale e l\u2019AI tecnologie di massa, e realizza Speaky Facile, soluzione pluri-brevettata per aiutare ciechi, ipovedenti e anziani ancora esclusi dal mondo digitale: navigazione del web a voce in totale autonomia. Mediavoice devolve il 2% dell\u2019utile a supporto di Paesi poveri, con l\u2019obiettivo in infondere un messaggio: se tutte le imprese del mondo donassero solo 0,1% sarebbe un mondo senza povert\u00e0 n\u00e9 tensioni.\",\"url\":\"https:\/\/www.artes4.it\/en\/author\/fabrizio-giacomelliartes4-it\/\"}]}<\/script>\n<!-- \/ Yoast SEO Premium plugin. -->","yoast_head_json":{"title":"Intelligenza artificiale: a servizio degli ipovedenti","description":"E' stato sviluppato in Italia un vero personal computer nato per facilitare la vita a coloro che sono ciechi, ipovedenti, ma anche anziani.","robots":{"index":"index","follow":"follow","max-snippet":"max-snippet:-1","max-image-preview":"max-image-preview:large","max-video-preview":"max-video-preview:-1"},"canonical":"https:\/\/www.artes4.it\/en\/blog\/intelligenza-artificiale-a-servizio-degli-ipovedenti\/","og_locale":"en_US","og_type":"article","og_title":"Intelligenza artificiale: a servizio degli ipovedenti","og_description":"E' stato sviluppato in Italia un vero personal computer nato per facilitare la vita a coloro che sono ciechi, ipovedenti, ma anche anziani.","og_url":"https:\/\/www.artes4.it\/en\/blog\/intelligenza-artificiale-a-servizio-degli-ipovedenti\/","og_site_name":"Artes 4.0","article_published_time":"2020-11-15T19:20:00+00:00","article_modified_time":"2024-06-28T10:15:43+00:00","og_image":[{"width":1000,"height":628,"url":"https:\/\/www.artes4.it\/wp-content\/uploads\/2024\/03\/Copia20di20Senza20titolo20281229.png","type":"image\/png"}],"author":"Fabrizio Giacomelli","twitter_card":"summary_large_image","twitter_misc":{"Written by":"Fabrizio Giacomelli","Est. reading time":"6 minutes"},"schema":{"@context":"https:\/\/schema.org","@graph":[{"@type":"Article","@id":"https:\/\/www.artes4.it\/en\/blog\/intelligenza-artificiale-a-servizio-degli-ipovedenti\/#article","isPartOf":{"@id":"https:\/\/www.artes4.it\/en\/blog\/intelligenza-artificiale-a-servizio-degli-ipovedenti\/"},"author":{"name":"Fabrizio Giacomelli","@id":"https:\/\/www.artes4.it\/en\/#\/schema\/person\/7694da22116dcf0175f2ba23d045f62d"},"headline":"Intelligenza artificiale: a servizio degli ipovedenti","datePublished":"2020-11-15T19:20:00+00:00","dateModified":"2024-06-28T10:15:43+00:00","mainEntityOfPage":{"@id":"https:\/\/www.artes4.it\/en\/blog\/intelligenza-artificiale-a-servizio-degli-ipovedenti\/"},"wordCount":884,"commentCount":0,"publisher":{"@id":"https:\/\/www.artes4.it\/en\/#organization"},"image":{"@id":"https:\/\/www.artes4.it\/en\/blog\/intelligenza-artificiale-a-servizio-degli-ipovedenti\/#primaryimage"},"thumbnailUrl":"https:\/\/www.artes4.it\/wp-content\/uploads\/2024\/03\/Copia20di20Senza20titolo20281229.png","keywords":["Robotica e Intelligenza Artificiale"],"articleSection":["Blog"],"inLanguage":"en-US"},{"@type":"WebPage","@id":"https:\/\/www.artes4.it\/en\/blog\/intelligenza-artificiale-a-servizio-degli-ipovedenti\/","url":"https:\/\/www.artes4.it\/en\/blog\/intelligenza-artificiale-a-servizio-degli-ipovedenti\/","name":"Intelligenza artificiale: a servizio degli ipovedenti","isPartOf":{"@id":"https:\/\/www.artes4.it\/en\/#website"},"primaryImageOfPage":{"@id":"https:\/\/www.artes4.it\/en\/blog\/intelligenza-artificiale-a-servizio-degli-ipovedenti\/#primaryimage"},"image":{"@id":"https:\/\/www.artes4.it\/en\/blog\/intelligenza-artificiale-a-servizio-degli-ipovedenti\/#primaryimage"},"thumbnailUrl":"https:\/\/www.artes4.it\/wp-content\/uploads\/2024\/03\/Copia20di20Senza20titolo20281229.png","datePublished":"2020-11-15T19:20:00+00:00","dateModified":"2024-06-28T10:15:43+00:00","description":"E' stato sviluppato in Italia un vero personal computer nato per facilitare la vita a coloro che sono ciechi, ipovedenti, ma anche anziani.","breadcrumb":{"@id":"https:\/\/www.artes4.it\/en\/blog\/intelligenza-artificiale-a-servizio-degli-ipovedenti\/#breadcrumb"},"inLanguage":"en-US","potentialAction":[{"@type":"ReadAction","target":["https:\/\/www.artes4.it\/en\/blog\/intelligenza-artificiale-a-servizio-degli-ipovedenti\/"]}]},{"@type":"ImageObject","inLanguage":"en-US","@id":"https:\/\/www.artes4.it\/en\/blog\/intelligenza-artificiale-a-servizio-degli-ipovedenti\/#primaryimage","url":"https:\/\/www.artes4.it\/wp-content\/uploads\/2024\/03\/Copia20di20Senza20titolo20281229.png","contentUrl":"https:\/\/www.artes4.it\/wp-content\/uploads\/2024\/03\/Copia20di20Senza20titolo20281229.png","width":1000,"height":628},{"@type":"BreadcrumbList","@id":"https:\/\/www.artes4.it\/en\/blog\/intelligenza-artificiale-a-servizio-degli-ipovedenti\/#breadcrumb","itemListElement":[{"@type":"ListItem","position":1,"name":"Home","item":"https:\/\/www.artes4.it\/en\/"},{"@type":"ListItem","position":2,"name":"Intelligenza artificiale: a servizio degli ipovedenti"}]},{"@type":"WebSite","@id":"https:\/\/www.artes4.it\/en\/#website","url":"https:\/\/www.artes4.it\/en\/","name":"Artes 4.0","description":"","publisher":{"@id":"https:\/\/www.artes4.it\/en\/#organization"},"potentialAction":[{"@type":"SearchAction","target":{"@type":"EntryPoint","urlTemplate":"https:\/\/www.artes4.it\/en\/?s={search_term_string}"},"query-input":{"@type":"PropertyValueSpecification","valueRequired":true,"valueName":"search_term_string"}}],"inLanguage":"en-US"},{"@type":"Organization","@id":"https:\/\/www.artes4.it\/en\/#organization","name":"Artes 4.0","url":"https:\/\/www.artes4.it\/en\/","logo":{"@type":"ImageObject","inLanguage":"en-US","@id":"https:\/\/www.artes4.it\/en\/#\/schema\/logo\/image\/","url":"https:\/\/www.artes4.it\/wp-content\/uploads\/2024\/01\/logo_artes_white.jpeg","contentUrl":"https:\/\/www.artes4.it\/wp-content\/uploads\/2024\/01\/logo_artes_white.jpeg","width":462,"height":171,"caption":"Artes 4.0"},"image":{"@id":"https:\/\/www.artes4.it\/en\/#\/schema\/logo\/image\/"},"sameAs":["https:\/\/www.linkedin.com\/company\/associazione-artes-4-0\/posts\/?feedView=all"]},{"@type":"Person","@id":"https:\/\/www.artes4.it\/en\/#\/schema\/person\/7694da22116dcf0175f2ba23d045f62d","name":"Fabrizio Giacomelli","image":{"@type":"ImageObject","inLanguage":"en-US","@id":"https:\/\/www.artes4.it\/en\/#\/schema\/person\/image\/","url":"https:\/\/www.artes4.it\/wp-content\/uploads\/2024\/03\/Fabrizio-Giacomelli-Mediavoice-96x96.webp","contentUrl":"https:\/\/www.artes4.it\/wp-content\/uploads\/2024\/03\/Fabrizio-Giacomelli-Mediavoice-96x96.webp","caption":"Fabrizio Giacomelli"},"description":"Mentre da piccolo smontava ogni tipo di macchina per comprenderne il funzionamento, da grande si \u00e8 appassionato alla macchina pi\u00f9 complessa dell\u2019universo noto e difficilmente smontabile: la mente umana. Dopo il conseguimento di due lauree (ingegneria informatica e filosofia della mente), negli anni \u201990 fonda una startup in ambito AI per sviluppare una \u201cSiri ante litteram\u201d. Nel 2000 costituisce Mediavoice, attraverso la quale fare diventare la tecnologia vocale e l\u2019AI tecnologie di massa, e realizza Speaky Facile, soluzione pluri-brevettata per aiutare ciechi, ipovedenti e anziani ancora esclusi dal mondo digitale: navigazione del web a voce in totale autonomia. Mediavoice devolve il 2% dell\u2019utile a supporto di Paesi poveri, con l\u2019obiettivo in infondere un messaggio: se tutte le imprese del mondo donassero solo 0,1% sarebbe un mondo senza povert\u00e0 n\u00e9 tensioni.","url":"https:\/\/www.artes4.it\/en\/author\/fabrizio-giacomelliartes4-it\/"}]}},"_links":{"self":[{"href":"https:\/\/www.artes4.it\/en\/wp-json\/wp\/v2\/posts\/2729","targetHints":{"allow":["GET"]}}],"collection":[{"href":"https:\/\/www.artes4.it\/en\/wp-json\/wp\/v2\/posts"}],"about":[{"href":"https:\/\/www.artes4.it\/en\/wp-json\/wp\/v2\/types\/post"}],"author":[{"embeddable":true,"href":"https:\/\/www.artes4.it\/en\/wp-json\/wp\/v2\/users\/27"}],"replies":[{"embeddable":true,"href":"https:\/\/www.artes4.it\/en\/wp-json\/wp\/v2\/comments?post=2729"}],"version-history":[{"count":3,"href":"https:\/\/www.artes4.it\/en\/wp-json\/wp\/v2\/posts\/2729\/revisions"}],"predecessor-version":[{"id":4935,"href":"https:\/\/www.artes4.it\/en\/wp-json\/wp\/v2\/posts\/2729\/revisions\/4935"}],"wp:featuredmedia":[{"embeddable":true,"href":"https:\/\/www.artes4.it\/en\/wp-json\/wp\/v2\/media\/2728"}],"wp:attachment":[{"href":"https:\/\/www.artes4.it\/en\/wp-json\/wp\/v2\/media?parent=2729"}],"wp:term":[{"taxonomy":"category","embeddable":true,"href":"https:\/\/www.artes4.it\/en\/wp-json\/wp\/v2\/categories?post=2729"},{"taxonomy":"post_tag","embeddable":true,"href":"https:\/\/www.artes4.it\/en\/wp-json\/wp\/v2\/tags?post=2729"},{"taxonomy":"anno_doc","embeddable":true,"href":"https:\/\/www.artes4.it\/en\/wp-json\/wp\/v2\/anno_doc?post=2729"}],"curies":[{"name":"wp","href":"https:\/\/api.w.org\/{rel}","templated":true}]}}