{"id":6093,"date":"2025-01-13T21:20:46","date_gmt":"2025-01-13T20:20:46","guid":{"rendered":"https:\/\/www.artes4.it\/?p=6093"},"modified":"2025-01-25T16:43:13","modified_gmt":"2025-01-25T15:43:13","slug":"nasce-a-firenze-la-casa-del-made-in-italy-artes-4-0-con-tre-progetti-allavanguardia","status":"publish","type":"post","link":"https:\/\/www.artes4.it\/en\/news\/nasce-a-firenze-la-casa-del-made-in-italy-artes-4-0-con-tre-progetti-allavanguardia\/","title":{"rendered":"Nasce a Firenze la Casa del Made in Italy | ARTES 4.0 presenta tre progetti all&#8217;avanguardia"},"content":{"rendered":"<p>Quando il nastro tricolore \u00e8 scivolato via, tagliato dalle lame delle forbici impugnate dalla sottosegretaria di Stato <strong>Fausta Bergamotto<\/strong>, l&#8217;idea del Ministero delle Imprese e del Made in Italy di mettere a disposizione dei territori un nuovo strumento per la promozione e la tutela delle imprese, \u00e8 diventata realt\u00e0.<\/p>\n<p>La Casa del Made in Italy a Firenze, presso la loggia monumentale al primo piano di via Pellicceria 3, \u00e8 un fulcro strategico che connette istituzioni, mondo della ricerca, imprese ed enti locali per promuovere iniziative e superare le criticit\u00e0, nel pieno rispetto delle vocazioni e delle eccellenze territoriali. La mission dichiarata \u00e8 favorire un <strong>contatto diretto<\/strong>\u00a0tra i territori e le direzioni generali centrali del Dicastero allo scopo di offrire informazioni e assistenza alle imprese e ai cittadini e promuovere gli investimenti, per sviluppare ancora di pi\u00f9 il tessuto produttivo locale.<\/p>\n<p><iframe title=\"YouTube video player\" src=\"https:\/\/www.youtube.com\/embed\/YiIpLzpNh4c?si=6wgXqCS-Sozbtiqo\" width=\"560\" height=\"315\" frameborder=\"0\" allowfullscreen=\"allowfullscreen\"><\/iframe><\/p>\n<p>All&#8217;evento inaugurale, alla presenza tra gli altri di <strong>Eugenio Giani<\/strong>, presidente della Regione Toscana, \u00e8 stata invitato a partecipare anche il Centro di Competenza ARTES 4.0 con la direttrice esecutiva <strong>Francesca R. Tonini<\/strong> che ha ricordato come &#8220;<em>la Casa del Made in Italy non \u00e8 solo un luogo fisico, ma un simbolo del nostro Paese: un punto d&#8217;incontro tra l&#8217;eccellenza che ha definito la nostra storia e le tecnologie avanzate che stanno ridisegnando il nostro ruolo nel mondo<\/em>&#8220;. Dopo il taglio del nastro, la sottosegretaria Bergamotto\u00a0ha proceduto all\u2019annullo di un timbro celebrativo dell\u2019evento raffigurante l\u2019uomo vitruviano e il giglio fiorentino.<\/p>\n<p><em>\u201cFirenze \u00e8 la quattordicesima citt\u00e0 nella quale viene inaugurata una Casa del Made in Italy<\/em> &#8211; ha sottolineato Bergamotto -. <em>Questa struttura rappresenta un punto di incontro per creare sinergie tra imprese, cittadini, istituzioni, universit\u00e0, camere di commercio e Case delle tecnologie emergenti, al fine di raccogliere e monitorare le sensibilit\u00e0 territoriali in campo economico. Sar\u00e0 un collegamento diretto con le direzioni generali del Ministero: le sue competenze sono qui a disposizione per il rilancio del Made in Italy&#8221;.<\/em><\/p>\n<p>Il nostro Centro di Competenza ha portato l&#8217;innovazione con un angolo espositivo con alcune delle <strong>tecnologie emergenti<\/strong> in sperimentazione, per facilitarne il successivo trasferimento al tessuto imprenditoriale della Regione:<\/p>\n<ul>\n<li>FLBE30 by <a href=\"https:\/\/wearable-robotics.com\/it\/wearable-robotics-sito-ufficiale\/\" target=\"_blank\" rel=\"noopener\">Wearable Robotics<\/a>: una soluzione innovativa per il supporto alla movimentazione manuale dei carichi;<\/li>\n<li>Mia Hand by <a href=\"https:\/\/www.prensilia.com\/it\/\" target=\"_blank\" rel=\"noopener\">Prensilia<\/a>: una protesi robotica che consente agli utenti di eseguire l&#8217;80% dei gesti quotidiani;<\/li>\n<li><a href=\"https:\/\/kiber.tech\/\" target=\"_blank\" rel=\"noopener\">Kiber<\/a> &#8211; Instant Expertise Everywhere: una tecnologia indossabile che ottimizza i processi di costruzione, manutenzione e formazione.<\/li>\n<\/ul>\n<p>Il nuovo spazio fornir\u00e0 assistenza continuativa alle <strong>imprese del territorio<\/strong>, aiutandole a sfruttare al meglio gli incentivi pubblici, e favorir\u00e0 un dialogo continuativo tra istituzioni e mondo imprenditoriale.<\/p>\n<p><img fetchpriority=\"high\" decoding=\"async\" class=\"alignnone size-medium wp-image-6094\" src=\"https:\/\/www.artes4.it\/wp-content\/uploads\/2025\/01\/DSC00834-300x200.jpg\" alt=\"Inaugurazione Casa del Made in Italy\" width=\"300\" height=\"200\" srcset=\"https:\/\/www.artes4.it\/wp-content\/uploads\/2025\/01\/DSC00834-300x200.jpg 300w, https:\/\/www.artes4.it\/wp-content\/uploads\/2025\/01\/DSC00834-1024x683.jpg 1024w, https:\/\/www.artes4.it\/wp-content\/uploads\/2025\/01\/DSC00834-768x512.jpg 768w, https:\/\/www.artes4.it\/wp-content\/uploads\/2025\/01\/DSC00834-1536x1024.jpg 1536w, https:\/\/www.artes4.it\/wp-content\/uploads\/2025\/01\/DSC00834-2048x1365.jpg 2048w\" sizes=\"(max-width: 300px) 100vw, 300px\" \/><img decoding=\"async\" class=\"alignnone size-medium wp-image-6100\" src=\"https:\/\/www.artes4.it\/wp-content\/uploads\/2025\/01\/DSC00991-300x200.jpg\" alt=\"\" width=\"300\" height=\"200\" srcset=\"https:\/\/www.artes4.it\/wp-content\/uploads\/2025\/01\/DSC00991-300x200.jpg 300w, https:\/\/www.artes4.it\/wp-content\/uploads\/2025\/01\/DSC00991-1024x683.jpg 1024w, https:\/\/www.artes4.it\/wp-content\/uploads\/2025\/01\/DSC00991-768x512.jpg 768w, https:\/\/www.artes4.it\/wp-content\/uploads\/2025\/01\/DSC00991-1536x1024.jpg 1536w, https:\/\/www.artes4.it\/wp-content\/uploads\/2025\/01\/DSC00991-2048x1366.jpg 2048w\" sizes=\"(max-width: 300px) 100vw, 300px\" \/><img decoding=\"async\" class=\"alignnone size-medium wp-image-6102\" src=\"https:\/\/www.artes4.it\/wp-content\/uploads\/2025\/01\/DSC01060-300x200.jpg\" alt=\"\" width=\"300\" height=\"200\" srcset=\"https:\/\/www.artes4.it\/wp-content\/uploads\/2025\/01\/DSC01060-300x200.jpg 300w, https:\/\/www.artes4.it\/wp-content\/uploads\/2025\/01\/DSC01060-1024x683.jpg 1024w, https:\/\/www.artes4.it\/wp-content\/uploads\/2025\/01\/DSC01060-768x512.jpg 768w, https:\/\/www.artes4.it\/wp-content\/uploads\/2025\/01\/DSC01060-1536x1024.jpg 1536w, https:\/\/www.artes4.it\/wp-content\/uploads\/2025\/01\/DSC01060-2048x1365.jpg 2048w\" sizes=\"(max-width: 300px) 100vw, 300px\" \/><\/p>\n<p><img loading=\"lazy\" decoding=\"async\" class=\"alignnone size-medium wp-image-6104\" src=\"https:\/\/www.artes4.it\/wp-content\/uploads\/2025\/01\/DSC01160-200x300.jpg\" alt=\"\" width=\"200\" height=\"300\" srcset=\"https:\/\/www.artes4.it\/wp-content\/uploads\/2025\/01\/DSC01160-200x300.jpg 200w, https:\/\/www.artes4.it\/wp-content\/uploads\/2025\/01\/DSC01160-683x1024.jpg 683w, https:\/\/www.artes4.it\/wp-content\/uploads\/2025\/01\/DSC01160-768x1152.jpg 768w, https:\/\/www.artes4.it\/wp-content\/uploads\/2025\/01\/DSC01160-1024x1536.jpg 1024w, https:\/\/www.artes4.it\/wp-content\/uploads\/2025\/01\/DSC01160-1365x2048.jpg 1365w, https:\/\/www.artes4.it\/wp-content\/uploads\/2025\/01\/DSC01160-scaled.jpg 1707w\" sizes=\"(max-width: 200px) 100vw, 200px\" \/><img loading=\"lazy\" decoding=\"async\" class=\"alignnone size-medium wp-image-6106\" src=\"https:\/\/www.artes4.it\/wp-content\/uploads\/2025\/01\/DSC01167-200x300.jpg\" alt=\"\" width=\"200\" height=\"300\" srcset=\"https:\/\/www.artes4.it\/wp-content\/uploads\/2025\/01\/DSC01167-200x300.jpg 200w, https:\/\/www.artes4.it\/wp-content\/uploads\/2025\/01\/DSC01167-683x1024.jpg 683w, https:\/\/www.artes4.it\/wp-content\/uploads\/2025\/01\/DSC01167-768x1152.jpg 768w, https:\/\/www.artes4.it\/wp-content\/uploads\/2025\/01\/DSC01167-1024x1536.jpg 1024w, https:\/\/www.artes4.it\/wp-content\/uploads\/2025\/01\/DSC01167-1365x2048.jpg 1365w, https:\/\/www.artes4.it\/wp-content\/uploads\/2025\/01\/DSC01167-scaled.jpg 1707w\" sizes=\"(max-width: 200px) 100vw, 200px\" \/><img loading=\"lazy\" decoding=\"async\" class=\"alignnone size-medium wp-image-6108\" src=\"https:\/\/www.artes4.it\/wp-content\/uploads\/2025\/01\/DSC01176-200x300.jpg\" alt=\"\" width=\"200\" height=\"300\" srcset=\"https:\/\/www.artes4.it\/wp-content\/uploads\/2025\/01\/DSC01176-200x300.jpg 200w, https:\/\/www.artes4.it\/wp-content\/uploads\/2025\/01\/DSC01176-683x1024.jpg 683w, https:\/\/www.artes4.it\/wp-content\/uploads\/2025\/01\/DSC01176-768x1152.jpg 768w, https:\/\/www.artes4.it\/wp-content\/uploads\/2025\/01\/DSC01176-1024x1536.jpg 1024w, https:\/\/www.artes4.it\/wp-content\/uploads\/2025\/01\/DSC01176-1365x2048.jpg 1365w, https:\/\/www.artes4.it\/wp-content\/uploads\/2025\/01\/DSC01176-scaled.jpg 1706w\" sizes=\"(max-width: 200px) 100vw, 200px\" \/><\/p>\n<p><img loading=\"lazy\" decoding=\"async\" class=\"alignnone size-large wp-image-6110\" src=\"https:\/\/www.artes4.it\/wp-content\/uploads\/2025\/01\/DSC01191-1024x683.jpg\" alt=\"\" width=\"800\" height=\"534\" srcset=\"https:\/\/www.artes4.it\/wp-content\/uploads\/2025\/01\/DSC01191-1024x683.jpg 1024w, https:\/\/www.artes4.it\/wp-content\/uploads\/2025\/01\/DSC01191-300x200.jpg 300w, https:\/\/www.artes4.it\/wp-content\/uploads\/2025\/01\/DSC01191-768x512.jpg 768w, https:\/\/www.artes4.it\/wp-content\/uploads\/2025\/01\/DSC01191-1536x1024.jpg 1536w, https:\/\/www.artes4.it\/wp-content\/uploads\/2025\/01\/DSC01191-2048x1366.jpg 2048w\" sizes=\"(max-width: 800px) 100vw, 800px\" \/><\/p>\n","protected":false},"excerpt":{"rendered":"<p>Mimit, il sottosegretario Fausta Bergamotto inaugura a Firenze la Casa del Made in Italy alla presenza del Centro di Competenza ARTES 4.0<\/p>\n","protected":false},"author":57,"featured_media":6094,"comment_status":"closed","ping_status":"closed","sticky":false,"template":"","format":"standard","meta":{"_acf_changed":false,"footnotes":""},"categories":[1],"tags":[93],"anno_doc":[255],"class_list":["post-6093","post","type-post","status-publish","format-standard","has-post-thumbnail","hentry","category-news","tag-news-ed-eventi","anno_doc-255"],"acf":[],"yoast_head":"<!-- This site is optimized with the Yoast SEO Premium plugin v22.8 (Yoast SEO v25.8) - https:\/\/yoast.com\/wordpress\/plugins\/seo\/ -->\n<title>Nasce a Firenze la Casa del Made in Italy | ARTES 4.0 presenta tre progetti all&#039;avanguardia - Artes 4.0<\/title>\n<meta name=\"description\" content=\"Mimit, il sottosegretario Fausta Bergamotto inaugura a Firenze la Casa del Made in Italy alla presenza del Centro di Competenza ARTES 4.0\" \/>\n<meta name=\"robots\" content=\"index, follow, max-snippet:-1, max-image-preview:large, max-video-preview:-1\" \/>\n<link rel=\"canonical\" href=\"https:\/\/www.artes4.it\/en\/news\/nasce-a-firenze-la-casa-del-made-in-italy-artes-4-0-con-tre-progetti-allavanguardia\/\" \/>\n<meta property=\"og:locale\" content=\"en_US\" \/>\n<meta property=\"og:type\" content=\"article\" \/>\n<meta property=\"og:title\" content=\"Nasce a Firenze la Casa del Made in Italy | ARTES 4.0 presenta tre progetti all&#039;avanguardia\" \/>\n<meta property=\"og:description\" content=\"Mimit, il sottosegretario Fausta Bergamotto inaugura a Firenze la Casa del Made in Italy alla presenza del Centro di Competenza ARTES 4.0\" \/>\n<meta property=\"og:url\" content=\"https:\/\/www.artes4.it\/en\/news\/nasce-a-firenze-la-casa-del-made-in-italy-artes-4-0-con-tre-progetti-allavanguardia\/\" \/>\n<meta property=\"og:site_name\" content=\"Artes 4.0\" \/>\n<meta property=\"article:published_time\" content=\"2025-01-13T20:20:46+00:00\" \/>\n<meta property=\"article:modified_time\" content=\"2025-01-25T15:43:13+00:00\" \/>\n<meta property=\"og:image\" content=\"https:\/\/www.artes4.it\/wp-content\/uploads\/2025\/01\/DSC00834-scaled.jpg\" \/>\n\t<meta property=\"og:image:width\" content=\"2560\" \/>\n\t<meta property=\"og:image:height\" content=\"1706\" \/>\n\t<meta property=\"og:image:type\" content=\"image\/jpeg\" \/>\n<meta name=\"author\" content=\"Fabio Lepre\" \/>\n<meta name=\"twitter:card\" content=\"summary_large_image\" \/>\n<meta name=\"twitter:label1\" content=\"Written by\" \/>\n\t<meta name=\"twitter:data1\" content=\"Fabio Lepre\" \/>\n\t<meta name=\"twitter:label2\" content=\"Est. reading time\" \/>\n\t<meta name=\"twitter:data2\" content=\"4 minutes\" \/>\n<script type=\"application\/ld+json\" class=\"yoast-schema-graph\">{\"@context\":\"https:\/\/schema.org\",\"@graph\":[{\"@type\":\"Article\",\"@id\":\"https:\/\/www.artes4.it\/en\/news\/nasce-a-firenze-la-casa-del-made-in-italy-artes-4-0-con-tre-progetti-allavanguardia\/#article\",\"isPartOf\":{\"@id\":\"https:\/\/www.artes4.it\/en\/news\/nasce-a-firenze-la-casa-del-made-in-italy-artes-4-0-con-tre-progetti-allavanguardia\/\"},\"author\":{\"name\":\"Fabio Lepre\",\"@id\":\"https:\/\/www.artes4.it\/en\/#\/schema\/person\/f8c75937cf818a90fa281c47cdca13ed\"},\"headline\":\"Nasce a Firenze la Casa del Made in Italy | ARTES 4.0 presenta tre progetti all&#8217;avanguardia\",\"datePublished\":\"2025-01-13T20:20:46+00:00\",\"dateModified\":\"2025-01-25T15:43:13+00:00\",\"mainEntityOfPage\":{\"@id\":\"https:\/\/www.artes4.it\/en\/news\/nasce-a-firenze-la-casa-del-made-in-italy-artes-4-0-con-tre-progetti-allavanguardia\/\"},\"wordCount\":441,\"publisher\":{\"@id\":\"https:\/\/www.artes4.it\/en\/#organization\"},\"image\":{\"@id\":\"https:\/\/www.artes4.it\/en\/news\/nasce-a-firenze-la-casa-del-made-in-italy-artes-4-0-con-tre-progetti-allavanguardia\/#primaryimage\"},\"thumbnailUrl\":\"https:\/\/www.artes4.it\/wp-content\/uploads\/2025\/01\/DSC00834-scaled.jpg\",\"keywords\":[\"News ed eventi\"],\"articleSection\":[\"News\"],\"inLanguage\":\"en-US\"},{\"@type\":\"WebPage\",\"@id\":\"https:\/\/www.artes4.it\/en\/news\/nasce-a-firenze-la-casa-del-made-in-italy-artes-4-0-con-tre-progetti-allavanguardia\/\",\"url\":\"https:\/\/www.artes4.it\/en\/news\/nasce-a-firenze-la-casa-del-made-in-italy-artes-4-0-con-tre-progetti-allavanguardia\/\",\"name\":\"Nasce a Firenze la Casa del Made in Italy | ARTES 4.0 presenta tre progetti all'avanguardia - Artes 4.0\",\"isPartOf\":{\"@id\":\"https:\/\/www.artes4.it\/en\/#website\"},\"primaryImageOfPage\":{\"@id\":\"https:\/\/www.artes4.it\/en\/news\/nasce-a-firenze-la-casa-del-made-in-italy-artes-4-0-con-tre-progetti-allavanguardia\/#primaryimage\"},\"image\":{\"@id\":\"https:\/\/www.artes4.it\/en\/news\/nasce-a-firenze-la-casa-del-made-in-italy-artes-4-0-con-tre-progetti-allavanguardia\/#primaryimage\"},\"thumbnailUrl\":\"https:\/\/www.artes4.it\/wp-content\/uploads\/2025\/01\/DSC00834-scaled.jpg\",\"datePublished\":\"2025-01-13T20:20:46+00:00\",\"dateModified\":\"2025-01-25T15:43:13+00:00\",\"description\":\"Mimit, il sottosegretario Fausta Bergamotto inaugura a Firenze la Casa del Made in Italy alla presenza del Centro di Competenza ARTES 4.0\",\"breadcrumb\":{\"@id\":\"https:\/\/www.artes4.it\/en\/news\/nasce-a-firenze-la-casa-del-made-in-italy-artes-4-0-con-tre-progetti-allavanguardia\/#breadcrumb\"},\"inLanguage\":\"en-US\",\"potentialAction\":[{\"@type\":\"ReadAction\",\"target\":[\"https:\/\/www.artes4.it\/en\/news\/nasce-a-firenze-la-casa-del-made-in-italy-artes-4-0-con-tre-progetti-allavanguardia\/\"]}]},{\"@type\":\"ImageObject\",\"inLanguage\":\"en-US\",\"@id\":\"https:\/\/www.artes4.it\/en\/news\/nasce-a-firenze-la-casa-del-made-in-italy-artes-4-0-con-tre-progetti-allavanguardia\/#primaryimage\",\"url\":\"https:\/\/www.artes4.it\/wp-content\/uploads\/2025\/01\/DSC00834-scaled.jpg\",\"contentUrl\":\"https:\/\/www.artes4.it\/wp-content\/uploads\/2025\/01\/DSC00834-scaled.jpg\",\"width\":2560,\"height\":1706,\"caption\":\"Inaugurazione Casa del Made in Italy\"},{\"@type\":\"BreadcrumbList\",\"@id\":\"https:\/\/www.artes4.it\/en\/news\/nasce-a-firenze-la-casa-del-made-in-italy-artes-4-0-con-tre-progetti-allavanguardia\/#breadcrumb\",\"itemListElement\":[{\"@type\":\"ListItem\",\"position\":1,\"name\":\"Home\",\"item\":\"https:\/\/www.artes4.it\/en\/\"},{\"@type\":\"ListItem\",\"position\":2,\"name\":\"Nasce a Firenze la Casa del Made in Italy | ARTES 4.0 presenta tre progetti all&#8217;avanguardia\"}]},{\"@type\":\"WebSite\",\"@id\":\"https:\/\/www.artes4.it\/en\/#website\",\"url\":\"https:\/\/www.artes4.it\/en\/\",\"name\":\"Artes 4.0\",\"description\":\"\",\"publisher\":{\"@id\":\"https:\/\/www.artes4.it\/en\/#organization\"},\"potentialAction\":[{\"@type\":\"SearchAction\",\"target\":{\"@type\":\"EntryPoint\",\"urlTemplate\":\"https:\/\/www.artes4.it\/en\/?s={search_term_string}\"},\"query-input\":{\"@type\":\"PropertyValueSpecification\",\"valueRequired\":true,\"valueName\":\"search_term_string\"}}],\"inLanguage\":\"en-US\"},{\"@type\":\"Organization\",\"@id\":\"https:\/\/www.artes4.it\/en\/#organization\",\"name\":\"Artes 4.0\",\"url\":\"https:\/\/www.artes4.it\/en\/\",\"logo\":{\"@type\":\"ImageObject\",\"inLanguage\":\"en-US\",\"@id\":\"https:\/\/www.artes4.it\/en\/#\/schema\/logo\/image\/\",\"url\":\"https:\/\/www.artes4.it\/wp-content\/uploads\/2024\/01\/logo_artes_white.jpeg\",\"contentUrl\":\"https:\/\/www.artes4.it\/wp-content\/uploads\/2024\/01\/logo_artes_white.jpeg\",\"width\":462,\"height\":171,\"caption\":\"Artes 4.0\"},\"image\":{\"@id\":\"https:\/\/www.artes4.it\/en\/#\/schema\/logo\/image\/\"},\"sameAs\":[\"https:\/\/www.linkedin.com\/company\/associazione-artes-4-0\/posts\/?feedView=all\"]},{\"@type\":\"Person\",\"@id\":\"https:\/\/www.artes4.it\/en\/#\/schema\/person\/f8c75937cf818a90fa281c47cdca13ed\",\"name\":\"Fabio Lepre\",\"image\":{\"@type\":\"ImageObject\",\"inLanguage\":\"en-US\",\"@id\":\"https:\/\/www.artes4.it\/en\/#\/schema\/person\/image\/\",\"url\":\"https:\/\/secure.gravatar.com\/avatar\/d6f71489415f50c68a891e9253e1f2fbf05216486f4a26984f2c7e461c149877?s=96&d=mm&r=g\",\"contentUrl\":\"https:\/\/secure.gravatar.com\/avatar\/d6f71489415f50c68a891e9253e1f2fbf05216486f4a26984f2c7e461c149877?s=96&d=mm&r=g\",\"caption\":\"Fabio Lepre\"},\"url\":\"https:\/\/www.artes4.it\/en\/author\/fabio-lepre\/\"}]}<\/script>\n<!-- \/ Yoast SEO Premium plugin. -->","yoast_head_json":{"title":"Nasce a Firenze la Casa del Made in Italy | ARTES 4.0 presenta tre progetti all'avanguardia - Artes 4.0","description":"Mimit, il sottosegretario Fausta Bergamotto inaugura a Firenze la Casa del Made in Italy alla presenza del Centro di Competenza ARTES 4.0","robots":{"index":"index","follow":"follow","max-snippet":"max-snippet:-1","max-image-preview":"max-image-preview:large","max-video-preview":"max-video-preview:-1"},"canonical":"https:\/\/www.artes4.it\/en\/news\/nasce-a-firenze-la-casa-del-made-in-italy-artes-4-0-con-tre-progetti-allavanguardia\/","og_locale":"en_US","og_type":"article","og_title":"Nasce a Firenze la Casa del Made in Italy | ARTES 4.0 presenta tre progetti all'avanguardia","og_description":"Mimit, il sottosegretario Fausta Bergamotto inaugura a Firenze la Casa del Made in Italy alla presenza del Centro di Competenza ARTES 4.0","og_url":"https:\/\/www.artes4.it\/en\/news\/nasce-a-firenze-la-casa-del-made-in-italy-artes-4-0-con-tre-progetti-allavanguardia\/","og_site_name":"Artes 4.0","article_published_time":"2025-01-13T20:20:46+00:00","article_modified_time":"2025-01-25T15:43:13+00:00","og_image":[{"width":2560,"height":1706,"url":"https:\/\/www.artes4.it\/wp-content\/uploads\/2025\/01\/DSC00834-scaled.jpg","type":"image\/jpeg"}],"author":"Fabio Lepre","twitter_card":"summary_large_image","twitter_misc":{"Written by":"Fabio Lepre","Est. reading time":"4 minutes"},"schema":{"@context":"https:\/\/schema.org","@graph":[{"@type":"Article","@id":"https:\/\/www.artes4.it\/en\/news\/nasce-a-firenze-la-casa-del-made-in-italy-artes-4-0-con-tre-progetti-allavanguardia\/#article","isPartOf":{"@id":"https:\/\/www.artes4.it\/en\/news\/nasce-a-firenze-la-casa-del-made-in-italy-artes-4-0-con-tre-progetti-allavanguardia\/"},"author":{"name":"Fabio Lepre","@id":"https:\/\/www.artes4.it\/en\/#\/schema\/person\/f8c75937cf818a90fa281c47cdca13ed"},"headline":"Nasce a Firenze la Casa del Made in Italy | ARTES 4.0 presenta tre progetti all&#8217;avanguardia","datePublished":"2025-01-13T20:20:46+00:00","dateModified":"2025-01-25T15:43:13+00:00","mainEntityOfPage":{"@id":"https:\/\/www.artes4.it\/en\/news\/nasce-a-firenze-la-casa-del-made-in-italy-artes-4-0-con-tre-progetti-allavanguardia\/"},"wordCount":441,"publisher":{"@id":"https:\/\/www.artes4.it\/en\/#organization"},"image":{"@id":"https:\/\/www.artes4.it\/en\/news\/nasce-a-firenze-la-casa-del-made-in-italy-artes-4-0-con-tre-progetti-allavanguardia\/#primaryimage"},"thumbnailUrl":"https:\/\/www.artes4.it\/wp-content\/uploads\/2025\/01\/DSC00834-scaled.jpg","keywords":["News ed eventi"],"articleSection":["News"],"inLanguage":"en-US"},{"@type":"WebPage","@id":"https:\/\/www.artes4.it\/en\/news\/nasce-a-firenze-la-casa-del-made-in-italy-artes-4-0-con-tre-progetti-allavanguardia\/","url":"https:\/\/www.artes4.it\/en\/news\/nasce-a-firenze-la-casa-del-made-in-italy-artes-4-0-con-tre-progetti-allavanguardia\/","name":"Nasce a Firenze la Casa del Made in Italy | ARTES 4.0 presenta tre progetti all'avanguardia - Artes 4.0","isPartOf":{"@id":"https:\/\/www.artes4.it\/en\/#website"},"primaryImageOfPage":{"@id":"https:\/\/www.artes4.it\/en\/news\/nasce-a-firenze-la-casa-del-made-in-italy-artes-4-0-con-tre-progetti-allavanguardia\/#primaryimage"},"image":{"@id":"https:\/\/www.artes4.it\/en\/news\/nasce-a-firenze-la-casa-del-made-in-italy-artes-4-0-con-tre-progetti-allavanguardia\/#primaryimage"},"thumbnailUrl":"https:\/\/www.artes4.it\/wp-content\/uploads\/2025\/01\/DSC00834-scaled.jpg","datePublished":"2025-01-13T20:20:46+00:00","dateModified":"2025-01-25T15:43:13+00:00","description":"Mimit, il sottosegretario Fausta Bergamotto inaugura a Firenze la Casa del Made in Italy alla presenza del Centro di Competenza ARTES 4.0","breadcrumb":{"@id":"https:\/\/www.artes4.it\/en\/news\/nasce-a-firenze-la-casa-del-made-in-italy-artes-4-0-con-tre-progetti-allavanguardia\/#breadcrumb"},"inLanguage":"en-US","potentialAction":[{"@type":"ReadAction","target":["https:\/\/www.artes4.it\/en\/news\/nasce-a-firenze-la-casa-del-made-in-italy-artes-4-0-con-tre-progetti-allavanguardia\/"]}]},{"@type":"ImageObject","inLanguage":"en-US","@id":"https:\/\/www.artes4.it\/en\/news\/nasce-a-firenze-la-casa-del-made-in-italy-artes-4-0-con-tre-progetti-allavanguardia\/#primaryimage","url":"https:\/\/www.artes4.it\/wp-content\/uploads\/2025\/01\/DSC00834-scaled.jpg","contentUrl":"https:\/\/www.artes4.it\/wp-content\/uploads\/2025\/01\/DSC00834-scaled.jpg","width":2560,"height":1706,"caption":"Inaugurazione Casa del Made in Italy"},{"@type":"BreadcrumbList","@id":"https:\/\/www.artes4.it\/en\/news\/nasce-a-firenze-la-casa-del-made-in-italy-artes-4-0-con-tre-progetti-allavanguardia\/#breadcrumb","itemListElement":[{"@type":"ListItem","position":1,"name":"Home","item":"https:\/\/www.artes4.it\/en\/"},{"@type":"ListItem","position":2,"name":"Nasce a Firenze la Casa del Made in Italy | ARTES 4.0 presenta tre progetti all&#8217;avanguardia"}]},{"@type":"WebSite","@id":"https:\/\/www.artes4.it\/en\/#website","url":"https:\/\/www.artes4.it\/en\/","name":"Artes 4.0","description":"","publisher":{"@id":"https:\/\/www.artes4.it\/en\/#organization"},"potentialAction":[{"@type":"SearchAction","target":{"@type":"EntryPoint","urlTemplate":"https:\/\/www.artes4.it\/en\/?s={search_term_string}"},"query-input":{"@type":"PropertyValueSpecification","valueRequired":true,"valueName":"search_term_string"}}],"inLanguage":"en-US"},{"@type":"Organization","@id":"https:\/\/www.artes4.it\/en\/#organization","name":"Artes 4.0","url":"https:\/\/www.artes4.it\/en\/","logo":{"@type":"ImageObject","inLanguage":"en-US","@id":"https:\/\/www.artes4.it\/en\/#\/schema\/logo\/image\/","url":"https:\/\/www.artes4.it\/wp-content\/uploads\/2024\/01\/logo_artes_white.jpeg","contentUrl":"https:\/\/www.artes4.it\/wp-content\/uploads\/2024\/01\/logo_artes_white.jpeg","width":462,"height":171,"caption":"Artes 4.0"},"image":{"@id":"https:\/\/www.artes4.it\/en\/#\/schema\/logo\/image\/"},"sameAs":["https:\/\/www.linkedin.com\/company\/associazione-artes-4-0\/posts\/?feedView=all"]},{"@type":"Person","@id":"https:\/\/www.artes4.it\/en\/#\/schema\/person\/f8c75937cf818a90fa281c47cdca13ed","name":"Fabio Lepre","image":{"@type":"ImageObject","inLanguage":"en-US","@id":"https:\/\/www.artes4.it\/en\/#\/schema\/person\/image\/","url":"https:\/\/secure.gravatar.com\/avatar\/d6f71489415f50c68a891e9253e1f2fbf05216486f4a26984f2c7e461c149877?s=96&d=mm&r=g","contentUrl":"https:\/\/secure.gravatar.com\/avatar\/d6f71489415f50c68a891e9253e1f2fbf05216486f4a26984f2c7e461c149877?s=96&d=mm&r=g","caption":"Fabio Lepre"},"url":"https:\/\/www.artes4.it\/en\/author\/fabio-lepre\/"}]}},"_links":{"self":[{"href":"https:\/\/www.artes4.it\/en\/wp-json\/wp\/v2\/posts\/6093","targetHints":{"allow":["GET"]}}],"collection":[{"href":"https:\/\/www.artes4.it\/en\/wp-json\/wp\/v2\/posts"}],"about":[{"href":"https:\/\/www.artes4.it\/en\/wp-json\/wp\/v2\/types\/post"}],"author":[{"embeddable":true,"href":"https:\/\/www.artes4.it\/en\/wp-json\/wp\/v2\/users\/57"}],"replies":[{"embeddable":true,"href":"https:\/\/www.artes4.it\/en\/wp-json\/wp\/v2\/comments?post=6093"}],"version-history":[{"count":7,"href":"https:\/\/www.artes4.it\/en\/wp-json\/wp\/v2\/posts\/6093\/revisions"}],"predecessor-version":[{"id":6157,"href":"https:\/\/www.artes4.it\/en\/wp-json\/wp\/v2\/posts\/6093\/revisions\/6157"}],"wp:featuredmedia":[{"embeddable":true,"href":"https:\/\/www.artes4.it\/en\/wp-json\/wp\/v2\/media\/6094"}],"wp:attachment":[{"href":"https:\/\/www.artes4.it\/en\/wp-json\/wp\/v2\/media?parent=6093"}],"wp:term":[{"taxonomy":"category","embeddable":true,"href":"https:\/\/www.artes4.it\/en\/wp-json\/wp\/v2\/categories?post=6093"},{"taxonomy":"post_tag","embeddable":true,"href":"https:\/\/www.artes4.it\/en\/wp-json\/wp\/v2\/tags?post=6093"},{"taxonomy":"anno_doc","embeddable":true,"href":"https:\/\/www.artes4.it\/en\/wp-json\/wp\/v2\/anno_doc?post=6093"}],"curies":[{"name":"wp","href":"https:\/\/api.w.org\/{rel}","templated":true}]}}