{"id":6147,"date":"2025-01-20T15:56:30","date_gmt":"2025-01-20T14:56:30","guid":{"rendered":"https:\/\/www.artes4.it\/?p=6147"},"modified":"2025-01-24T15:59:21","modified_gmt":"2025-01-24T14:59:21","slug":"micsathlon-il-talento-del-made-in-italy-per-linnovazione-20-21-febbraio-2025","status":"publish","type":"post","link":"https:\/\/www.artes4.it\/en\/news\/micsathlon-il-talento-del-made-in-italy-per-linnovazione-20-21-febbraio-2025\/","title":{"rendered":"MICSATHLON: Il talento del Made in Italy per l&#8217;innovazione &#8211; 20-21 febbraio 2025"},"content":{"rendered":"<p class=\"x_MsoNormal\"><span data-olk-copy-source=\"MessageBody\">Il\u00a0<b>MICS-Made in Italy Circolare e Sostenibile<\/b>\u00a0sta organizzato in sinergia con le Case del Made in Italy del MIMIT per il prossimo febbraio 2025 una grande competizione nazionale, denominata\u00a0<b>MICSathlon<\/b>, che porr\u00e0 all\u2019attenzione dei\u00a0<b>giovani ricercatori\u00a0<\/b>del Partenariato le sfide di innovazione, circolarit\u00e0 e sostenibilit\u00e0\u00a0<b><i><u>lanciate da imprese e realt\u00e0 artigiane<\/u><\/i><\/b>\u00a0<b><i><u>operanti<\/u><\/i><\/b><u>\u00a0<b><i>in tre settori chiave del Made in Italy: Abbigliamento, Arredamento e Automazione<\/i><\/b><\/u>. I ricercatori, riuniti in squadre, dovranno dare soluzione a problemi<b>\u00a0<\/b>industriali sottoposti dalle aziende, in una sfida giocosa tra intelligenze.<\/span><\/p>\n<p class=\"x_MsoListParagraph\"><b>MICS- MADE IN ITALY CIRCOLARE E SOSTENIBILE\u00a0<\/b>\u00e8 un Partenariato Esteso tra Universit\u00e0, centri di ricerca e imprese finanziato dal\u00a0<b>MUR<\/b>\u00a0(<i>Ministero dell\u2019Universit\u00e0 e della Ricerca<\/i>) con fondi messi a disposizione dall\u2019Unione Europea, nell\u2019ambito del programma NextGenerationEU (PNRR)<b>-Missione 4 \u201cIstruzione e Ricerca\u201d del PNRR,\u00a0<\/b>volta a<b>\u00a0<\/b>finanziare la realizzazione di iniziative che\u00a0<b>rendano il Made in Italy circolare<\/b>\u00a0<b>autosufficiente, auto-rigenerativo, affidabile, sicuro e sostenibile<\/b>, dalla fase di progettazione a quella di produzione.<\/p>\n<p>Tra i\u00a0<b>Partner pubblici<\/b>\u00a0si annoverano\u00a0<b>Universit\u00e0\u00a0e centri di ricerca quali<\/b>: Consiglio Nazionale delle Ricerche (CNR) e Universit\u00e0 degli Studi di Firenze, Soci Fondatori di ARTES 4.0, Universit\u00e0 degli Studi di Palermo, con cui ARTES 4.0 ha sottoscritto un Accordo, e Politecnico di Bari, Politecnico di Milano, Politecnico di Torino, Universit\u00e0 degli Studi di Bergamo, Universit\u00e0 degli Studi di Bologna, Universit\u00e0 degli Studi di Brescia, Universit\u00e0 degli studi di Federico II di Napoli, Universit\u00e0 degli Studi di Padova, e Universit\u00e0 di Roma La Sapienza. Tra i\u00a0<b>Partner privati fondatori\u00a0<\/b>si annoverano Industriali quali: Aeffe, Brembo, Camozzi Group, Cavanna, Italtel, Itema, Leonardo, Natuzzi, Prima Additive, SACMI, SCM Group, Stazione Sperimentale dell&#8217;Industria delle Pelli e delle Materie Concianti (SSIP), Thales Alenia Space. Nel perimetro di intervento rientrano\u00a0<b>tre settori portanti dell\u2019economia italiana<\/b>:<\/p>\n<ul type=\"disc\">\n<li class=\"x_MsoNormal\"><b><u>abbigliamento<\/u><\/b><\/li>\n<li class=\"x_MsoNormal\"><b><u>arredamento\u00a0<\/u><\/b><\/li>\n<li class=\"x_MsoNormal\"><b><u>automazione-meccanica<\/u><\/b><\/li>\n<\/ul>\n<p><b><u>(tre delle quattro \u201cA\u201d del Made in Italy)<\/u><\/b><\/p>\n<p class=\"x_MsoNormal\">Le aziende partecipanti, appartenenti ai settori sopra indicati, proporranno delle sfide relative alle proprie aree di appartenenza. Durante l&#8217;evento, i giovani ricercatori di MICS verranno divisi in gruppi di lavoro e verr\u00e0 assegnata loro una sfida, elaborata dalle aziende. Ciascuna squadra ricever\u00e0 un kit di lavoro di base per supportare il processo creativo e potr\u00e0 beneficiare del supporto di mentori provenienti dalle aziende proponenti. Le soluzioni presentate dalle squadre durante la sessione finale saranno valutate da una giuria di esperti, provenienti sia dal mondo industriale che accademico.\u00a0<b>Verranno selezionati tre gruppi vincitori<\/b>, uno per settore, basandosi su quattro criteri: impatto del progetto, fattibilit\u00e0, innovazione e qualit\u00e0 della presentazione.\u00a0<b>I vincitori avranno diritto a presenziare al Made in Italy Innovation Forum<\/b>, la grande fiera delle eccellenze italiane organizzata da MICS per il mese di giugno.<\/p>\n<p><b>Le aziende<\/b>\u00a0appartenenti ai settori abbigliamento, arredamento, automazione-meccanica ed interessate a presentare una sfida\u00a0<b>possono inviare la loro proposta compilando l\u2019apposito modulo\u00a0<\/b>presente al seguente link\u00a0<b><u><a title=\"https:\/\/www.mics.tech\/micsathlon-il-talento-del-made-in-italy-per-linnovazione\/\" href=\"https:\/\/www.mics.tech\/micsathlon-il-talento-del-made-in-italy-per-linnovazione\/\" target=\"_blank\" rel=\"noopener noreferrer\" data-auth=\"NotApplicable\" data-linkindex=\"2\">https:\/\/www.mics.tech\/micsathlon-il-talento-del-made-in-italy-per-linnovazione\/<\/a><\/u><\/b><\/p>\n","protected":false},"excerpt":{"rendered":"<p>MICSathlon porr\u00e0 all\u2019attenzione dei\u00a0giovani ricercatori\u00a0del Partenariato le sfide di innovazione, circolarit\u00e0 e sostenibilit\u00e0<\/p>\n","protected":false},"author":21,"featured_media":6148,"comment_status":"closed","ping_status":"closed","sticky":false,"template":"","format":"standard","meta":{"_acf_changed":false,"footnotes":""},"categories":[1],"tags":[],"anno_doc":[255],"class_list":["post-6147","post","type-post","status-publish","format-standard","has-post-thumbnail","hentry","category-news","anno_doc-255"],"acf":[],"yoast_head":"<!-- This site is optimized with the Yoast SEO Premium plugin v22.8 (Yoast SEO v25.8) - https:\/\/yoast.com\/wordpress\/plugins\/seo\/ -->\n<title>MICSATHLON: Il talento del Made in Italy per l&#039;innovazione - 20-21 febbraio 2025 - Artes 4.0<\/title>\n<meta name=\"description\" content=\"MICSathlon porr\u00e0 all\u2019attenzione dei\u00a0giovani ricercatori\u00a0del Partenariato le sfide di innovazione, circolarit\u00e0 e sostenibilit\u00e0\" \/>\n<meta name=\"robots\" content=\"index, follow, max-snippet:-1, max-image-preview:large, max-video-preview:-1\" \/>\n<link rel=\"canonical\" href=\"https:\/\/www.artes4.it\/en\/news\/micsathlon-il-talento-del-made-in-italy-per-linnovazione-20-21-febbraio-2025\/\" \/>\n<meta property=\"og:locale\" content=\"en_US\" \/>\n<meta property=\"og:type\" content=\"article\" \/>\n<meta property=\"og:title\" content=\"MICSATHLON: Il talento del Made in Italy per l&#039;innovazione - 20-21 febbraio 2025\" \/>\n<meta property=\"og:description\" content=\"MICSathlon porr\u00e0 all\u2019attenzione dei\u00a0giovani ricercatori\u00a0del Partenariato le sfide di innovazione, circolarit\u00e0 e sostenibilit\u00e0\" \/>\n<meta property=\"og:url\" content=\"https:\/\/www.artes4.it\/en\/news\/micsathlon-il-talento-del-made-in-italy-per-linnovazione-20-21-febbraio-2025\/\" \/>\n<meta property=\"og:site_name\" content=\"Artes 4.0\" \/>\n<meta property=\"article:published_time\" content=\"2025-01-20T14:56:30+00:00\" \/>\n<meta property=\"article:modified_time\" content=\"2025-01-24T14:59:21+00:00\" \/>\n<meta property=\"og:image\" content=\"https:\/\/www.artes4.it\/wp-content\/uploads\/2025\/01\/Screenshot-2025-01-24-155625.png\" \/>\n\t<meta property=\"og:image:width\" content=\"1888\" \/>\n\t<meta property=\"og:image:height\" content=\"930\" \/>\n\t<meta property=\"og:image:type\" content=\"image\/png\" \/>\n<meta name=\"author\" content=\"ARTES 4.0\" \/>\n<meta name=\"twitter:card\" content=\"summary_large_image\" \/>\n<meta name=\"twitter:label1\" content=\"Written by\" \/>\n\t<meta name=\"twitter:data1\" content=\"ARTES 4.0\" \/>\n\t<meta name=\"twitter:label2\" content=\"Est. reading time\" \/>\n\t<meta name=\"twitter:data2\" content=\"3 minutes\" \/>\n<script type=\"application\/ld+json\" class=\"yoast-schema-graph\">{\"@context\":\"https:\/\/schema.org\",\"@graph\":[{\"@type\":\"Article\",\"@id\":\"https:\/\/www.artes4.it\/en\/news\/micsathlon-il-talento-del-made-in-italy-per-linnovazione-20-21-febbraio-2025\/#article\",\"isPartOf\":{\"@id\":\"https:\/\/www.artes4.it\/en\/news\/micsathlon-il-talento-del-made-in-italy-per-linnovazione-20-21-febbraio-2025\/\"},\"author\":{\"name\":\"ARTES 4.0\",\"@id\":\"https:\/\/www.artes4.it\/en\/#\/schema\/person\/db3b10851288640cb73ed64b94f94444\"},\"headline\":\"MICSATHLON: Il talento del Made in Italy per l&#8217;innovazione &#8211; 20-21 febbraio 2025\",\"datePublished\":\"2025-01-20T14:56:30+00:00\",\"dateModified\":\"2025-01-24T14:59:21+00:00\",\"mainEntityOfPage\":{\"@id\":\"https:\/\/www.artes4.it\/en\/news\/micsathlon-il-talento-del-made-in-italy-per-linnovazione-20-21-febbraio-2025\/\"},\"wordCount\":481,\"publisher\":{\"@id\":\"https:\/\/www.artes4.it\/en\/#organization\"},\"image\":{\"@id\":\"https:\/\/www.artes4.it\/en\/news\/micsathlon-il-talento-del-made-in-italy-per-linnovazione-20-21-febbraio-2025\/#primaryimage\"},\"thumbnailUrl\":\"https:\/\/www.artes4.it\/wp-content\/uploads\/2025\/01\/Screenshot-2025-01-24-155625.png\",\"articleSection\":[\"News\"],\"inLanguage\":\"en-US\"},{\"@type\":\"WebPage\",\"@id\":\"https:\/\/www.artes4.it\/en\/news\/micsathlon-il-talento-del-made-in-italy-per-linnovazione-20-21-febbraio-2025\/\",\"url\":\"https:\/\/www.artes4.it\/en\/news\/micsathlon-il-talento-del-made-in-italy-per-linnovazione-20-21-febbraio-2025\/\",\"name\":\"MICSATHLON: Il talento del Made in Italy per l'innovazione - 20-21 febbraio 2025 - Artes 4.0\",\"isPartOf\":{\"@id\":\"https:\/\/www.artes4.it\/en\/#website\"},\"primaryImageOfPage\":{\"@id\":\"https:\/\/www.artes4.it\/en\/news\/micsathlon-il-talento-del-made-in-italy-per-linnovazione-20-21-febbraio-2025\/#primaryimage\"},\"image\":{\"@id\":\"https:\/\/www.artes4.it\/en\/news\/micsathlon-il-talento-del-made-in-italy-per-linnovazione-20-21-febbraio-2025\/#primaryimage\"},\"thumbnailUrl\":\"https:\/\/www.artes4.it\/wp-content\/uploads\/2025\/01\/Screenshot-2025-01-24-155625.png\",\"datePublished\":\"2025-01-20T14:56:30+00:00\",\"dateModified\":\"2025-01-24T14:59:21+00:00\",\"description\":\"MICSathlon porr\u00e0 all\u2019attenzione dei\u00a0giovani ricercatori\u00a0del Partenariato le sfide di innovazione, circolarit\u00e0 e sostenibilit\u00e0\",\"breadcrumb\":{\"@id\":\"https:\/\/www.artes4.it\/en\/news\/micsathlon-il-talento-del-made-in-italy-per-linnovazione-20-21-febbraio-2025\/#breadcrumb\"},\"inLanguage\":\"en-US\",\"potentialAction\":[{\"@type\":\"ReadAction\",\"target\":[\"https:\/\/www.artes4.it\/en\/news\/micsathlon-il-talento-del-made-in-italy-per-linnovazione-20-21-febbraio-2025\/\"]}]},{\"@type\":\"ImageObject\",\"inLanguage\":\"en-US\",\"@id\":\"https:\/\/www.artes4.it\/en\/news\/micsathlon-il-talento-del-made-in-italy-per-linnovazione-20-21-febbraio-2025\/#primaryimage\",\"url\":\"https:\/\/www.artes4.it\/wp-content\/uploads\/2025\/01\/Screenshot-2025-01-24-155625.png\",\"contentUrl\":\"https:\/\/www.artes4.it\/wp-content\/uploads\/2025\/01\/Screenshot-2025-01-24-155625.png\",\"width\":1888,\"height\":930,\"caption\":\"MICSATHLON\"},{\"@type\":\"BreadcrumbList\",\"@id\":\"https:\/\/www.artes4.it\/en\/news\/micsathlon-il-talento-del-made-in-italy-per-linnovazione-20-21-febbraio-2025\/#breadcrumb\",\"itemListElement\":[{\"@type\":\"ListItem\",\"position\":1,\"name\":\"Home\",\"item\":\"https:\/\/www.artes4.it\/en\/\"},{\"@type\":\"ListItem\",\"position\":2,\"name\":\"MICSATHLON: Il talento del Made in Italy per l&#8217;innovazione &#8211; 20-21 febbraio 2025\"}]},{\"@type\":\"WebSite\",\"@id\":\"https:\/\/www.artes4.it\/en\/#website\",\"url\":\"https:\/\/www.artes4.it\/en\/\",\"name\":\"Artes 4.0\",\"description\":\"\",\"publisher\":{\"@id\":\"https:\/\/www.artes4.it\/en\/#organization\"},\"potentialAction\":[{\"@type\":\"SearchAction\",\"target\":{\"@type\":\"EntryPoint\",\"urlTemplate\":\"https:\/\/www.artes4.it\/en\/?s={search_term_string}\"},\"query-input\":{\"@type\":\"PropertyValueSpecification\",\"valueRequired\":true,\"valueName\":\"search_term_string\"}}],\"inLanguage\":\"en-US\"},{\"@type\":\"Organization\",\"@id\":\"https:\/\/www.artes4.it\/en\/#organization\",\"name\":\"Artes 4.0\",\"url\":\"https:\/\/www.artes4.it\/en\/\",\"logo\":{\"@type\":\"ImageObject\",\"inLanguage\":\"en-US\",\"@id\":\"https:\/\/www.artes4.it\/en\/#\/schema\/logo\/image\/\",\"url\":\"https:\/\/www.artes4.it\/wp-content\/uploads\/2024\/01\/logo_artes_white.jpeg\",\"contentUrl\":\"https:\/\/www.artes4.it\/wp-content\/uploads\/2024\/01\/logo_artes_white.jpeg\",\"width\":462,\"height\":171,\"caption\":\"Artes 4.0\"},\"image\":{\"@id\":\"https:\/\/www.artes4.it\/en\/#\/schema\/logo\/image\/\"},\"sameAs\":[\"https:\/\/www.linkedin.com\/company\/associazione-artes-4-0\/posts\/?feedView=all\"]},{\"@type\":\"Person\",\"@id\":\"https:\/\/www.artes4.it\/en\/#\/schema\/person\/db3b10851288640cb73ed64b94f94444\",\"name\":\"ARTES 4.0\",\"image\":{\"@type\":\"ImageObject\",\"inLanguage\":\"en-US\",\"@id\":\"https:\/\/www.artes4.it\/en\/#\/schema\/person\/image\/\",\"url\":\"https:\/\/www.artes4.it\/wp-content\/uploads\/2024\/01\/Logo-ARTES4.0-1-96x96.png\",\"contentUrl\":\"https:\/\/www.artes4.it\/wp-content\/uploads\/2024\/01\/Logo-ARTES4.0-1-96x96.png\",\"caption\":\"ARTES 4.0\"},\"url\":\"https:\/\/www.artes4.it\/en\/author\/artes-4-0artes4-it\/\"}]}<\/script>\n<!-- \/ Yoast SEO Premium plugin. -->","yoast_head_json":{"title":"MICSATHLON: Il talento del Made in Italy per l'innovazione - 20-21 febbraio 2025 - Artes 4.0","description":"MICSathlon porr\u00e0 all\u2019attenzione dei\u00a0giovani ricercatori\u00a0del Partenariato le sfide di innovazione, circolarit\u00e0 e sostenibilit\u00e0","robots":{"index":"index","follow":"follow","max-snippet":"max-snippet:-1","max-image-preview":"max-image-preview:large","max-video-preview":"max-video-preview:-1"},"canonical":"https:\/\/www.artes4.it\/en\/news\/micsathlon-il-talento-del-made-in-italy-per-linnovazione-20-21-febbraio-2025\/","og_locale":"en_US","og_type":"article","og_title":"MICSATHLON: Il talento del Made in Italy per l'innovazione - 20-21 febbraio 2025","og_description":"MICSathlon porr\u00e0 all\u2019attenzione dei\u00a0giovani ricercatori\u00a0del Partenariato le sfide di innovazione, circolarit\u00e0 e sostenibilit\u00e0","og_url":"https:\/\/www.artes4.it\/en\/news\/micsathlon-il-talento-del-made-in-italy-per-linnovazione-20-21-febbraio-2025\/","og_site_name":"Artes 4.0","article_published_time":"2025-01-20T14:56:30+00:00","article_modified_time":"2025-01-24T14:59:21+00:00","og_image":[{"width":1888,"height":930,"url":"https:\/\/www.artes4.it\/wp-content\/uploads\/2025\/01\/Screenshot-2025-01-24-155625.png","type":"image\/png"}],"author":"ARTES 4.0","twitter_card":"summary_large_image","twitter_misc":{"Written by":"ARTES 4.0","Est. reading time":"3 minutes"},"schema":{"@context":"https:\/\/schema.org","@graph":[{"@type":"Article","@id":"https:\/\/www.artes4.it\/en\/news\/micsathlon-il-talento-del-made-in-italy-per-linnovazione-20-21-febbraio-2025\/#article","isPartOf":{"@id":"https:\/\/www.artes4.it\/en\/news\/micsathlon-il-talento-del-made-in-italy-per-linnovazione-20-21-febbraio-2025\/"},"author":{"name":"ARTES 4.0","@id":"https:\/\/www.artes4.it\/en\/#\/schema\/person\/db3b10851288640cb73ed64b94f94444"},"headline":"MICSATHLON: Il talento del Made in Italy per l&#8217;innovazione &#8211; 20-21 febbraio 2025","datePublished":"2025-01-20T14:56:30+00:00","dateModified":"2025-01-24T14:59:21+00:00","mainEntityOfPage":{"@id":"https:\/\/www.artes4.it\/en\/news\/micsathlon-il-talento-del-made-in-italy-per-linnovazione-20-21-febbraio-2025\/"},"wordCount":481,"publisher":{"@id":"https:\/\/www.artes4.it\/en\/#organization"},"image":{"@id":"https:\/\/www.artes4.it\/en\/news\/micsathlon-il-talento-del-made-in-italy-per-linnovazione-20-21-febbraio-2025\/#primaryimage"},"thumbnailUrl":"https:\/\/www.artes4.it\/wp-content\/uploads\/2025\/01\/Screenshot-2025-01-24-155625.png","articleSection":["News"],"inLanguage":"en-US"},{"@type":"WebPage","@id":"https:\/\/www.artes4.it\/en\/news\/micsathlon-il-talento-del-made-in-italy-per-linnovazione-20-21-febbraio-2025\/","url":"https:\/\/www.artes4.it\/en\/news\/micsathlon-il-talento-del-made-in-italy-per-linnovazione-20-21-febbraio-2025\/","name":"MICSATHLON: Il talento del Made in Italy per l'innovazione - 20-21 febbraio 2025 - Artes 4.0","isPartOf":{"@id":"https:\/\/www.artes4.it\/en\/#website"},"primaryImageOfPage":{"@id":"https:\/\/www.artes4.it\/en\/news\/micsathlon-il-talento-del-made-in-italy-per-linnovazione-20-21-febbraio-2025\/#primaryimage"},"image":{"@id":"https:\/\/www.artes4.it\/en\/news\/micsathlon-il-talento-del-made-in-italy-per-linnovazione-20-21-febbraio-2025\/#primaryimage"},"thumbnailUrl":"https:\/\/www.artes4.it\/wp-content\/uploads\/2025\/01\/Screenshot-2025-01-24-155625.png","datePublished":"2025-01-20T14:56:30+00:00","dateModified":"2025-01-24T14:59:21+00:00","description":"MICSathlon porr\u00e0 all\u2019attenzione dei\u00a0giovani ricercatori\u00a0del Partenariato le sfide di innovazione, circolarit\u00e0 e sostenibilit\u00e0","breadcrumb":{"@id":"https:\/\/www.artes4.it\/en\/news\/micsathlon-il-talento-del-made-in-italy-per-linnovazione-20-21-febbraio-2025\/#breadcrumb"},"inLanguage":"en-US","potentialAction":[{"@type":"ReadAction","target":["https:\/\/www.artes4.it\/en\/news\/micsathlon-il-talento-del-made-in-italy-per-linnovazione-20-21-febbraio-2025\/"]}]},{"@type":"ImageObject","inLanguage":"en-US","@id":"https:\/\/www.artes4.it\/en\/news\/micsathlon-il-talento-del-made-in-italy-per-linnovazione-20-21-febbraio-2025\/#primaryimage","url":"https:\/\/www.artes4.it\/wp-content\/uploads\/2025\/01\/Screenshot-2025-01-24-155625.png","contentUrl":"https:\/\/www.artes4.it\/wp-content\/uploads\/2025\/01\/Screenshot-2025-01-24-155625.png","width":1888,"height":930,"caption":"MICSATHLON"},{"@type":"BreadcrumbList","@id":"https:\/\/www.artes4.it\/en\/news\/micsathlon-il-talento-del-made-in-italy-per-linnovazione-20-21-febbraio-2025\/#breadcrumb","itemListElement":[{"@type":"ListItem","position":1,"name":"Home","item":"https:\/\/www.artes4.it\/en\/"},{"@type":"ListItem","position":2,"name":"MICSATHLON: Il talento del Made in Italy per l&#8217;innovazione &#8211; 20-21 febbraio 2025"}]},{"@type":"WebSite","@id":"https:\/\/www.artes4.it\/en\/#website","url":"https:\/\/www.artes4.it\/en\/","name":"Artes 4.0","description":"","publisher":{"@id":"https:\/\/www.artes4.it\/en\/#organization"},"potentialAction":[{"@type":"SearchAction","target":{"@type":"EntryPoint","urlTemplate":"https:\/\/www.artes4.it\/en\/?s={search_term_string}"},"query-input":{"@type":"PropertyValueSpecification","valueRequired":true,"valueName":"search_term_string"}}],"inLanguage":"en-US"},{"@type":"Organization","@id":"https:\/\/www.artes4.it\/en\/#organization","name":"Artes 4.0","url":"https:\/\/www.artes4.it\/en\/","logo":{"@type":"ImageObject","inLanguage":"en-US","@id":"https:\/\/www.artes4.it\/en\/#\/schema\/logo\/image\/","url":"https:\/\/www.artes4.it\/wp-content\/uploads\/2024\/01\/logo_artes_white.jpeg","contentUrl":"https:\/\/www.artes4.it\/wp-content\/uploads\/2024\/01\/logo_artes_white.jpeg","width":462,"height":171,"caption":"Artes 4.0"},"image":{"@id":"https:\/\/www.artes4.it\/en\/#\/schema\/logo\/image\/"},"sameAs":["https:\/\/www.linkedin.com\/company\/associazione-artes-4-0\/posts\/?feedView=all"]},{"@type":"Person","@id":"https:\/\/www.artes4.it\/en\/#\/schema\/person\/db3b10851288640cb73ed64b94f94444","name":"ARTES 4.0","image":{"@type":"ImageObject","inLanguage":"en-US","@id":"https:\/\/www.artes4.it\/en\/#\/schema\/person\/image\/","url":"https:\/\/www.artes4.it\/wp-content\/uploads\/2024\/01\/Logo-ARTES4.0-1-96x96.png","contentUrl":"https:\/\/www.artes4.it\/wp-content\/uploads\/2024\/01\/Logo-ARTES4.0-1-96x96.png","caption":"ARTES 4.0"},"url":"https:\/\/www.artes4.it\/en\/author\/artes-4-0artes4-it\/"}]}},"_links":{"self":[{"href":"https:\/\/www.artes4.it\/en\/wp-json\/wp\/v2\/posts\/6147","targetHints":{"allow":["GET"]}}],"collection":[{"href":"https:\/\/www.artes4.it\/en\/wp-json\/wp\/v2\/posts"}],"about":[{"href":"https:\/\/www.artes4.it\/en\/wp-json\/wp\/v2\/types\/post"}],"author":[{"embeddable":true,"href":"https:\/\/www.artes4.it\/en\/wp-json\/wp\/v2\/users\/21"}],"replies":[{"embeddable":true,"href":"https:\/\/www.artes4.it\/en\/wp-json\/wp\/v2\/comments?post=6147"}],"version-history":[{"count":1,"href":"https:\/\/www.artes4.it\/en\/wp-json\/wp\/v2\/posts\/6147\/revisions"}],"predecessor-version":[{"id":6150,"href":"https:\/\/www.artes4.it\/en\/wp-json\/wp\/v2\/posts\/6147\/revisions\/6150"}],"wp:featuredmedia":[{"embeddable":true,"href":"https:\/\/www.artes4.it\/en\/wp-json\/wp\/v2\/media\/6148"}],"wp:attachment":[{"href":"https:\/\/www.artes4.it\/en\/wp-json\/wp\/v2\/media?parent=6147"}],"wp:term":[{"taxonomy":"category","embeddable":true,"href":"https:\/\/www.artes4.it\/en\/wp-json\/wp\/v2\/categories?post=6147"},{"taxonomy":"post_tag","embeddable":true,"href":"https:\/\/www.artes4.it\/en\/wp-json\/wp\/v2\/tags?post=6147"},{"taxonomy":"anno_doc","embeddable":true,"href":"https:\/\/www.artes4.it\/en\/wp-json\/wp\/v2\/anno_doc?post=6147"}],"curies":[{"name":"wp","href":"https:\/\/api.w.org\/{rel}","templated":true}]}}