{"id":7625,"date":"2025-09-18T15:16:32","date_gmt":"2025-09-18T13:16:32","guid":{"rendered":"https:\/\/www.artes4.it\/?p=7625"},"modified":"2025-09-18T15:16:32","modified_gmt":"2025-09-18T13:16:32","slug":"cinque-tavoli-ununica-rotta-la-parita-di-genere-diventa-metodo-il-think-tank","status":"publish","type":"post","link":"https:\/\/www.artes4.it\/en\/news\/cinque-tavoli-ununica-rotta-la-parita-di-genere-diventa-metodo-il-think-tank\/","title":{"rendered":"Cinque tavoli, un&#8217;unica rotta: la parit\u00e0 di genere diventa metodo | Il Think Tank"},"content":{"rendered":"<p>Ci sono ancora le locandine tiepide di stampa quando <strong>le porte del FIRST LAB nella sede di Novoli dell\u2019Universit\u00e0 di Firenze<\/strong> si aprono per lasciare entrare un mosaico di voci: componenti dell\u2019Advisory Board di ARTES4WOMEN, socie e soci di ARTES 4.0, stakeholder che si salutano per nome perch\u00e9 qui l\u2019autorevolezza si misura con i contenuti.<\/p>\n<p>Le postazioni gi\u00e0 allineate e i laptop ancora chiusi disegnano una promessa di lavoro. Poi un gesto quasi coreografico: alla prima chiamata si accendono i computer sui tavoli e lo schermo bianco diventa il terreno comune dove scrivere la giornata. Un Think Tank \u201callargato\u201d a coronamento del primo anno di <strong>ARTES4WOMEN<\/strong>, il gruppo di lavoro del Centro di Competenza ARTES 4.0 dedicato alla parit\u00e0 di genere, ma soprattutto l\u2019inizio di un\u2019agenda che si fa operativa.<\/p>\n<p><a href=\"https:\/\/www.artes4.it\/wp-content\/uploads\/2025\/09\/DSC06641-scaled.jpg\"><img fetchpriority=\"high\" decoding=\"async\" class=\"alignleft size-full wp-image-7628\" src=\"https:\/\/www.artes4.it\/wp-content\/uploads\/2025\/09\/DSC06641-scaled.jpg\" alt=\"\" width=\"1707\" height=\"2560\" srcset=\"https:\/\/www.artes4.it\/wp-content\/uploads\/2025\/09\/DSC06641-scaled.jpg 1707w, https:\/\/www.artes4.it\/wp-content\/uploads\/2025\/09\/DSC06641-200x300.jpg 200w, https:\/\/www.artes4.it\/wp-content\/uploads\/2025\/09\/DSC06641-683x1024.jpg 683w, https:\/\/www.artes4.it\/wp-content\/uploads\/2025\/09\/DSC06641-768x1152.jpg 768w, https:\/\/www.artes4.it\/wp-content\/uploads\/2025\/09\/DSC06641-1024x1536.jpg 1024w, https:\/\/www.artes4.it\/wp-content\/uploads\/2025\/09\/DSC06641-1365x2048.jpg 1365w\" sizes=\"(max-width: 1707px) 100vw, 1707px\" \/><\/a><\/p>\n<h2>I tavoli si aprono, il metodo prima dei contenuti<\/h2>\n<p>La sala si divide senza mai frammentarsi. I presenti confluiscono nei cinque tavoli dopo una breve revisione della loro organizzazione. Il gruppo sull\u2019<strong>equit\u00e0 salariale<\/strong> mette in fila definizioni e fonti sottolineando l\u2019urgenza di colmare la nebbia dei dati con raccolte strutturate, anonimizzate, leggibili.<\/p>\n<p>Il tono \u00e8 concreto: si parla di dashboard, KPI, regressioni e di come trasformare numeri in scelte di gestione, con un occhio alla <strong>Direttiva UE sulla trasparenza retributiva<\/strong> e alle sue scadenze di recepimento. Le parole monitoraggio, valutazione congiunta, audit retributivo smettono di essere tecnicismi e diventano strumenti per riequilibrare leve di carriera e retribuzione.<\/p>\n<h3>Pausa pranzo senza pausa, il dibattito continua<\/h3>\n<p>Il catering arriva come un intermezzo, ma nessuno stacca davvero. I confronti proseguono tra un trancio di schiacciata e un primo piatto, tra un caff\u00e8 e una domanda: cosa vuol dire per una donna carriera e cosa vuol dire leadership se liberiamo lo sguardo dagli schemi ereditati?<\/p>\n<p>Sul tema dell\u2019<strong>accesso alle carriere e della leadership femminile <\/strong>si parla di <strong>stili diversi<\/strong>, di riconoscimento e rispetto come pratica quotidiana, di indicatori che misurino ci\u00f2 che conta davvero per le persone e non solo per i bilanci, di come trasformare la stanchezza in agio e il cambiamento incrementale in cambio di sguardo. La riflessione abbraccia ostacoli interni &#8211; la sindrome dell\u2019impostora che toglie voce &#8211; ed esterni, tra metriche cieche e stereotipi persistenti. La conclusione informale \u00e8 gi\u00e0 un mandato: definire nuovi sistemi di valutazione e creare agio nei contesti di lavoro, dalla scuola alle imprese.<\/p>\n<p><a href=\"https:\/\/www.artes4.it\/wp-content\/uploads\/2025\/09\/DSC06750-scaled.jpg\"><img decoding=\"async\" class=\"alignleft wp-image-7630 size-medium\" src=\"https:\/\/www.artes4.it\/wp-content\/uploads\/2025\/09\/DSC06750-300x200.jpg\" alt=\"\" width=\"300\" height=\"200\" srcset=\"https:\/\/www.artes4.it\/wp-content\/uploads\/2025\/09\/DSC06750-300x200.jpg 300w, https:\/\/www.artes4.it\/wp-content\/uploads\/2025\/09\/DSC06750-1024x683.jpg 1024w, https:\/\/www.artes4.it\/wp-content\/uploads\/2025\/09\/DSC06750-768x512.jpg 768w, https:\/\/www.artes4.it\/wp-content\/uploads\/2025\/09\/DSC06750-1536x1024.jpg 1536w, https:\/\/www.artes4.it\/wp-content\/uploads\/2025\/09\/DSC06750-2048x1365.jpg 2048w\" sizes=\"(max-width: 300px) 100vw, 300px\" \/><\/a><\/p>\n<h2><a href=\"https:\/\/www.artes4.it\/wp-content\/uploads\/2025\/09\/DSC06760-scaled.jpg\"><img decoding=\"async\" class=\"alignleft wp-image-7632 size-medium\" src=\"https:\/\/www.artes4.it\/wp-content\/uploads\/2025\/09\/DSC06760-300x200.jpg\" alt=\"\" width=\"300\" height=\"200\" srcset=\"https:\/\/www.artes4.it\/wp-content\/uploads\/2025\/09\/DSC06760-300x200.jpg 300w, https:\/\/www.artes4.it\/wp-content\/uploads\/2025\/09\/DSC06760-1024x683.jpg 1024w, https:\/\/www.artes4.it\/wp-content\/uploads\/2025\/09\/DSC06760-768x512.jpg 768w, https:\/\/www.artes4.it\/wp-content\/uploads\/2025\/09\/DSC06760-1536x1024.jpg 1536w, https:\/\/www.artes4.it\/wp-content\/uploads\/2025\/09\/DSC06760-2048x1365.jpg 2048w\" sizes=\"(max-width: 300px) 100vw, 300px\" \/><\/a><a href=\"https:\/\/www.artes4.it\/wp-content\/uploads\/2025\/09\/DSC06766-scaled.jpg\"><img loading=\"lazy\" decoding=\"async\" class=\"alignleft size-medium wp-image-7634\" src=\"https:\/\/www.artes4.it\/wp-content\/uploads\/2025\/09\/DSC06766-300x200.jpg\" alt=\"\" width=\"300\" height=\"200\" srcset=\"https:\/\/www.artes4.it\/wp-content\/uploads\/2025\/09\/DSC06766-300x200.jpg 300w, https:\/\/www.artes4.it\/wp-content\/uploads\/2025\/09\/DSC06766-1024x683.jpg 1024w, https:\/\/www.artes4.it\/wp-content\/uploads\/2025\/09\/DSC06766-768x512.jpg 768w, https:\/\/www.artes4.it\/wp-content\/uploads\/2025\/09\/DSC06766-1536x1024.jpg 1536w, https:\/\/www.artes4.it\/wp-content\/uploads\/2025\/09\/DSC06766-2048x1365.jpg 2048w\" sizes=\"(max-width: 300px) 100vw, 300px\" \/><\/a><\/h2>\n<h2><\/h2>\n<h2><\/h2>\n<h2><\/h2>\n<h2>\n<p>Empowerment scientifico e tecnologico, la rotta dei dati<\/h2>\n<p>Il tavolo sull\u2019<strong>empowerment scientifico e tecnologico <\/strong>porta in dote una bussola fatta di numeri e di prassi. Si ragiona su come <strong>quantificare il gap ai livelli alti della formazione<\/strong>, su quali benefici economici e culturali derivino da team realmente misti, su che cosa freni l\u2019accesso e la permanenza delle donne nei percorsi scientifici: bias consapevoli e inconsci, ambienti di lavoro inadatti, carichi familiari sbilanciati, differenze territoriali.<\/p>\n<p>Dalla discussione nascono impegni concreti: un position paper, una revisione sistematica della letteratura, network operativi in seno ad ARTES 4.0, coaching e mentorship mirati, fino all\u2019idea di una piattaforma di dati che sostenga policy gender-inclusive e progetti pilota, agganciando SDG 5 e traiettorie di sostenibilit\u00e0. L\u2019assioma operativo \u00e8 limpido: <strong>Women empowered by empowered women.<\/strong><\/p>\n<h2>Certificazioni di genere, dal bollino al mindset<\/h2>\n<p>Nel tavolo dedicato alle certificazioni di genere, la conversazione scardina un equivoco ricorrente: <strong>la UNI\/PdR 125 non \u00e8 un bollino, \u00e8 un cambio di mentalit\u00e0<\/strong>. Vengono messi a terra vantaggi e inciampi, incentivi e resistenze, soprattutto per le PMI, chiamate a trasformare la parit\u00e0 in strategia aziendale e non in adempimento.<\/p>\n<p>Si parte dai numeri &#8211; <strong>8.194 organizzazioni certificate al 31 marzo 2025<\/strong>, con Lombardia, Lazio e Campania in testa &#8211; e si arriva agli strumenti: checklist gratuite, audit interni, premialit\u00e0 negli appalti, fondi dedicati, trasparenza nei dati e formazione sui bias lungo tutta la catena del valore. Obiettivo: integrare la parit\u00e0 nei processi, allineando ci\u00f2 che le imprese rendicontano a ci\u00f2 che davvero cambia la vita delle persone.<\/p>\n<p>&nbsp;<\/p>\n<h2>Cultura digitale dell\u2019equit\u00e0, riprogrammare l\u2019immaginario<\/h2>\n<p>C\u2019\u00e8 un passaggio, in questa giornata, in cui la <strong>tecnologia<\/strong> smette di essere sfondo e diventa personaggio. Il tavolo sulla cultura digitale dell\u2019equit\u00e0 incastra dati e visioni: poche ragazze italiane laureate in STEM rispetto ai coetanei, carichi di cura non retribuita che gravano soprattutto sulle donne, part-time involontari, inattivit\u00e0 forzata e tassi di occupazione distanti.<\/p>\n<p>La domanda non \u00e8 pi\u00f9 se la tecnologia possa aiutare, ma come: formazione obbligatoria su bias per chi programma, welfare digitale a sostegno della genitorialit\u00e0, smart working pensato come alleato della parit\u00e0, campagne di comunicazione che parlino dove e come servono, <strong>collaborazioni tra istituzioni, universit\u00e0 e aziende<\/strong> per produrre ricerca e soluzioni insieme, anche nell\u2019ottica di sviluppo di tecnologie robotiche a supporto della conciliazione vita-lavoro delle donne. Nasce anche l\u2019idea di un osservatorio dei dataset per certificare basi dati fair a cui attingere per addestrare l\u2019IA pubblica e privata. La tecnologia, qui, \u00e8 <strong>etica applicata<\/strong>.<\/p>\n<h2>La cura dei risultati, quando le slide pesano quanto i contenuti<\/h2>\n<p>Nel pomeriggio, le restituzioni plenarie hanno il passo di chi sa che la forma \u00e8 sostanza. <strong>La presentazione dei risultati<\/strong> non \u00e8 un mero elenco: \u00e8 il racconto di un metodo condiviso. Le parole chiave tornano come refrain &#8211; trasparenza, metriche, agibilit\u00e0 dei contesti, alleanze &#8211; e si depositano in roadmap che tengono insieme tempi, responsabilit\u00e0 e impatti.<\/p>\n<p><strong>Ogni tavolo consegna<\/strong> <strong>azioni<\/strong>: dai report periodici sul gender pay gap e le valutazioni congiunte dove il divario supera soglie ingiustificate, ai nuovi indicatori di leadership e carriera, dai programmi di mentorship e skill-building nelle STEM, fino a checklist comuni per le certificazioni e hub territoriali di accompagnamento, ARTES4WOMEN ha creato non promesse, ma tracce operative su cui camminare gi\u00e0 domani. Gi\u00e0 oggi. Gi\u00e0 ora.<\/p>\n<p><a href=\"https:\/\/www.artes4.it\/wp-content\/uploads\/2025\/09\/DSC06777-scaled.jpg\"><img loading=\"lazy\" decoding=\"async\" class=\"alignleft size-medium wp-image-7638\" src=\"https:\/\/www.artes4.it\/wp-content\/uploads\/2025\/09\/DSC06777-300x200.jpg\" alt=\"\" width=\"300\" height=\"200\" srcset=\"https:\/\/www.artes4.it\/wp-content\/uploads\/2025\/09\/DSC06777-300x200.jpg 300w, https:\/\/www.artes4.it\/wp-content\/uploads\/2025\/09\/DSC06777-1024x683.jpg 1024w, https:\/\/www.artes4.it\/wp-content\/uploads\/2025\/09\/DSC06777-768x512.jpg 768w, https:\/\/www.artes4.it\/wp-content\/uploads\/2025\/09\/DSC06777-1536x1024.jpg 1536w, https:\/\/www.artes4.it\/wp-content\/uploads\/2025\/09\/DSC06777-2048x1365.jpg 2048w\" sizes=\"(max-width: 300px) 100vw, 300px\" \/><\/a><\/p>\n<p>&nbsp;<\/p>\n<h2><a href=\"https:\/\/www.artes4.it\/wp-content\/uploads\/2025\/09\/DSC06729-scaled.jpg\"><img loading=\"lazy\" decoding=\"async\" class=\"alignleft size-medium wp-image-7640\" src=\"https:\/\/www.artes4.it\/wp-content\/uploads\/2025\/09\/DSC06729-300x200.jpg\" alt=\"\" width=\"300\" height=\"200\" data-wp-editing=\"1\" srcset=\"https:\/\/www.artes4.it\/wp-content\/uploads\/2025\/09\/DSC06729-300x200.jpg 300w, https:\/\/www.artes4.it\/wp-content\/uploads\/2025\/09\/DSC06729-1024x683.jpg 1024w, https:\/\/www.artes4.it\/wp-content\/uploads\/2025\/09\/DSC06729-768x512.jpg 768w, https:\/\/www.artes4.it\/wp-content\/uploads\/2025\/09\/DSC06729-1536x1024.jpg 1536w, https:\/\/www.artes4.it\/wp-content\/uploads\/2025\/09\/DSC06729-2048x1365.jpg 2048w\" sizes=\"(max-width: 300px) 100vw, 300px\" \/><\/a><a href=\"https:\/\/www.artes4.it\/wp-content\/uploads\/2025\/09\/DSC06598-scaled.jpg\"><img loading=\"lazy\" decoding=\"async\" class=\"alignleft size-medium wp-image-7642\" src=\"https:\/\/www.artes4.it\/wp-content\/uploads\/2025\/09\/DSC06598-300x200.jpg\" alt=\"\" width=\"300\" height=\"200\" srcset=\"https:\/\/www.artes4.it\/wp-content\/uploads\/2025\/09\/DSC06598-300x200.jpg 300w, https:\/\/www.artes4.it\/wp-content\/uploads\/2025\/09\/DSC06598-1024x683.jpg 1024w, https:\/\/www.artes4.it\/wp-content\/uploads\/2025\/09\/DSC06598-768x512.jpg 768w, https:\/\/www.artes4.it\/wp-content\/uploads\/2025\/09\/DSC06598-1536x1024.jpg 1536w, https:\/\/www.artes4.it\/wp-content\/uploads\/2025\/09\/DSC06598-2048x1365.jpg 2048w\" sizes=\"(max-width: 300px) 100vw, 300px\" \/><\/a><\/p>\n<p>Tre universit\u00e0 (Firenze, Pisa, Siena), un\u2019unica scena<\/h2>\n<p>C\u2019\u00e8 un dettaglio che colpisce chi guarda la sala da fondo: <strong>tre universit\u00e0 toscane <\/strong>presenti, insieme, nel medesimo perimetro di lavoro, tra professionalit\u00e0 in economia, fisica, legge, formazione e consulenti d\u2019impresa. \u00c8 una <strong>geografia della collaborazione<\/strong> che non si ferma ai loghi sulle slide; si riconosce nelle voci, nei riferimenti, nelle reti che si intrecciano.<\/p>\n<p>\u00c8 qui che la parola ecosistema smette di essere moda e torna metodo: accademia, imprese, istituzioni nello stesso respiro, con ARTES 4.0 a fare da cerniera tra i mondi e ARTES4WOMEN da collettore di esperienze, competenze, azioni sul tema della parit\u00e0 di genere.<\/p>\n<h2>La chiusura che apre: dall\u2019evento al cantiere<\/h2>\n<p>Quando i laptop si spengono, restano <strong>pagine di appunti<\/strong> e <strong>file condivisi<\/strong>, restano contatti e prossime riunioni, restano azioni che hanno gi\u00e0 un perimetro. ARTES4WOMEN esce dal Think Tank con una traccia operativa che guider\u00e0 i prossimi mesi: audit e reporting sull\u2019equit\u00e0 retributiva con metriche condivise, nuovi indicatori per l\u2019accesso alle carriere e la leadership, programmi strutturati di empowerment scientifico e tecnologico, percorsi accompagnati verso la certificazione di genere, iniziative culturali e digitali per riprogrammare l\u2019immaginario.<\/p>\n<p>Equit\u00e0 salariale, accesso e leadership, empowerment STEM, certificazioni, cultura digitale dell\u2019equit\u00e0: cinque cardini che oggi hanno trovato linguaggio, strumenti, alleanze. Un Think Tank che \u00e8 l\u2019avvio di un <strong>cantiere permanente<\/strong> di ARTES 4.0.<\/p>\n<p><a href=\"https:\/\/www.artes4.it\/wp-content\/uploads\/2025\/09\/DSC06705-scaled.jpg\"><img loading=\"lazy\" decoding=\"async\" class=\"alignleft size-full wp-image-7626\" src=\"https:\/\/www.artes4.it\/wp-content\/uploads\/2025\/09\/DSC06705-scaled.jpg\" alt=\"Think Tank A4W\" width=\"2560\" height=\"1707\" srcset=\"https:\/\/www.artes4.it\/wp-content\/uploads\/2025\/09\/DSC06705-scaled.jpg 2560w, https:\/\/www.artes4.it\/wp-content\/uploads\/2025\/09\/DSC06705-300x200.jpg 300w, https:\/\/www.artes4.it\/wp-content\/uploads\/2025\/09\/DSC06705-1024x683.jpg 1024w, https:\/\/www.artes4.it\/wp-content\/uploads\/2025\/09\/DSC06705-768x512.jpg 768w, https:\/\/www.artes4.it\/wp-content\/uploads\/2025\/09\/DSC06705-1536x1024.jpg 1536w, https:\/\/www.artes4.it\/wp-content\/uploads\/2025\/09\/DSC06705-2048x1365.jpg 2048w\" sizes=\"(max-width: 2560px) 100vw, 2560px\" \/><\/a><\/p>\n","protected":false},"excerpt":{"rendered":"<p>Ci sono ancora le locandine tiepide di stampa quando le porte del FIRST LAB nella sede di Novoli dell\u2019Universit\u00e0 di Firenze si aprono per lasciare entrare un mosaico di voci: componenti dell\u2019Advisory Board di ARTES4WOMEN, socie e soci di ARTES 4.0, stakeholder che si salutano per nome perch\u00e9 qui l\u2019autorevolezza si misura con i contenuti. [&hellip;]<\/p>\n","protected":false},"author":57,"featured_media":7626,"comment_status":"closed","ping_status":"closed","sticky":false,"template":"","format":"standard","meta":{"_acf_changed":false,"footnotes":""},"categories":[1],"tags":[93],"anno_doc":[255],"class_list":["post-7625","post","type-post","status-publish","format-standard","has-post-thumbnail","hentry","category-news","tag-news-ed-eventi","anno_doc-255"],"acf":[],"yoast_head":"<!-- This site is optimized with the Yoast SEO Premium plugin v22.8 (Yoast SEO v25.8) - https:\/\/yoast.com\/wordpress\/plugins\/seo\/ -->\n<title>Cinque tavoli, un&#039;unica rotta: la parit\u00e0 di genere diventa metodo | Il Think Tank - Artes 4.0<\/title>\n<meta name=\"description\" content=\"Un Think Tank \u201callargato\u201d a coronamento del primo anno di ARTES4WOMEN, il gruppo di lavoro di ARTES 4.0 dedicato alla parit\u00e0 di genere\" \/>\n<meta name=\"robots\" content=\"index, follow, max-snippet:-1, max-image-preview:large, max-video-preview:-1\" \/>\n<link rel=\"canonical\" href=\"https:\/\/www.artes4.it\/en\/news\/cinque-tavoli-ununica-rotta-la-parita-di-genere-diventa-metodo-il-think-tank\/\" \/>\n<meta property=\"og:locale\" content=\"en_US\" \/>\n<meta property=\"og:type\" content=\"article\" \/>\n<meta property=\"og:title\" content=\"Cinque tavoli, un&#039;unica rotta: la parit\u00e0 di genere diventa metodo | Il Think Tank\" \/>\n<meta property=\"og:description\" content=\"Un Think Tank \u201callargato\u201d a coronamento del primo anno di ARTES4WOMEN, il gruppo di lavoro di ARTES 4.0 dedicato alla parit\u00e0 di genere\" \/>\n<meta property=\"og:url\" content=\"https:\/\/www.artes4.it\/en\/news\/cinque-tavoli-ununica-rotta-la-parita-di-genere-diventa-metodo-il-think-tank\/\" \/>\n<meta property=\"og:site_name\" content=\"Artes 4.0\" \/>\n<meta property=\"article:published_time\" content=\"2025-09-18T13:16:32+00:00\" \/>\n<meta property=\"og:image\" content=\"https:\/\/www.artes4.it\/wp-content\/uploads\/2025\/09\/DSC06705-scaled.jpg\" \/>\n\t<meta property=\"og:image:width\" content=\"2560\" \/>\n\t<meta property=\"og:image:height\" content=\"1707\" \/>\n\t<meta property=\"og:image:type\" content=\"image\/jpeg\" \/>\n<meta name=\"author\" content=\"Fabio Lepre\" \/>\n<meta name=\"twitter:card\" content=\"summary_large_image\" \/>\n<meta name=\"twitter:label1\" content=\"Written by\" \/>\n\t<meta name=\"twitter:data1\" content=\"Fabio Lepre\" \/>\n\t<meta name=\"twitter:label2\" content=\"Est. reading time\" \/>\n\t<meta name=\"twitter:data2\" content=\"8 minutes\" \/>\n<script type=\"application\/ld+json\" class=\"yoast-schema-graph\">{\"@context\":\"https:\/\/schema.org\",\"@graph\":[{\"@type\":\"Article\",\"@id\":\"https:\/\/www.artes4.it\/en\/news\/cinque-tavoli-ununica-rotta-la-parita-di-genere-diventa-metodo-il-think-tank\/#article\",\"isPartOf\":{\"@id\":\"https:\/\/www.artes4.it\/en\/news\/cinque-tavoli-ununica-rotta-la-parita-di-genere-diventa-metodo-il-think-tank\/\"},\"author\":{\"name\":\"Fabio Lepre\",\"@id\":\"https:\/\/www.artes4.it\/en\/#\/schema\/person\/f8c75937cf818a90fa281c47cdca13ed\"},\"headline\":\"Cinque tavoli, un&#8217;unica rotta: la parit\u00e0 di genere diventa metodo | Il Think Tank\",\"datePublished\":\"2025-09-18T13:16:32+00:00\",\"mainEntityOfPage\":{\"@id\":\"https:\/\/www.artes4.it\/en\/news\/cinque-tavoli-ununica-rotta-la-parita-di-genere-diventa-metodo-il-think-tank\/\"},\"wordCount\":1178,\"publisher\":{\"@id\":\"https:\/\/www.artes4.it\/en\/#organization\"},\"image\":{\"@id\":\"https:\/\/www.artes4.it\/en\/news\/cinque-tavoli-ununica-rotta-la-parita-di-genere-diventa-metodo-il-think-tank\/#primaryimage\"},\"thumbnailUrl\":\"https:\/\/www.artes4.it\/wp-content\/uploads\/2025\/09\/DSC06705-scaled.jpg\",\"keywords\":[\"News ed eventi\"],\"articleSection\":[\"News\"],\"inLanguage\":\"en-US\"},{\"@type\":\"WebPage\",\"@id\":\"https:\/\/www.artes4.it\/en\/news\/cinque-tavoli-ununica-rotta-la-parita-di-genere-diventa-metodo-il-think-tank\/\",\"url\":\"https:\/\/www.artes4.it\/en\/news\/cinque-tavoli-ununica-rotta-la-parita-di-genere-diventa-metodo-il-think-tank\/\",\"name\":\"Cinque tavoli, un'unica rotta: la parit\u00e0 di genere diventa metodo | Il Think Tank - Artes 4.0\",\"isPartOf\":{\"@id\":\"https:\/\/www.artes4.it\/en\/#website\"},\"primaryImageOfPage\":{\"@id\":\"https:\/\/www.artes4.it\/en\/news\/cinque-tavoli-ununica-rotta-la-parita-di-genere-diventa-metodo-il-think-tank\/#primaryimage\"},\"image\":{\"@id\":\"https:\/\/www.artes4.it\/en\/news\/cinque-tavoli-ununica-rotta-la-parita-di-genere-diventa-metodo-il-think-tank\/#primaryimage\"},\"thumbnailUrl\":\"https:\/\/www.artes4.it\/wp-content\/uploads\/2025\/09\/DSC06705-scaled.jpg\",\"datePublished\":\"2025-09-18T13:16:32+00:00\",\"description\":\"Un Think Tank \u201callargato\u201d a coronamento del primo anno di ARTES4WOMEN, il gruppo di lavoro di ARTES 4.0 dedicato alla parit\u00e0 di genere\",\"breadcrumb\":{\"@id\":\"https:\/\/www.artes4.it\/en\/news\/cinque-tavoli-ununica-rotta-la-parita-di-genere-diventa-metodo-il-think-tank\/#breadcrumb\"},\"inLanguage\":\"en-US\",\"potentialAction\":[{\"@type\":\"ReadAction\",\"target\":[\"https:\/\/www.artes4.it\/en\/news\/cinque-tavoli-ununica-rotta-la-parita-di-genere-diventa-metodo-il-think-tank\/\"]}]},{\"@type\":\"ImageObject\",\"inLanguage\":\"en-US\",\"@id\":\"https:\/\/www.artes4.it\/en\/news\/cinque-tavoli-ununica-rotta-la-parita-di-genere-diventa-metodo-il-think-tank\/#primaryimage\",\"url\":\"https:\/\/www.artes4.it\/wp-content\/uploads\/2025\/09\/DSC06705-scaled.jpg\",\"contentUrl\":\"https:\/\/www.artes4.it\/wp-content\/uploads\/2025\/09\/DSC06705-scaled.jpg\",\"width\":2560,\"height\":1707,\"caption\":\"Think Tank A4W\"},{\"@type\":\"BreadcrumbList\",\"@id\":\"https:\/\/www.artes4.it\/en\/news\/cinque-tavoli-ununica-rotta-la-parita-di-genere-diventa-metodo-il-think-tank\/#breadcrumb\",\"itemListElement\":[{\"@type\":\"ListItem\",\"position\":1,\"name\":\"Home\",\"item\":\"https:\/\/www.artes4.it\/en\/\"},{\"@type\":\"ListItem\",\"position\":2,\"name\":\"Cinque tavoli, un&#8217;unica rotta: la parit\u00e0 di genere diventa metodo | Il Think Tank\"}]},{\"@type\":\"WebSite\",\"@id\":\"https:\/\/www.artes4.it\/en\/#website\",\"url\":\"https:\/\/www.artes4.it\/en\/\",\"name\":\"Artes 4.0\",\"description\":\"\",\"publisher\":{\"@id\":\"https:\/\/www.artes4.it\/en\/#organization\"},\"potentialAction\":[{\"@type\":\"SearchAction\",\"target\":{\"@type\":\"EntryPoint\",\"urlTemplate\":\"https:\/\/www.artes4.it\/en\/?s={search_term_string}\"},\"query-input\":{\"@type\":\"PropertyValueSpecification\",\"valueRequired\":true,\"valueName\":\"search_term_string\"}}],\"inLanguage\":\"en-US\"},{\"@type\":\"Organization\",\"@id\":\"https:\/\/www.artes4.it\/en\/#organization\",\"name\":\"Artes 4.0\",\"url\":\"https:\/\/www.artes4.it\/en\/\",\"logo\":{\"@type\":\"ImageObject\",\"inLanguage\":\"en-US\",\"@id\":\"https:\/\/www.artes4.it\/en\/#\/schema\/logo\/image\/\",\"url\":\"https:\/\/www.artes4.it\/wp-content\/uploads\/2024\/01\/logo_artes_white.jpeg\",\"contentUrl\":\"https:\/\/www.artes4.it\/wp-content\/uploads\/2024\/01\/logo_artes_white.jpeg\",\"width\":462,\"height\":171,\"caption\":\"Artes 4.0\"},\"image\":{\"@id\":\"https:\/\/www.artes4.it\/en\/#\/schema\/logo\/image\/\"},\"sameAs\":[\"https:\/\/www.linkedin.com\/company\/associazione-artes-4-0\/posts\/?feedView=all\"]},{\"@type\":\"Person\",\"@id\":\"https:\/\/www.artes4.it\/en\/#\/schema\/person\/f8c75937cf818a90fa281c47cdca13ed\",\"name\":\"Fabio Lepre\",\"image\":{\"@type\":\"ImageObject\",\"inLanguage\":\"en-US\",\"@id\":\"https:\/\/www.artes4.it\/en\/#\/schema\/person\/image\/\",\"url\":\"https:\/\/secure.gravatar.com\/avatar\/d6f71489415f50c68a891e9253e1f2fbf05216486f4a26984f2c7e461c149877?s=96&d=mm&r=g\",\"contentUrl\":\"https:\/\/secure.gravatar.com\/avatar\/d6f71489415f50c68a891e9253e1f2fbf05216486f4a26984f2c7e461c149877?s=96&d=mm&r=g\",\"caption\":\"Fabio Lepre\"},\"url\":\"https:\/\/www.artes4.it\/en\/author\/fabio-lepre\/\"}]}<\/script>\n<!-- \/ Yoast SEO Premium plugin. -->","yoast_head_json":{"title":"Cinque tavoli, un'unica rotta: la parit\u00e0 di genere diventa metodo | Il Think Tank - Artes 4.0","description":"Un Think Tank \u201callargato\u201d a coronamento del primo anno di ARTES4WOMEN, il gruppo di lavoro di ARTES 4.0 dedicato alla parit\u00e0 di genere","robots":{"index":"index","follow":"follow","max-snippet":"max-snippet:-1","max-image-preview":"max-image-preview:large","max-video-preview":"max-video-preview:-1"},"canonical":"https:\/\/www.artes4.it\/en\/news\/cinque-tavoli-ununica-rotta-la-parita-di-genere-diventa-metodo-il-think-tank\/","og_locale":"en_US","og_type":"article","og_title":"Cinque tavoli, un'unica rotta: la parit\u00e0 di genere diventa metodo | Il Think Tank","og_description":"Un Think Tank \u201callargato\u201d a coronamento del primo anno di ARTES4WOMEN, il gruppo di lavoro di ARTES 4.0 dedicato alla parit\u00e0 di genere","og_url":"https:\/\/www.artes4.it\/en\/news\/cinque-tavoli-ununica-rotta-la-parita-di-genere-diventa-metodo-il-think-tank\/","og_site_name":"Artes 4.0","article_published_time":"2025-09-18T13:16:32+00:00","og_image":[{"width":2560,"height":1707,"url":"https:\/\/www.artes4.it\/wp-content\/uploads\/2025\/09\/DSC06705-scaled.jpg","type":"image\/jpeg"}],"author":"Fabio Lepre","twitter_card":"summary_large_image","twitter_misc":{"Written by":"Fabio Lepre","Est. reading time":"8 minutes"},"schema":{"@context":"https:\/\/schema.org","@graph":[{"@type":"Article","@id":"https:\/\/www.artes4.it\/en\/news\/cinque-tavoli-ununica-rotta-la-parita-di-genere-diventa-metodo-il-think-tank\/#article","isPartOf":{"@id":"https:\/\/www.artes4.it\/en\/news\/cinque-tavoli-ununica-rotta-la-parita-di-genere-diventa-metodo-il-think-tank\/"},"author":{"name":"Fabio Lepre","@id":"https:\/\/www.artes4.it\/en\/#\/schema\/person\/f8c75937cf818a90fa281c47cdca13ed"},"headline":"Cinque tavoli, un&#8217;unica rotta: la parit\u00e0 di genere diventa metodo | Il Think Tank","datePublished":"2025-09-18T13:16:32+00:00","mainEntityOfPage":{"@id":"https:\/\/www.artes4.it\/en\/news\/cinque-tavoli-ununica-rotta-la-parita-di-genere-diventa-metodo-il-think-tank\/"},"wordCount":1178,"publisher":{"@id":"https:\/\/www.artes4.it\/en\/#organization"},"image":{"@id":"https:\/\/www.artes4.it\/en\/news\/cinque-tavoli-ununica-rotta-la-parita-di-genere-diventa-metodo-il-think-tank\/#primaryimage"},"thumbnailUrl":"https:\/\/www.artes4.it\/wp-content\/uploads\/2025\/09\/DSC06705-scaled.jpg","keywords":["News ed eventi"],"articleSection":["News"],"inLanguage":"en-US"},{"@type":"WebPage","@id":"https:\/\/www.artes4.it\/en\/news\/cinque-tavoli-ununica-rotta-la-parita-di-genere-diventa-metodo-il-think-tank\/","url":"https:\/\/www.artes4.it\/en\/news\/cinque-tavoli-ununica-rotta-la-parita-di-genere-diventa-metodo-il-think-tank\/","name":"Cinque tavoli, un'unica rotta: la parit\u00e0 di genere diventa metodo | Il Think Tank - Artes 4.0","isPartOf":{"@id":"https:\/\/www.artes4.it\/en\/#website"},"primaryImageOfPage":{"@id":"https:\/\/www.artes4.it\/en\/news\/cinque-tavoli-ununica-rotta-la-parita-di-genere-diventa-metodo-il-think-tank\/#primaryimage"},"image":{"@id":"https:\/\/www.artes4.it\/en\/news\/cinque-tavoli-ununica-rotta-la-parita-di-genere-diventa-metodo-il-think-tank\/#primaryimage"},"thumbnailUrl":"https:\/\/www.artes4.it\/wp-content\/uploads\/2025\/09\/DSC06705-scaled.jpg","datePublished":"2025-09-18T13:16:32+00:00","description":"Un Think Tank \u201callargato\u201d a coronamento del primo anno di ARTES4WOMEN, il gruppo di lavoro di ARTES 4.0 dedicato alla parit\u00e0 di genere","breadcrumb":{"@id":"https:\/\/www.artes4.it\/en\/news\/cinque-tavoli-ununica-rotta-la-parita-di-genere-diventa-metodo-il-think-tank\/#breadcrumb"},"inLanguage":"en-US","potentialAction":[{"@type":"ReadAction","target":["https:\/\/www.artes4.it\/en\/news\/cinque-tavoli-ununica-rotta-la-parita-di-genere-diventa-metodo-il-think-tank\/"]}]},{"@type":"ImageObject","inLanguage":"en-US","@id":"https:\/\/www.artes4.it\/en\/news\/cinque-tavoli-ununica-rotta-la-parita-di-genere-diventa-metodo-il-think-tank\/#primaryimage","url":"https:\/\/www.artes4.it\/wp-content\/uploads\/2025\/09\/DSC06705-scaled.jpg","contentUrl":"https:\/\/www.artes4.it\/wp-content\/uploads\/2025\/09\/DSC06705-scaled.jpg","width":2560,"height":1707,"caption":"Think Tank A4W"},{"@type":"BreadcrumbList","@id":"https:\/\/www.artes4.it\/en\/news\/cinque-tavoli-ununica-rotta-la-parita-di-genere-diventa-metodo-il-think-tank\/#breadcrumb","itemListElement":[{"@type":"ListItem","position":1,"name":"Home","item":"https:\/\/www.artes4.it\/en\/"},{"@type":"ListItem","position":2,"name":"Cinque tavoli, un&#8217;unica rotta: la parit\u00e0 di genere diventa metodo | Il Think Tank"}]},{"@type":"WebSite","@id":"https:\/\/www.artes4.it\/en\/#website","url":"https:\/\/www.artes4.it\/en\/","name":"Artes 4.0","description":"","publisher":{"@id":"https:\/\/www.artes4.it\/en\/#organization"},"potentialAction":[{"@type":"SearchAction","target":{"@type":"EntryPoint","urlTemplate":"https:\/\/www.artes4.it\/en\/?s={search_term_string}"},"query-input":{"@type":"PropertyValueSpecification","valueRequired":true,"valueName":"search_term_string"}}],"inLanguage":"en-US"},{"@type":"Organization","@id":"https:\/\/www.artes4.it\/en\/#organization","name":"Artes 4.0","url":"https:\/\/www.artes4.it\/en\/","logo":{"@type":"ImageObject","inLanguage":"en-US","@id":"https:\/\/www.artes4.it\/en\/#\/schema\/logo\/image\/","url":"https:\/\/www.artes4.it\/wp-content\/uploads\/2024\/01\/logo_artes_white.jpeg","contentUrl":"https:\/\/www.artes4.it\/wp-content\/uploads\/2024\/01\/logo_artes_white.jpeg","width":462,"height":171,"caption":"Artes 4.0"},"image":{"@id":"https:\/\/www.artes4.it\/en\/#\/schema\/logo\/image\/"},"sameAs":["https:\/\/www.linkedin.com\/company\/associazione-artes-4-0\/posts\/?feedView=all"]},{"@type":"Person","@id":"https:\/\/www.artes4.it\/en\/#\/schema\/person\/f8c75937cf818a90fa281c47cdca13ed","name":"Fabio Lepre","image":{"@type":"ImageObject","inLanguage":"en-US","@id":"https:\/\/www.artes4.it\/en\/#\/schema\/person\/image\/","url":"https:\/\/secure.gravatar.com\/avatar\/d6f71489415f50c68a891e9253e1f2fbf05216486f4a26984f2c7e461c149877?s=96&d=mm&r=g","contentUrl":"https:\/\/secure.gravatar.com\/avatar\/d6f71489415f50c68a891e9253e1f2fbf05216486f4a26984f2c7e461c149877?s=96&d=mm&r=g","caption":"Fabio Lepre"},"url":"https:\/\/www.artes4.it\/en\/author\/fabio-lepre\/"}]}},"_links":{"self":[{"href":"https:\/\/www.artes4.it\/en\/wp-json\/wp\/v2\/posts\/7625","targetHints":{"allow":["GET"]}}],"collection":[{"href":"https:\/\/www.artes4.it\/en\/wp-json\/wp\/v2\/posts"}],"about":[{"href":"https:\/\/www.artes4.it\/en\/wp-json\/wp\/v2\/types\/post"}],"author":[{"embeddable":true,"href":"https:\/\/www.artes4.it\/en\/wp-json\/wp\/v2\/users\/57"}],"replies":[{"embeddable":true,"href":"https:\/\/www.artes4.it\/en\/wp-json\/wp\/v2\/comments?post=7625"}],"version-history":[{"count":1,"href":"https:\/\/www.artes4.it\/en\/wp-json\/wp\/v2\/posts\/7625\/revisions"}],"predecessor-version":[{"id":7644,"href":"https:\/\/www.artes4.it\/en\/wp-json\/wp\/v2\/posts\/7625\/revisions\/7644"}],"wp:featuredmedia":[{"embeddable":true,"href":"https:\/\/www.artes4.it\/en\/wp-json\/wp\/v2\/media\/7626"}],"wp:attachment":[{"href":"https:\/\/www.artes4.it\/en\/wp-json\/wp\/v2\/media?parent=7625"}],"wp:term":[{"taxonomy":"category","embeddable":true,"href":"https:\/\/www.artes4.it\/en\/wp-json\/wp\/v2\/categories?post=7625"},{"taxonomy":"post_tag","embeddable":true,"href":"https:\/\/www.artes4.it\/en\/wp-json\/wp\/v2\/tags?post=7625"},{"taxonomy":"anno_doc","embeddable":true,"href":"https:\/\/www.artes4.it\/en\/wp-json\/wp\/v2\/anno_doc?post=7625"}],"curies":[{"name":"wp","href":"https:\/\/api.w.org\/{rel}","templated":true}]}}