{"id":7890,"date":"2025-11-25T10:23:23","date_gmt":"2025-11-25T09:23:23","guid":{"rendered":"https:\/\/www.artes4.it\/?p=7890"},"modified":"2025-11-26T07:45:39","modified_gmt":"2025-11-26T06:45:39","slug":"techwarriors-linnovazione-tecnologica-scende-in-campo-contro-la-violenza-di-genere","status":"publish","type":"post","link":"https:\/\/www.artes4.it\/en\/news\/techwarriors-linnovazione-tecnologica-scende-in-campo-contro-la-violenza-di-genere\/","title":{"rendered":"TechWarriors, l\u2019innovazione tecnologica scende in campo contro la violenza di genere"},"content":{"rendered":"<p>Trasformare le<b> competenze STEM<\/b> in leve strategiche per l&#8217;inclusione e la sicurezza: in occasione della Giornata internazionale per l\u2019eliminazione della violenza contro le donne, viene presentato ufficialmente TechWarriors. Il progetto, un connubio inedito tra innovazione sociale e tecnologica, mira a mobilitare l&#8217;ecosistema dell&#8217;innovazione per sviluppare soluzioni concrete nel contrasto alla violenza di genere.<\/p>\n<h2>Un ponte tra tecnologia e impegno civile<\/h2>\n<p>TechWarriors non \u00e8 solo un evento, ma un percorso strutturato che culminer\u00e0 in un<b> hackathon di 36 ore<\/b>. L&#8217;iniziativa \u00e8 concepita come un ampio contenitore di <em>Open Innovation<\/em> dove team multidisciplinari lavoreranno per ideare strumenti capaci di prevenire la violenza, sensibilizzare l&#8217;opinione pubblica e offrire supporto ai territori.<\/p>\n<p>L\u2019approccio inclusivo \u00e8 il cuore del progetto: la sfida non \u00e8 rivolta ai soli sviluppatori, ma si estende a designer, comunicatori, analisti, studenti e professionisti del sociale. L&#8217;obiettivo \u00e8 dimostrare come la tecnologia, se guidata dalla responsabilit\u00e0 sociale, possa incidere direttamente sulla qualit\u00e0 della vita delle comunit\u00e0 e sulla promozione delle pari opportunit\u00e0.<\/p>\n<h2>Un ecosistema di eccellenza<\/h2>\n<p>Il progetto nasce dalla sinergia di un ampio network guidato dal <b>Digital Innovation Hub Vicenza<\/b> in qualit\u00e0 di capofila. La forza di TechWarriors risiede nella trasversalit\u00e0 dei suoi partner: l\u2019iniziativa vede la partecipazione operativa dei Competence Center SMACT e ARTES 4.0 (con il think tank ARTES4WOMEN) e con la presenza del board di valutazione, del Comune di Vicenza, di CUOA Business School, di <span data-olk-copy-source=\"MessageBody\">CreTa InnovationLab,<\/span> del Movimento Donne Impresa di Confartigianato Imprese Vicenza e di Fondazione CMP.<\/p>\n<p>A conferma della solida alleanza tra sistema produttivo e istituzioni, il progetto \u00e8 sostenuto dalla Camera di Commercio di Vicenza e da EBAV (Ente Bilaterale Artigianato Veneto) nell\u2019ambito dell\u2019iniziativa Twin Transition.<\/p>\n<p>Partecipare a TechWarriors significher\u00e0 confrontarsi con un ambiente che promuove la contaminazione tra saperi, offrendo ai partecipanti l&#8217;opportunit\u00e0 di contribuire a un progetto di alto valore pubblico e, al contempo, di accedere a una piattaforma di visibilit\u00e0 qualificata. L\u2019iniziativa rappresenta un tassello fondamentale nella strategia del Digital Innovation Hub Vicenza per diffondere la cultura dell&#8217;innovazione ad alto impatto sociale.<\/p>\n<p>L\u2019avvio operativo delle attivit\u00e0 \u00e8 previsto per il primo semestre del 2026, con un calendario di workshop e momenti di approfondimento che verranno comunicati nei prossimi mesi. Per restare aggiornati sull\u2019iniziativa \u00e8 possibile visitare il <a href=\"https:\/\/techwarriors.dihvicenza.it\/\"><b>sito ufficiale<\/b><\/a>.<\/p>\n<p>&nbsp;<\/p>\n<p><a href=\"https:\/\/www.artes4.it\/wp-content\/uploads\/2025\/11\/TechWarriors_immagine-header_DEF-Firefly-Upscaler-2x-Scala-scaled.jpg\"><img fetchpriority=\"high\" decoding=\"async\" class=\"alignleft size-full wp-image-7897\" src=\"https:\/\/www.artes4.it\/wp-content\/uploads\/2025\/11\/TechWarriors_immagine-header_DEF-Firefly-Upscaler-2x-Scala-scaled.jpg\" alt=\"TechWarriors\" width=\"2560\" height=\"1440\" srcset=\"https:\/\/www.artes4.it\/wp-content\/uploads\/2025\/11\/TechWarriors_immagine-header_DEF-Firefly-Upscaler-2x-Scala-scaled.jpg 2560w, https:\/\/www.artes4.it\/wp-content\/uploads\/2025\/11\/TechWarriors_immagine-header_DEF-Firefly-Upscaler-2x-Scala-300x169.jpg 300w, https:\/\/www.artes4.it\/wp-content\/uploads\/2025\/11\/TechWarriors_immagine-header_DEF-Firefly-Upscaler-2x-Scala-1024x576.jpg 1024w, https:\/\/www.artes4.it\/wp-content\/uploads\/2025\/11\/TechWarriors_immagine-header_DEF-Firefly-Upscaler-2x-Scala-768x432.jpg 768w, https:\/\/www.artes4.it\/wp-content\/uploads\/2025\/11\/TechWarriors_immagine-header_DEF-Firefly-Upscaler-2x-Scala-1536x864.jpg 1536w, https:\/\/www.artes4.it\/wp-content\/uploads\/2025\/11\/TechWarriors_immagine-header_DEF-Firefly-Upscaler-2x-Scala-2048x1152.jpg 2048w\" sizes=\"(max-width: 2560px) 100vw, 2560px\" \/><\/a><\/p>\n","protected":false},"excerpt":{"rendered":"<p>Un hackathon di 36 ore e un percorso di sensibilizzazione per trasformare le competenze STEM in strumenti di inclusione e difesa<\/p>\n","protected":false},"author":21,"featured_media":7897,"comment_status":"closed","ping_status":"closed","sticky":false,"template":"","format":"standard","meta":{"_acf_changed":false,"footnotes":""},"categories":[1],"tags":[],"anno_doc":[255],"class_list":["post-7890","post","type-post","status-publish","format-standard","has-post-thumbnail","hentry","category-news","anno_doc-255"],"acf":[],"yoast_head":"<!-- This site is optimized with the Yoast SEO Premium plugin v22.8 (Yoast SEO v25.8) - https:\/\/yoast.com\/wordpress\/plugins\/seo\/ -->\n<title>TechWarriors, l\u2019innovazione tecnologica scende in campo contro la violenza di genere - Artes 4.0<\/title>\n<meta name=\"description\" content=\"Un hackathon di 36 ore e un percorso di sensibilizzazione per trasformare le competenze STEM in strumenti di inclusione e difesa\" \/>\n<meta name=\"robots\" content=\"index, follow, max-snippet:-1, max-image-preview:large, max-video-preview:-1\" \/>\n<link rel=\"canonical\" href=\"https:\/\/www.artes4.it\/en\/news\/techwarriors-linnovazione-tecnologica-scende-in-campo-contro-la-violenza-di-genere\/\" \/>\n<meta property=\"og:locale\" content=\"en_US\" \/>\n<meta property=\"og:type\" content=\"article\" \/>\n<meta property=\"og:title\" content=\"TechWarriors, l\u2019innovazione tecnologica scende in campo contro la violenza di genere\" \/>\n<meta property=\"og:description\" content=\"Un hackathon di 36 ore e un percorso di sensibilizzazione per trasformare le competenze STEM in strumenti di inclusione e difesa\" \/>\n<meta property=\"og:url\" content=\"https:\/\/www.artes4.it\/en\/news\/techwarriors-linnovazione-tecnologica-scende-in-campo-contro-la-violenza-di-genere\/\" \/>\n<meta property=\"og:site_name\" content=\"Artes 4.0\" \/>\n<meta property=\"article:published_time\" content=\"2025-11-25T09:23:23+00:00\" \/>\n<meta property=\"article:modified_time\" content=\"2025-11-26T06:45:39+00:00\" \/>\n<meta property=\"og:image\" content=\"https:\/\/www.artes4.it\/wp-content\/uploads\/2025\/11\/TechWarriors_immagine-header_DEF-Firefly-Upscaler-2x-Scala-scaled.jpg\" \/>\n\t<meta property=\"og:image:width\" content=\"2560\" \/>\n\t<meta property=\"og:image:height\" content=\"1440\" \/>\n\t<meta property=\"og:image:type\" content=\"image\/jpeg\" \/>\n<meta name=\"author\" content=\"ARTES 4.0\" \/>\n<meta name=\"twitter:card\" content=\"summary_large_image\" \/>\n<meta name=\"twitter:label1\" content=\"Written by\" \/>\n\t<meta name=\"twitter:data1\" content=\"ARTES 4.0\" \/>\n\t<meta name=\"twitter:label2\" content=\"Est. reading time\" \/>\n\t<meta name=\"twitter:data2\" content=\"3 minutes\" \/>\n<script type=\"application\/ld+json\" class=\"yoast-schema-graph\">{\"@context\":\"https:\/\/schema.org\",\"@graph\":[{\"@type\":\"Article\",\"@id\":\"https:\/\/www.artes4.it\/en\/news\/techwarriors-linnovazione-tecnologica-scende-in-campo-contro-la-violenza-di-genere\/#article\",\"isPartOf\":{\"@id\":\"https:\/\/www.artes4.it\/en\/news\/techwarriors-linnovazione-tecnologica-scende-in-campo-contro-la-violenza-di-genere\/\"},\"author\":{\"name\":\"ARTES 4.0\",\"@id\":\"https:\/\/www.artes4.it\/en\/#\/schema\/person\/db3b10851288640cb73ed64b94f94444\"},\"headline\":\"TechWarriors, l\u2019innovazione tecnologica scende in campo contro la violenza di genere\",\"datePublished\":\"2025-11-25T09:23:23+00:00\",\"dateModified\":\"2025-11-26T06:45:39+00:00\",\"mainEntityOfPage\":{\"@id\":\"https:\/\/www.artes4.it\/en\/news\/techwarriors-linnovazione-tecnologica-scende-in-campo-contro-la-violenza-di-genere\/\"},\"wordCount\":388,\"publisher\":{\"@id\":\"https:\/\/www.artes4.it\/en\/#organization\"},\"image\":{\"@id\":\"https:\/\/www.artes4.it\/en\/news\/techwarriors-linnovazione-tecnologica-scende-in-campo-contro-la-violenza-di-genere\/#primaryimage\"},\"thumbnailUrl\":\"https:\/\/www.artes4.it\/wp-content\/uploads\/2025\/11\/TechWarriors_immagine-header_DEF-Firefly-Upscaler-2x-Scala-scaled.jpg\",\"articleSection\":[\"News\"],\"inLanguage\":\"en-US\"},{\"@type\":\"WebPage\",\"@id\":\"https:\/\/www.artes4.it\/en\/news\/techwarriors-linnovazione-tecnologica-scende-in-campo-contro-la-violenza-di-genere\/\",\"url\":\"https:\/\/www.artes4.it\/en\/news\/techwarriors-linnovazione-tecnologica-scende-in-campo-contro-la-violenza-di-genere\/\",\"name\":\"TechWarriors, l\u2019innovazione tecnologica scende in campo contro la violenza di genere - Artes 4.0\",\"isPartOf\":{\"@id\":\"https:\/\/www.artes4.it\/en\/#website\"},\"primaryImageOfPage\":{\"@id\":\"https:\/\/www.artes4.it\/en\/news\/techwarriors-linnovazione-tecnologica-scende-in-campo-contro-la-violenza-di-genere\/#primaryimage\"},\"image\":{\"@id\":\"https:\/\/www.artes4.it\/en\/news\/techwarriors-linnovazione-tecnologica-scende-in-campo-contro-la-violenza-di-genere\/#primaryimage\"},\"thumbnailUrl\":\"https:\/\/www.artes4.it\/wp-content\/uploads\/2025\/11\/TechWarriors_immagine-header_DEF-Firefly-Upscaler-2x-Scala-scaled.jpg\",\"datePublished\":\"2025-11-25T09:23:23+00:00\",\"dateModified\":\"2025-11-26T06:45:39+00:00\",\"description\":\"Un hackathon di 36 ore e un percorso di sensibilizzazione per trasformare le competenze STEM in strumenti di inclusione e difesa\",\"breadcrumb\":{\"@id\":\"https:\/\/www.artes4.it\/en\/news\/techwarriors-linnovazione-tecnologica-scende-in-campo-contro-la-violenza-di-genere\/#breadcrumb\"},\"inLanguage\":\"en-US\",\"potentialAction\":[{\"@type\":\"ReadAction\",\"target\":[\"https:\/\/www.artes4.it\/en\/news\/techwarriors-linnovazione-tecnologica-scende-in-campo-contro-la-violenza-di-genere\/\"]}]},{\"@type\":\"ImageObject\",\"inLanguage\":\"en-US\",\"@id\":\"https:\/\/www.artes4.it\/en\/news\/techwarriors-linnovazione-tecnologica-scende-in-campo-contro-la-violenza-di-genere\/#primaryimage\",\"url\":\"https:\/\/www.artes4.it\/wp-content\/uploads\/2025\/11\/TechWarriors_immagine-header_DEF-Firefly-Upscaler-2x-Scala-scaled.jpg\",\"contentUrl\":\"https:\/\/www.artes4.it\/wp-content\/uploads\/2025\/11\/TechWarriors_immagine-header_DEF-Firefly-Upscaler-2x-Scala-scaled.jpg\",\"width\":2560,\"height\":1440,\"caption\":\"TechWarriors\"},{\"@type\":\"BreadcrumbList\",\"@id\":\"https:\/\/www.artes4.it\/en\/news\/techwarriors-linnovazione-tecnologica-scende-in-campo-contro-la-violenza-di-genere\/#breadcrumb\",\"itemListElement\":[{\"@type\":\"ListItem\",\"position\":1,\"name\":\"Home\",\"item\":\"https:\/\/www.artes4.it\/en\/\"},{\"@type\":\"ListItem\",\"position\":2,\"name\":\"TechWarriors, l\u2019innovazione tecnologica scende in campo contro la violenza di genere\"}]},{\"@type\":\"WebSite\",\"@id\":\"https:\/\/www.artes4.it\/en\/#website\",\"url\":\"https:\/\/www.artes4.it\/en\/\",\"name\":\"Artes 4.0\",\"description\":\"\",\"publisher\":{\"@id\":\"https:\/\/www.artes4.it\/en\/#organization\"},\"potentialAction\":[{\"@type\":\"SearchAction\",\"target\":{\"@type\":\"EntryPoint\",\"urlTemplate\":\"https:\/\/www.artes4.it\/en\/?s={search_term_string}\"},\"query-input\":{\"@type\":\"PropertyValueSpecification\",\"valueRequired\":true,\"valueName\":\"search_term_string\"}}],\"inLanguage\":\"en-US\"},{\"@type\":\"Organization\",\"@id\":\"https:\/\/www.artes4.it\/en\/#organization\",\"name\":\"Artes 4.0\",\"url\":\"https:\/\/www.artes4.it\/en\/\",\"logo\":{\"@type\":\"ImageObject\",\"inLanguage\":\"en-US\",\"@id\":\"https:\/\/www.artes4.it\/en\/#\/schema\/logo\/image\/\",\"url\":\"https:\/\/www.artes4.it\/wp-content\/uploads\/2024\/01\/logo_artes_white.jpeg\",\"contentUrl\":\"https:\/\/www.artes4.it\/wp-content\/uploads\/2024\/01\/logo_artes_white.jpeg\",\"width\":462,\"height\":171,\"caption\":\"Artes 4.0\"},\"image\":{\"@id\":\"https:\/\/www.artes4.it\/en\/#\/schema\/logo\/image\/\"},\"sameAs\":[\"https:\/\/www.linkedin.com\/company\/associazione-artes-4-0\/posts\/?feedView=all\"]},{\"@type\":\"Person\",\"@id\":\"https:\/\/www.artes4.it\/en\/#\/schema\/person\/db3b10851288640cb73ed64b94f94444\",\"name\":\"ARTES 4.0\",\"image\":{\"@type\":\"ImageObject\",\"inLanguage\":\"en-US\",\"@id\":\"https:\/\/www.artes4.it\/en\/#\/schema\/person\/image\/\",\"url\":\"https:\/\/www.artes4.it\/wp-content\/uploads\/2024\/01\/Logo-ARTES4.0-1-96x96.png\",\"contentUrl\":\"https:\/\/www.artes4.it\/wp-content\/uploads\/2024\/01\/Logo-ARTES4.0-1-96x96.png\",\"caption\":\"ARTES 4.0\"},\"url\":\"https:\/\/www.artes4.it\/en\/author\/artes-4-0artes4-it\/\"}]}<\/script>\n<!-- \/ Yoast SEO Premium plugin. -->","yoast_head_json":{"title":"TechWarriors, l\u2019innovazione tecnologica scende in campo contro la violenza di genere - Artes 4.0","description":"Un hackathon di 36 ore e un percorso di sensibilizzazione per trasformare le competenze STEM in strumenti di inclusione e difesa","robots":{"index":"index","follow":"follow","max-snippet":"max-snippet:-1","max-image-preview":"max-image-preview:large","max-video-preview":"max-video-preview:-1"},"canonical":"https:\/\/www.artes4.it\/en\/news\/techwarriors-linnovazione-tecnologica-scende-in-campo-contro-la-violenza-di-genere\/","og_locale":"en_US","og_type":"article","og_title":"TechWarriors, l\u2019innovazione tecnologica scende in campo contro la violenza di genere","og_description":"Un hackathon di 36 ore e un percorso di sensibilizzazione per trasformare le competenze STEM in strumenti di inclusione e difesa","og_url":"https:\/\/www.artes4.it\/en\/news\/techwarriors-linnovazione-tecnologica-scende-in-campo-contro-la-violenza-di-genere\/","og_site_name":"Artes 4.0","article_published_time":"2025-11-25T09:23:23+00:00","article_modified_time":"2025-11-26T06:45:39+00:00","og_image":[{"width":2560,"height":1440,"url":"https:\/\/www.artes4.it\/wp-content\/uploads\/2025\/11\/TechWarriors_immagine-header_DEF-Firefly-Upscaler-2x-Scala-scaled.jpg","type":"image\/jpeg"}],"author":"ARTES 4.0","twitter_card":"summary_large_image","twitter_misc":{"Written by":"ARTES 4.0","Est. reading time":"3 minutes"},"schema":{"@context":"https:\/\/schema.org","@graph":[{"@type":"Article","@id":"https:\/\/www.artes4.it\/en\/news\/techwarriors-linnovazione-tecnologica-scende-in-campo-contro-la-violenza-di-genere\/#article","isPartOf":{"@id":"https:\/\/www.artes4.it\/en\/news\/techwarriors-linnovazione-tecnologica-scende-in-campo-contro-la-violenza-di-genere\/"},"author":{"name":"ARTES 4.0","@id":"https:\/\/www.artes4.it\/en\/#\/schema\/person\/db3b10851288640cb73ed64b94f94444"},"headline":"TechWarriors, l\u2019innovazione tecnologica scende in campo contro la violenza di genere","datePublished":"2025-11-25T09:23:23+00:00","dateModified":"2025-11-26T06:45:39+00:00","mainEntityOfPage":{"@id":"https:\/\/www.artes4.it\/en\/news\/techwarriors-linnovazione-tecnologica-scende-in-campo-contro-la-violenza-di-genere\/"},"wordCount":388,"publisher":{"@id":"https:\/\/www.artes4.it\/en\/#organization"},"image":{"@id":"https:\/\/www.artes4.it\/en\/news\/techwarriors-linnovazione-tecnologica-scende-in-campo-contro-la-violenza-di-genere\/#primaryimage"},"thumbnailUrl":"https:\/\/www.artes4.it\/wp-content\/uploads\/2025\/11\/TechWarriors_immagine-header_DEF-Firefly-Upscaler-2x-Scala-scaled.jpg","articleSection":["News"],"inLanguage":"en-US"},{"@type":"WebPage","@id":"https:\/\/www.artes4.it\/en\/news\/techwarriors-linnovazione-tecnologica-scende-in-campo-contro-la-violenza-di-genere\/","url":"https:\/\/www.artes4.it\/en\/news\/techwarriors-linnovazione-tecnologica-scende-in-campo-contro-la-violenza-di-genere\/","name":"TechWarriors, l\u2019innovazione tecnologica scende in campo contro la violenza di genere - Artes 4.0","isPartOf":{"@id":"https:\/\/www.artes4.it\/en\/#website"},"primaryImageOfPage":{"@id":"https:\/\/www.artes4.it\/en\/news\/techwarriors-linnovazione-tecnologica-scende-in-campo-contro-la-violenza-di-genere\/#primaryimage"},"image":{"@id":"https:\/\/www.artes4.it\/en\/news\/techwarriors-linnovazione-tecnologica-scende-in-campo-contro-la-violenza-di-genere\/#primaryimage"},"thumbnailUrl":"https:\/\/www.artes4.it\/wp-content\/uploads\/2025\/11\/TechWarriors_immagine-header_DEF-Firefly-Upscaler-2x-Scala-scaled.jpg","datePublished":"2025-11-25T09:23:23+00:00","dateModified":"2025-11-26T06:45:39+00:00","description":"Un hackathon di 36 ore e un percorso di sensibilizzazione per trasformare le competenze STEM in strumenti di inclusione e difesa","breadcrumb":{"@id":"https:\/\/www.artes4.it\/en\/news\/techwarriors-linnovazione-tecnologica-scende-in-campo-contro-la-violenza-di-genere\/#breadcrumb"},"inLanguage":"en-US","potentialAction":[{"@type":"ReadAction","target":["https:\/\/www.artes4.it\/en\/news\/techwarriors-linnovazione-tecnologica-scende-in-campo-contro-la-violenza-di-genere\/"]}]},{"@type":"ImageObject","inLanguage":"en-US","@id":"https:\/\/www.artes4.it\/en\/news\/techwarriors-linnovazione-tecnologica-scende-in-campo-contro-la-violenza-di-genere\/#primaryimage","url":"https:\/\/www.artes4.it\/wp-content\/uploads\/2025\/11\/TechWarriors_immagine-header_DEF-Firefly-Upscaler-2x-Scala-scaled.jpg","contentUrl":"https:\/\/www.artes4.it\/wp-content\/uploads\/2025\/11\/TechWarriors_immagine-header_DEF-Firefly-Upscaler-2x-Scala-scaled.jpg","width":2560,"height":1440,"caption":"TechWarriors"},{"@type":"BreadcrumbList","@id":"https:\/\/www.artes4.it\/en\/news\/techwarriors-linnovazione-tecnologica-scende-in-campo-contro-la-violenza-di-genere\/#breadcrumb","itemListElement":[{"@type":"ListItem","position":1,"name":"Home","item":"https:\/\/www.artes4.it\/en\/"},{"@type":"ListItem","position":2,"name":"TechWarriors, l\u2019innovazione tecnologica scende in campo contro la violenza di genere"}]},{"@type":"WebSite","@id":"https:\/\/www.artes4.it\/en\/#website","url":"https:\/\/www.artes4.it\/en\/","name":"Artes 4.0","description":"","publisher":{"@id":"https:\/\/www.artes4.it\/en\/#organization"},"potentialAction":[{"@type":"SearchAction","target":{"@type":"EntryPoint","urlTemplate":"https:\/\/www.artes4.it\/en\/?s={search_term_string}"},"query-input":{"@type":"PropertyValueSpecification","valueRequired":true,"valueName":"search_term_string"}}],"inLanguage":"en-US"},{"@type":"Organization","@id":"https:\/\/www.artes4.it\/en\/#organization","name":"Artes 4.0","url":"https:\/\/www.artes4.it\/en\/","logo":{"@type":"ImageObject","inLanguage":"en-US","@id":"https:\/\/www.artes4.it\/en\/#\/schema\/logo\/image\/","url":"https:\/\/www.artes4.it\/wp-content\/uploads\/2024\/01\/logo_artes_white.jpeg","contentUrl":"https:\/\/www.artes4.it\/wp-content\/uploads\/2024\/01\/logo_artes_white.jpeg","width":462,"height":171,"caption":"Artes 4.0"},"image":{"@id":"https:\/\/www.artes4.it\/en\/#\/schema\/logo\/image\/"},"sameAs":["https:\/\/www.linkedin.com\/company\/associazione-artes-4-0\/posts\/?feedView=all"]},{"@type":"Person","@id":"https:\/\/www.artes4.it\/en\/#\/schema\/person\/db3b10851288640cb73ed64b94f94444","name":"ARTES 4.0","image":{"@type":"ImageObject","inLanguage":"en-US","@id":"https:\/\/www.artes4.it\/en\/#\/schema\/person\/image\/","url":"https:\/\/www.artes4.it\/wp-content\/uploads\/2024\/01\/Logo-ARTES4.0-1-96x96.png","contentUrl":"https:\/\/www.artes4.it\/wp-content\/uploads\/2024\/01\/Logo-ARTES4.0-1-96x96.png","caption":"ARTES 4.0"},"url":"https:\/\/www.artes4.it\/en\/author\/artes-4-0artes4-it\/"}]}},"_links":{"self":[{"href":"https:\/\/www.artes4.it\/en\/wp-json\/wp\/v2\/posts\/7890","targetHints":{"allow":["GET"]}}],"collection":[{"href":"https:\/\/www.artes4.it\/en\/wp-json\/wp\/v2\/posts"}],"about":[{"href":"https:\/\/www.artes4.it\/en\/wp-json\/wp\/v2\/types\/post"}],"author":[{"embeddable":true,"href":"https:\/\/www.artes4.it\/en\/wp-json\/wp\/v2\/users\/21"}],"replies":[{"embeddable":true,"href":"https:\/\/www.artes4.it\/en\/wp-json\/wp\/v2\/comments?post=7890"}],"version-history":[{"count":6,"href":"https:\/\/www.artes4.it\/en\/wp-json\/wp\/v2\/posts\/7890\/revisions"}],"predecessor-version":[{"id":7903,"href":"https:\/\/www.artes4.it\/en\/wp-json\/wp\/v2\/posts\/7890\/revisions\/7903"}],"wp:featuredmedia":[{"embeddable":true,"href":"https:\/\/www.artes4.it\/en\/wp-json\/wp\/v2\/media\/7897"}],"wp:attachment":[{"href":"https:\/\/www.artes4.it\/en\/wp-json\/wp\/v2\/media?parent=7890"}],"wp:term":[{"taxonomy":"category","embeddable":true,"href":"https:\/\/www.artes4.it\/en\/wp-json\/wp\/v2\/categories?post=7890"},{"taxonomy":"post_tag","embeddable":true,"href":"https:\/\/www.artes4.it\/en\/wp-json\/wp\/v2\/tags?post=7890"},{"taxonomy":"anno_doc","embeddable":true,"href":"https:\/\/www.artes4.it\/en\/wp-json\/wp\/v2\/anno_doc?post=7890"}],"curies":[{"name":"wp","href":"https:\/\/api.w.org\/{rel}","templated":true}]}}