{"id":7908,"date":"2025-11-27T12:43:43","date_gmt":"2025-11-27T11:43:43","guid":{"rendered":"https:\/\/www.artes4.it\/?p=7908"},"modified":"2025-11-27T15:07:27","modified_gmt":"2025-11-27T14:07:27","slug":"moda-e-tecnologia-a-firenze-il-talento-artigiano-incontra-lintelligenza-delle-macchine","status":"publish","type":"post","link":"https:\/\/www.artes4.it\/en\/news\/moda-e-tecnologia-a-firenze-il-talento-artigiano-incontra-lintelligenza-delle-macchine\/","title":{"rendered":"Moda e tecnologia a Firenze | Il talento artigiano incontra l\u2019intelligenza delle macchine"},"content":{"rendered":"<p>Firenze, Villa Vittoria. Nel Sala Verde c\u2019\u00e8 l\u2019energia dei momenti in cui sta succedendo qualcosa. Imprenditrici, dirigenti pubblici, docenti delle universit\u00e0 toscane, direttori di distretto, startup deep tech, accademici, giovani studenti appena diplomati negli ITS: tutti insieme, attorno a una domanda: come cambia la moda quando a guidarla non \u00e8 solo il gusto, ma anche la tecnologia?<\/p>\n<p>I saluti istituzionali aprono la scena dell&#8217;evento &#8220;Moda, Tecnologia e Manifattura. Il ruolo del MIMIT e di ARTES 4.0 nella valorizzazione della filiera toscana&#8221;, organizzato dalla Casa del Made in Italy di Firenze e dal Centro di Competenza ARTES 4.0, con il patrocinio della Regione Toscana. Da <strong>Carmela Smargiassi<\/strong> dirigente del MIMIT che racconta l\u2019impegno della Casa del Made in Italy per sostenere la competitivit\u00e0 industriale del Paese, a <strong>Francesca Tonini<\/strong>, Direttrice Esecutiva del Centro di Competenza ARTES 4.0, che ricorda come \u201cil genio artigiano non sia un simbolo da proteggere in un museo ma una forza viva da accompagnare nel futuro\u201d, fino ad arrivare alle voci di <strong>Lorenzo Becattini<\/strong> (presidente di Firenze Fiera), <strong>Luca Gentile <\/strong>(MIMIT), <strong>Maria Tesi<\/strong> e <strong>Carlo Badiali<\/strong> (Camera di Commercio di Firenze) e <strong>Marco Zuffanelli<\/strong> (presidente di Manageritalia Toscana) che rappresentano le istituzioni, i territori, le imprese, i professionisti in questo viaggio nel cuore della moda 4.0 e 5.0.<\/p>\n<p><a href=\"https:\/\/www.artes4.it\/wp-content\/uploads\/2025\/11\/DSC09667.jpg\"><img fetchpriority=\"high\" decoding=\"async\" class=\"alignleft size-full wp-image-7913\" src=\"https:\/\/www.artes4.it\/wp-content\/uploads\/2025\/11\/DSC09667.jpg\" alt=\"Moda Firenze\" width=\"15000\" height=\"9999\" \/><\/a><\/p>\n<h2>Formare e trasformare: la nuova generazione della moda<\/h2>\n<p>Quando la giornalista <strong>Francesca Franceschi<\/strong> invita i panelist a cominciare, il pubblico \u00e8 gi\u00e0 immerso. Perch\u00e9 prima di tutto bisogna affrontare la radice del cambiamento: le competenze.<\/p>\n<p data-start=\"472\" data-end=\"945\">C\u2019\u00e8 stato un momento, durante l\u2019intervento di <strong data-start=\"518\" data-end=\"534\">Marco Crisci <\/strong>(Tertium), in cui la sala sembrava respirare all\u2019unisono. Non perch\u00e9 tutti fossero d\u2019accordo, ma perch\u00e9 ci\u00f2 che veniva detto era qualcosa che molti intuivano da tempo senza trovare le parole per dirlo. Crisci le parole le aveva: la moda, cos\u00ec come l\u2019abbiamo conosciuta negli ultimi decenni, ha smesso di funzionare. Non \u00e8 una crisi estetica, n\u00e9 un rallentamento creativo. \u00c8 un problema di modello mentale.<\/p>\n<p data-start=\"947\" data-end=\"1695\">Per anni abbiamo creduto che bastasse interpretare il cliente: analizzarlo, segmentarlo, proiettarlo in categorie comode da gestire. Era un mondo in cui le aziende parlavano al consumatore, mai con il consumatore. Poi qualcosa \u00e8 cambiato. Le persone &#8211; non pi\u00f9 clienti &#8211; hanno iniziato a spostarsi, mutare, riformulare desideri fluidi e passeggeri. \u00c8 diventato impossibile prevederle con lenti statiche. \u00c8 qui che entra in scena l\u2019intelligenza artificiale come abilitatore culturale, creativo e organizzativo. Una tecnologia che accelera, che porta esperienza dove esperienza non c\u2019\u00e8, che genera prototipi, che riduce tempi e distanze, che abbatte quell\u2019inerzia decisionale che imprigionava i brand nel passato.<\/p>\n<p data-start=\"1697\" data-end=\"2252\">Crisci parla di un passaggio radicale: dal fast-fashion al fast-meaning. Non pi\u00f9 collezioni per tutti, ma identit\u00e0 condivise tra brand e comunit\u00e0. Non pi\u00f9 ROI, ma ROX, ritorno sull\u2019esperienza. Non pi\u00f9 gerarchie verticali, ma organizzazioni piatte, in cui la partecipazione costruisce valore reale.<\/p>\n<p>Accanto a lui, <strong>Laura Bini<\/strong> (UniFi), <strong>Daniela Toccafondi<\/strong> (PIN Prato), <strong>Alessandro Bertini<\/strong> (Modartech)\u00a0fotografano il nuovo scenario formativo: laboratori, percorsi interdisciplinari, relazioni con le imprese, didattica nei distretti, fino alle manifatture orafe italiane, dove la sapienza artigiana resta un capitale da tramandare attraverso metodi e modelli freschi e digitali.<\/p>\n<p data-start=\"2330\" data-end=\"2658\">Con <strong data-start=\"2334\" data-end=\"2351\">Paolo Torriti<\/strong>, la moda cambia registro e diventa racconto di botteghe, di mani, di dettagli che nessuna tecnologia potr\u00e0 mai replicare davvero. Torriti accompagna il pubblico in un viaggio nella manifattura orafa italiana, un piccolo universo che sopravvive\u00a0 proprio perch\u00e9 ha custodito la sua complessit\u00e0.<\/p>\n<p data-start=\"2660\" data-end=\"3087\">Si scopre cos\u00ec un settore stratificato: i grandi brand con reti internazionali, le aziende manifatturiere che lavorano per marchi globali o producono con etichetta propria, gli artigiani che presidiano fasi specifiche come saldatura o pulimentatura, e infine gli atelier locali che vendono la propria produzione sul territorio. Una filiera fatta di coraggio e continuit\u00e0, dove ogni passaggio \u00e8 un gesto tramandato.<\/p>\n<p data-start=\"3089\" data-end=\"3571\">La formazione dedicata al gioiello \u00e8 altrettanto ricca: lezioni frontali, musei, laboratori, visite in azienda, stage.<\/p>\n<p><a href=\"https:\/\/www.artes4.it\/wp-content\/uploads\/2025\/11\/DSC09766.jpg\"><img decoding=\"async\" class=\"alignleft size-full wp-image-7909\" src=\"https:\/\/www.artes4.it\/wp-content\/uploads\/2025\/11\/DSC09766.jpg\" alt=\"Evento moda Firenze\" width=\"15000\" height=\"9999\" \/><\/a><\/p>\n<h2>Robot che cuciono, dati che prendono decisioni<\/h2>\n<p>Se il primo panel ha acceso la miccia, il secondo fa esplodere l\u2019immaginazione.<\/p>\n<p><strong>Lorenzo Dalci<\/strong> (IT Manager di ARTES 4.0) introduce un viaggio dentro la fabbrica del futuro: connessa, automatizzata, intelligente.<\/p>\n<p><strong>Nico Costantino<\/strong> (Crossnova) descrive la figura dell\u2019AI Process Data Analyst, un professionista nuovo, capace di trasformare un processo complesso in un flusso ottimizzato in tempo reale. <strong>Marco Ruffa<\/strong> (Data Life) ammonisce contro i facili entusiasmi: \u201cNessuna tecnologia vale se non produce risultati\u201d.<\/p>\n<p>Dal mondo della robotica, <strong>Leonardo Cappello<\/strong> (Scuola Superiore Sant\u2019Anna) porta un\u2019immagine che colpisce: <strong>robot tessitori<\/strong>, morbidi e duttili come la stoffa che manipolano, pensati per affiancare gli artigiani nelle attivit\u00e0 pi\u00f9 ripetitive e usuranti. <strong>Rinaldo Rinaldi<\/strong> (UniFi) inquadra la trasformazione nella sua scala pi\u00f9 ampia: la filiera intelligente, un ecosistema dove chi produce dialoga con chi distribuisce e chi consuma. <strong>Ester Falletta<\/strong> e <strong>Enrico Fantini<\/strong> ricordano la condizione intrinseca di ogni passo avanti: inclusivit\u00e0. Nessuno deve restare indietro.<\/p>\n<p><a href=\"https:\/\/www.artes4.it\/wp-content\/uploads\/2025\/11\/DSC09869.jpg\"><img decoding=\"async\" class=\"alignleft size-full wp-image-7917\" src=\"https:\/\/www.artes4.it\/wp-content\/uploads\/2025\/11\/DSC09869.jpg\" alt=\"Panel Moda\" width=\"15000\" height=\"9999\" \/><\/a><\/p>\n<h2>Tracciare per fidarsi, la filiera che non ha pi\u00f9 segreti<\/h2>\n<p>Il terzo panel inizia con un dato: senza tracciabilit\u00e0, non pu\u00f2 esserci n\u00e9 sostenibilit\u00e0 n\u00e9 lotta alla contraffazione. Ed \u00e8 proprio qui che la tecnologia cambia le regole del gioco.<\/p>\n<p>Con <strong>Romeo Bandinelli<\/strong> (UniFi) il concetto di filiera smette di essere statico e diventa organismo vivente. L\u2019idea di fondo \u00e8 semplice: se non hai continuit\u00e0 del dato, non hai controllo. Se non hai controllo, non puoi ottimizzare. Se non puoi ottimizzare, non puoi competere.<\/p>\n<p data-start=\"6307\" data-end=\"6841\">Il Digital Twin interviene esattamente qui: \u00e8 un modello digitale dinamico che simula, prevede, corregge e ottimizza processi reali. Nel mondo moda, che vive di variabilit\u00e0, piccoli lotti, personalizzazione, tempi strettissimi, questo strumento diventa rivoluzionario. Nei progetti WOKE e TIFO, Bandinelli mostra come sia possibile mappare colli di bottiglia, saturazione delle risorse, flussi logistici, tracciabilit\u00e0 avanzata, qualit\u00e0 del dato, fino a integrare RFID, NFC e DPP per creare una filiera intelligente.<\/p>\n<p data-start=\"6843\" data-end=\"7169\">Ad emergere \u00e8 un messaggio potente: il digitale non serve a controllare l\u2019artigianalit\u00e0, ma a difenderla. A darle continuit\u00e0, visibilit\u00e0, capacit\u00e0 di reagire. A permetterle di crescere in un mondo che cambia velocissimo. Ed \u00e8 qui che la tradizione incontra la tecnologia.<\/p>\n<p data-start=\"3665\" data-end=\"3996\">Quando <strong data-start=\"3672\" data-end=\"3694\">Gianluca Giaccardi<\/strong> (Tesisquare) sale sul palco, la narrazione si sposta dietro le quinte della moda: quella zona grigia e spesso invisibile della supply chain. \u00c8 qui che la complessit\u00e0 esplode: fornitori, trasporti, documenti, certificazioni ESG, controlli qualit\u00e0, magazzini, consegne. Oggi, tutto questo esiste, ma non dialoga.<\/p>\n<p data-start=\"3998\" data-end=\"4446\">Tesisquare propone un ribaltamento di prospettiva: una piattaforma unica per orchestrare un ecosistema digitale interconnesso, in cui ogni attore, dal produttore al retailer, condivide dati, processi, risultati. Il cuore della visione \u00e8 il Digital Product Passport, un\u2019identit\u00e0 digitale che accompagna il capo lungo tutta la sua vita: provenienza delle fibre, processi produttivi, impatto ambientale, certificazioni, riparazioni, riciclo.<\/p>\n<p data-start=\"4448\" data-end=\"4816\">Il risultato? Una filiera pi\u00f9 forte, pi\u00f9 collaborativa, pi\u00f9 resiliente. Ma soprattutto pi\u00f9 credibile: in un mondo in cui il consumatore chiede trasparenza radicale, raccontare la verit\u00e0 del prodotto diventa un vantaggio competitivo.<\/p>\n<p>Poi arriva <strong>Giuseppe Iannaccone<\/strong> (UniPi) che entra con una domanda: quante copie perfette esistono l\u00e0 fuori? La contraffazione non \u00e8 solo una minaccia economica, ma un problema culturale, sanitario, identitario. E le soluzioni attuali &#8211; QR code, etichette smart, tag RFID &#8211; sono ormai vulnerabili, spesso replicabili con strumenti banali.<\/p>\n<p data-start=\"5265\" data-end=\"5569\">La risposta arriva dalla fisica: le PUF \u2013 Physical Unclonable Functions. Sono come impronte digitali generate dalle imperfezioni casuali del silicio durante la produzione. Nessuna PUF \u00e8 uguale all\u2019altra, nemmeno il produttore pu\u00f2 riprodurla. \u00c8 autenticit\u00e0 che nasce dalla natura stessa della materia.<\/p>\n<p data-start=\"5571\" data-end=\"5949\">Il loro utilizzo nella moda e nel lusso apre scenari totalmente nuovi: ogni borsa, ogni scarpa, ogni gioiello pu\u00f2 diventare intrinsecamente autentico, identificabile per sempre. Non \u00e8 solo tecnologia: \u00e8 un modo per restituire valore al concetto di originale. E per riportare il rispetto dovuto all\u2019ingegno che quel prodotto rappresenta<\/p>\n<p>La moderatrice <strong>Francesca Tuzzeo<\/strong> (TechnoFashion) porta sul palco la voce delle imprese: <strong>Antongiulio Pacenti<\/strong> presenta il case study del ritorno sui mercati internazionali del marchio storico pr\u00eat-\u00e0-porter MASKA, fondato nel 1967, da sempre portatore di tradizione e innovazione nel rispetto della produzione made in Italy. <strong>Paolo Mantovani <\/strong>(Federmoda Confcommercio Toscana), <strong>Moreno Vignolini <\/strong>(Ritorcitura Vignolini), <strong>Elena Ricciuti<\/strong> (Hind) raccontano le difficolt\u00e0 quotidiane e le opportunit\u00e0 per i brand storici che vogliono tornare competitivi.<\/p>\n<p>La filiera italiana \u00e8 ricca, viva, fortissima. Ma senza dati \u00e8 cieca.<\/p>\n<p><a href=\"https:\/\/www.artes4.it\/wp-content\/uploads\/2025\/11\/DSC09921.jpg\"><img loading=\"lazy\" decoding=\"async\" class=\"alignleft size-full wp-image-7915\" src=\"https:\/\/www.artes4.it\/wp-content\/uploads\/2025\/11\/DSC09921.jpg\" alt=\"Manifattura a Firenze\" width=\"15000\" height=\"9999\" \/><\/a><\/p>\n<h2>Virtuale o reale? Nella moda non c\u2019\u00e8 pi\u00f9 differenza<\/h2>\n<p>Il pomeriggio si apre in una dimensione nuova, quasi teatrale. <strong>Enza Spadoni<\/strong>, Responsabile Trasferimento Tecnologico e Relazioni Esterne di ARTES 4.0, introduce un panel dove la tecnologia reinventa la creativit\u00e0.<\/p>\n<p data-start=\"7263\" data-end=\"7562\">Il contributo di <strong data-start=\"7280\" data-end=\"7296\">Sergio Piane<\/strong> (Alkedo) cambia ancora registro e apre una finestra sulla moda come bene culturale. Un abito d\u2019archivio, un costume storico, un capo haute couture non \u00e8 solo un oggetto di design, ma una <strong data-start=\"7499\" data-end=\"7524\">testimonianza vivente<\/strong>, un frammento di identit\u00e0 collettiva.<\/p>\n<p data-start=\"7564\" data-end=\"7992\">Le tecnologie &#8211; scansione 3D, modellazione virtuale, ologrammi, NFT, blockchain &#8211; diventano strumenti di preservazione. Permettono di archiviare, studiare, mostrare, valorizzare capi fragili senza esporli al rischio del tempo. Permettono esperienze immersive, passerelle virtuali, collezioni digitali certificate. E aprono modelli economici nuovi, sostenuti da un mercato NFT della moda in piena espansione.<\/p>\n<p data-start=\"7994\" data-end=\"8219\">\u00c8 un modo per dire che la moda non \u00e8 effimera: \u00e8 memoria, \u00e8 archivio, \u00e8 cultura. E che il digitale pu\u00f2 essere la sua cassaforte pi\u00f9 sicura e, al tempo stesso, la sua porta verso il mondo<\/p>\n<p>A lui si affiancano <strong>Zoe Spaltini<\/strong> e <strong>Sara Mei<\/strong> (HModa), che raccontano come la prototipia digitale riduca sprechi, tempi e costi, mentre <strong>Serena Fabbri<\/strong> (19.71 Firenze) mostra come un occhiale possa nascere da una scansione 3D personalissima.<a href=\"https:\/\/www.artes4.it\/wp-content\/uploads\/2025\/11\/DSC09816-scaled.jpg\"><img loading=\"lazy\" decoding=\"async\" class=\"alignleft size-full wp-image-7921\" src=\"https:\/\/www.artes4.it\/wp-content\/uploads\/2025\/11\/DSC09816-scaled.jpg\" alt=\"Moda Tecnologia Firenze\" width=\"2560\" height=\"1707\" srcset=\"https:\/\/www.artes4.it\/wp-content\/uploads\/2025\/11\/DSC09816-scaled.jpg 2560w, https:\/\/www.artes4.it\/wp-content\/uploads\/2025\/11\/DSC09816-300x200.jpg 300w, https:\/\/www.artes4.it\/wp-content\/uploads\/2025\/11\/DSC09816-1024x683.jpg 1024w, https:\/\/www.artes4.it\/wp-content\/uploads\/2025\/11\/DSC09816-768x512.jpg 768w, https:\/\/www.artes4.it\/wp-content\/uploads\/2025\/11\/DSC09816-1536x1024.jpg 1536w, https:\/\/www.artes4.it\/wp-content\/uploads\/2025\/11\/DSC09816-2048x1365.jpg 2048w\" sizes=\"(max-width: 2560px) 100vw, 2560px\" \/><\/a><\/p>\n<h2>Le nuove professioni della moda? Quelle che ancora non esistono<\/h2>\n<p>Il quinto panel rimette al centro le persone. Enrico Pedretti, Direttore Marketing Manageritalia, guida un confronto serrato su quali lavoratori la moda sta cercando oggi e cercher\u00e0 domani.<\/p>\n<p><strong>Antonella Vitiello<\/strong> (MITA Academy) porta sul palco il tema della formazione. ITS MITA Academy rappresenta l\u2019idea che la filiera moda abbia bisogno di una nuova architettura delle competenze, in cui tradizione, tecnologia e percorsi flessibili convivono senza conflitti.<\/p>\n<p data-start=\"8582\" data-end=\"8925\">Il lavoro tessile e moda di domani richiede figure ibride: tecnici digitali che conoscono la storia della manifattura, designer capaci di dialogare con l\u2019AI, operatori che comprendono tracciabilit\u00e0 e sostenibilit\u00e0, professionisti che sanno muoversi in filiere data-driven. Non basta insegnare cosa fare: bisogna insegnare come evolversi. \u00c8 un modello formativo che riconosce che ogni studente e ogni lavoratore ha un percorso unico. E che il Made in Italy si difende non solo con la qualit\u00e0 dei prodotti, ma con la qualit\u00e0 delle persone che li immaginano e li realizzano.<\/p>\n<p data-start=\"8927\" data-end=\"9202\"><strong>Margherita Tufarelli<\/strong> (UniFi), <strong>Beatrice Parri Gori<\/strong> (Scuola del Cuoio), <strong>Alessandro Sordi<\/strong> (Nana Bianca) <strong>e Alessia Indice<\/strong> (W Executive) mostrano un settore dove non bastano pi\u00f9 competenze tecniche: servono curiosit\u00e0, adattabilit\u00e0, interdisciplinarit\u00e0.<\/p>\n<p><a href=\"https:\/\/www.artes4.it\/wp-content\/uploads\/2025\/11\/DSC00113.jpg\"><img loading=\"lazy\" decoding=\"async\" class=\"alignleft size-full wp-image-7923\" src=\"https:\/\/www.artes4.it\/wp-content\/uploads\/2025\/11\/DSC00113.jpg\" alt=\"Tecnologia Manifattura Firenze\" width=\"15000\" height=\"9999\" \/><\/a><\/p>\n<h2>La materia si rigenera: la sostenibilit\u00e0 come rivoluzione industriale<\/h2>\n<p>Il sesto e ultimo panel parla di materia, dei luoghi in cui nasce e di quelli in cui purtroppo finisce. Ma soprattutto parla di come restituirle un futuro.<\/p>\n<p data-start=\"10309\" data-end=\"10598\">La ricerca universitaria prende la scena con <strong data-start=\"10362\" data-end=\"10375\">Luca Rosi<\/strong>\u00a0(UniFi \u2013 SusFashionLab). Qui il dialogo con il futuro \u00e8 totale: fibre bio-based ottenute da colture vegetali, pigmenti naturali, bioremediation, riciclo terziario attraverso pirolisi, gassificazione, depolimerizzazione, recupero di monomeri puri.\u00a0Cinque dipartimenti &#8211; chimica, ingegneria, agraria, economia, architettura &#8211; lavorano insieme per reimmaginare la materia. La moda non come settore energivoro, ma come palestra scientifica per nuovi materiali, nuovi processi, nuovi modelli di sostenibilit\u00e0.<\/p>\n<p>Con <strong>Andrea Falchini<\/strong> (Next Technology Tecnotessile) la discussione si sposta sul futuro della sostenibilit\u00e0. La moda europea sta per vivere un cambiamento normativo epocale: raccolta differenziata tessile obbligatoria dal 2025, divieto di distruzione dell\u2019invenduto dal 2026, restrizioni su sostanze chimiche, regolamenti sull\u2019export dei rifiuti.\u00a0Si tratta di uno tsunami normativo. Per affrontarlo servono strategie integrate: sorting automatizzato, riciclo meccanico per materiali nobili, riciclo chimico per materiali complessi, valorizzazione dei residui. Una filiera in cui ogni scarto trova il suo percorso. In cui l\u2019innovazione scientifica non \u00e8 un cerotto, ma una condizione di sopravvivenza. L\u2019obiettivo non \u00e8 solo ambientale: \u00e8 industriale. Serve creazione di materia prima seconda di qualit\u00e0, creazione di nuovi mercati, collaborazione tra imprese.<\/p>\n<p><strong>Chiara Cordaro<\/strong> (Rif\u00f2) porta esempi concreti di circolarit\u00e0 territoriale a km 0, con blockchain, formazione e inclusione sociale intrecciate al business. Poi <strong>Ali Benkouhail<\/strong> (Human Maple) sorride: \u201cRigenerare anche i mozziconi di sigaretta? Perch\u00e9 no\u201d. E mostra come.<\/p>\n<p><a href=\"https:\/\/www.artes4.it\/wp-content\/uploads\/2025\/11\/DSC09841.jpg\"><img loading=\"lazy\" decoding=\"async\" class=\"alignleft size-full wp-image-7925\" src=\"https:\/\/www.artes4.it\/wp-content\/uploads\/2025\/11\/DSC09841.jpg\" alt=\"Alkedo a Firenze\" width=\"9999\" height=\"15000\" \/><\/a><\/p>\n<p>&nbsp;<\/p>\n<p>&nbsp;<\/p>\n<p>&nbsp;<\/p>\n<p>&nbsp;<\/p>\n<p>&nbsp;<\/p>\n<p>&nbsp;<\/p>\n<p>&nbsp;<\/p>\n<p>&nbsp;<\/p>\n<p>&nbsp;<\/p>\n<p>&nbsp;<\/p>\n<p>&nbsp;<\/p>\n<p>&nbsp;<\/p>\n<p>&nbsp;<\/p>\n<p>&nbsp;<\/p>\n<p>&nbsp;<\/p>\n<p>&nbsp;<\/p>\n<p>&nbsp;<\/p>\n<p>&nbsp;<\/p>\n<p>&nbsp;<\/p>\n<p>&nbsp;<\/p>\n<p>&nbsp;<\/p>\n<p>&nbsp;<\/p>\n<p>&nbsp;<\/p>\n<p>&nbsp;<\/p>\n<p>&nbsp;<\/p>\n<p>&nbsp;<\/p>\n<p>&nbsp;<\/p>\n<p>&nbsp;<\/p>\n<p>&nbsp;<\/p>\n<p>&nbsp;<\/p>\n<p>&nbsp;<\/p>\n<p>&nbsp;<\/p>\n<p>&nbsp;<\/p>\n<p>&nbsp;<\/p>\n<p>&nbsp;<\/p>\n<p>&nbsp;<\/p>\n<p>&nbsp;<\/p>\n<p>&nbsp;<\/p>\n<p>&nbsp;<\/p>\n<p>&nbsp;<\/p>\n<p>&nbsp;<\/p>\n<p>&nbsp;<\/p>\n<p>&nbsp;<\/p>\n<p>&nbsp;<\/p>\n<p>&nbsp;<\/p>\n<p>&nbsp;<\/p>\n<p>&nbsp;<\/p>\n<p>&nbsp;<\/p>\n<p>&nbsp;<\/p>\n<p>&nbsp;<\/p>\n<p>&nbsp;<\/p>\n<p>&nbsp;<\/p>\n<p><a href=\"https:\/\/www.artes4.it\/wp-content\/uploads\/2025\/11\/WhatsApp-Image-2025-11-27-at-14.45.24.jpeg\"><img loading=\"lazy\" decoding=\"async\" class=\"alignleft size-full wp-image-7938\" src=\"https:\/\/www.artes4.it\/wp-content\/uploads\/2025\/11\/WhatsApp-Image-2025-11-27-at-14.45.24.jpeg\" alt=\"\" width=\"1066\" height=\"1600\" srcset=\"https:\/\/www.artes4.it\/wp-content\/uploads\/2025\/11\/WhatsApp-Image-2025-11-27-at-14.45.24.jpeg 1066w, https:\/\/www.artes4.it\/wp-content\/uploads\/2025\/11\/WhatsApp-Image-2025-11-27-at-14.45.24-200x300.jpeg 200w, https:\/\/www.artes4.it\/wp-content\/uploads\/2025\/11\/WhatsApp-Image-2025-11-27-at-14.45.24-682x1024.jpeg 682w, https:\/\/www.artes4.it\/wp-content\/uploads\/2025\/11\/WhatsApp-Image-2025-11-27-at-14.45.24-768x1153.jpeg 768w, https:\/\/www.artes4.it\/wp-content\/uploads\/2025\/11\/WhatsApp-Image-2025-11-27-at-14.45.24-1023x1536.jpeg 1023w\" sizes=\"(max-width: 1066px) 100vw, 1066px\" \/><\/a><\/p>\n<p>&nbsp;<\/p>\n<p>&nbsp;<\/p>\n<p>&nbsp;<\/p>\n<p>&nbsp;<\/p>\n<p>&nbsp;<\/p>\n<p>&nbsp;<\/p>\n<p>&nbsp;<\/p>\n<p>&nbsp;<\/p>\n<p>&nbsp;<\/p>\n<p>&nbsp;<\/p>\n<p>&nbsp;<\/p>\n<p>&nbsp;<\/p>\n<p>&nbsp;<\/p>\n<p>&nbsp;<\/p>\n<p>&nbsp;<\/p>\n<p><a href=\"https:\/\/www.artes4.it\/wp-content\/uploads\/2025\/11\/DSC09904.jpg\"><img loading=\"lazy\" decoding=\"async\" class=\"alignleft size-full wp-image-7940\" src=\"https:\/\/www.artes4.it\/wp-content\/uploads\/2025\/11\/DSC09904.jpg\" alt=\"\" width=\"9999\" height=\"15000\" \/><\/a> <a href=\"https:\/\/www.artes4.it\/wp-content\/uploads\/2025\/11\/DSC09850.jpg\"><img loading=\"lazy\" decoding=\"async\" class=\"alignleft size-full wp-image-7942\" src=\"https:\/\/www.artes4.it\/wp-content\/uploads\/2025\/11\/DSC09850.jpg\" alt=\"\" width=\"15000\" height=\"9999\" \/><\/a> <a href=\"https:\/\/www.artes4.it\/wp-content\/uploads\/2025\/11\/DSC00085-scaled.jpg\"><img loading=\"lazy\" decoding=\"async\" class=\"alignleft size-full wp-image-7944\" src=\"https:\/\/www.artes4.it\/wp-content\/uploads\/2025\/11\/DSC00085-scaled.jpg\" alt=\"\" width=\"1707\" height=\"2560\" srcset=\"https:\/\/www.artes4.it\/wp-content\/uploads\/2025\/11\/DSC00085-scaled.jpg 1707w, https:\/\/www.artes4.it\/wp-content\/uploads\/2025\/11\/DSC00085-200x300.jpg 200w, https:\/\/www.artes4.it\/wp-content\/uploads\/2025\/11\/DSC00085-683x1024.jpg 683w, https:\/\/www.artes4.it\/wp-content\/uploads\/2025\/11\/DSC00085-768x1152.jpg 768w, https:\/\/www.artes4.it\/wp-content\/uploads\/2025\/11\/DSC00085-1024x1536.jpg 1024w, https:\/\/www.artes4.it\/wp-content\/uploads\/2025\/11\/DSC00085-1365x2048.jpg 1365w\" sizes=\"(max-width: 1707px) 100vw, 1707px\" \/><\/a> <a href=\"https:\/\/www.artes4.it\/wp-content\/uploads\/2025\/11\/DSC09755.jpg\"><img loading=\"lazy\" decoding=\"async\" class=\"alignleft size-full wp-image-7946\" src=\"https:\/\/www.artes4.it\/wp-content\/uploads\/2025\/11\/DSC09755.jpg\" alt=\"\" width=\"9999\" height=\"15000\" \/><\/a> <a href=\"https:\/\/www.artes4.it\/wp-content\/uploads\/2025\/11\/DSC09776.jpg\"><img loading=\"lazy\" decoding=\"async\" class=\"alignleft size-full wp-image-7948\" src=\"https:\/\/www.artes4.it\/wp-content\/uploads\/2025\/11\/DSC09776.jpg\" alt=\"\" width=\"9999\" height=\"15000\" \/><\/a><\/p>\n<p>&nbsp;<\/p>\n<p>&nbsp;<\/p>\n<p>&nbsp;<\/p>\n<p>&nbsp;<\/p>\n<p>&nbsp;<\/p>\n<p>&nbsp;<\/p>\n<p>&nbsp;<\/p>\n<p>&nbsp;<\/p>\n<p>&nbsp;<\/p>\n<p>&nbsp;<\/p>\n<p>&nbsp;<\/p>\n<p>&nbsp;<\/p>\n<p>&nbsp;<\/p>\n<p>&nbsp;<\/p>\n<p>&nbsp;<\/p>\n<p>&nbsp;<\/p>\n<p>&nbsp;<\/p>\n<p>&nbsp;<\/p>\n<p>&nbsp;<\/p>\n<p>&nbsp;<\/p>\n<p>&nbsp;<\/p>\n<p>&nbsp;<\/p>\n<p>&nbsp;<\/p>\n<p>&nbsp;<\/p>\n<p>&nbsp;<\/p>\n<p>&nbsp;<\/p>\n<p>&nbsp;<\/p>\n<p>&nbsp;<\/p>\n<p>&nbsp;<\/p>\n<p>&nbsp;<\/p>\n<p>&nbsp;<\/p>\n<p>&nbsp;<\/p>\n<p>&nbsp;<\/p>\n<p>&nbsp;<\/p>\n<p>&nbsp;<\/p>\n<p>&nbsp;<\/p>\n<p>&nbsp;<\/p>\n<p>&nbsp;<\/p>\n<p>&nbsp;<\/p>\n<p>&nbsp;<\/p>\n<p>&nbsp;<\/p>\n<p>&nbsp;<\/p>\n<p>&nbsp;<\/p>\n<p>&nbsp;<\/p>\n<p>&nbsp;<\/p>\n","protected":false},"excerpt":{"rendered":"<p>Moda, Manifattura e Tecnologia, organizzato dalla Casa del Made in Italy insieme ad ARTES 4.0, ha chiamato a raccolta persone e idee<\/p>\n","protected":false},"author":21,"featured_media":7909,"comment_status":"closed","ping_status":"closed","sticky":false,"template":"","format":"standard","meta":{"_acf_changed":false,"footnotes":""},"categories":[1],"tags":[93],"anno_doc":[255],"class_list":["post-7908","post","type-post","status-publish","format-standard","has-post-thumbnail","hentry","category-news","tag-news-ed-eventi","anno_doc-255"],"acf":[],"yoast_head":"<!-- This site is optimized with the Yoast SEO Premium plugin v22.8 (Yoast SEO v25.8) - https:\/\/yoast.com\/wordpress\/plugins\/seo\/ -->\n<title>Moda e tecnologia a Firenze | Il talento artigiano incontra l\u2019intelligenza delle macchine - Artes 4.0<\/title>\n<meta name=\"description\" content=\"Moda, Manifattura e Tecnologia, organizzato dalla Casa del Made in Italy insieme ad ARTES 4.0, ha chiamato a raccolta persone e idee\" \/>\n<meta name=\"robots\" content=\"index, follow, max-snippet:-1, max-image-preview:large, max-video-preview:-1\" \/>\n<link rel=\"canonical\" href=\"https:\/\/www.artes4.it\/en\/news\/moda-e-tecnologia-a-firenze-il-talento-artigiano-incontra-lintelligenza-delle-macchine\/\" \/>\n<meta property=\"og:locale\" content=\"en_US\" \/>\n<meta property=\"og:type\" content=\"article\" \/>\n<meta property=\"og:title\" content=\"Moda e tecnologia a Firenze | Il talento artigiano incontra l\u2019intelligenza delle macchine\" \/>\n<meta property=\"og:description\" content=\"Moda, Manifattura e Tecnologia, organizzato dalla Casa del Made in Italy insieme ad ARTES 4.0, ha chiamato a raccolta persone e idee\" \/>\n<meta property=\"og:url\" content=\"https:\/\/www.artes4.it\/en\/news\/moda-e-tecnologia-a-firenze-il-talento-artigiano-incontra-lintelligenza-delle-macchine\/\" \/>\n<meta property=\"og:site_name\" content=\"Artes 4.0\" \/>\n<meta property=\"article:published_time\" content=\"2025-11-27T11:43:43+00:00\" \/>\n<meta property=\"article:modified_time\" content=\"2025-11-27T14:07:27+00:00\" \/>\n<meta property=\"og:image\" content=\"https:\/\/www.artes4.it\/wp-content\/uploads\/2025\/11\/DSC09766.jpg\" \/>\n\t<meta property=\"og:image:width\" content=\"800\" \/>\n\t<meta property=\"og:image:height\" content=\"533\" \/>\n\t<meta property=\"og:image:type\" content=\"image\/jpeg\" \/>\n<meta name=\"author\" content=\"ARTES 4.0\" \/>\n<meta name=\"twitter:card\" content=\"summary_large_image\" \/>\n<meta name=\"twitter:label1\" content=\"Written by\" \/>\n\t<meta name=\"twitter:data1\" content=\"ARTES 4.0\" \/>\n\t<meta name=\"twitter:label2\" content=\"Est. reading time\" \/>\n\t<meta name=\"twitter:data2\" content=\"14 minutes\" \/>\n<script type=\"application\/ld+json\" class=\"yoast-schema-graph\">{\"@context\":\"https:\/\/schema.org\",\"@graph\":[{\"@type\":\"Article\",\"@id\":\"https:\/\/www.artes4.it\/en\/news\/moda-e-tecnologia-a-firenze-il-talento-artigiano-incontra-lintelligenza-delle-macchine\/#article\",\"isPartOf\":{\"@id\":\"https:\/\/www.artes4.it\/en\/news\/moda-e-tecnologia-a-firenze-il-talento-artigiano-incontra-lintelligenza-delle-macchine\/\"},\"author\":{\"name\":\"ARTES 4.0\",\"@id\":\"https:\/\/www.artes4.it\/en\/#\/schema\/person\/db3b10851288640cb73ed64b94f94444\"},\"headline\":\"Moda e tecnologia a Firenze | Il talento artigiano incontra l\u2019intelligenza delle macchine\",\"datePublished\":\"2025-11-27T11:43:43+00:00\",\"dateModified\":\"2025-11-27T14:07:27+00:00\",\"mainEntityOfPage\":{\"@id\":\"https:\/\/www.artes4.it\/en\/news\/moda-e-tecnologia-a-firenze-il-talento-artigiano-incontra-lintelligenza-delle-macchine\/\"},\"wordCount\":2130,\"publisher\":{\"@id\":\"https:\/\/www.artes4.it\/en\/#organization\"},\"image\":{\"@id\":\"https:\/\/www.artes4.it\/en\/news\/moda-e-tecnologia-a-firenze-il-talento-artigiano-incontra-lintelligenza-delle-macchine\/#primaryimage\"},\"thumbnailUrl\":\"https:\/\/www.artes4.it\/wp-content\/uploads\/2025\/11\/DSC09766.jpg\",\"keywords\":[\"News ed eventi\"],\"articleSection\":[\"News\"],\"inLanguage\":\"en-US\"},{\"@type\":\"WebPage\",\"@id\":\"https:\/\/www.artes4.it\/en\/news\/moda-e-tecnologia-a-firenze-il-talento-artigiano-incontra-lintelligenza-delle-macchine\/\",\"url\":\"https:\/\/www.artes4.it\/en\/news\/moda-e-tecnologia-a-firenze-il-talento-artigiano-incontra-lintelligenza-delle-macchine\/\",\"name\":\"Moda e tecnologia a Firenze | Il talento artigiano incontra l\u2019intelligenza delle macchine - Artes 4.0\",\"isPartOf\":{\"@id\":\"https:\/\/www.artes4.it\/en\/#website\"},\"primaryImageOfPage\":{\"@id\":\"https:\/\/www.artes4.it\/en\/news\/moda-e-tecnologia-a-firenze-il-talento-artigiano-incontra-lintelligenza-delle-macchine\/#primaryimage\"},\"image\":{\"@id\":\"https:\/\/www.artes4.it\/en\/news\/moda-e-tecnologia-a-firenze-il-talento-artigiano-incontra-lintelligenza-delle-macchine\/#primaryimage\"},\"thumbnailUrl\":\"https:\/\/www.artes4.it\/wp-content\/uploads\/2025\/11\/DSC09766.jpg\",\"datePublished\":\"2025-11-27T11:43:43+00:00\",\"dateModified\":\"2025-11-27T14:07:27+00:00\",\"description\":\"Moda, Manifattura e Tecnologia, organizzato dalla Casa del Made in Italy insieme ad ARTES 4.0, ha chiamato a raccolta persone e idee\",\"breadcrumb\":{\"@id\":\"https:\/\/www.artes4.it\/en\/news\/moda-e-tecnologia-a-firenze-il-talento-artigiano-incontra-lintelligenza-delle-macchine\/#breadcrumb\"},\"inLanguage\":\"en-US\",\"potentialAction\":[{\"@type\":\"ReadAction\",\"target\":[\"https:\/\/www.artes4.it\/en\/news\/moda-e-tecnologia-a-firenze-il-talento-artigiano-incontra-lintelligenza-delle-macchine\/\"]}]},{\"@type\":\"ImageObject\",\"inLanguage\":\"en-US\",\"@id\":\"https:\/\/www.artes4.it\/en\/news\/moda-e-tecnologia-a-firenze-il-talento-artigiano-incontra-lintelligenza-delle-macchine\/#primaryimage\",\"url\":\"https:\/\/www.artes4.it\/wp-content\/uploads\/2025\/11\/DSC09766.jpg\",\"contentUrl\":\"https:\/\/www.artes4.it\/wp-content\/uploads\/2025\/11\/DSC09766.jpg\",\"width\":15000,\"height\":9999,\"caption\":\"Evento moda Firenze\"},{\"@type\":\"BreadcrumbList\",\"@id\":\"https:\/\/www.artes4.it\/en\/news\/moda-e-tecnologia-a-firenze-il-talento-artigiano-incontra-lintelligenza-delle-macchine\/#breadcrumb\",\"itemListElement\":[{\"@type\":\"ListItem\",\"position\":1,\"name\":\"Home\",\"item\":\"https:\/\/www.artes4.it\/en\/\"},{\"@type\":\"ListItem\",\"position\":2,\"name\":\"Moda e tecnologia a Firenze | Il talento artigiano incontra l\u2019intelligenza delle macchine\"}]},{\"@type\":\"WebSite\",\"@id\":\"https:\/\/www.artes4.it\/en\/#website\",\"url\":\"https:\/\/www.artes4.it\/en\/\",\"name\":\"Artes 4.0\",\"description\":\"\",\"publisher\":{\"@id\":\"https:\/\/www.artes4.it\/en\/#organization\"},\"potentialAction\":[{\"@type\":\"SearchAction\",\"target\":{\"@type\":\"EntryPoint\",\"urlTemplate\":\"https:\/\/www.artes4.it\/en\/?s={search_term_string}\"},\"query-input\":{\"@type\":\"PropertyValueSpecification\",\"valueRequired\":true,\"valueName\":\"search_term_string\"}}],\"inLanguage\":\"en-US\"},{\"@type\":\"Organization\",\"@id\":\"https:\/\/www.artes4.it\/en\/#organization\",\"name\":\"Artes 4.0\",\"url\":\"https:\/\/www.artes4.it\/en\/\",\"logo\":{\"@type\":\"ImageObject\",\"inLanguage\":\"en-US\",\"@id\":\"https:\/\/www.artes4.it\/en\/#\/schema\/logo\/image\/\",\"url\":\"https:\/\/www.artes4.it\/wp-content\/uploads\/2024\/01\/logo_artes_white.jpeg\",\"contentUrl\":\"https:\/\/www.artes4.it\/wp-content\/uploads\/2024\/01\/logo_artes_white.jpeg\",\"width\":462,\"height\":171,\"caption\":\"Artes 4.0\"},\"image\":{\"@id\":\"https:\/\/www.artes4.it\/en\/#\/schema\/logo\/image\/\"},\"sameAs\":[\"https:\/\/www.linkedin.com\/company\/associazione-artes-4-0\/posts\/?feedView=all\"]},{\"@type\":\"Person\",\"@id\":\"https:\/\/www.artes4.it\/en\/#\/schema\/person\/db3b10851288640cb73ed64b94f94444\",\"name\":\"ARTES 4.0\",\"image\":{\"@type\":\"ImageObject\",\"inLanguage\":\"en-US\",\"@id\":\"https:\/\/www.artes4.it\/en\/#\/schema\/person\/image\/\",\"url\":\"https:\/\/www.artes4.it\/wp-content\/uploads\/2024\/01\/Logo-ARTES4.0-1-96x96.png\",\"contentUrl\":\"https:\/\/www.artes4.it\/wp-content\/uploads\/2024\/01\/Logo-ARTES4.0-1-96x96.png\",\"caption\":\"ARTES 4.0\"},\"url\":\"https:\/\/www.artes4.it\/en\/author\/artes-4-0artes4-it\/\"}]}<\/script>\n<!-- \/ Yoast SEO Premium plugin. -->","yoast_head_json":{"title":"Moda e tecnologia a Firenze | Il talento artigiano incontra l\u2019intelligenza delle macchine - Artes 4.0","description":"Moda, Manifattura e Tecnologia, organizzato dalla Casa del Made in Italy insieme ad ARTES 4.0, ha chiamato a raccolta persone e idee","robots":{"index":"index","follow":"follow","max-snippet":"max-snippet:-1","max-image-preview":"max-image-preview:large","max-video-preview":"max-video-preview:-1"},"canonical":"https:\/\/www.artes4.it\/en\/news\/moda-e-tecnologia-a-firenze-il-talento-artigiano-incontra-lintelligenza-delle-macchine\/","og_locale":"en_US","og_type":"article","og_title":"Moda e tecnologia a Firenze | Il talento artigiano incontra l\u2019intelligenza delle macchine","og_description":"Moda, Manifattura e Tecnologia, organizzato dalla Casa del Made in Italy insieme ad ARTES 4.0, ha chiamato a raccolta persone e idee","og_url":"https:\/\/www.artes4.it\/en\/news\/moda-e-tecnologia-a-firenze-il-talento-artigiano-incontra-lintelligenza-delle-macchine\/","og_site_name":"Artes 4.0","article_published_time":"2025-11-27T11:43:43+00:00","article_modified_time":"2025-11-27T14:07:27+00:00","og_image":[{"url":"https:\/\/www.artes4.it\/wp-content\/uploads\/2025\/11\/DSC09766.jpg","width":800,"height":533,"type":"image\/jpeg"}],"author":"ARTES 4.0","twitter_card":"summary_large_image","twitter_misc":{"Written by":"ARTES 4.0","Est. reading time":"14 minutes"},"schema":{"@context":"https:\/\/schema.org","@graph":[{"@type":"Article","@id":"https:\/\/www.artes4.it\/en\/news\/moda-e-tecnologia-a-firenze-il-talento-artigiano-incontra-lintelligenza-delle-macchine\/#article","isPartOf":{"@id":"https:\/\/www.artes4.it\/en\/news\/moda-e-tecnologia-a-firenze-il-talento-artigiano-incontra-lintelligenza-delle-macchine\/"},"author":{"name":"ARTES 4.0","@id":"https:\/\/www.artes4.it\/en\/#\/schema\/person\/db3b10851288640cb73ed64b94f94444"},"headline":"Moda e tecnologia a Firenze | Il talento artigiano incontra l\u2019intelligenza delle macchine","datePublished":"2025-11-27T11:43:43+00:00","dateModified":"2025-11-27T14:07:27+00:00","mainEntityOfPage":{"@id":"https:\/\/www.artes4.it\/en\/news\/moda-e-tecnologia-a-firenze-il-talento-artigiano-incontra-lintelligenza-delle-macchine\/"},"wordCount":2130,"publisher":{"@id":"https:\/\/www.artes4.it\/en\/#organization"},"image":{"@id":"https:\/\/www.artes4.it\/en\/news\/moda-e-tecnologia-a-firenze-il-talento-artigiano-incontra-lintelligenza-delle-macchine\/#primaryimage"},"thumbnailUrl":"https:\/\/www.artes4.it\/wp-content\/uploads\/2025\/11\/DSC09766.jpg","keywords":["News ed eventi"],"articleSection":["News"],"inLanguage":"en-US"},{"@type":"WebPage","@id":"https:\/\/www.artes4.it\/en\/news\/moda-e-tecnologia-a-firenze-il-talento-artigiano-incontra-lintelligenza-delle-macchine\/","url":"https:\/\/www.artes4.it\/en\/news\/moda-e-tecnologia-a-firenze-il-talento-artigiano-incontra-lintelligenza-delle-macchine\/","name":"Moda e tecnologia a Firenze | Il talento artigiano incontra l\u2019intelligenza delle macchine - Artes 4.0","isPartOf":{"@id":"https:\/\/www.artes4.it\/en\/#website"},"primaryImageOfPage":{"@id":"https:\/\/www.artes4.it\/en\/news\/moda-e-tecnologia-a-firenze-il-talento-artigiano-incontra-lintelligenza-delle-macchine\/#primaryimage"},"image":{"@id":"https:\/\/www.artes4.it\/en\/news\/moda-e-tecnologia-a-firenze-il-talento-artigiano-incontra-lintelligenza-delle-macchine\/#primaryimage"},"thumbnailUrl":"https:\/\/www.artes4.it\/wp-content\/uploads\/2025\/11\/DSC09766.jpg","datePublished":"2025-11-27T11:43:43+00:00","dateModified":"2025-11-27T14:07:27+00:00","description":"Moda, Manifattura e Tecnologia, organizzato dalla Casa del Made in Italy insieme ad ARTES 4.0, ha chiamato a raccolta persone e idee","breadcrumb":{"@id":"https:\/\/www.artes4.it\/en\/news\/moda-e-tecnologia-a-firenze-il-talento-artigiano-incontra-lintelligenza-delle-macchine\/#breadcrumb"},"inLanguage":"en-US","potentialAction":[{"@type":"ReadAction","target":["https:\/\/www.artes4.it\/en\/news\/moda-e-tecnologia-a-firenze-il-talento-artigiano-incontra-lintelligenza-delle-macchine\/"]}]},{"@type":"ImageObject","inLanguage":"en-US","@id":"https:\/\/www.artes4.it\/en\/news\/moda-e-tecnologia-a-firenze-il-talento-artigiano-incontra-lintelligenza-delle-macchine\/#primaryimage","url":"https:\/\/www.artes4.it\/wp-content\/uploads\/2025\/11\/DSC09766.jpg","contentUrl":"https:\/\/www.artes4.it\/wp-content\/uploads\/2025\/11\/DSC09766.jpg","width":15000,"height":9999,"caption":"Evento moda Firenze"},{"@type":"BreadcrumbList","@id":"https:\/\/www.artes4.it\/en\/news\/moda-e-tecnologia-a-firenze-il-talento-artigiano-incontra-lintelligenza-delle-macchine\/#breadcrumb","itemListElement":[{"@type":"ListItem","position":1,"name":"Home","item":"https:\/\/www.artes4.it\/en\/"},{"@type":"ListItem","position":2,"name":"Moda e tecnologia a Firenze | Il talento artigiano incontra l\u2019intelligenza delle macchine"}]},{"@type":"WebSite","@id":"https:\/\/www.artes4.it\/en\/#website","url":"https:\/\/www.artes4.it\/en\/","name":"Artes 4.0","description":"","publisher":{"@id":"https:\/\/www.artes4.it\/en\/#organization"},"potentialAction":[{"@type":"SearchAction","target":{"@type":"EntryPoint","urlTemplate":"https:\/\/www.artes4.it\/en\/?s={search_term_string}"},"query-input":{"@type":"PropertyValueSpecification","valueRequired":true,"valueName":"search_term_string"}}],"inLanguage":"en-US"},{"@type":"Organization","@id":"https:\/\/www.artes4.it\/en\/#organization","name":"Artes 4.0","url":"https:\/\/www.artes4.it\/en\/","logo":{"@type":"ImageObject","inLanguage":"en-US","@id":"https:\/\/www.artes4.it\/en\/#\/schema\/logo\/image\/","url":"https:\/\/www.artes4.it\/wp-content\/uploads\/2024\/01\/logo_artes_white.jpeg","contentUrl":"https:\/\/www.artes4.it\/wp-content\/uploads\/2024\/01\/logo_artes_white.jpeg","width":462,"height":171,"caption":"Artes 4.0"},"image":{"@id":"https:\/\/www.artes4.it\/en\/#\/schema\/logo\/image\/"},"sameAs":["https:\/\/www.linkedin.com\/company\/associazione-artes-4-0\/posts\/?feedView=all"]},{"@type":"Person","@id":"https:\/\/www.artes4.it\/en\/#\/schema\/person\/db3b10851288640cb73ed64b94f94444","name":"ARTES 4.0","image":{"@type":"ImageObject","inLanguage":"en-US","@id":"https:\/\/www.artes4.it\/en\/#\/schema\/person\/image\/","url":"https:\/\/www.artes4.it\/wp-content\/uploads\/2024\/01\/Logo-ARTES4.0-1-96x96.png","contentUrl":"https:\/\/www.artes4.it\/wp-content\/uploads\/2024\/01\/Logo-ARTES4.0-1-96x96.png","caption":"ARTES 4.0"},"url":"https:\/\/www.artes4.it\/en\/author\/artes-4-0artes4-it\/"}]}},"_links":{"self":[{"href":"https:\/\/www.artes4.it\/en\/wp-json\/wp\/v2\/posts\/7908","targetHints":{"allow":["GET"]}}],"collection":[{"href":"https:\/\/www.artes4.it\/en\/wp-json\/wp\/v2\/posts"}],"about":[{"href":"https:\/\/www.artes4.it\/en\/wp-json\/wp\/v2\/types\/post"}],"author":[{"embeddable":true,"href":"https:\/\/www.artes4.it\/en\/wp-json\/wp\/v2\/users\/21"}],"replies":[{"embeddable":true,"href":"https:\/\/www.artes4.it\/en\/wp-json\/wp\/v2\/comments?post=7908"}],"version-history":[{"count":12,"href":"https:\/\/www.artes4.it\/en\/wp-json\/wp\/v2\/posts\/7908\/revisions"}],"predecessor-version":[{"id":7950,"href":"https:\/\/www.artes4.it\/en\/wp-json\/wp\/v2\/posts\/7908\/revisions\/7950"}],"wp:featuredmedia":[{"embeddable":true,"href":"https:\/\/www.artes4.it\/en\/wp-json\/wp\/v2\/media\/7909"}],"wp:attachment":[{"href":"https:\/\/www.artes4.it\/en\/wp-json\/wp\/v2\/media?parent=7908"}],"wp:term":[{"taxonomy":"category","embeddable":true,"href":"https:\/\/www.artes4.it\/en\/wp-json\/wp\/v2\/categories?post=7908"},{"taxonomy":"post_tag","embeddable":true,"href":"https:\/\/www.artes4.it\/en\/wp-json\/wp\/v2\/tags?post=7908"},{"taxonomy":"anno_doc","embeddable":true,"href":"https:\/\/www.artes4.it\/en\/wp-json\/wp\/v2\/anno_doc?post=7908"}],"curies":[{"name":"wp","href":"https:\/\/api.w.org\/{rel}","templated":true}]}}