{"id":8036,"date":"2025-12-18T12:28:42","date_gmt":"2025-12-18T11:28:42","guid":{"rendered":"https:\/\/www.artes4.it\/?p=8036"},"modified":"2025-12-18T15:50:28","modified_gmt":"2025-12-18T14:50:28","slug":"oltre-la-nostalgia-il-libro-come-sistema-industriale-tra-innovazione-tutela-e-algoritmi","status":"publish","type":"post","link":"https:\/\/www.artes4.it\/en\/news\/oltre-la-nostalgia-il-libro-come-sistema-industriale-tra-innovazione-tutela-e-algoritmi\/","title":{"rendered":"Oltre la nostalgia: il libro come sistema industriale tra innovazione, tutela e algoritmi"},"content":{"rendered":"<p>La franchezza del confronto ha fatto la differenza: Ministeri, editori, universit\u00e0, imprese tech, startup, esperti di diritto d\u2019autore, biblioteche e librerie si sono seduti allo stesso tavolo per guardare il libro per ci\u00f2 che \u00e8 diventato oggi. Non pi\u00f9 soltanto un oggetto culturale, ma una filiera complessa, attraversata da tecnologie, diritti, algoritmi, log e da un profondo ripensamento delle modalit\u00e0 di produzione e perfino di lettura. Un esercizio di interpretazione del presente che ha scelto di mettere da parte nostalgia e semplificazioni per discutere senza filtri degli strumenti dell\u2019innovazione nell\u2019era della AI generativa.<\/p>\n<p>All\u2019evento \u201cLa Filiera Italiana del Libro: tutela, innovazione e mercati globali\u201d organizzato dalla Casa del Made in Italy di Firenze e dal Centro di Competenza ARTES 4.0, con il patrocinio della Regione Toscana, l\u2019apertura istituzionale ha dato subito la misura del perimetro: <strong>Carmela Smargiassi<\/strong> (MIMIT \u2013 Casa del Made in Italy di Firenze) ha incorniciato il ruolo del presidio territoriale come punto di contatto tra politiche industriali e filiere reali; <strong>Mario Del Secco<\/strong> (Unioncamere Toscana) ha dato una lettura di sistema tra competitivit\u00e0, professionalit\u00e0 e nuove skill; <strong>Marco Zuffanelli<\/strong> (Manageritalia Toscana) ha valorizzato il ruolo dei manager come abilitatori di sviluppo e competitivit\u00e0; <strong>Francesca Tonini<\/strong> (Direttrice Esecutiva ARTES 4.0) ha posizionato il contributo del Competence Center sul terreno pi\u00f9 concreto: portare metodi, tecnologie e trasferimento dentro le filiere, compresa quella del libro.<\/p>\n<p><a href=\"https:\/\/www.artes4.it\/wp-content\/uploads\/2025\/12\/DSC00212.jpg\"><img fetchpriority=\"high\" decoding=\"async\" class=\"alignleft size-full wp-image-8037\" src=\"https:\/\/www.artes4.it\/wp-content\/uploads\/2025\/12\/DSC00212.jpg\" alt=\"La Filiera Italiana del Libro\" width=\"15000\" height=\"9999\" \/><\/a><\/p>\n<h2>Il libro come pilastro del Made in Italy culturale ed economico<\/h2>\n<p><strong>Moderatore: Simone Innocenti (Corriere della Sera)<\/strong><\/p>\n<p>Oltre a essere un bene culturale, il libro \u00e8 un prodotto industriale con impatti su occupazione, reputazione-paese e capacit\u00e0 di esportazione. <strong>Stefano Passigli<\/strong> (Passigli Editori) ha dato profondit\u00e0 storica e imprenditoriale al tema della continuit\u00e0 editoriale che oggi significa saper attraversare canali e linguaggi nuovi senza perdere qualit\u00e0.<\/p>\n<p>La traiettoria tecnologica \u00e8 entrata nell\u2019intervento di <strong>Vincenzo Vespri<\/strong> (Universit\u00e0 di Firenze) che ha agganciato il concetto di filiera a quello di tracciabilit\u00e0 perch\u00e9 nel digitale ci\u00f2 che non si traccia non si governa. Vespri ha descritto la blockchain come infrastruttura utile quando servono tre propriet\u00e0: immutabilit\u00e0, trasparenza verificabile e decentralizzazione. Applicata all\u2019editoria questa architettura pu\u00f2 sostenere pi\u00f9 tasselli: la certificazione dell\u2019esistenza di un\u2019opera (registrando hash e metadati), il watermarking tracciabile che riduce l\u2019anonimato della copia pirata, la gestione di licenze tramite smart contract e la tokenizzazione come identificatore inalterabile dell\u2019opera e delle sue versioni.<\/p>\n<p>A chiudere il panel due sguardi di filiera. <strong>Mario Papalini<\/strong> (C&amp;P Adver Effigi) ha ricordato che la trasformazione digitale cambia materiali, tempi, processi e margini e di conseguenza va progettata come si progetta un impianto produttivo. <strong>Francesca Albano<\/strong> (Confcommercio, Associazione Librai Italiani) ha riportato l\u2019attenzione sul punto vendita come luogo dove l\u2019innovazione \u00e8 utile se serve a far circolare libri, persone e comunit\u00e0.<\/p>\n<p><a href=\"https:\/\/www.artes4.it\/wp-content\/uploads\/2025\/12\/DSC00274.jpg\"><img decoding=\"async\" class=\"alignleft size-full wp-image-8039\" src=\"https:\/\/www.artes4.it\/wp-content\/uploads\/2025\/12\/DSC00274.jpg\" alt=\"Il libro come pilastro del Made in Italy culturale ed economico\" width=\"15000\" height=\"9999\" \/><\/a><\/p>\n<h2>Tutela del diritto d\u2019autore e contrasto alla pirateria digitale<\/h2>\n<p><strong>Moderatrice: Alessandra Signorini (Eprcomunicazione)<\/strong><\/p>\n<p>Qui la parola chiave \u00e8 stata governance perch\u00e9 nell\u2019era dell\u2019AI generativa il diritto d\u2019autore \u00e8 un requisito di funzionamento del mercato. L\u2019intervento di <strong>Claudia Del Re<\/strong> (studio legale Del Re) ha impostato una cornice utile anche ai non addetti ai lavori: il diritto d\u2019autore protegge l\u2019espressione dell\u2019opera, non l\u2019idea. Richiede originalit\u00e0 e un apporto creativo riconducibile a un autore e la questione dell\u2019AI nasce proprio qui, nel punto in cui la catena creativa si frammenta tra dataset, modello, prompt, selezione e rifinitura umana. Del Re ha attraversato casi e differenze internazionali ed evidenziato come il livello di coinvolgimento umano sia la variabile decisiva quando si discute di titolarit\u00e0 e tutela.<\/p>\n<p>Nel passaggio pi\u00f9 tecnico, Del Re ha richiamato il contesto regolatorio europeo con riferimento all\u2019AI Act (entrato nella fase applicativa il primo agosto 2024) e alla direzione di marcia che impone ai fornitori di modelli obblighi di trasparenza, attenzione ai contenuti protetti e gestione del rischio. Il messaggio \u00e8 stato scomodo. Chi opera nella filiera editoriale deve prepararsi a processi pi\u00f9 tracciabili perch\u00e9 la tutela si difende in tribunale ma si costruisce prima con regole, log, informative, policy e contratti.<\/p>\n<p>A dare concretezza istituzionale sono intervenuti <strong>Giacomo Vigna<\/strong> (MIMIT \u2013 DGIND, Divisione XIII Industrie Culturali e Creative) ed <strong>Enrico Fantini<\/strong> (Conflavoro PMI Firenze) con il collegamento del contrasto alla pirateria al tema della sostenibilit\u00e0 economica della produzione culturale, soprattutto quando le PMI subiscono una concorrenza ombra fatta di copie e canali informali.<\/p>\n<p>Sul versante dell\u2019accesso, <strong>Marco Biffi<\/strong> (Universit\u00e0 di Firenze &#8211; Accademia della Crusca) ha portato l\u2019esperienza della biblioteca come infrastruttura di conoscenza, discutendo le politiche di <strong>libero accesso in rete<\/strong> e l\u2019equilibrio delicato tra apertura, conservazione e rispetto dei diritti.<\/p>\n<p><strong>Fernanda Faini<\/strong> (Universit\u00e0 Telematica Pegaso) ha messo a fuoco il triangolo che oggi decide quasi tutto: essere umano, AI e diritto d\u2019autore. La creativit\u00e0 generativa, se non governata, non democratizza la produzione: sposta valore e potere contrattuale verso pochi nodi tecnologici, lasciando la filiera culturale senza strumenti.<\/p>\n<p><a href=\"https:\/\/www.artes4.it\/wp-content\/uploads\/2025\/12\/DSC00305.jpg\"><img decoding=\"async\" class=\"alignleft size-full wp-image-8041\" src=\"https:\/\/www.artes4.it\/wp-content\/uploads\/2025\/12\/DSC00305.jpg\" alt=\"Tutela del diritto d\u2019autore e contrasto alla pirateria digitale\" width=\"15000\" height=\"9999\" \/><\/a><\/p>\n<h2>Innovazione e digitalizzazione della filiera editoriale<\/h2>\n<p><strong>Moderatore: Roberto Lenzi (Il Sole 24 Ore)<\/strong><\/p>\n<p>Qui si \u00e8 capito perch\u00e9 l\u2019evento parlava di filiera: non c\u2019\u00e8 un\u2019unica tecnologia salvifica, c\u2019\u00e8 un insieme di componenti che, integrate, cambiano produzione, distribuzione, marketing e formati.<\/p>\n<p><strong>Simone Sassoli<\/strong> (Plottybot) ha presentato PlottyBot come piattaforma che copre un processo completo dove l\u2019AI supporta elaborazione dati, scrittura, creazione immagini e rilettura, senza vendere l\u2019illusione dell\u2019automazione totale. Il suo punto, volutamente pragmatico, \u00e8 stato Human First: la tecnologia accelera, organizza e propone, ma l\u2019essenza resta umana perch\u00e9 idea, intenzione, tono e responsabilit\u00e0 non sono delegabili. In mezzo ha insistito su due aspetti che nel settore fanno la differenza: personalizzazione e controllo antiplagio integrato, cio\u00e8 strumenti che non servono a scrivere di pi\u00f9, ma a scrivere meglio e in modo verificabile.<\/p>\n<p><strong>Sergio Piane<\/strong> (Alkedo Produzioni) ha portato la sala sul terreno dell\u2019ipermedialit\u00e0: \u201cdalla pagina alla realt\u00e0 aumentata\u201d non \u00e8 un vezzo, \u00e8 un modo di ripensare l\u2019esperienza del testo come sistema narrativo transmediale. Nella sua lettura, \u201caumentare\u201d il libro significa integrare media, luoghi e persone, trasformando la carta in un punto di accesso a livelli ulteriori tramite realt\u00e0 aumentata, innesti visivi e connessioni. Qui la tecnologia diventa un ponte tra fisico e digitale che pu\u00f2 aprire strade interessanti soprattutto per didattica, turismo culturale e format ibridi.<\/p>\n<p>Il blocco pi\u00f9 industriale \u00e8 arrivato con <strong>Alessandro Garnero<\/strong> (Tecniche Nuove), insieme a <strong>Samuele Marazzita<\/strong> (MazzMedia) e <strong>Placido Losacco<\/strong> (Living Media), con un titolo che suonava come una dichiarazione di fabbrica: Content is the new steel. Nel B2B non basta pi\u00f9 pubblicare, bisogna costruire una piattaforma di comunicazione guidata da dati, capace di unire rivista, web, newsletter, social, eventi, video e podcast in un unico disegno misurabile. Garnero ha insistito sulla necessit\u00e0 di distinguere mito e realt\u00e0 quando si parla di AI: l\u2019intelligenza artificiale \u00e8 gi\u00e0 utile nel supporto editoriale e nella produttivit\u00e0, ma funziona solo se alimentata da dataset, processi e obiettivi e se integrata con CRM, marketing e vendite.<\/p>\n<p>A completare il panel, <strong>Fabrizio Giacomelli<\/strong> (Mediavoice) ha mostrato un caso d\u2019uso specifico e per questo illuminante: l\u2019AI applicata all\u2019enigmistica. \u00c8 un esempio che ha un valore simbolico: anche i contenuti che sembrano \u201cartigianato puro\u201d possono essere potenziati da modelli generativi e strumenti di analisi, purch\u00e9 si definiscano bene vincoli, qualit\u00e0 attesa e controllo umano.<\/p>\n<p><a href=\"https:\/\/www.artes4.it\/wp-content\/uploads\/2025\/12\/DSC00345.jpg\"><img loading=\"lazy\" decoding=\"async\" class=\"alignleft size-full wp-image-8057\" src=\"https:\/\/www.artes4.it\/wp-content\/uploads\/2025\/12\/DSC00345.jpg\" alt=\"\" width=\"15000\" height=\"9999\" \/><\/a><\/p>\n<p>&nbsp;<\/p>\n<p>&nbsp;<\/p>\n<h2>Librerie, biblioteche e accesso democratico alla lettura<\/h2>\n<p><strong>Moderatore: Simone Innocenti (Corriere della Sera)<\/strong><\/p>\n<p>Se il libro \u00e8 filiera, allora l\u2019accesso \u00e8 un\u2019infrastruttura, e le infrastrutture determinano chi partecipa e chi resta fuori. <strong>Bice Del Giudice<\/strong> (Comune di Cascina, Assessora a cultura e commercio) ha legato lettura e territorio e ricordato il progetto di digitalizzazione del patrimonio bibliotecario con il supporto tecnico di Alkedo Produzioni e la regia di ARTES 4.0<\/p>\n<p>Sul fronte scuola, <strong>Lucia Bacci<\/strong> (Licei \u201cGiovanni da San Giovanni\u201d Valdarno) ha rimarcato il tema delle competenze: non basta leggere, serve saper interpretare piattaforme, fonti e dinamiche digitali che influenzano la circolazione dei contenuti. Qui l\u2019intervento di <strong>Roberta Capitini<\/strong> (Liceo Statale \u201cAntonio Rosmini\u201d di Grosseto) ha proposto un caso concreto: il Liceo del Made in Italy come percorso che unisce cultura e innovazione con laboratori umanistici ed economico-giuridici, attivit\u00e0 progettuali e un ponte strutturato tra scuola e lavoro. Capitini ha raccontato un ecosistema territoriale fatto di reti e attori locali e mostrato come la formazione possa diventare la prima tecnologia di inclusione.<\/p>\n<p><a href=\"https:\/\/www.artes4.it\/wp-content\/uploads\/2025\/12\/DSC00396.jpg\"><img loading=\"lazy\" decoding=\"async\" class=\"alignleft size-full wp-image-8049\" src=\"https:\/\/www.artes4.it\/wp-content\/uploads\/2025\/12\/DSC00396.jpg\" alt=\"Librerie, biblioteche e accesso democratico alla lettura\" width=\"15000\" height=\"9999\" \/><\/a><\/p>\n<p>&nbsp;<\/p>\n<h2>Premi letterari e territori: eccellenze italiane che promuovono la lettura<\/h2>\n<p><strong>Moderatore: Simone Innocenti (Corriere della Sera)<\/strong><\/p>\n<p>Il panel finale ha chiuso il cerchio tornando al mercato senza perdere la cultura: i <strong>premi letterari<\/strong> sono stati letti come dispositivi di visibilit\u00e0, come leve di reputazione e come strumenti di marketing culturale capaci di generare attrattivit\u00e0, anche turistica.<\/p>\n<p><strong>Paolo Iacuzzi<\/strong> (Premio Letterario Internazionale Ceppo) ha descritto il premio come macchina narrativa che fa emergere autori e temi, e che costruisce comunit\u00e0 nel tempo. <strong>Ignazio Landi<\/strong> (Premio Bancarella &#8211; Fondazione Citt\u00e0 del Libro) ha portato l\u2019esperienza di un riconoscimento che vive in simbiosi con librai e territorio. <strong>Natalia Cangi<\/strong> (Premio Pieve Saverio Tutino \u2013 Fondazione Archivio Diaristico Nazionale) ha spostato l\u2019attenzione sulla memoria e sugli archivi come forma di patrimonio vivente ovvero contenuti che diventano identit\u00e0 collettiva. <strong>Gabriele Ametrano<\/strong> (Premio La Citt\u00e0 dei Lettori) ha infine insistito sulla capacit\u00e0 dei premi di fare da acceleratori di incontro tra autori, editori e pubblico e quindi di generare attenzione in un ecosistema saturo di stimoli.<\/p>\n<p><a href=\"https:\/\/www.artes4.it\/wp-content\/uploads\/2025\/12\/DSC00414-scaled.jpg\"><img loading=\"lazy\" decoding=\"async\" class=\"alignleft size-full wp-image-8047\" src=\"https:\/\/www.artes4.it\/wp-content\/uploads\/2025\/12\/DSC00414-scaled.jpg\" alt=\"Premi letterari e territori: eccellenze italiane che promuovono la lettura\" width=\"2560\" height=\"1707\" srcset=\"https:\/\/www.artes4.it\/wp-content\/uploads\/2025\/12\/DSC00414-scaled.jpg 2560w, https:\/\/www.artes4.it\/wp-content\/uploads\/2025\/12\/DSC00414-300x200.jpg 300w, https:\/\/www.artes4.it\/wp-content\/uploads\/2025\/12\/DSC00414-1024x683.jpg 1024w, https:\/\/www.artes4.it\/wp-content\/uploads\/2025\/12\/DSC00414-768x512.jpg 768w, https:\/\/www.artes4.it\/wp-content\/uploads\/2025\/12\/DSC00414-1536x1024.jpg 1536w, https:\/\/www.artes4.it\/wp-content\/uploads\/2025\/12\/DSC00414-2048x1365.jpg 2048w\" sizes=\"(max-width: 2560px) 100vw, 2560px\" \/><\/a><\/p>\n","protected":false},"excerpt":{"rendered":"<p>La Filiera Italiana del Libro: tutela, innovazione e mercati globali con il Centro di Competenza ARTES 4.0 e la Casa del Made in Italy di Firenze<\/p>\n","protected":false},"author":21,"featured_media":8037,"comment_status":"closed","ping_status":"closed","sticky":false,"template":"","format":"standard","meta":{"_acf_changed":false,"footnotes":""},"categories":[1],"tags":[93],"anno_doc":[255],"class_list":["post-8036","post","type-post","status-publish","format-standard","has-post-thumbnail","hentry","category-news","tag-news-ed-eventi","anno_doc-255"],"acf":[],"yoast_head":"<!-- This site is optimized with the Yoast SEO Premium plugin v22.8 (Yoast SEO v25.8) - https:\/\/yoast.com\/wordpress\/plugins\/seo\/ -->\n<title>Oltre la nostalgia: il libro come sistema industriale tra innovazione, tutela e algoritmi - Artes 4.0<\/title>\n<meta name=\"description\" content=\"La Filiera Italiana del Libro: tutela, innovazione e mercati globali con il Centro di Competenza ARTES 4.0 e la Casa del Made in Italy di Firenze\" \/>\n<meta name=\"robots\" content=\"index, follow, max-snippet:-1, max-image-preview:large, max-video-preview:-1\" \/>\n<link rel=\"canonical\" href=\"https:\/\/www.artes4.it\/en\/news\/oltre-la-nostalgia-il-libro-come-sistema-industriale-tra-innovazione-tutela-e-algoritmi\/\" \/>\n<meta property=\"og:locale\" content=\"en_US\" \/>\n<meta property=\"og:type\" content=\"article\" \/>\n<meta property=\"og:title\" content=\"Oltre la nostalgia: il libro come sistema industriale tra innovazione, tutela e algoritmi\" \/>\n<meta property=\"og:description\" content=\"La Filiera Italiana del Libro: tutela, innovazione e mercati globali con il Centro di Competenza ARTES 4.0 e la Casa del Made in Italy di Firenze\" \/>\n<meta property=\"og:url\" content=\"https:\/\/www.artes4.it\/en\/news\/oltre-la-nostalgia-il-libro-come-sistema-industriale-tra-innovazione-tutela-e-algoritmi\/\" \/>\n<meta property=\"og:site_name\" content=\"Artes 4.0\" \/>\n<meta property=\"article:published_time\" content=\"2025-12-18T11:28:42+00:00\" \/>\n<meta property=\"article:modified_time\" content=\"2025-12-18T14:50:28+00:00\" \/>\n<meta property=\"og:image\" content=\"https:\/\/www.artes4.it\/wp-content\/uploads\/2025\/12\/DSC00212.jpg\" \/>\n\t<meta property=\"og:image:width\" content=\"800\" \/>\n\t<meta property=\"og:image:height\" content=\"533\" \/>\n\t<meta property=\"og:image:type\" content=\"image\/jpeg\" \/>\n<meta name=\"author\" content=\"ARTES 4.0\" \/>\n<meta name=\"twitter:card\" content=\"summary_large_image\" \/>\n<meta name=\"twitter:label1\" content=\"Written by\" \/>\n\t<meta name=\"twitter:data1\" content=\"ARTES 4.0\" \/>\n\t<meta name=\"twitter:label2\" content=\"Est. reading time\" \/>\n\t<meta name=\"twitter:data2\" content=\"10 minutes\" \/>\n<script type=\"application\/ld+json\" class=\"yoast-schema-graph\">{\"@context\":\"https:\/\/schema.org\",\"@graph\":[{\"@type\":\"Article\",\"@id\":\"https:\/\/www.artes4.it\/en\/news\/oltre-la-nostalgia-il-libro-come-sistema-industriale-tra-innovazione-tutela-e-algoritmi\/#article\",\"isPartOf\":{\"@id\":\"https:\/\/www.artes4.it\/en\/news\/oltre-la-nostalgia-il-libro-come-sistema-industriale-tra-innovazione-tutela-e-algoritmi\/\"},\"author\":{\"name\":\"ARTES 4.0\",\"@id\":\"https:\/\/www.artes4.it\/en\/#\/schema\/person\/db3b10851288640cb73ed64b94f94444\"},\"headline\":\"Oltre la nostalgia: il libro come sistema industriale tra innovazione, tutela e algoritmi\",\"datePublished\":\"2025-12-18T11:28:42+00:00\",\"dateModified\":\"2025-12-18T14:50:28+00:00\",\"mainEntityOfPage\":{\"@id\":\"https:\/\/www.artes4.it\/en\/news\/oltre-la-nostalgia-il-libro-come-sistema-industriale-tra-innovazione-tutela-e-algoritmi\/\"},\"wordCount\":1553,\"publisher\":{\"@id\":\"https:\/\/www.artes4.it\/en\/#organization\"},\"image\":{\"@id\":\"https:\/\/www.artes4.it\/en\/news\/oltre-la-nostalgia-il-libro-come-sistema-industriale-tra-innovazione-tutela-e-algoritmi\/#primaryimage\"},\"thumbnailUrl\":\"https:\/\/www.artes4.it\/wp-content\/uploads\/2025\/12\/DSC00212.jpg\",\"keywords\":[\"News ed eventi\"],\"articleSection\":[\"News\"],\"inLanguage\":\"en-US\"},{\"@type\":\"WebPage\",\"@id\":\"https:\/\/www.artes4.it\/en\/news\/oltre-la-nostalgia-il-libro-come-sistema-industriale-tra-innovazione-tutela-e-algoritmi\/\",\"url\":\"https:\/\/www.artes4.it\/en\/news\/oltre-la-nostalgia-il-libro-come-sistema-industriale-tra-innovazione-tutela-e-algoritmi\/\",\"name\":\"Oltre la nostalgia: il libro come sistema industriale tra innovazione, tutela e algoritmi - Artes 4.0\",\"isPartOf\":{\"@id\":\"https:\/\/www.artes4.it\/en\/#website\"},\"primaryImageOfPage\":{\"@id\":\"https:\/\/www.artes4.it\/en\/news\/oltre-la-nostalgia-il-libro-come-sistema-industriale-tra-innovazione-tutela-e-algoritmi\/#primaryimage\"},\"image\":{\"@id\":\"https:\/\/www.artes4.it\/en\/news\/oltre-la-nostalgia-il-libro-come-sistema-industriale-tra-innovazione-tutela-e-algoritmi\/#primaryimage\"},\"thumbnailUrl\":\"https:\/\/www.artes4.it\/wp-content\/uploads\/2025\/12\/DSC00212.jpg\",\"datePublished\":\"2025-12-18T11:28:42+00:00\",\"dateModified\":\"2025-12-18T14:50:28+00:00\",\"description\":\"La Filiera Italiana del Libro: tutela, innovazione e mercati globali con il Centro di Competenza ARTES 4.0 e la Casa del Made in Italy di Firenze\",\"breadcrumb\":{\"@id\":\"https:\/\/www.artes4.it\/en\/news\/oltre-la-nostalgia-il-libro-come-sistema-industriale-tra-innovazione-tutela-e-algoritmi\/#breadcrumb\"},\"inLanguage\":\"en-US\",\"potentialAction\":[{\"@type\":\"ReadAction\",\"target\":[\"https:\/\/www.artes4.it\/en\/news\/oltre-la-nostalgia-il-libro-come-sistema-industriale-tra-innovazione-tutela-e-algoritmi\/\"]}]},{\"@type\":\"ImageObject\",\"inLanguage\":\"en-US\",\"@id\":\"https:\/\/www.artes4.it\/en\/news\/oltre-la-nostalgia-il-libro-come-sistema-industriale-tra-innovazione-tutela-e-algoritmi\/#primaryimage\",\"url\":\"https:\/\/www.artes4.it\/wp-content\/uploads\/2025\/12\/DSC00212.jpg\",\"contentUrl\":\"https:\/\/www.artes4.it\/wp-content\/uploads\/2025\/12\/DSC00212.jpg\",\"width\":15000,\"height\":9999,\"caption\":\"La Filiera Italiana del Libro\"},{\"@type\":\"BreadcrumbList\",\"@id\":\"https:\/\/www.artes4.it\/en\/news\/oltre-la-nostalgia-il-libro-come-sistema-industriale-tra-innovazione-tutela-e-algoritmi\/#breadcrumb\",\"itemListElement\":[{\"@type\":\"ListItem\",\"position\":1,\"name\":\"Home\",\"item\":\"https:\/\/www.artes4.it\/en\/\"},{\"@type\":\"ListItem\",\"position\":2,\"name\":\"Oltre la nostalgia: il libro come sistema industriale tra innovazione, tutela e algoritmi\"}]},{\"@type\":\"WebSite\",\"@id\":\"https:\/\/www.artes4.it\/en\/#website\",\"url\":\"https:\/\/www.artes4.it\/en\/\",\"name\":\"Artes 4.0\",\"description\":\"\",\"publisher\":{\"@id\":\"https:\/\/www.artes4.it\/en\/#organization\"},\"potentialAction\":[{\"@type\":\"SearchAction\",\"target\":{\"@type\":\"EntryPoint\",\"urlTemplate\":\"https:\/\/www.artes4.it\/en\/?s={search_term_string}\"},\"query-input\":{\"@type\":\"PropertyValueSpecification\",\"valueRequired\":true,\"valueName\":\"search_term_string\"}}],\"inLanguage\":\"en-US\"},{\"@type\":\"Organization\",\"@id\":\"https:\/\/www.artes4.it\/en\/#organization\",\"name\":\"Artes 4.0\",\"url\":\"https:\/\/www.artes4.it\/en\/\",\"logo\":{\"@type\":\"ImageObject\",\"inLanguage\":\"en-US\",\"@id\":\"https:\/\/www.artes4.it\/en\/#\/schema\/logo\/image\/\",\"url\":\"https:\/\/www.artes4.it\/wp-content\/uploads\/2024\/01\/logo_artes_white.jpeg\",\"contentUrl\":\"https:\/\/www.artes4.it\/wp-content\/uploads\/2024\/01\/logo_artes_white.jpeg\",\"width\":462,\"height\":171,\"caption\":\"Artes 4.0\"},\"image\":{\"@id\":\"https:\/\/www.artes4.it\/en\/#\/schema\/logo\/image\/\"},\"sameAs\":[\"https:\/\/www.linkedin.com\/company\/associazione-artes-4-0\/posts\/?feedView=all\"]},{\"@type\":\"Person\",\"@id\":\"https:\/\/www.artes4.it\/en\/#\/schema\/person\/db3b10851288640cb73ed64b94f94444\",\"name\":\"ARTES 4.0\",\"image\":{\"@type\":\"ImageObject\",\"inLanguage\":\"en-US\",\"@id\":\"https:\/\/www.artes4.it\/en\/#\/schema\/person\/image\/\",\"url\":\"https:\/\/www.artes4.it\/wp-content\/uploads\/2024\/01\/Logo-ARTES4.0-1-96x96.png\",\"contentUrl\":\"https:\/\/www.artes4.it\/wp-content\/uploads\/2024\/01\/Logo-ARTES4.0-1-96x96.png\",\"caption\":\"ARTES 4.0\"},\"url\":\"https:\/\/www.artes4.it\/en\/author\/artes-4-0artes4-it\/\"}]}<\/script>\n<!-- \/ Yoast SEO Premium plugin. -->","yoast_head_json":{"title":"Oltre la nostalgia: il libro come sistema industriale tra innovazione, tutela e algoritmi - Artes 4.0","description":"La Filiera Italiana del Libro: tutela, innovazione e mercati globali con il Centro di Competenza ARTES 4.0 e la Casa del Made in Italy di Firenze","robots":{"index":"index","follow":"follow","max-snippet":"max-snippet:-1","max-image-preview":"max-image-preview:large","max-video-preview":"max-video-preview:-1"},"canonical":"https:\/\/www.artes4.it\/en\/news\/oltre-la-nostalgia-il-libro-come-sistema-industriale-tra-innovazione-tutela-e-algoritmi\/","og_locale":"en_US","og_type":"article","og_title":"Oltre la nostalgia: il libro come sistema industriale tra innovazione, tutela e algoritmi","og_description":"La Filiera Italiana del Libro: tutela, innovazione e mercati globali con il Centro di Competenza ARTES 4.0 e la Casa del Made in Italy di Firenze","og_url":"https:\/\/www.artes4.it\/en\/news\/oltre-la-nostalgia-il-libro-come-sistema-industriale-tra-innovazione-tutela-e-algoritmi\/","og_site_name":"Artes 4.0","article_published_time":"2025-12-18T11:28:42+00:00","article_modified_time":"2025-12-18T14:50:28+00:00","og_image":[{"url":"https:\/\/www.artes4.it\/wp-content\/uploads\/2025\/12\/DSC00212.jpg","width":800,"height":533,"type":"image\/jpeg"}],"author":"ARTES 4.0","twitter_card":"summary_large_image","twitter_misc":{"Written by":"ARTES 4.0","Est. reading time":"10 minutes"},"schema":{"@context":"https:\/\/schema.org","@graph":[{"@type":"Article","@id":"https:\/\/www.artes4.it\/en\/news\/oltre-la-nostalgia-il-libro-come-sistema-industriale-tra-innovazione-tutela-e-algoritmi\/#article","isPartOf":{"@id":"https:\/\/www.artes4.it\/en\/news\/oltre-la-nostalgia-il-libro-come-sistema-industriale-tra-innovazione-tutela-e-algoritmi\/"},"author":{"name":"ARTES 4.0","@id":"https:\/\/www.artes4.it\/en\/#\/schema\/person\/db3b10851288640cb73ed64b94f94444"},"headline":"Oltre la nostalgia: il libro come sistema industriale tra innovazione, tutela e algoritmi","datePublished":"2025-12-18T11:28:42+00:00","dateModified":"2025-12-18T14:50:28+00:00","mainEntityOfPage":{"@id":"https:\/\/www.artes4.it\/en\/news\/oltre-la-nostalgia-il-libro-come-sistema-industriale-tra-innovazione-tutela-e-algoritmi\/"},"wordCount":1553,"publisher":{"@id":"https:\/\/www.artes4.it\/en\/#organization"},"image":{"@id":"https:\/\/www.artes4.it\/en\/news\/oltre-la-nostalgia-il-libro-come-sistema-industriale-tra-innovazione-tutela-e-algoritmi\/#primaryimage"},"thumbnailUrl":"https:\/\/www.artes4.it\/wp-content\/uploads\/2025\/12\/DSC00212.jpg","keywords":["News ed eventi"],"articleSection":["News"],"inLanguage":"en-US"},{"@type":"WebPage","@id":"https:\/\/www.artes4.it\/en\/news\/oltre-la-nostalgia-il-libro-come-sistema-industriale-tra-innovazione-tutela-e-algoritmi\/","url":"https:\/\/www.artes4.it\/en\/news\/oltre-la-nostalgia-il-libro-come-sistema-industriale-tra-innovazione-tutela-e-algoritmi\/","name":"Oltre la nostalgia: il libro come sistema industriale tra innovazione, tutela e algoritmi - Artes 4.0","isPartOf":{"@id":"https:\/\/www.artes4.it\/en\/#website"},"primaryImageOfPage":{"@id":"https:\/\/www.artes4.it\/en\/news\/oltre-la-nostalgia-il-libro-come-sistema-industriale-tra-innovazione-tutela-e-algoritmi\/#primaryimage"},"image":{"@id":"https:\/\/www.artes4.it\/en\/news\/oltre-la-nostalgia-il-libro-come-sistema-industriale-tra-innovazione-tutela-e-algoritmi\/#primaryimage"},"thumbnailUrl":"https:\/\/www.artes4.it\/wp-content\/uploads\/2025\/12\/DSC00212.jpg","datePublished":"2025-12-18T11:28:42+00:00","dateModified":"2025-12-18T14:50:28+00:00","description":"La Filiera Italiana del Libro: tutela, innovazione e mercati globali con il Centro di Competenza ARTES 4.0 e la Casa del Made in Italy di Firenze","breadcrumb":{"@id":"https:\/\/www.artes4.it\/en\/news\/oltre-la-nostalgia-il-libro-come-sistema-industriale-tra-innovazione-tutela-e-algoritmi\/#breadcrumb"},"inLanguage":"en-US","potentialAction":[{"@type":"ReadAction","target":["https:\/\/www.artes4.it\/en\/news\/oltre-la-nostalgia-il-libro-come-sistema-industriale-tra-innovazione-tutela-e-algoritmi\/"]}]},{"@type":"ImageObject","inLanguage":"en-US","@id":"https:\/\/www.artes4.it\/en\/news\/oltre-la-nostalgia-il-libro-come-sistema-industriale-tra-innovazione-tutela-e-algoritmi\/#primaryimage","url":"https:\/\/www.artes4.it\/wp-content\/uploads\/2025\/12\/DSC00212.jpg","contentUrl":"https:\/\/www.artes4.it\/wp-content\/uploads\/2025\/12\/DSC00212.jpg","width":15000,"height":9999,"caption":"La Filiera Italiana del Libro"},{"@type":"BreadcrumbList","@id":"https:\/\/www.artes4.it\/en\/news\/oltre-la-nostalgia-il-libro-come-sistema-industriale-tra-innovazione-tutela-e-algoritmi\/#breadcrumb","itemListElement":[{"@type":"ListItem","position":1,"name":"Home","item":"https:\/\/www.artes4.it\/en\/"},{"@type":"ListItem","position":2,"name":"Oltre la nostalgia: il libro come sistema industriale tra innovazione, tutela e algoritmi"}]},{"@type":"WebSite","@id":"https:\/\/www.artes4.it\/en\/#website","url":"https:\/\/www.artes4.it\/en\/","name":"Artes 4.0","description":"","publisher":{"@id":"https:\/\/www.artes4.it\/en\/#organization"},"potentialAction":[{"@type":"SearchAction","target":{"@type":"EntryPoint","urlTemplate":"https:\/\/www.artes4.it\/en\/?s={search_term_string}"},"query-input":{"@type":"PropertyValueSpecification","valueRequired":true,"valueName":"search_term_string"}}],"inLanguage":"en-US"},{"@type":"Organization","@id":"https:\/\/www.artes4.it\/en\/#organization","name":"Artes 4.0","url":"https:\/\/www.artes4.it\/en\/","logo":{"@type":"ImageObject","inLanguage":"en-US","@id":"https:\/\/www.artes4.it\/en\/#\/schema\/logo\/image\/","url":"https:\/\/www.artes4.it\/wp-content\/uploads\/2024\/01\/logo_artes_white.jpeg","contentUrl":"https:\/\/www.artes4.it\/wp-content\/uploads\/2024\/01\/logo_artes_white.jpeg","width":462,"height":171,"caption":"Artes 4.0"},"image":{"@id":"https:\/\/www.artes4.it\/en\/#\/schema\/logo\/image\/"},"sameAs":["https:\/\/www.linkedin.com\/company\/associazione-artes-4-0\/posts\/?feedView=all"]},{"@type":"Person","@id":"https:\/\/www.artes4.it\/en\/#\/schema\/person\/db3b10851288640cb73ed64b94f94444","name":"ARTES 4.0","image":{"@type":"ImageObject","inLanguage":"en-US","@id":"https:\/\/www.artes4.it\/en\/#\/schema\/person\/image\/","url":"https:\/\/www.artes4.it\/wp-content\/uploads\/2024\/01\/Logo-ARTES4.0-1-96x96.png","contentUrl":"https:\/\/www.artes4.it\/wp-content\/uploads\/2024\/01\/Logo-ARTES4.0-1-96x96.png","caption":"ARTES 4.0"},"url":"https:\/\/www.artes4.it\/en\/author\/artes-4-0artes4-it\/"}]}},"_links":{"self":[{"href":"https:\/\/www.artes4.it\/en\/wp-json\/wp\/v2\/posts\/8036","targetHints":{"allow":["GET"]}}],"collection":[{"href":"https:\/\/www.artes4.it\/en\/wp-json\/wp\/v2\/posts"}],"about":[{"href":"https:\/\/www.artes4.it\/en\/wp-json\/wp\/v2\/types\/post"}],"author":[{"embeddable":true,"href":"https:\/\/www.artes4.it\/en\/wp-json\/wp\/v2\/users\/21"}],"replies":[{"embeddable":true,"href":"https:\/\/www.artes4.it\/en\/wp-json\/wp\/v2\/comments?post=8036"}],"version-history":[{"count":4,"href":"https:\/\/www.artes4.it\/en\/wp-json\/wp\/v2\/posts\/8036\/revisions"}],"predecessor-version":[{"id":8059,"href":"https:\/\/www.artes4.it\/en\/wp-json\/wp\/v2\/posts\/8036\/revisions\/8059"}],"wp:featuredmedia":[{"embeddable":true,"href":"https:\/\/www.artes4.it\/en\/wp-json\/wp\/v2\/media\/8037"}],"wp:attachment":[{"href":"https:\/\/www.artes4.it\/en\/wp-json\/wp\/v2\/media?parent=8036"}],"wp:term":[{"taxonomy":"category","embeddable":true,"href":"https:\/\/www.artes4.it\/en\/wp-json\/wp\/v2\/categories?post=8036"},{"taxonomy":"post_tag","embeddable":true,"href":"https:\/\/www.artes4.it\/en\/wp-json\/wp\/v2\/tags?post=8036"},{"taxonomy":"anno_doc","embeddable":true,"href":"https:\/\/www.artes4.it\/en\/wp-json\/wp\/v2\/anno_doc?post=8036"}],"curies":[{"name":"wp","href":"https:\/\/api.w.org\/{rel}","templated":true}]}}