{"id":8209,"date":"2026-02-13T10:56:51","date_gmt":"2026-02-13T09:56:51","guid":{"rendered":"https:\/\/www.artes4.it\/?p=8209"},"modified":"2026-02-19T12:30:26","modified_gmt":"2026-02-19T11:30:26","slug":"identita-sostenibilita-e-competitivita-delle-imprese-quality-made-evento-finale-del-progetto-qm-export","status":"publish","type":"post","link":"https:\/\/www.artes4.it\/en\/news\/identita-sostenibilita-e-competitivita-delle-imprese-quality-made-evento-finale-del-progetto-qm-export\/","title":{"rendered":"Identit\u00e0, sostenibilit\u00e0 e competitivit\u00e0 delle imprese Quality Made | Evento finale del progetto QM EXPORT"},"content":{"rendered":"<p>\u00c8 andato in scena il <strong>12 febbraio 2026<\/strong> a Palazzo Pancaldi l\u2019evento finale del progetto <strong>QM EXPORT \u201cL\u2019identit\u00e0 delle imprese Quality Made come valore sui mercati europei e internazionali\u201d<\/strong>, iniziativa dedicata al rafforzamento della competitivit\u00e0 delle micro, piccole e medie imprese della <strong>Blue e Green Economy<\/strong> attraverso la valorizzazione del marchio <strong>Quality Made<\/strong> e il posizionamento su scenari transfrontalieri.<\/p>\n<p>L\u2019incontro ha registrato la partecipazione di circa <strong>settanta persone<\/strong>, tra imprese beneficiarie, partner di progetto, rappresentanti istituzionali, stakeholder e una delegazione della <strong>3\u00aa classe dell\u2019indirizzo tecnico-turistico<\/strong> dell\u2019ISIS Marco Polo di Cecina.<\/p>\n<p>Nel corso della mattinata sono stati presentati obiettivi, azioni e risultati del progetto, ed \u00e8 stato evidenziato il ruolo di QM EXPORT nel supportare le imprese locali lungo un percorso di crescita fondato su <strong>identit\u00e0, innovazione, sostenibilit\u00e0 e apertura ai mercati internazionali<\/strong>.<\/p>\n<p><a href=\"https:\/\/www.artes4.it\/wp-content\/uploads\/2026\/02\/WhatsApp-Image-2026-02-12-at-16.29.24.jpeg\"><img fetchpriority=\"high\" decoding=\"async\" class=\"alignleft size-full wp-image-8212\" src=\"https:\/\/www.artes4.it\/wp-content\/uploads\/2026\/02\/WhatsApp-Image-2026-02-12-at-16.29.24.jpeg\" alt=\"QM Export, febbraio 2026\" width=\"1600\" height=\"669\" srcset=\"https:\/\/www.artes4.it\/wp-content\/uploads\/2026\/02\/WhatsApp-Image-2026-02-12-at-16.29.24.jpeg 1600w, https:\/\/www.artes4.it\/wp-content\/uploads\/2026\/02\/WhatsApp-Image-2026-02-12-at-16.29.24-300x125.jpeg 300w, https:\/\/www.artes4.it\/wp-content\/uploads\/2026\/02\/WhatsApp-Image-2026-02-12-at-16.29.24-1024x428.jpeg 1024w, https:\/\/www.artes4.it\/wp-content\/uploads\/2026\/02\/WhatsApp-Image-2026-02-12-at-16.29.24-768x321.jpeg 768w, https:\/\/www.artes4.it\/wp-content\/uploads\/2026\/02\/WhatsApp-Image-2026-02-12-at-16.29.24-1536x642.jpeg 1536w\" sizes=\"(max-width: 1600px) 100vw, 1600px\" \/><\/a><\/p>\n<h2>Un confronto tra imprese, partner e istituzioni<\/h2>\n<p>Gli interventi dei partner e delle imprese aderenti all&#8217;<a href=\"https:\/\/www.artes4.it\/wp-content\/uploads\/2026\/02\/eventofinale_QM-EXPORT-A4.pdf\" target=\"_blank\" rel=\"noopener\"><b>evento finale<\/b><\/a> hanno messo in luce come il progetto QM Export, finanziato dal Programma IT-FR Marittimo 2021\u200a\u2013\u200a2027, azione 1, ha permesso di:<\/p>\n<ul>\n<li>rafforzare la riconoscibilit\u00e0 del marchio Quality Made;<\/li>\n<li>migliorare il posizionamento delle aziende su mercati esteri;<\/li>\n<li>sviluppare nuove relazioni commerciali e partnership;<\/li>\n<li>accrescere la consapevolezza del valore strategico della sostenibilit\u00e0 come leva competitiva.<\/li>\n<\/ul>\n<p>Le testimonianze hanno restituito un quadro degli impatti generati, mostrando come QM EXPORT abbia agito sui piani <strong>organizzativo, strategico e culturale<\/strong> per accompagnare le imprese verso un approccio pi\u00f9 strutturato alla commercializzazione internazionale.<\/p>\n<h2>Il progetto QM EXPORT: obiettivi, destinatari e struttura<\/h2>\n<p>QM EXPORT \u00e8 un progetto coordinato da Coop Itinera che iha lo scopo di favorire la crescita sostenibile e\u00a0la competitivit\u00e0 delle micro, piccole e\u00a0medie imprese (MPMI) operanti nell\u2019ambito dell\u2019Economia del Benessere e\u00a0nelle filiere green e\u00a0blu. Di 35 imprese selezionate tramite bando:<\/p>\n<ul>\n<li><strong>15 <\/strong>risultano gi\u00e0 certificate con il marchio <strong>Quality Made<\/strong>, in larga parte micro-imprese;<\/li>\n<li><strong>20 <\/strong>sono nuove realt\u00e0 che verranno accompagnate nel percorso di certificazione nel corso del progetto.<\/li>\n<\/ul>\n<p>Il progetto promuove una <strong>collaborazione strutturata<\/strong> tra imprese appartenenti a tre ambiti:<\/p>\n<ul>\n<li>aziende agricole con attivit\u00e0 di agriturismo e ristorazione;<\/li>\n<li>aziende agroalimentari legate alle produzioni tipiche del turismo costiero;<\/li>\n<li>aziende di produzione di beni artigianali e artistici.<\/li>\n<\/ul>\n<p>A queste si affianca il coinvolgimento di <strong>imprese di grandi dimensioni<\/strong> che non usufruiscono direttamente dei servizi di progetto ma possono attivare <strong>collaborazioni industriali e commerciali<\/strong> con le imprese beneficiarie, contribuendo alla creazione di filiere pi\u00f9 solide e competitive.<\/p>\n<p>Il progetto prevede inoltre il coinvolgimento di <strong>dieci stakeholder<\/strong>, con funzioni sia istituzionali sia commerciali, interessati al marchio Quality Made, alle imprese aderenti e ai loro prodotti.<\/p>\n<p>In parallelo QM EXPORT intercetta e coinvolge <strong>consumatori responsabili<\/strong>, sensibili ai temi della sostenibilit\u00e0 e dell\u2019identit\u00e0 territoriale, interessati all\u2019acquisto di servizi e prodotti che incorporano valori ambientali, sociali e culturali.<\/p>\n<h2>Il contributo di ARTES 4.0<\/h2>\n<p>In qualit\u00e0 di partner, ARTES 4.0 contribuisce al progetto mettendo a disposizione competenze, strumenti e visione strategica maturate nel supporto all\u2019innovazione delle imprese.<\/p>\n<p>Il Centro di Competenza opera per favorire l\u2019integrazione tra <strong>sostenibilit\u00e0, digitalizzazione e modelli di business evoluti<\/strong>, elementi sempre pi\u00f9 centrali anche nei percorsi di internazionalizzazione delle MPMI.<\/p>\n<p>La partecipazione a QM EXPORT si inserisce pienamente nella missione di ARTES 4.0 di accompagnare le imprese nei processi di trasformazione tecnologica e organizzativa, rafforzando al tempo stesso la competitivit\u00e0 dei territori.<\/p>\n<p><a href=\"https:\/\/www.artes4.it\/wp-content\/uploads\/2026\/02\/WhatsApp-Image-2026-02-12-at-10.11.10-1.jpeg\"><img decoding=\"async\" class=\"alignleft size-full wp-image-8214\" src=\"https:\/\/www.artes4.it\/wp-content\/uploads\/2026\/02\/WhatsApp-Image-2026-02-12-at-10.11.10-1.jpeg\" alt=\"QM Export a Livorno\" width=\"899\" height=\"1599\" srcset=\"https:\/\/www.artes4.it\/wp-content\/uploads\/2026\/02\/WhatsApp-Image-2026-02-12-at-10.11.10-1.jpeg 899w, https:\/\/www.artes4.it\/wp-content\/uploads\/2026\/02\/WhatsApp-Image-2026-02-12-at-10.11.10-1-169x300.jpeg 169w, https:\/\/www.artes4.it\/wp-content\/uploads\/2026\/02\/WhatsApp-Image-2026-02-12-at-10.11.10-1-576x1024.jpeg 576w, https:\/\/www.artes4.it\/wp-content\/uploads\/2026\/02\/WhatsApp-Image-2026-02-12-at-10.11.10-1-768x1366.jpeg 768w, https:\/\/www.artes4.it\/wp-content\/uploads\/2026\/02\/WhatsApp-Image-2026-02-12-at-10.11.10-1-864x1536.jpeg 864w\" sizes=\"(max-width: 899px) 100vw, 899px\" \/><\/a><\/p>\n","protected":false},"excerpt":{"rendered":"<p>\u00c8 andato in scena il 12 febbraio 2026 a Palazzo Pancaldi l\u2019evento finale del progetto QM EXPORT \u201cL\u2019identit\u00e0 delle imprese Quality Made come valore sui mercati europei e internazionali\u201d, iniziativa dedicata al rafforzamento della competitivit\u00e0 delle micro, piccole e medie imprese della Blue e Green Economy attraverso la valorizzazione del marchio Quality Made e il [&hellip;]<\/p>\n","protected":false},"author":21,"featured_media":8210,"comment_status":"closed","ping_status":"closed","sticky":false,"template":"","format":"standard","meta":{"_acf_changed":false,"footnotes":""},"categories":[1],"tags":[93],"anno_doc":[300],"class_list":["post-8209","post","type-post","status-publish","format-standard","has-post-thumbnail","hentry","category-news","tag-news-ed-eventi","anno_doc-300"],"acf":[],"yoast_head":"<!-- This site is optimized with the Yoast SEO Premium plugin v22.8 (Yoast SEO v25.8) - https:\/\/yoast.com\/wordpress\/plugins\/seo\/ -->\n<title>Identit\u00e0, sostenibilit\u00e0 e competitivit\u00e0 delle imprese Quality Made | Evento finale del progetto QM EXPORT - Artes 4.0<\/title>\n<meta name=\"robots\" content=\"index, follow, max-snippet:-1, max-image-preview:large, max-video-preview:-1\" \/>\n<link rel=\"canonical\" href=\"https:\/\/www.artes4.it\/en\/news\/identita-sostenibilita-e-competitivita-delle-imprese-quality-made-evento-finale-del-progetto-qm-export\/\" \/>\n<meta property=\"og:locale\" content=\"en_US\" \/>\n<meta property=\"og:type\" content=\"article\" \/>\n<meta property=\"og:title\" content=\"Identit\u00e0, sostenibilit\u00e0 e competitivit\u00e0 delle imprese Quality Made | Evento finale del progetto QM EXPORT\" \/>\n<meta property=\"og:description\" content=\"\u00c8 andato in scena il 12 febbraio 2026 a Palazzo Pancaldi l\u2019evento finale del progetto QM EXPORT \u201cL\u2019identit\u00e0 delle imprese Quality Made come valore sui mercati europei e internazionali\u201d, iniziativa dedicata al rafforzamento della competitivit\u00e0 delle micro, piccole e medie imprese della Blue e Green Economy attraverso la valorizzazione del marchio Quality Made e il [&hellip;]\" \/>\n<meta property=\"og:url\" content=\"https:\/\/www.artes4.it\/en\/news\/identita-sostenibilita-e-competitivita-delle-imprese-quality-made-evento-finale-del-progetto-qm-export\/\" \/>\n<meta property=\"og:site_name\" content=\"Artes 4.0\" \/>\n<meta property=\"article:published_time\" content=\"2026-02-13T09:56:51+00:00\" \/>\n<meta property=\"article:modified_time\" content=\"2026-02-19T11:30:26+00:00\" \/>\n<meta property=\"og:image\" content=\"https:\/\/www.artes4.it\/wp-content\/uploads\/2026\/02\/WhatsApp-Image-2026-02-12-at-10.11.10.jpeg\" \/>\n\t<meta property=\"og:image:width\" content=\"1599\" \/>\n\t<meta property=\"og:image:height\" content=\"899\" \/>\n\t<meta property=\"og:image:type\" content=\"image\/jpeg\" \/>\n<meta name=\"author\" content=\"ARTES 4.0\" \/>\n<meta name=\"twitter:card\" content=\"summary_large_image\" \/>\n<meta name=\"twitter:label1\" content=\"Written by\" \/>\n\t<meta name=\"twitter:data1\" content=\"ARTES 4.0\" \/>\n\t<meta name=\"twitter:label2\" content=\"Est. reading time\" \/>\n\t<meta name=\"twitter:data2\" content=\"4 minutes\" \/>\n<script type=\"application\/ld+json\" class=\"yoast-schema-graph\">{\"@context\":\"https:\/\/schema.org\",\"@graph\":[{\"@type\":\"Article\",\"@id\":\"https:\/\/www.artes4.it\/en\/news\/identita-sostenibilita-e-competitivita-delle-imprese-quality-made-evento-finale-del-progetto-qm-export\/#article\",\"isPartOf\":{\"@id\":\"https:\/\/www.artes4.it\/en\/news\/identita-sostenibilita-e-competitivita-delle-imprese-quality-made-evento-finale-del-progetto-qm-export\/\"},\"author\":{\"name\":\"ARTES 4.0\",\"@id\":\"https:\/\/www.artes4.it\/en\/#\/schema\/person\/db3b10851288640cb73ed64b94f94444\"},\"headline\":\"Identit\u00e0, sostenibilit\u00e0 e competitivit\u00e0 delle imprese Quality Made | Evento finale del progetto QM EXPORT\",\"datePublished\":\"2026-02-13T09:56:51+00:00\",\"dateModified\":\"2026-02-19T11:30:26+00:00\",\"mainEntityOfPage\":{\"@id\":\"https:\/\/www.artes4.it\/en\/news\/identita-sostenibilita-e-competitivita-delle-imprese-quality-made-evento-finale-del-progetto-qm-export\/\"},\"wordCount\":547,\"publisher\":{\"@id\":\"https:\/\/www.artes4.it\/en\/#organization\"},\"image\":{\"@id\":\"https:\/\/www.artes4.it\/en\/news\/identita-sostenibilita-e-competitivita-delle-imprese-quality-made-evento-finale-del-progetto-qm-export\/#primaryimage\"},\"thumbnailUrl\":\"https:\/\/www.artes4.it\/wp-content\/uploads\/2026\/02\/WhatsApp-Image-2026-02-12-at-10.11.10.jpeg\",\"keywords\":[\"News ed eventi\"],\"articleSection\":[\"News\"],\"inLanguage\":\"en-US\"},{\"@type\":\"WebPage\",\"@id\":\"https:\/\/www.artes4.it\/en\/news\/identita-sostenibilita-e-competitivita-delle-imprese-quality-made-evento-finale-del-progetto-qm-export\/\",\"url\":\"https:\/\/www.artes4.it\/en\/news\/identita-sostenibilita-e-competitivita-delle-imprese-quality-made-evento-finale-del-progetto-qm-export\/\",\"name\":\"Identit\u00e0, sostenibilit\u00e0 e competitivit\u00e0 delle imprese Quality Made | Evento finale del progetto QM EXPORT - Artes 4.0\",\"isPartOf\":{\"@id\":\"https:\/\/www.artes4.it\/en\/#website\"},\"primaryImageOfPage\":{\"@id\":\"https:\/\/www.artes4.it\/en\/news\/identita-sostenibilita-e-competitivita-delle-imprese-quality-made-evento-finale-del-progetto-qm-export\/#primaryimage\"},\"image\":{\"@id\":\"https:\/\/www.artes4.it\/en\/news\/identita-sostenibilita-e-competitivita-delle-imprese-quality-made-evento-finale-del-progetto-qm-export\/#primaryimage\"},\"thumbnailUrl\":\"https:\/\/www.artes4.it\/wp-content\/uploads\/2026\/02\/WhatsApp-Image-2026-02-12-at-10.11.10.jpeg\",\"datePublished\":\"2026-02-13T09:56:51+00:00\",\"dateModified\":\"2026-02-19T11:30:26+00:00\",\"breadcrumb\":{\"@id\":\"https:\/\/www.artes4.it\/en\/news\/identita-sostenibilita-e-competitivita-delle-imprese-quality-made-evento-finale-del-progetto-qm-export\/#breadcrumb\"},\"inLanguage\":\"en-US\",\"potentialAction\":[{\"@type\":\"ReadAction\",\"target\":[\"https:\/\/www.artes4.it\/en\/news\/identita-sostenibilita-e-competitivita-delle-imprese-quality-made-evento-finale-del-progetto-qm-export\/\"]}]},{\"@type\":\"ImageObject\",\"inLanguage\":\"en-US\",\"@id\":\"https:\/\/www.artes4.it\/en\/news\/identita-sostenibilita-e-competitivita-delle-imprese-quality-made-evento-finale-del-progetto-qm-export\/#primaryimage\",\"url\":\"https:\/\/www.artes4.it\/wp-content\/uploads\/2026\/02\/WhatsApp-Image-2026-02-12-at-10.11.10.jpeg\",\"contentUrl\":\"https:\/\/www.artes4.it\/wp-content\/uploads\/2026\/02\/WhatsApp-Image-2026-02-12-at-10.11.10.jpeg\",\"width\":1599,\"height\":899,\"caption\":\"EVENTO FINALE del progetto QM EXPORT\"},{\"@type\":\"BreadcrumbList\",\"@id\":\"https:\/\/www.artes4.it\/en\/news\/identita-sostenibilita-e-competitivita-delle-imprese-quality-made-evento-finale-del-progetto-qm-export\/#breadcrumb\",\"itemListElement\":[{\"@type\":\"ListItem\",\"position\":1,\"name\":\"Home\",\"item\":\"https:\/\/www.artes4.it\/en\/\"},{\"@type\":\"ListItem\",\"position\":2,\"name\":\"Identit\u00e0, sostenibilit\u00e0 e competitivit\u00e0 delle imprese Quality Made | Evento finale del progetto QM EXPORT\"}]},{\"@type\":\"WebSite\",\"@id\":\"https:\/\/www.artes4.it\/en\/#website\",\"url\":\"https:\/\/www.artes4.it\/en\/\",\"name\":\"Artes 4.0\",\"description\":\"\",\"publisher\":{\"@id\":\"https:\/\/www.artes4.it\/en\/#organization\"},\"potentialAction\":[{\"@type\":\"SearchAction\",\"target\":{\"@type\":\"EntryPoint\",\"urlTemplate\":\"https:\/\/www.artes4.it\/en\/?s={search_term_string}\"},\"query-input\":{\"@type\":\"PropertyValueSpecification\",\"valueRequired\":true,\"valueName\":\"search_term_string\"}}],\"inLanguage\":\"en-US\"},{\"@type\":\"Organization\",\"@id\":\"https:\/\/www.artes4.it\/en\/#organization\",\"name\":\"Artes 4.0\",\"url\":\"https:\/\/www.artes4.it\/en\/\",\"logo\":{\"@type\":\"ImageObject\",\"inLanguage\":\"en-US\",\"@id\":\"https:\/\/www.artes4.it\/en\/#\/schema\/logo\/image\/\",\"url\":\"https:\/\/www.artes4.it\/wp-content\/uploads\/2024\/01\/logo_artes_white.jpeg\",\"contentUrl\":\"https:\/\/www.artes4.it\/wp-content\/uploads\/2024\/01\/logo_artes_white.jpeg\",\"width\":462,\"height\":171,\"caption\":\"Artes 4.0\"},\"image\":{\"@id\":\"https:\/\/www.artes4.it\/en\/#\/schema\/logo\/image\/\"},\"sameAs\":[\"https:\/\/www.linkedin.com\/company\/associazione-artes-4-0\/posts\/?feedView=all\"]},{\"@type\":\"Person\",\"@id\":\"https:\/\/www.artes4.it\/en\/#\/schema\/person\/db3b10851288640cb73ed64b94f94444\",\"name\":\"ARTES 4.0\",\"image\":{\"@type\":\"ImageObject\",\"inLanguage\":\"en-US\",\"@id\":\"https:\/\/www.artes4.it\/en\/#\/schema\/person\/image\/\",\"url\":\"https:\/\/www.artes4.it\/wp-content\/uploads\/2024\/01\/Logo-ARTES4.0-1-96x96.png\",\"contentUrl\":\"https:\/\/www.artes4.it\/wp-content\/uploads\/2024\/01\/Logo-ARTES4.0-1-96x96.png\",\"caption\":\"ARTES 4.0\"},\"url\":\"https:\/\/www.artes4.it\/en\/author\/artes-4-0artes4-it\/\"}]}<\/script>\n<!-- \/ Yoast SEO Premium plugin. -->","yoast_head_json":{"title":"Identit\u00e0, sostenibilit\u00e0 e competitivit\u00e0 delle imprese Quality Made | Evento finale del progetto QM EXPORT - Artes 4.0","robots":{"index":"index","follow":"follow","max-snippet":"max-snippet:-1","max-image-preview":"max-image-preview:large","max-video-preview":"max-video-preview:-1"},"canonical":"https:\/\/www.artes4.it\/en\/news\/identita-sostenibilita-e-competitivita-delle-imprese-quality-made-evento-finale-del-progetto-qm-export\/","og_locale":"en_US","og_type":"article","og_title":"Identit\u00e0, sostenibilit\u00e0 e competitivit\u00e0 delle imprese Quality Made | Evento finale del progetto QM EXPORT","og_description":"\u00c8 andato in scena il 12 febbraio 2026 a Palazzo Pancaldi l\u2019evento finale del progetto QM EXPORT \u201cL\u2019identit\u00e0 delle imprese Quality Made come valore sui mercati europei e internazionali\u201d, iniziativa dedicata al rafforzamento della competitivit\u00e0 delle micro, piccole e medie imprese della Blue e Green Economy attraverso la valorizzazione del marchio Quality Made e il [&hellip;]","og_url":"https:\/\/www.artes4.it\/en\/news\/identita-sostenibilita-e-competitivita-delle-imprese-quality-made-evento-finale-del-progetto-qm-export\/","og_site_name":"Artes 4.0","article_published_time":"2026-02-13T09:56:51+00:00","article_modified_time":"2026-02-19T11:30:26+00:00","og_image":[{"width":1599,"height":899,"url":"https:\/\/www.artes4.it\/wp-content\/uploads\/2026\/02\/WhatsApp-Image-2026-02-12-at-10.11.10.jpeg","type":"image\/jpeg"}],"author":"ARTES 4.0","twitter_card":"summary_large_image","twitter_misc":{"Written by":"ARTES 4.0","Est. reading time":"4 minutes"},"schema":{"@context":"https:\/\/schema.org","@graph":[{"@type":"Article","@id":"https:\/\/www.artes4.it\/en\/news\/identita-sostenibilita-e-competitivita-delle-imprese-quality-made-evento-finale-del-progetto-qm-export\/#article","isPartOf":{"@id":"https:\/\/www.artes4.it\/en\/news\/identita-sostenibilita-e-competitivita-delle-imprese-quality-made-evento-finale-del-progetto-qm-export\/"},"author":{"name":"ARTES 4.0","@id":"https:\/\/www.artes4.it\/en\/#\/schema\/person\/db3b10851288640cb73ed64b94f94444"},"headline":"Identit\u00e0, sostenibilit\u00e0 e competitivit\u00e0 delle imprese Quality Made | Evento finale del progetto QM EXPORT","datePublished":"2026-02-13T09:56:51+00:00","dateModified":"2026-02-19T11:30:26+00:00","mainEntityOfPage":{"@id":"https:\/\/www.artes4.it\/en\/news\/identita-sostenibilita-e-competitivita-delle-imprese-quality-made-evento-finale-del-progetto-qm-export\/"},"wordCount":547,"publisher":{"@id":"https:\/\/www.artes4.it\/en\/#organization"},"image":{"@id":"https:\/\/www.artes4.it\/en\/news\/identita-sostenibilita-e-competitivita-delle-imprese-quality-made-evento-finale-del-progetto-qm-export\/#primaryimage"},"thumbnailUrl":"https:\/\/www.artes4.it\/wp-content\/uploads\/2026\/02\/WhatsApp-Image-2026-02-12-at-10.11.10.jpeg","keywords":["News ed eventi"],"articleSection":["News"],"inLanguage":"en-US"},{"@type":"WebPage","@id":"https:\/\/www.artes4.it\/en\/news\/identita-sostenibilita-e-competitivita-delle-imprese-quality-made-evento-finale-del-progetto-qm-export\/","url":"https:\/\/www.artes4.it\/en\/news\/identita-sostenibilita-e-competitivita-delle-imprese-quality-made-evento-finale-del-progetto-qm-export\/","name":"Identit\u00e0, sostenibilit\u00e0 e competitivit\u00e0 delle imprese Quality Made | Evento finale del progetto QM EXPORT - Artes 4.0","isPartOf":{"@id":"https:\/\/www.artes4.it\/en\/#website"},"primaryImageOfPage":{"@id":"https:\/\/www.artes4.it\/en\/news\/identita-sostenibilita-e-competitivita-delle-imprese-quality-made-evento-finale-del-progetto-qm-export\/#primaryimage"},"image":{"@id":"https:\/\/www.artes4.it\/en\/news\/identita-sostenibilita-e-competitivita-delle-imprese-quality-made-evento-finale-del-progetto-qm-export\/#primaryimage"},"thumbnailUrl":"https:\/\/www.artes4.it\/wp-content\/uploads\/2026\/02\/WhatsApp-Image-2026-02-12-at-10.11.10.jpeg","datePublished":"2026-02-13T09:56:51+00:00","dateModified":"2026-02-19T11:30:26+00:00","breadcrumb":{"@id":"https:\/\/www.artes4.it\/en\/news\/identita-sostenibilita-e-competitivita-delle-imprese-quality-made-evento-finale-del-progetto-qm-export\/#breadcrumb"},"inLanguage":"en-US","potentialAction":[{"@type":"ReadAction","target":["https:\/\/www.artes4.it\/en\/news\/identita-sostenibilita-e-competitivita-delle-imprese-quality-made-evento-finale-del-progetto-qm-export\/"]}]},{"@type":"ImageObject","inLanguage":"en-US","@id":"https:\/\/www.artes4.it\/en\/news\/identita-sostenibilita-e-competitivita-delle-imprese-quality-made-evento-finale-del-progetto-qm-export\/#primaryimage","url":"https:\/\/www.artes4.it\/wp-content\/uploads\/2026\/02\/WhatsApp-Image-2026-02-12-at-10.11.10.jpeg","contentUrl":"https:\/\/www.artes4.it\/wp-content\/uploads\/2026\/02\/WhatsApp-Image-2026-02-12-at-10.11.10.jpeg","width":1599,"height":899,"caption":"EVENTO FINALE del progetto QM EXPORT"},{"@type":"BreadcrumbList","@id":"https:\/\/www.artes4.it\/en\/news\/identita-sostenibilita-e-competitivita-delle-imprese-quality-made-evento-finale-del-progetto-qm-export\/#breadcrumb","itemListElement":[{"@type":"ListItem","position":1,"name":"Home","item":"https:\/\/www.artes4.it\/en\/"},{"@type":"ListItem","position":2,"name":"Identit\u00e0, sostenibilit\u00e0 e competitivit\u00e0 delle imprese Quality Made | Evento finale del progetto QM EXPORT"}]},{"@type":"WebSite","@id":"https:\/\/www.artes4.it\/en\/#website","url":"https:\/\/www.artes4.it\/en\/","name":"Artes 4.0","description":"","publisher":{"@id":"https:\/\/www.artes4.it\/en\/#organization"},"potentialAction":[{"@type":"SearchAction","target":{"@type":"EntryPoint","urlTemplate":"https:\/\/www.artes4.it\/en\/?s={search_term_string}"},"query-input":{"@type":"PropertyValueSpecification","valueRequired":true,"valueName":"search_term_string"}}],"inLanguage":"en-US"},{"@type":"Organization","@id":"https:\/\/www.artes4.it\/en\/#organization","name":"Artes 4.0","url":"https:\/\/www.artes4.it\/en\/","logo":{"@type":"ImageObject","inLanguage":"en-US","@id":"https:\/\/www.artes4.it\/en\/#\/schema\/logo\/image\/","url":"https:\/\/www.artes4.it\/wp-content\/uploads\/2024\/01\/logo_artes_white.jpeg","contentUrl":"https:\/\/www.artes4.it\/wp-content\/uploads\/2024\/01\/logo_artes_white.jpeg","width":462,"height":171,"caption":"Artes 4.0"},"image":{"@id":"https:\/\/www.artes4.it\/en\/#\/schema\/logo\/image\/"},"sameAs":["https:\/\/www.linkedin.com\/company\/associazione-artes-4-0\/posts\/?feedView=all"]},{"@type":"Person","@id":"https:\/\/www.artes4.it\/en\/#\/schema\/person\/db3b10851288640cb73ed64b94f94444","name":"ARTES 4.0","image":{"@type":"ImageObject","inLanguage":"en-US","@id":"https:\/\/www.artes4.it\/en\/#\/schema\/person\/image\/","url":"https:\/\/www.artes4.it\/wp-content\/uploads\/2024\/01\/Logo-ARTES4.0-1-96x96.png","contentUrl":"https:\/\/www.artes4.it\/wp-content\/uploads\/2024\/01\/Logo-ARTES4.0-1-96x96.png","caption":"ARTES 4.0"},"url":"https:\/\/www.artes4.it\/en\/author\/artes-4-0artes4-it\/"}]}},"_links":{"self":[{"href":"https:\/\/www.artes4.it\/en\/wp-json\/wp\/v2\/posts\/8209","targetHints":{"allow":["GET"]}}],"collection":[{"href":"https:\/\/www.artes4.it\/en\/wp-json\/wp\/v2\/posts"}],"about":[{"href":"https:\/\/www.artes4.it\/en\/wp-json\/wp\/v2\/types\/post"}],"author":[{"embeddable":true,"href":"https:\/\/www.artes4.it\/en\/wp-json\/wp\/v2\/users\/21"}],"replies":[{"embeddable":true,"href":"https:\/\/www.artes4.it\/en\/wp-json\/wp\/v2\/comments?post=8209"}],"version-history":[{"count":3,"href":"https:\/\/www.artes4.it\/en\/wp-json\/wp\/v2\/posts\/8209\/revisions"}],"predecessor-version":[{"id":8219,"href":"https:\/\/www.artes4.it\/en\/wp-json\/wp\/v2\/posts\/8209\/revisions\/8219"}],"wp:featuredmedia":[{"embeddable":true,"href":"https:\/\/www.artes4.it\/en\/wp-json\/wp\/v2\/media\/8210"}],"wp:attachment":[{"href":"https:\/\/www.artes4.it\/en\/wp-json\/wp\/v2\/media?parent=8209"}],"wp:term":[{"taxonomy":"category","embeddable":true,"href":"https:\/\/www.artes4.it\/en\/wp-json\/wp\/v2\/categories?post=8209"},{"taxonomy":"post_tag","embeddable":true,"href":"https:\/\/www.artes4.it\/en\/wp-json\/wp\/v2\/tags?post=8209"},{"taxonomy":"anno_doc","embeddable":true,"href":"https:\/\/www.artes4.it\/en\/wp-json\/wp\/v2\/anno_doc?post=8209"}],"curies":[{"name":"wp","href":"https:\/\/api.w.org\/{rel}","templated":true}]}}