{"id":8376,"date":"2026-04-09T15:55:23","date_gmt":"2026-04-09T13:55:23","guid":{"rendered":"https:\/\/www.artes4.it\/?p=8376"},"modified":"2026-04-09T15:56:39","modified_gmt":"2026-04-09T13:56:39","slug":"formazione-finanziata-per-pmi-del-sud-con-il-bando-sviluppo-competenze-2026","status":"publish","type":"post","link":"https:\/\/www.artes4.it\/en\/news\/formazione-finanziata-per-pmi-del-sud-con-il-bando-sviluppo-competenze-2026\/","title":{"rendered":"Formazione finanziata per PMI del Sud con il Bando Sviluppo Competenze 2026"},"content":{"rendered":"<p>C\u2019\u00e8 un\u2019opportunit\u00e0 per le <strong data-start=\"834\" data-end=\"857\">PMI del Mezzogiorno<\/strong> che vogliono investire nella crescita delle competenze interne e accompagnare in modo strutturato i processi di innovazione. La misura <strong>\u201cSviluppo competenze specialistiche delle PMI\u201d<\/strong>, promossa dal\u00a0<strong>Ministero delle Imprese e del Made in Italy<\/strong> nell\u2019ambito del Programma Nazionale \u201cRicerca, Innovazione e Competitivit\u00e0 per la transizione verde e digitale 2021-2027\u201d. sostiene percorsi formativi rivolti al personale dipendente delle imprese localizzate in <strong data-start=\"1114\" data-end=\"1184\">Sicilia, Basilicata, Calabria, Campania, Molise, Puglia e Sardegna<\/strong>, con l\u2019obiettivo di rafforzare le capacit\u00e0 organizzative, tecnologiche e professionali necessarie per affrontare la transizione digitale, tecnologica e verde.<\/p>\n<p>L\u2019iniziativa riguarda <strong data-start=\"2294\" data-end=\"2350\">percorsi formativi compresi tra 10.000 e 60.000 euro<\/strong>, mentre le domande possono essere presentate <strong data-start=\"2396\" data-end=\"2436\">dal 21 aprile 2026 al 23 giugno 2026<\/strong> attraverso la procedura informatica di <strong data-start=\"2476\" data-end=\"2489\">Invitalia<\/strong>. La misura prevede un <strong data-start=\"2512\" data-end=\"2578\">contributo a fondo perduto pari al 50% delle spese ammissibili<\/strong>, nei limiti del regime de minimis con la possibilit\u00e0 di valorizzare, nei limiti previsti dalla misura, i costi interni del personale come quota di cofinanziamento della parte restante.<\/p>\n<p>La misura si rivolge a <strong data-start=\"3081\" data-end=\"3115\">micro, piccole e medie imprese<\/strong> iscritte e attive nel Registro delle imprese, con almeno un bilancio approvato e depositato oppure, nel caso di imprese individuali e societ\u00e0 di persone, almeno una dichiarazione dei redditi presentata. Le iniziative devono essere realizzate in una o pi\u00f9 unit\u00e0 locali situate nelle regioni ammesse.<\/p>\n<h2>Il ruolo del Centro di Competenza ARTES 4.0<\/h2>\n<p>In questo ambito il <b><a href=\"https:\/\/www.artes4.it\/i-nostri-servizi\/\">Centro di Competenza<\/a> ARTES 4.0<\/b> si propone come partner operativo per affiancare imprese, distretti, consorzi e reti nell\u2019individuazione dei fabbisogni formativi e nella costruzione di percorsi coerenti con gli obiettivi della misura ovvero di una proposta formativa ben calibrata sul contesto produttivo. I\u00a0percorsi possono essere costruiti attorno a esigenze molto diverse, ma con un comune denominatore: il rafforzamento delle competenze nelle aree chiave dell\u2019innovazione, come <strong data-start=\"3905\" data-end=\"3993\">intelligenza artificiale, tecnologie digitali, automazione e robotica, cybersecurity<\/strong>, da declinare poi in funzione dei diversi settori applicativi e delle necessit\u00e0 delle organizzazioni coinvolte.<\/p>\n<p data-start=\"4336\" data-end=\"5062\">Proprio per questo ARTES 4.0 ha scelto di presidiare in modo particolare alcuni comparti nei quali il tema delle competenze \u00e8 oggi un fattore centrale per la competitivit\u00e0: il <strong data-start=\"4573\" data-end=\"4591\">manifatturiero<\/strong>, l\u2019<strong data-start=\"4595\" data-end=\"4607\">agricolo<\/strong>, il mondo delle <strong data-start=\"4624\" data-end=\"4631\">RSA<\/strong>, il sistema <strong data-start=\"4644\" data-end=\"4672\">moda-tessile-arredamento<\/strong>, l\u2019<strong data-start=\"4676\" data-end=\"4690\">automotive<\/strong> e il <strong data-start=\"4696\" data-end=\"4709\">turistico<\/strong>. In ciascuno di questi ambiti, l\u2019intervento formativo pu\u00f2 assumere una configurazione diversa: aggiornamento delle competenze tecniche e organizzative, introduzione di strumenti digitali, miglioramento dell\u2019efficienza operativa, rafforzamento della sostenibilit\u00e0, risposta a nuovi bisogni di mercato o di servizio.<\/p>\n<p data-start=\"5064\" data-end=\"5992\">Il supporto di ARTES 4.0 si articola in un percorso in 3 step. La prima fase \u00e8 quella di ascolto e raccolta dei fabbisogni, utile a leggere il contesto aziendale, gli obiettivi di sviluppo e le competenze da rafforzare. Segue poi la progettazione, nella quale le necessit\u00e0 emerse vengono tradotte in un progetto formativo coerente con la misura con la definizione di struttura, contenuti, articolazione didattica, metodologie e profili dei docenti. L\u2019ultima fase consiste nella costruzione del percorso completo, personalizzato e allineato ai requisiti previsti per mettere l\u2019impresa nelle condizioni di sostenere una proposta realmente utile alla propria crescita organizzativa e tecnologica. T<\/p>\n<p data-start=\"6556\" data-end=\"6962\">Per approfondire tutti i dettagli e <strong data-start=\"6592\" data-end=\"6643\">richiedere un appuntamento online con ARTES 4.0<\/strong>, \u00e8 possibile <a href=\"https:\/\/1hv2ztxf.sibpages.com\/\"><b>consultare la pagina dedicata e compilare il form<\/b><\/a>.<\/p>\n<p data-start=\"6556\" data-end=\"6962\"><a href=\"https:\/\/1hv2ztxf.sibpages.com\/\"><img fetchpriority=\"high\" decoding=\"async\" class=\"alignleft size-full wp-image-8377\" src=\"https:\/\/www.artes4.it\/wp-content\/uploads\/2026\/04\/Post_ACFF_50MLN-1-1-scaled.jpg\" alt=\"Sviluppo Competenze\" width=\"2560\" height=\"2560\" srcset=\"https:\/\/www.artes4.it\/wp-content\/uploads\/2026\/04\/Post_ACFF_50MLN-1-1-scaled.jpg 2560w, https:\/\/www.artes4.it\/wp-content\/uploads\/2026\/04\/Post_ACFF_50MLN-1-1-300x300.jpg 300w, https:\/\/www.artes4.it\/wp-content\/uploads\/2026\/04\/Post_ACFF_50MLN-1-1-1024x1024.jpg 1024w, https:\/\/www.artes4.it\/wp-content\/uploads\/2026\/04\/Post_ACFF_50MLN-1-1-150x150.jpg 150w, https:\/\/www.artes4.it\/wp-content\/uploads\/2026\/04\/Post_ACFF_50MLN-1-1-768x768.jpg 768w, https:\/\/www.artes4.it\/wp-content\/uploads\/2026\/04\/Post_ACFF_50MLN-1-1-1536x1536.jpg 1536w, https:\/\/www.artes4.it\/wp-content\/uploads\/2026\/04\/Post_ACFF_50MLN-1-1-2048x2048.jpg 2048w\" sizes=\"(max-width: 2560px) 100vw, 2560px\" \/><\/a><\/p>\n","protected":false},"excerpt":{"rendered":"<p>Le imprese localizzate in Sicilia, Basilicata, Calabria, Campania, Molise, Puglia e Sardegna possono accedere a un contributo a fondo perduto<\/p>\n","protected":false},"author":21,"featured_media":8377,"comment_status":"closed","ping_status":"closed","sticky":false,"template":"","format":"standard","meta":{"_acf_changed":false,"footnotes":""},"categories":[1],"tags":[103,233],"anno_doc":[],"class_list":["post-8376","post","type-post","status-publish","format-standard","has-post-thumbnail","hentry","category-news","tag-bando","tag-formazione"],"acf":[],"yoast_head":"<!-- This site is optimized with the Yoast SEO Premium plugin v22.8 (Yoast SEO v25.8) - https:\/\/yoast.com\/wordpress\/plugins\/seo\/ -->\n<title>Formazione finanziata per PMI del Sud con il Bando Sviluppo Competenze 2026 - Artes 4.0<\/title>\n<meta name=\"description\" content=\"Le imprese localizzate in Sicilia, Basilicata, Calabria, Campania, Molise, Puglia e Sardegna possono accedere a un contributo a fondo perduto\" \/>\n<meta name=\"robots\" content=\"index, follow, max-snippet:-1, max-image-preview:large, max-video-preview:-1\" \/>\n<link rel=\"canonical\" href=\"https:\/\/www.artes4.it\/en\/news\/formazione-finanziata-per-pmi-del-sud-con-il-bando-sviluppo-competenze-2026\/\" \/>\n<meta property=\"og:locale\" content=\"en_US\" \/>\n<meta property=\"og:type\" content=\"article\" \/>\n<meta property=\"og:title\" content=\"Formazione finanziata per PMI del Sud con il Bando Sviluppo Competenze 2026\" \/>\n<meta property=\"og:description\" content=\"Le imprese localizzate in Sicilia, Basilicata, Calabria, Campania, Molise, Puglia e Sardegna possono accedere a un contributo a fondo perduto\" \/>\n<meta property=\"og:url\" content=\"https:\/\/www.artes4.it\/en\/news\/formazione-finanziata-per-pmi-del-sud-con-il-bando-sviluppo-competenze-2026\/\" \/>\n<meta property=\"og:site_name\" content=\"Artes 4.0\" \/>\n<meta property=\"article:published_time\" content=\"2026-04-09T13:55:23+00:00\" \/>\n<meta property=\"article:modified_time\" content=\"2026-04-09T13:56:39+00:00\" \/>\n<meta property=\"og:image\" content=\"https:\/\/www.artes4.it\/wp-content\/uploads\/2026\/04\/Post_ACFF_50MLN-1-1-scaled.jpg\" \/>\n\t<meta property=\"og:image:width\" content=\"2560\" \/>\n\t<meta property=\"og:image:height\" content=\"2560\" \/>\n\t<meta property=\"og:image:type\" content=\"image\/jpeg\" \/>\n<meta name=\"author\" content=\"ARTES 4.0\" \/>\n<meta name=\"twitter:card\" content=\"summary_large_image\" \/>\n<meta name=\"twitter:label1\" content=\"Written by\" \/>\n\t<meta name=\"twitter:data1\" content=\"ARTES 4.0\" \/>\n\t<meta name=\"twitter:label2\" content=\"Est. reading time\" \/>\n\t<meta name=\"twitter:data2\" content=\"4 minutes\" \/>\n<script type=\"application\/ld+json\" class=\"yoast-schema-graph\">{\"@context\":\"https:\/\/schema.org\",\"@graph\":[{\"@type\":\"Article\",\"@id\":\"https:\/\/www.artes4.it\/en\/news\/formazione-finanziata-per-pmi-del-sud-con-il-bando-sviluppo-competenze-2026\/#article\",\"isPartOf\":{\"@id\":\"https:\/\/www.artes4.it\/en\/news\/formazione-finanziata-per-pmi-del-sud-con-il-bando-sviluppo-competenze-2026\/\"},\"author\":{\"name\":\"ARTES 4.0\",\"@id\":\"https:\/\/www.artes4.it\/en\/#\/schema\/person\/db3b10851288640cb73ed64b94f94444\"},\"headline\":\"Formazione finanziata per PMI del Sud con il Bando Sviluppo Competenze 2026\",\"datePublished\":\"2026-04-09T13:55:23+00:00\",\"dateModified\":\"2026-04-09T13:56:39+00:00\",\"mainEntityOfPage\":{\"@id\":\"https:\/\/www.artes4.it\/en\/news\/formazione-finanziata-per-pmi-del-sud-con-il-bando-sviluppo-competenze-2026\/\"},\"wordCount\":534,\"publisher\":{\"@id\":\"https:\/\/www.artes4.it\/en\/#organization\"},\"image\":{\"@id\":\"https:\/\/www.artes4.it\/en\/news\/formazione-finanziata-per-pmi-del-sud-con-il-bando-sviluppo-competenze-2026\/#primaryimage\"},\"thumbnailUrl\":\"https:\/\/www.artes4.it\/wp-content\/uploads\/2026\/04\/Post_ACFF_50MLN-1-1-scaled.jpg\",\"keywords\":[\"bando\",\"Formazione\"],\"articleSection\":[\"News\"],\"inLanguage\":\"en-US\"},{\"@type\":\"WebPage\",\"@id\":\"https:\/\/www.artes4.it\/en\/news\/formazione-finanziata-per-pmi-del-sud-con-il-bando-sviluppo-competenze-2026\/\",\"url\":\"https:\/\/www.artes4.it\/en\/news\/formazione-finanziata-per-pmi-del-sud-con-il-bando-sviluppo-competenze-2026\/\",\"name\":\"Formazione finanziata per PMI del Sud con il Bando Sviluppo Competenze 2026 - Artes 4.0\",\"isPartOf\":{\"@id\":\"https:\/\/www.artes4.it\/en\/#website\"},\"primaryImageOfPage\":{\"@id\":\"https:\/\/www.artes4.it\/en\/news\/formazione-finanziata-per-pmi-del-sud-con-il-bando-sviluppo-competenze-2026\/#primaryimage\"},\"image\":{\"@id\":\"https:\/\/www.artes4.it\/en\/news\/formazione-finanziata-per-pmi-del-sud-con-il-bando-sviluppo-competenze-2026\/#primaryimage\"},\"thumbnailUrl\":\"https:\/\/www.artes4.it\/wp-content\/uploads\/2026\/04\/Post_ACFF_50MLN-1-1-scaled.jpg\",\"datePublished\":\"2026-04-09T13:55:23+00:00\",\"dateModified\":\"2026-04-09T13:56:39+00:00\",\"description\":\"Le imprese localizzate in Sicilia, Basilicata, Calabria, Campania, Molise, Puglia e Sardegna possono accedere a un contributo a fondo perduto\",\"breadcrumb\":{\"@id\":\"https:\/\/www.artes4.it\/en\/news\/formazione-finanziata-per-pmi-del-sud-con-il-bando-sviluppo-competenze-2026\/#breadcrumb\"},\"inLanguage\":\"en-US\",\"potentialAction\":[{\"@type\":\"ReadAction\",\"target\":[\"https:\/\/www.artes4.it\/en\/news\/formazione-finanziata-per-pmi-del-sud-con-il-bando-sviluppo-competenze-2026\/\"]}]},{\"@type\":\"ImageObject\",\"inLanguage\":\"en-US\",\"@id\":\"https:\/\/www.artes4.it\/en\/news\/formazione-finanziata-per-pmi-del-sud-con-il-bando-sviluppo-competenze-2026\/#primaryimage\",\"url\":\"https:\/\/www.artes4.it\/wp-content\/uploads\/2026\/04\/Post_ACFF_50MLN-1-1-scaled.jpg\",\"contentUrl\":\"https:\/\/www.artes4.it\/wp-content\/uploads\/2026\/04\/Post_ACFF_50MLN-1-1-scaled.jpg\",\"width\":2560,\"height\":2560,\"caption\":\"Sviluppo Competenze\"},{\"@type\":\"BreadcrumbList\",\"@id\":\"https:\/\/www.artes4.it\/en\/news\/formazione-finanziata-per-pmi-del-sud-con-il-bando-sviluppo-competenze-2026\/#breadcrumb\",\"itemListElement\":[{\"@type\":\"ListItem\",\"position\":1,\"name\":\"Home\",\"item\":\"https:\/\/www.artes4.it\/en\/\"},{\"@type\":\"ListItem\",\"position\":2,\"name\":\"Formazione finanziata per PMI del Sud con il Bando Sviluppo Competenze 2026\"}]},{\"@type\":\"WebSite\",\"@id\":\"https:\/\/www.artes4.it\/en\/#website\",\"url\":\"https:\/\/www.artes4.it\/en\/\",\"name\":\"Artes 4.0\",\"description\":\"\",\"publisher\":{\"@id\":\"https:\/\/www.artes4.it\/en\/#organization\"},\"potentialAction\":[{\"@type\":\"SearchAction\",\"target\":{\"@type\":\"EntryPoint\",\"urlTemplate\":\"https:\/\/www.artes4.it\/en\/?s={search_term_string}\"},\"query-input\":{\"@type\":\"PropertyValueSpecification\",\"valueRequired\":true,\"valueName\":\"search_term_string\"}}],\"inLanguage\":\"en-US\"},{\"@type\":\"Organization\",\"@id\":\"https:\/\/www.artes4.it\/en\/#organization\",\"name\":\"Artes 4.0\",\"url\":\"https:\/\/www.artes4.it\/en\/\",\"logo\":{\"@type\":\"ImageObject\",\"inLanguage\":\"en-US\",\"@id\":\"https:\/\/www.artes4.it\/en\/#\/schema\/logo\/image\/\",\"url\":\"https:\/\/www.artes4.it\/wp-content\/uploads\/2024\/01\/logo_artes_white.jpeg\",\"contentUrl\":\"https:\/\/www.artes4.it\/wp-content\/uploads\/2024\/01\/logo_artes_white.jpeg\",\"width\":462,\"height\":171,\"caption\":\"Artes 4.0\"},\"image\":{\"@id\":\"https:\/\/www.artes4.it\/en\/#\/schema\/logo\/image\/\"},\"sameAs\":[\"https:\/\/www.linkedin.com\/company\/associazione-artes-4-0\/posts\/?feedView=all\"]},{\"@type\":\"Person\",\"@id\":\"https:\/\/www.artes4.it\/en\/#\/schema\/person\/db3b10851288640cb73ed64b94f94444\",\"name\":\"ARTES 4.0\",\"image\":{\"@type\":\"ImageObject\",\"inLanguage\":\"en-US\",\"@id\":\"https:\/\/www.artes4.it\/en\/#\/schema\/person\/image\/\",\"url\":\"https:\/\/www.artes4.it\/wp-content\/uploads\/2024\/01\/Logo-ARTES4.0-1-96x96.png\",\"contentUrl\":\"https:\/\/www.artes4.it\/wp-content\/uploads\/2024\/01\/Logo-ARTES4.0-1-96x96.png\",\"caption\":\"ARTES 4.0\"},\"url\":\"https:\/\/www.artes4.it\/en\/author\/artes-4-0artes4-it\/\"}]}<\/script>\n<!-- \/ Yoast SEO Premium plugin. -->","yoast_head_json":{"title":"Formazione finanziata per PMI del Sud con il Bando Sviluppo Competenze 2026 - Artes 4.0","description":"Le imprese localizzate in Sicilia, Basilicata, Calabria, Campania, Molise, Puglia e Sardegna possono accedere a un contributo a fondo perduto","robots":{"index":"index","follow":"follow","max-snippet":"max-snippet:-1","max-image-preview":"max-image-preview:large","max-video-preview":"max-video-preview:-1"},"canonical":"https:\/\/www.artes4.it\/en\/news\/formazione-finanziata-per-pmi-del-sud-con-il-bando-sviluppo-competenze-2026\/","og_locale":"en_US","og_type":"article","og_title":"Formazione finanziata per PMI del Sud con il Bando Sviluppo Competenze 2026","og_description":"Le imprese localizzate in Sicilia, Basilicata, Calabria, Campania, Molise, Puglia e Sardegna possono accedere a un contributo a fondo perduto","og_url":"https:\/\/www.artes4.it\/en\/news\/formazione-finanziata-per-pmi-del-sud-con-il-bando-sviluppo-competenze-2026\/","og_site_name":"Artes 4.0","article_published_time":"2026-04-09T13:55:23+00:00","article_modified_time":"2026-04-09T13:56:39+00:00","og_image":[{"width":2560,"height":2560,"url":"https:\/\/www.artes4.it\/wp-content\/uploads\/2026\/04\/Post_ACFF_50MLN-1-1-scaled.jpg","type":"image\/jpeg"}],"author":"ARTES 4.0","twitter_card":"summary_large_image","twitter_misc":{"Written by":"ARTES 4.0","Est. reading time":"4 minutes"},"schema":{"@context":"https:\/\/schema.org","@graph":[{"@type":"Article","@id":"https:\/\/www.artes4.it\/en\/news\/formazione-finanziata-per-pmi-del-sud-con-il-bando-sviluppo-competenze-2026\/#article","isPartOf":{"@id":"https:\/\/www.artes4.it\/en\/news\/formazione-finanziata-per-pmi-del-sud-con-il-bando-sviluppo-competenze-2026\/"},"author":{"name":"ARTES 4.0","@id":"https:\/\/www.artes4.it\/en\/#\/schema\/person\/db3b10851288640cb73ed64b94f94444"},"headline":"Formazione finanziata per PMI del Sud con il Bando Sviluppo Competenze 2026","datePublished":"2026-04-09T13:55:23+00:00","dateModified":"2026-04-09T13:56:39+00:00","mainEntityOfPage":{"@id":"https:\/\/www.artes4.it\/en\/news\/formazione-finanziata-per-pmi-del-sud-con-il-bando-sviluppo-competenze-2026\/"},"wordCount":534,"publisher":{"@id":"https:\/\/www.artes4.it\/en\/#organization"},"image":{"@id":"https:\/\/www.artes4.it\/en\/news\/formazione-finanziata-per-pmi-del-sud-con-il-bando-sviluppo-competenze-2026\/#primaryimage"},"thumbnailUrl":"https:\/\/www.artes4.it\/wp-content\/uploads\/2026\/04\/Post_ACFF_50MLN-1-1-scaled.jpg","keywords":["bando","Formazione"],"articleSection":["News"],"inLanguage":"en-US"},{"@type":"WebPage","@id":"https:\/\/www.artes4.it\/en\/news\/formazione-finanziata-per-pmi-del-sud-con-il-bando-sviluppo-competenze-2026\/","url":"https:\/\/www.artes4.it\/en\/news\/formazione-finanziata-per-pmi-del-sud-con-il-bando-sviluppo-competenze-2026\/","name":"Formazione finanziata per PMI del Sud con il Bando Sviluppo Competenze 2026 - Artes 4.0","isPartOf":{"@id":"https:\/\/www.artes4.it\/en\/#website"},"primaryImageOfPage":{"@id":"https:\/\/www.artes4.it\/en\/news\/formazione-finanziata-per-pmi-del-sud-con-il-bando-sviluppo-competenze-2026\/#primaryimage"},"image":{"@id":"https:\/\/www.artes4.it\/en\/news\/formazione-finanziata-per-pmi-del-sud-con-il-bando-sviluppo-competenze-2026\/#primaryimage"},"thumbnailUrl":"https:\/\/www.artes4.it\/wp-content\/uploads\/2026\/04\/Post_ACFF_50MLN-1-1-scaled.jpg","datePublished":"2026-04-09T13:55:23+00:00","dateModified":"2026-04-09T13:56:39+00:00","description":"Le imprese localizzate in Sicilia, Basilicata, Calabria, Campania, Molise, Puglia e Sardegna possono accedere a un contributo a fondo perduto","breadcrumb":{"@id":"https:\/\/www.artes4.it\/en\/news\/formazione-finanziata-per-pmi-del-sud-con-il-bando-sviluppo-competenze-2026\/#breadcrumb"},"inLanguage":"en-US","potentialAction":[{"@type":"ReadAction","target":["https:\/\/www.artes4.it\/en\/news\/formazione-finanziata-per-pmi-del-sud-con-il-bando-sviluppo-competenze-2026\/"]}]},{"@type":"ImageObject","inLanguage":"en-US","@id":"https:\/\/www.artes4.it\/en\/news\/formazione-finanziata-per-pmi-del-sud-con-il-bando-sviluppo-competenze-2026\/#primaryimage","url":"https:\/\/www.artes4.it\/wp-content\/uploads\/2026\/04\/Post_ACFF_50MLN-1-1-scaled.jpg","contentUrl":"https:\/\/www.artes4.it\/wp-content\/uploads\/2026\/04\/Post_ACFF_50MLN-1-1-scaled.jpg","width":2560,"height":2560,"caption":"Sviluppo Competenze"},{"@type":"BreadcrumbList","@id":"https:\/\/www.artes4.it\/en\/news\/formazione-finanziata-per-pmi-del-sud-con-il-bando-sviluppo-competenze-2026\/#breadcrumb","itemListElement":[{"@type":"ListItem","position":1,"name":"Home","item":"https:\/\/www.artes4.it\/en\/"},{"@type":"ListItem","position":2,"name":"Formazione finanziata per PMI del Sud con il Bando Sviluppo Competenze 2026"}]},{"@type":"WebSite","@id":"https:\/\/www.artes4.it\/en\/#website","url":"https:\/\/www.artes4.it\/en\/","name":"Artes 4.0","description":"","publisher":{"@id":"https:\/\/www.artes4.it\/en\/#organization"},"potentialAction":[{"@type":"SearchAction","target":{"@type":"EntryPoint","urlTemplate":"https:\/\/www.artes4.it\/en\/?s={search_term_string}"},"query-input":{"@type":"PropertyValueSpecification","valueRequired":true,"valueName":"search_term_string"}}],"inLanguage":"en-US"},{"@type":"Organization","@id":"https:\/\/www.artes4.it\/en\/#organization","name":"Artes 4.0","url":"https:\/\/www.artes4.it\/en\/","logo":{"@type":"ImageObject","inLanguage":"en-US","@id":"https:\/\/www.artes4.it\/en\/#\/schema\/logo\/image\/","url":"https:\/\/www.artes4.it\/wp-content\/uploads\/2024\/01\/logo_artes_white.jpeg","contentUrl":"https:\/\/www.artes4.it\/wp-content\/uploads\/2024\/01\/logo_artes_white.jpeg","width":462,"height":171,"caption":"Artes 4.0"},"image":{"@id":"https:\/\/www.artes4.it\/en\/#\/schema\/logo\/image\/"},"sameAs":["https:\/\/www.linkedin.com\/company\/associazione-artes-4-0\/posts\/?feedView=all"]},{"@type":"Person","@id":"https:\/\/www.artes4.it\/en\/#\/schema\/person\/db3b10851288640cb73ed64b94f94444","name":"ARTES 4.0","image":{"@type":"ImageObject","inLanguage":"en-US","@id":"https:\/\/www.artes4.it\/en\/#\/schema\/person\/image\/","url":"https:\/\/www.artes4.it\/wp-content\/uploads\/2024\/01\/Logo-ARTES4.0-1-96x96.png","contentUrl":"https:\/\/www.artes4.it\/wp-content\/uploads\/2024\/01\/Logo-ARTES4.0-1-96x96.png","caption":"ARTES 4.0"},"url":"https:\/\/www.artes4.it\/en\/author\/artes-4-0artes4-it\/"}]}},"_links":{"self":[{"href":"https:\/\/www.artes4.it\/en\/wp-json\/wp\/v2\/posts\/8376","targetHints":{"allow":["GET"]}}],"collection":[{"href":"https:\/\/www.artes4.it\/en\/wp-json\/wp\/v2\/posts"}],"about":[{"href":"https:\/\/www.artes4.it\/en\/wp-json\/wp\/v2\/types\/post"}],"author":[{"embeddable":true,"href":"https:\/\/www.artes4.it\/en\/wp-json\/wp\/v2\/users\/21"}],"replies":[{"embeddable":true,"href":"https:\/\/www.artes4.it\/en\/wp-json\/wp\/v2\/comments?post=8376"}],"version-history":[{"count":3,"href":"https:\/\/www.artes4.it\/en\/wp-json\/wp\/v2\/posts\/8376\/revisions"}],"predecessor-version":[{"id":8381,"href":"https:\/\/www.artes4.it\/en\/wp-json\/wp\/v2\/posts\/8376\/revisions\/8381"}],"wp:featuredmedia":[{"embeddable":true,"href":"https:\/\/www.artes4.it\/en\/wp-json\/wp\/v2\/media\/8377"}],"wp:attachment":[{"href":"https:\/\/www.artes4.it\/en\/wp-json\/wp\/v2\/media?parent=8376"}],"wp:term":[{"taxonomy":"category","embeddable":true,"href":"https:\/\/www.artes4.it\/en\/wp-json\/wp\/v2\/categories?post=8376"},{"taxonomy":"post_tag","embeddable":true,"href":"https:\/\/www.artes4.it\/en\/wp-json\/wp\/v2\/tags?post=8376"},{"taxonomy":"anno_doc","embeddable":true,"href":"https:\/\/www.artes4.it\/en\/wp-json\/wp\/v2\/anno_doc?post=8376"}],"curies":[{"name":"wp","href":"https:\/\/api.w.org\/{rel}","templated":true}]}}