{"id":8399,"date":"2026-04-13T16:07:13","date_gmt":"2026-04-13T14:07:13","guid":{"rendered":"https:\/\/www.artes4.it\/?p=8399"},"modified":"2026-04-14T18:03:01","modified_gmt":"2026-04-14T16:03:01","slug":"stem-racing-dove-talento-e-competenze-tecnico-scientifiche-prendono-forma-lintervista-a-erminia-pesce","status":"publish","type":"post","link":"https:\/\/www.artes4.it\/en\/blog\/stem-racing-dove-talento-e-competenze-tecnico-scientifiche-prendono-forma-lintervista-a-erminia-pesce\/","title":{"rendered":"ARTES4WOMEN per STEM Racing, talento e competenze tecnico-scientifiche in gara | L&#8217;intervista a Erminia Pesce"},"content":{"rendered":"<p>Avvicinare le giovani generazioni alle competenze tecnico-scientifiche significa creare un collegamento tra formazione, territori e imprese. \u00c8 proprio in questo snodo che si colloca il lavoro di <strong>Erminia Pesce<\/strong>, referente Comunicazione e Orientamento dell\u2019<strong>ITS Prime Tech Academy Toscana<\/strong>: un ruolo che mette in relazione orientamento, realt\u00e0 industriali e opportunit\u00e0 di crescita di studentesse e studenti. Del resto ITS Prime, Socio del Centro di Competenza <strong>ARTES 4.0<\/strong>, si presenta come una Tech Academy connessa alle imprese e orientata a una formazione altamente specializzata e modellata sui bisogni dell\u2019innovazione.<\/p>\n<p>All\u2019interno di questa cornice si inserisce <strong>STEM Racing<\/strong>, iniziativa internazionale che coinvolge ragazze e ragazzi tra i <strong>14 e i 19 anni<\/strong> in una sfida multidisciplinare che unisce <strong>progettazione<\/strong>, <strong>ingegneria<\/strong>, <strong>aerodinamica<\/strong>, <strong>design<\/strong>, <strong>comunicazione<\/strong> e <strong>organizzazione del team<\/strong>. Le squadre sono chiamate a ideare e realizzare in stampa 3D una mini-vettura ispirata alla Formula 1, confrontandosi con parametri tecnici, vincoli progettuali e criteri di valutazione che riproducono in scala educativa le logiche dei contesti produttivi reali.<\/p>\n<p>In vista delle finali regionali in programma il <strong>18 e 19 aprile 2026<\/strong> presso <strong>Baker Hughes Nuovo Pignone<\/strong> a Firenze, Erminia Pesce ci permette di entrare nel cuore di un\u2019esperienza che mette davvero \u201cin pista\u201d il talento dei pi\u00f9 giovani. Ed \u00e8 proprio qui che il coinvolgimento di <strong>ARTES 4.0<\/strong> assume un significato pieno. Attraverso il gruppo di lavoro trasversale <strong>ARTES4WOMEN<\/strong> sull\u2019equit\u00e0 di genere, il Centro di Competenza contribuisce a rafforzare la dimensione culturale e valoriale del progetto, portando dentro STEM Racing i temi della <strong>parit\u00e0 di genere<\/strong>, dell\u2019accesso ai percorsi STEM e della presenza femminile nei ruoli tecnici e decisionali. ARTES4WOMEN, nato per promuovere la parit\u00e0 di genere nei contesti della ricerca applicata, dell\u2019impresa e dell\u2019innovazione tecnologica, trova cos\u00ec in questo contesto un terreno coerente con il proprio impegno.<\/p>\n<p><a href=\"https:\/\/www.artes4.it\/wp-content\/uploads\/2026\/04\/Post_Pesce.jpg\"><img fetchpriority=\"high\" decoding=\"async\" class=\"alignleft wp-image-8421 size-full\" src=\"https:\/\/www.artes4.it\/wp-content\/uploads\/2026\/04\/Post_Pesce.jpg\" alt=\"\" width=\"2250\" height=\"2250\" srcset=\"https:\/\/www.artes4.it\/wp-content\/uploads\/2026\/04\/Post_Pesce.jpg 2250w, https:\/\/www.artes4.it\/wp-content\/uploads\/2026\/04\/Post_Pesce-300x300.jpg 300w, https:\/\/www.artes4.it\/wp-content\/uploads\/2026\/04\/Post_Pesce-1024x1024.jpg 1024w, https:\/\/www.artes4.it\/wp-content\/uploads\/2026\/04\/Post_Pesce-150x150.jpg 150w, https:\/\/www.artes4.it\/wp-content\/uploads\/2026\/04\/Post_Pesce-768x768.jpg 768w, https:\/\/www.artes4.it\/wp-content\/uploads\/2026\/04\/Post_Pesce-1536x1536.jpg 1536w, https:\/\/www.artes4.it\/wp-content\/uploads\/2026\/04\/Post_Pesce-2048x2048.jpg 2048w\" sizes=\"(max-width: 2250px) 100vw, 2250px\" \/><\/a><\/p>\n<p>&nbsp;<\/p>\n<p><strong>STEM Racing \u00e8 molto pi\u00f9 di una competizione scolastica. Che cosa rappresenta oggi per ITS Prime Tech Academy Toscana?<\/strong><\/p>\n<p>\u00ab<em>STEM Racing \u00e8 un\u2019esperienza formativa estremamente pratica che porta all\u2019interno delle scuole superiori un modello di apprendimento vicino a ci\u00f2 che accade realmente nei contesti industriali. Non si tratta soltanto di costruire una mini-vettura o di partecipare a una gara, ma di misurarsi con un percorso completo che coinvolge progettazione, simulazione, problem solving, organizzazione del lavoro e capacit\u00e0 di presentare un progetto in modo credibile. Per ITS Prime significa offrire ai ragazzi un\u2019occasione autentica di orientamento tecnologico connessa con il sistema produttivo del territorio<\/em>\u00bb.<\/p>\n<p><strong>Quali elementi rendono STEM Racing un\u2019esperienza cos\u00ec formativa e in grado di lasciare un segno per studentesse e studenti tra i 14 e i 19 anni?<\/strong><\/p>\n<p>\u00ab<em>La forza di STEM Racing sta nel fatto che mette insieme teoria e pratica senza creare una distanza tra le due dimensioni. I ragazzi non studiano concetti astratti da applicare forse un domani, ma lavorano da subito su un progetto che deve funzionare davvero, rispettando vincoli tecnici e confrontandosi con obiettivi chiari. Devono ragionare su aerodinamica, design, ingegneria, comunicazione e persino organizzazione del team. \u00c8 questa visione integrata a rendere l\u2019esperienza coinvolgente e formativa<\/em>\u00bb.<\/p>\n<p><strong>ITS Prime \u00e8 hub di gara per il Centro Italia. Che valore ha questo ruolo nel rapporto con le scuole e con le imprese?<\/strong><\/p>\n<p>\u00ab<em>Essere hub di gara per il Centro Italia significa assumere un ruolo di raccordo importante tra scuola, formazione tecnica avanzata e mondo industriale. Vuol dire creare occasioni in cui studenti, docenti e aziende possano condividere uno spazio, un linguaggio e obiettivi comuni. \u00c8 un modo per avvicinare i giovani alle professioni tecnico-scientifiche e allo stesso tempo per mostrare alle imprese il potenziale delle nuove generazioni. In questo senso STEM Racing diventa anche una piattaforma di relazione con il territorio<\/em>\u00bb.<\/p>\n<p><strong><a href=\"https:\/\/www.artes4.it\/wp-content\/uploads\/2026\/04\/Copia-di-b1f33ec2-cb3e-459c-a618-83197d41a4f0-scaled.jpg\"><img decoding=\"async\" class=\"alignleft size-full wp-image-8404\" src=\"https:\/\/www.artes4.it\/wp-content\/uploads\/2026\/04\/Copia-di-b1f33ec2-cb3e-459c-a618-83197d41a4f0-scaled.jpg\" alt=\"ITS Prime Tech Academy Toscana\" width=\"2560\" height=\"1920\" srcset=\"https:\/\/www.artes4.it\/wp-content\/uploads\/2026\/04\/Copia-di-b1f33ec2-cb3e-459c-a618-83197d41a4f0-scaled.jpg 2560w, https:\/\/www.artes4.it\/wp-content\/uploads\/2026\/04\/Copia-di-b1f33ec2-cb3e-459c-a618-83197d41a4f0-300x225.jpg 300w, https:\/\/www.artes4.it\/wp-content\/uploads\/2026\/04\/Copia-di-b1f33ec2-cb3e-459c-a618-83197d41a4f0-1024x768.jpg 1024w, https:\/\/www.artes4.it\/wp-content\/uploads\/2026\/04\/Copia-di-b1f33ec2-cb3e-459c-a618-83197d41a4f0-768x576.jpg 768w, https:\/\/www.artes4.it\/wp-content\/uploads\/2026\/04\/Copia-di-b1f33ec2-cb3e-459c-a618-83197d41a4f0-1536x1152.jpg 1536w, https:\/\/www.artes4.it\/wp-content\/uploads\/2026\/04\/Copia-di-b1f33ec2-cb3e-459c-a618-83197d41a4f0-2048x1536.jpg 2048w\" sizes=\"(max-width: 2560px) 100vw, 2560px\" \/><\/a>Dopo le qualifiche regionali ospitate a febbraio 2026 alla Cattedrale Ex Breda di Pistoia, che tipo di riscontro avete avuto?<\/strong><\/p>\n<p>\u00ab<em>Il riscontro \u00e8 stato molto positivo perch\u00e9 si \u00e8 percepita l\u2019efficacia del format. A Pistoia abbiamo visto circa venti squadre lavorare con grande seriet\u00e0 e partecipazione, ma soprattutto abbiamo visto studenti molto giovani affrontare il progetto con un approccio sorprendentemente maturo. Quando si crea un contesto in cui la sfida \u00e8 vera, le aspettative sono alte e il confronto con altri team \u00e8 reale, ragazze e ragazzi tirano fuori risorse che spesso a scuola rimangono meno visibili. Questo \u00e8 uno degli aspetti pi\u00f9 interessanti di STEM Racing<\/em>\u00bb.<\/p>\n<p><strong>Il 18 e 19 aprile, presso Baker Hughes Nuovo Pignone a Firenze, sono in programma le finali regionali con 16 squadre provenienti da Toscana, Liguria e Marche. Che cosa vi aspettate da questo appuntamento?<\/strong><\/p>\n<p>\u00ab<em>Ci aspettiamo un momento di grande intensit\u00e0 sui piani competitivo e formativo. Le finali sono il punto in cui il lavoro svolto dai team trova una sintesi visibile e misurabile. \u00c8 il momento in cui emergono la qualit\u00e0 del progetto, la capacit\u00e0 di gestire la pressione, l\u2019organizzazione interna del gruppo e la consapevolezza con cui gli studenti raccontano il proprio percorso. Avere tutto questo dentro un contesto industriale importante come Baker Hughes Nuovo Pignone rafforza il valore dell\u2019esperienza<\/em>\u00bb.<\/p>\n<p><a href=\"https:\/\/www.artes4.it\/wp-content\/uploads\/2026\/04\/Copia-di-_MG_0079-scaled.jpg\"><img decoding=\"async\" class=\"alignleft size-medium wp-image-8410\" src=\"https:\/\/www.artes4.it\/wp-content\/uploads\/2026\/04\/Copia-di-_MG_0079-300x200.jpg\" alt=\"Formula 1 3D\" width=\"300\" height=\"200\" srcset=\"https:\/\/www.artes4.it\/wp-content\/uploads\/2026\/04\/Copia-di-_MG_0079-300x200.jpg 300w, https:\/\/www.artes4.it\/wp-content\/uploads\/2026\/04\/Copia-di-_MG_0079-1024x682.jpg 1024w, https:\/\/www.artes4.it\/wp-content\/uploads\/2026\/04\/Copia-di-_MG_0079-768x512.jpg 768w, https:\/\/www.artes4.it\/wp-content\/uploads\/2026\/04\/Copia-di-_MG_0079-1536x1023.jpg 1536w, https:\/\/www.artes4.it\/wp-content\/uploads\/2026\/04\/Copia-di-_MG_0079-2048x1364.jpg 2048w\" sizes=\"(max-width: 300px) 100vw, 300px\" \/><\/a><\/p>\n<p><strong>Gli studenti partono da un\u2019idea e in poco tempo diventano pi\u00f9 strutturati: che trasformazione osservate in loro?<\/strong><\/p>\n<p>\u00ab<em>La trasformazione riguarda prima di tutto il modo in cui imparano a stare dentro a un progetto. All\u2019inizio prevalgono entusiasmo e curiosit\u00e0, ma con il passare delle settimane si sviluppano metodo, capacit\u00e0 decisionale e senso di responsabilit\u00e0. I ragazzi cominciano a distribuire i compiti, a riconoscere le priorit\u00e0, a gestire il tempo e a confrontarsi sui problemi. \u00c8 un\u2019evoluzione molto evidente perch\u00e9 li porta a passare da una partecipazione iniziale pi\u00f9 intuitiva a un atteggiamento pi\u00f9 consapevole e professionale<\/em>\u00bb.<\/p>\n<p><strong>Quanto conta in questo processo il confronto con regole e vincoli tecnici reali?<\/strong><\/p>\n<p>\u00ab<em>Conta moltissimo perch\u00e9 \u00e8 proprio il confronto a rendere il lavoro credibile e formativo. Le vetture devono rispettare parametri tecnici definiti, requisiti di sicurezza, dimensioni, peso minimo. Questo obbliga i team a ragionare come avviene in azienda, dove la creativit\u00e0 non \u00e8 mai separata dalla fattibilit\u00e0. \u00c8 una palestra molto utile perch\u00e9 insegna ai ragazzi che innovare non significa improvvisare, ma trovare soluzioni efficaci dentro condizioni definite<\/em>\u00bb.<\/p>\n<p><strong>Uno degli aspetti pi\u00f9 originali del progetto \u00e8 la presenza degli studenti ITS in giuria. Perch\u00e9 avete scelto di coinvolgerli in questo ruolo?<\/strong><\/p>\n<p>\u00ab<em>I nostri studenti ITS hanno gi\u00e0 affrontato un percorso avanzato, conoscono il valore del metodo e sanno leggere i progetti con attenzione. Quando valutano i team offrono osservazioni puntuali e feedback utili alla crescita dei ragazzi pi\u00f9 giovani. In questo modo si crea una filiera formativa molto interessante nella quale chi ha gi\u00e0 maturato competenze diventa un riferimento per chi sta iniziando<\/em>\u00bb.<\/p>\n<p><a href=\"https:\/\/www.artes4.it\/wp-content\/uploads\/2026\/04\/Copia-di-DSC_0824.jpg\"><img loading=\"lazy\" decoding=\"async\" class=\"alignleft size-full wp-image-8406\" src=\"https:\/\/www.artes4.it\/wp-content\/uploads\/2026\/04\/Copia-di-DSC_0824.jpg\" alt=\"Erminia Pesce\" width=\"1620\" height=\"1080\" srcset=\"https:\/\/www.artes4.it\/wp-content\/uploads\/2026\/04\/Copia-di-DSC_0824.jpg 1620w, https:\/\/www.artes4.it\/wp-content\/uploads\/2026\/04\/Copia-di-DSC_0824-300x200.jpg 300w, https:\/\/www.artes4.it\/wp-content\/uploads\/2026\/04\/Copia-di-DSC_0824-1024x683.jpg 1024w, https:\/\/www.artes4.it\/wp-content\/uploads\/2026\/04\/Copia-di-DSC_0824-768x512.jpg 768w, https:\/\/www.artes4.it\/wp-content\/uploads\/2026\/04\/Copia-di-DSC_0824-1536x1024.jpg 1536w\" sizes=\"(max-width: 1620px) 100vw, 1620px\" \/><\/a><\/p>\n<p><strong>Nel progetto trova spazio anche il tema dell\u2019inclusione, grazie al Diversity &amp; Inclusion Award. Perch\u00e9 avete ritenuto importante introdurre questo riconoscimento?<\/strong><\/p>\n<p>\u00ab<em>Perch\u00e9 oggi non basta parlare di inclusione ma serve costruire contesti in cui possa diventare visibile, valutabile e sostanziale. Il Diversity &amp; Inclusion Award va proprio in questa direzione. Il premio guarda al loro ruolo effettivo dentro il progetto, al contributo che portano, alla loro partecipazione nelle aree tecniche, decisionali, organizzative e comunicative e non si limita a considerare la presenza numerica delle ragazze nei team. \u00c8 un modo serio per affermare che la qualit\u00e0 dell\u2019inclusione si misura nella pratica<\/em>\u00bb.<\/p>\n<p><strong>In che modo la collaborazione con ARTES4WOMEN rafforza questo lavoro?<\/strong><\/p>\n<p>\u00ab<em>La collaborazione con ARTES4WOMEN porta uno sguardo competente e consapevole sul tema della parit\u00e0 di genere. Inserisce il principio dell\u2019inclusione dentro i criteri di valutazione e dentro il senso stesso dell\u2019esperienza formativa. ARTES4WOMEN contribuisce a dare profondit\u00e0 a questo aspetto, aiutando a leggere con maggiore attenzione la qualit\u00e0 della partecipazione femminile e il valore della presenza delle ragazze nei ruoli tecnici e decisionali<\/em>\u00bb.<\/p>\n<p><strong><a href=\"https:\/\/www.artes4.it\/wp-content\/uploads\/2026\/04\/Copia-di-IMG_8366-scaled.jpeg\"><img loading=\"lazy\" decoding=\"async\" class=\"alignleft size-medium wp-image-8413\" src=\"https:\/\/www.artes4.it\/wp-content\/uploads\/2026\/04\/Copia-di-IMG_8366-225x300.jpeg\" alt=\"\" width=\"225\" height=\"300\" srcset=\"https:\/\/www.artes4.it\/wp-content\/uploads\/2026\/04\/Copia-di-IMG_8366-225x300.jpeg 225w, https:\/\/www.artes4.it\/wp-content\/uploads\/2026\/04\/Copia-di-IMG_8366-768x1024.jpeg 768w, https:\/\/www.artes4.it\/wp-content\/uploads\/2026\/04\/Copia-di-IMG_8366-1152x1536.jpeg 1152w, https:\/\/www.artes4.it\/wp-content\/uploads\/2026\/04\/Copia-di-IMG_8366-1536x2048.jpeg 1536w, https:\/\/www.artes4.it\/wp-content\/uploads\/2026\/04\/Copia-di-IMG_8366-scaled.jpeg 1920w\" sizes=\"(max-width: 225px) 100vw, 225px\" \/><\/a>Quanto \u00e8 importante oggi lavorare affinch\u00e9 le ragazze siano sempre pi\u00f9 presenti nei percorsi STEM, ma soprattutto nei ruoli di responsabilit\u00e0?<\/strong><\/p>\n<p>\u00ab<em>\u00c8 fondamentale perch\u00e9 la vera sfida \u00e8 creare le condizioni affinch\u00e9 questa presenza si traduca in autorevolezza, competenza riconosciuta e possibilit\u00e0 di leadership. La differenza si vede quando le ragazze contribuiscono in modo pieno alla progettazione, all\u2019ingegneria, alle scelte strategiche del team e alla rappresentazione pubblica del progetto<\/em>\u00bb.<\/p>\n<p><strong>Anche il contributo di Hitachi, Nuova Simat e Aksilia, parte del board di ARTES4WOMEN, contribuisce al progetto con l\u2019assegnazione di una premialit\u00e0. Quanto contano queste alleanze?<\/strong><\/p>\n<p>\u00ab<em>Contano molto perch\u00e9 danno sostanza a un percorso che vuole essere trasformativo. Quando soggetti diversi mettono a disposizione competenze, riconoscimento e strumenti, come un premio dedicato ai team, si crea un ecosistema pi\u00f9 forte e pi\u00f9 credibile. Le alleanze tra formazione, imprese e realt\u00e0 impegnate sui temi dell\u2019inclusione sono decisive per far s\u00ec che iniziative come questa lascino un segno<\/em>\u00bb.<\/p>\n<p><strong>Se dovesse riassumere in una frase il valore di STEM Racing per i giovani che partecipano, quale sceglierebbe?<\/strong><\/p>\n<p>\u00ab<em>Direi che STEM Racing consente ai ragazzi di scoprire attraverso un\u2019esperienza reale che le competenze tecnico-scientifiche non sono soltanto materie da studiare, ma strumenti con cui progettare, decidere e immaginare il proprio futuro<\/em>\u00bb.<\/p>\n<p><a href=\"https:\/\/www.artes4.it\/wp-content\/uploads\/2026\/04\/Copia-di-144A1223-scaled.jpg\"><img loading=\"lazy\" decoding=\"async\" class=\"alignleft size-full wp-image-8408\" src=\"https:\/\/www.artes4.it\/wp-content\/uploads\/2026\/04\/Copia-di-144A1223-scaled.jpg\" alt=\"Finali regionali STEM Racing\" width=\"1707\" height=\"2560\" srcset=\"https:\/\/www.artes4.it\/wp-content\/uploads\/2026\/04\/Copia-di-144A1223-scaled.jpg 1707w, https:\/\/www.artes4.it\/wp-content\/uploads\/2026\/04\/Copia-di-144A1223-200x300.jpg 200w, https:\/\/www.artes4.it\/wp-content\/uploads\/2026\/04\/Copia-di-144A1223-683x1024.jpg 683w, https:\/\/www.artes4.it\/wp-content\/uploads\/2026\/04\/Copia-di-144A1223-768x1152.jpg 768w, https:\/\/www.artes4.it\/wp-content\/uploads\/2026\/04\/Copia-di-144A1223-1024x1536.jpg 1024w, https:\/\/www.artes4.it\/wp-content\/uploads\/2026\/04\/Copia-di-144A1223-1365x2048.jpg 1365w\" sizes=\"(max-width: 1707px) 100vw, 1707px\" \/><\/a><\/p>\n","protected":false},"excerpt":{"rendered":"<p>Erminia Pesce racconta il valore di STEM Racing per i giovani: un\u2019esperienza che unisce scuola, imprese, competenze tecniche e inclusione<\/p>\n","protected":false},"author":57,"featured_media":8400,"comment_status":"closed","ping_status":"closed","sticky":false,"template":"","format":"standard","meta":{"_acf_changed":false,"footnotes":""},"categories":[88],"tags":[93],"anno_doc":[300],"class_list":["post-8399","post","type-post","status-publish","format-standard","has-post-thumbnail","hentry","category-blog","tag-news-ed-eventi","anno_doc-300"],"acf":[],"yoast_head":"<!-- This site is optimized with the Yoast SEO Premium plugin v22.8 (Yoast SEO v25.8) - https:\/\/yoast.com\/wordpress\/plugins\/seo\/ -->\n<title>ARTES4WOMEN per STEM Racing, talento e competenze tecnico-scientifiche in gara | L&#039;intervista a Erminia Pesce - Artes 4.0<\/title>\n<meta name=\"description\" content=\"Erminia Pesce racconta il valore di STEM Racing per i giovani: un\u2019esperienza che unisce scuola, imprese, competenze tecniche e inclusione\" \/>\n<meta name=\"robots\" content=\"index, follow, max-snippet:-1, max-image-preview:large, max-video-preview:-1\" \/>\n<link rel=\"canonical\" href=\"https:\/\/www.artes4.it\/en\/blog\/stem-racing-dove-talento-e-competenze-tecnico-scientifiche-prendono-forma-lintervista-a-erminia-pesce\/\" \/>\n<meta property=\"og:locale\" content=\"en_US\" \/>\n<meta property=\"og:type\" content=\"article\" \/>\n<meta property=\"og:title\" content=\"ARTES4WOMEN per STEM Racing, talento e competenze tecnico-scientifiche in gara | L&#039;intervista a Erminia Pesce\" \/>\n<meta property=\"og:description\" content=\"Erminia Pesce racconta il valore di STEM Racing per i giovani: un\u2019esperienza che unisce scuola, imprese, competenze tecniche e inclusione\" \/>\n<meta property=\"og:url\" content=\"https:\/\/www.artes4.it\/en\/blog\/stem-racing-dove-talento-e-competenze-tecnico-scientifiche-prendono-forma-lintervista-a-erminia-pesce\/\" \/>\n<meta property=\"og:site_name\" content=\"Artes 4.0\" \/>\n<meta property=\"article:published_time\" content=\"2026-04-13T14:07:13+00:00\" \/>\n<meta property=\"article:modified_time\" content=\"2026-04-14T16:03:01+00:00\" \/>\n<meta property=\"og:image\" content=\"https:\/\/www.artes4.it\/wp-content\/uploads\/2026\/04\/Copia-di-144A0836-scaled.jpg\" \/>\n\t<meta property=\"og:image:width\" content=\"2560\" \/>\n\t<meta property=\"og:image:height\" content=\"1707\" \/>\n\t<meta property=\"og:image:type\" content=\"image\/jpeg\" \/>\n<meta name=\"author\" content=\"Fabio Lepre\" \/>\n<meta name=\"twitter:card\" content=\"summary_large_image\" \/>\n<meta name=\"twitter:label1\" content=\"Written by\" \/>\n\t<meta name=\"twitter:data1\" content=\"Fabio Lepre\" \/>\n\t<meta name=\"twitter:label2\" content=\"Est. reading time\" \/>\n\t<meta name=\"twitter:data2\" content=\"10 minutes\" \/>\n<script type=\"application\/ld+json\" class=\"yoast-schema-graph\">{\"@context\":\"https:\/\/schema.org\",\"@graph\":[{\"@type\":\"Article\",\"@id\":\"https:\/\/www.artes4.it\/en\/blog\/stem-racing-dove-talento-e-competenze-tecnico-scientifiche-prendono-forma-lintervista-a-erminia-pesce\/#article\",\"isPartOf\":{\"@id\":\"https:\/\/www.artes4.it\/en\/blog\/stem-racing-dove-talento-e-competenze-tecnico-scientifiche-prendono-forma-lintervista-a-erminia-pesce\/\"},\"author\":{\"name\":\"Fabio Lepre\",\"@id\":\"https:\/\/www.artes4.it\/en\/#\/schema\/person\/f8c75937cf818a90fa281c47cdca13ed\"},\"headline\":\"ARTES4WOMEN per STEM Racing, talento e competenze tecnico-scientifiche in gara | L&#8217;intervista a Erminia Pesce\",\"datePublished\":\"2026-04-13T14:07:13+00:00\",\"dateModified\":\"2026-04-14T16:03:01+00:00\",\"mainEntityOfPage\":{\"@id\":\"https:\/\/www.artes4.it\/en\/blog\/stem-racing-dove-talento-e-competenze-tecnico-scientifiche-prendono-forma-lintervista-a-erminia-pesce\/\"},\"wordCount\":1472,\"publisher\":{\"@id\":\"https:\/\/www.artes4.it\/en\/#organization\"},\"image\":{\"@id\":\"https:\/\/www.artes4.it\/en\/blog\/stem-racing-dove-talento-e-competenze-tecnico-scientifiche-prendono-forma-lintervista-a-erminia-pesce\/#primaryimage\"},\"thumbnailUrl\":\"https:\/\/www.artes4.it\/wp-content\/uploads\/2026\/04\/Copia-di-144A0836-scaled.jpg\",\"keywords\":[\"News ed eventi\"],\"articleSection\":[\"Blog\"],\"inLanguage\":\"en-US\"},{\"@type\":\"WebPage\",\"@id\":\"https:\/\/www.artes4.it\/en\/blog\/stem-racing-dove-talento-e-competenze-tecnico-scientifiche-prendono-forma-lintervista-a-erminia-pesce\/\",\"url\":\"https:\/\/www.artes4.it\/en\/blog\/stem-racing-dove-talento-e-competenze-tecnico-scientifiche-prendono-forma-lintervista-a-erminia-pesce\/\",\"name\":\"ARTES4WOMEN per STEM Racing, talento e competenze tecnico-scientifiche in gara | L'intervista a Erminia Pesce - Artes 4.0\",\"isPartOf\":{\"@id\":\"https:\/\/www.artes4.it\/en\/#website\"},\"primaryImageOfPage\":{\"@id\":\"https:\/\/www.artes4.it\/en\/blog\/stem-racing-dove-talento-e-competenze-tecnico-scientifiche-prendono-forma-lintervista-a-erminia-pesce\/#primaryimage\"},\"image\":{\"@id\":\"https:\/\/www.artes4.it\/en\/blog\/stem-racing-dove-talento-e-competenze-tecnico-scientifiche-prendono-forma-lintervista-a-erminia-pesce\/#primaryimage\"},\"thumbnailUrl\":\"https:\/\/www.artes4.it\/wp-content\/uploads\/2026\/04\/Copia-di-144A0836-scaled.jpg\",\"datePublished\":\"2026-04-13T14:07:13+00:00\",\"dateModified\":\"2026-04-14T16:03:01+00:00\",\"description\":\"Erminia Pesce racconta il valore di STEM Racing per i giovani: un\u2019esperienza che unisce scuola, imprese, competenze tecniche e inclusione\",\"breadcrumb\":{\"@id\":\"https:\/\/www.artes4.it\/en\/blog\/stem-racing-dove-talento-e-competenze-tecnico-scientifiche-prendono-forma-lintervista-a-erminia-pesce\/#breadcrumb\"},\"inLanguage\":\"en-US\",\"potentialAction\":[{\"@type\":\"ReadAction\",\"target\":[\"https:\/\/www.artes4.it\/en\/blog\/stem-racing-dove-talento-e-competenze-tecnico-scientifiche-prendono-forma-lintervista-a-erminia-pesce\/\"]}]},{\"@type\":\"ImageObject\",\"inLanguage\":\"en-US\",\"@id\":\"https:\/\/www.artes4.it\/en\/blog\/stem-racing-dove-talento-e-competenze-tecnico-scientifiche-prendono-forma-lintervista-a-erminia-pesce\/#primaryimage\",\"url\":\"https:\/\/www.artes4.it\/wp-content\/uploads\/2026\/04\/Copia-di-144A0836-scaled.jpg\",\"contentUrl\":\"https:\/\/www.artes4.it\/wp-content\/uploads\/2026\/04\/Copia-di-144A0836-scaled.jpg\",\"width\":2560,\"height\":1707,\"caption\":\"STEM Racing\"},{\"@type\":\"BreadcrumbList\",\"@id\":\"https:\/\/www.artes4.it\/en\/blog\/stem-racing-dove-talento-e-competenze-tecnico-scientifiche-prendono-forma-lintervista-a-erminia-pesce\/#breadcrumb\",\"itemListElement\":[{\"@type\":\"ListItem\",\"position\":1,\"name\":\"Home\",\"item\":\"https:\/\/www.artes4.it\/en\/\"},{\"@type\":\"ListItem\",\"position\":2,\"name\":\"ARTES4WOMEN per STEM Racing, talento e competenze tecnico-scientifiche in gara | L&#8217;intervista a Erminia Pesce\"}]},{\"@type\":\"WebSite\",\"@id\":\"https:\/\/www.artes4.it\/en\/#website\",\"url\":\"https:\/\/www.artes4.it\/en\/\",\"name\":\"Artes 4.0\",\"description\":\"\",\"publisher\":{\"@id\":\"https:\/\/www.artes4.it\/en\/#organization\"},\"potentialAction\":[{\"@type\":\"SearchAction\",\"target\":{\"@type\":\"EntryPoint\",\"urlTemplate\":\"https:\/\/www.artes4.it\/en\/?s={search_term_string}\"},\"query-input\":{\"@type\":\"PropertyValueSpecification\",\"valueRequired\":true,\"valueName\":\"search_term_string\"}}],\"inLanguage\":\"en-US\"},{\"@type\":\"Organization\",\"@id\":\"https:\/\/www.artes4.it\/en\/#organization\",\"name\":\"Artes 4.0\",\"url\":\"https:\/\/www.artes4.it\/en\/\",\"logo\":{\"@type\":\"ImageObject\",\"inLanguage\":\"en-US\",\"@id\":\"https:\/\/www.artes4.it\/en\/#\/schema\/logo\/image\/\",\"url\":\"https:\/\/www.artes4.it\/wp-content\/uploads\/2024\/01\/logo_artes_white.jpeg\",\"contentUrl\":\"https:\/\/www.artes4.it\/wp-content\/uploads\/2024\/01\/logo_artes_white.jpeg\",\"width\":462,\"height\":171,\"caption\":\"Artes 4.0\"},\"image\":{\"@id\":\"https:\/\/www.artes4.it\/en\/#\/schema\/logo\/image\/\"},\"sameAs\":[\"https:\/\/www.linkedin.com\/company\/associazione-artes-4-0\/posts\/?feedView=all\"]},{\"@type\":\"Person\",\"@id\":\"https:\/\/www.artes4.it\/en\/#\/schema\/person\/f8c75937cf818a90fa281c47cdca13ed\",\"name\":\"Fabio Lepre\",\"image\":{\"@type\":\"ImageObject\",\"inLanguage\":\"en-US\",\"@id\":\"https:\/\/www.artes4.it\/en\/#\/schema\/person\/image\/\",\"url\":\"https:\/\/secure.gravatar.com\/avatar\/d6f71489415f50c68a891e9253e1f2fbf05216486f4a26984f2c7e461c149877?s=96&d=mm&r=g\",\"contentUrl\":\"https:\/\/secure.gravatar.com\/avatar\/d6f71489415f50c68a891e9253e1f2fbf05216486f4a26984f2c7e461c149877?s=96&d=mm&r=g\",\"caption\":\"Fabio Lepre\"},\"url\":\"https:\/\/www.artes4.it\/en\/author\/fabio-lepre\/\"}]}<\/script>\n<!-- \/ Yoast SEO Premium plugin. -->","yoast_head_json":{"title":"ARTES4WOMEN per STEM Racing, talento e competenze tecnico-scientifiche in gara | L'intervista a Erminia Pesce - Artes 4.0","description":"Erminia Pesce racconta il valore di STEM Racing per i giovani: un\u2019esperienza che unisce scuola, imprese, competenze tecniche e inclusione","robots":{"index":"index","follow":"follow","max-snippet":"max-snippet:-1","max-image-preview":"max-image-preview:large","max-video-preview":"max-video-preview:-1"},"canonical":"https:\/\/www.artes4.it\/en\/blog\/stem-racing-dove-talento-e-competenze-tecnico-scientifiche-prendono-forma-lintervista-a-erminia-pesce\/","og_locale":"en_US","og_type":"article","og_title":"ARTES4WOMEN per STEM Racing, talento e competenze tecnico-scientifiche in gara | L'intervista a Erminia Pesce","og_description":"Erminia Pesce racconta il valore di STEM Racing per i giovani: un\u2019esperienza che unisce scuola, imprese, competenze tecniche e inclusione","og_url":"https:\/\/www.artes4.it\/en\/blog\/stem-racing-dove-talento-e-competenze-tecnico-scientifiche-prendono-forma-lintervista-a-erminia-pesce\/","og_site_name":"Artes 4.0","article_published_time":"2026-04-13T14:07:13+00:00","article_modified_time":"2026-04-14T16:03:01+00:00","og_image":[{"width":2560,"height":1707,"url":"https:\/\/www.artes4.it\/wp-content\/uploads\/2026\/04\/Copia-di-144A0836-scaled.jpg","type":"image\/jpeg"}],"author":"Fabio Lepre","twitter_card":"summary_large_image","twitter_misc":{"Written by":"Fabio Lepre","Est. reading time":"10 minutes"},"schema":{"@context":"https:\/\/schema.org","@graph":[{"@type":"Article","@id":"https:\/\/www.artes4.it\/en\/blog\/stem-racing-dove-talento-e-competenze-tecnico-scientifiche-prendono-forma-lintervista-a-erminia-pesce\/#article","isPartOf":{"@id":"https:\/\/www.artes4.it\/en\/blog\/stem-racing-dove-talento-e-competenze-tecnico-scientifiche-prendono-forma-lintervista-a-erminia-pesce\/"},"author":{"name":"Fabio Lepre","@id":"https:\/\/www.artes4.it\/en\/#\/schema\/person\/f8c75937cf818a90fa281c47cdca13ed"},"headline":"ARTES4WOMEN per STEM Racing, talento e competenze tecnico-scientifiche in gara | L&#8217;intervista a Erminia Pesce","datePublished":"2026-04-13T14:07:13+00:00","dateModified":"2026-04-14T16:03:01+00:00","mainEntityOfPage":{"@id":"https:\/\/www.artes4.it\/en\/blog\/stem-racing-dove-talento-e-competenze-tecnico-scientifiche-prendono-forma-lintervista-a-erminia-pesce\/"},"wordCount":1472,"publisher":{"@id":"https:\/\/www.artes4.it\/en\/#organization"},"image":{"@id":"https:\/\/www.artes4.it\/en\/blog\/stem-racing-dove-talento-e-competenze-tecnico-scientifiche-prendono-forma-lintervista-a-erminia-pesce\/#primaryimage"},"thumbnailUrl":"https:\/\/www.artes4.it\/wp-content\/uploads\/2026\/04\/Copia-di-144A0836-scaled.jpg","keywords":["News ed eventi"],"articleSection":["Blog"],"inLanguage":"en-US"},{"@type":"WebPage","@id":"https:\/\/www.artes4.it\/en\/blog\/stem-racing-dove-talento-e-competenze-tecnico-scientifiche-prendono-forma-lintervista-a-erminia-pesce\/","url":"https:\/\/www.artes4.it\/en\/blog\/stem-racing-dove-talento-e-competenze-tecnico-scientifiche-prendono-forma-lintervista-a-erminia-pesce\/","name":"ARTES4WOMEN per STEM Racing, talento e competenze tecnico-scientifiche in gara | L'intervista a Erminia Pesce - Artes 4.0","isPartOf":{"@id":"https:\/\/www.artes4.it\/en\/#website"},"primaryImageOfPage":{"@id":"https:\/\/www.artes4.it\/en\/blog\/stem-racing-dove-talento-e-competenze-tecnico-scientifiche-prendono-forma-lintervista-a-erminia-pesce\/#primaryimage"},"image":{"@id":"https:\/\/www.artes4.it\/en\/blog\/stem-racing-dove-talento-e-competenze-tecnico-scientifiche-prendono-forma-lintervista-a-erminia-pesce\/#primaryimage"},"thumbnailUrl":"https:\/\/www.artes4.it\/wp-content\/uploads\/2026\/04\/Copia-di-144A0836-scaled.jpg","datePublished":"2026-04-13T14:07:13+00:00","dateModified":"2026-04-14T16:03:01+00:00","description":"Erminia Pesce racconta il valore di STEM Racing per i giovani: un\u2019esperienza che unisce scuola, imprese, competenze tecniche e inclusione","breadcrumb":{"@id":"https:\/\/www.artes4.it\/en\/blog\/stem-racing-dove-talento-e-competenze-tecnico-scientifiche-prendono-forma-lintervista-a-erminia-pesce\/#breadcrumb"},"inLanguage":"en-US","potentialAction":[{"@type":"ReadAction","target":["https:\/\/www.artes4.it\/en\/blog\/stem-racing-dove-talento-e-competenze-tecnico-scientifiche-prendono-forma-lintervista-a-erminia-pesce\/"]}]},{"@type":"ImageObject","inLanguage":"en-US","@id":"https:\/\/www.artes4.it\/en\/blog\/stem-racing-dove-talento-e-competenze-tecnico-scientifiche-prendono-forma-lintervista-a-erminia-pesce\/#primaryimage","url":"https:\/\/www.artes4.it\/wp-content\/uploads\/2026\/04\/Copia-di-144A0836-scaled.jpg","contentUrl":"https:\/\/www.artes4.it\/wp-content\/uploads\/2026\/04\/Copia-di-144A0836-scaled.jpg","width":2560,"height":1707,"caption":"STEM Racing"},{"@type":"BreadcrumbList","@id":"https:\/\/www.artes4.it\/en\/blog\/stem-racing-dove-talento-e-competenze-tecnico-scientifiche-prendono-forma-lintervista-a-erminia-pesce\/#breadcrumb","itemListElement":[{"@type":"ListItem","position":1,"name":"Home","item":"https:\/\/www.artes4.it\/en\/"},{"@type":"ListItem","position":2,"name":"ARTES4WOMEN per STEM Racing, talento e competenze tecnico-scientifiche in gara | L&#8217;intervista a Erminia Pesce"}]},{"@type":"WebSite","@id":"https:\/\/www.artes4.it\/en\/#website","url":"https:\/\/www.artes4.it\/en\/","name":"Artes 4.0","description":"","publisher":{"@id":"https:\/\/www.artes4.it\/en\/#organization"},"potentialAction":[{"@type":"SearchAction","target":{"@type":"EntryPoint","urlTemplate":"https:\/\/www.artes4.it\/en\/?s={search_term_string}"},"query-input":{"@type":"PropertyValueSpecification","valueRequired":true,"valueName":"search_term_string"}}],"inLanguage":"en-US"},{"@type":"Organization","@id":"https:\/\/www.artes4.it\/en\/#organization","name":"Artes 4.0","url":"https:\/\/www.artes4.it\/en\/","logo":{"@type":"ImageObject","inLanguage":"en-US","@id":"https:\/\/www.artes4.it\/en\/#\/schema\/logo\/image\/","url":"https:\/\/www.artes4.it\/wp-content\/uploads\/2024\/01\/logo_artes_white.jpeg","contentUrl":"https:\/\/www.artes4.it\/wp-content\/uploads\/2024\/01\/logo_artes_white.jpeg","width":462,"height":171,"caption":"Artes 4.0"},"image":{"@id":"https:\/\/www.artes4.it\/en\/#\/schema\/logo\/image\/"},"sameAs":["https:\/\/www.linkedin.com\/company\/associazione-artes-4-0\/posts\/?feedView=all"]},{"@type":"Person","@id":"https:\/\/www.artes4.it\/en\/#\/schema\/person\/f8c75937cf818a90fa281c47cdca13ed","name":"Fabio Lepre","image":{"@type":"ImageObject","inLanguage":"en-US","@id":"https:\/\/www.artes4.it\/en\/#\/schema\/person\/image\/","url":"https:\/\/secure.gravatar.com\/avatar\/d6f71489415f50c68a891e9253e1f2fbf05216486f4a26984f2c7e461c149877?s=96&d=mm&r=g","contentUrl":"https:\/\/secure.gravatar.com\/avatar\/d6f71489415f50c68a891e9253e1f2fbf05216486f4a26984f2c7e461c149877?s=96&d=mm&r=g","caption":"Fabio Lepre"},"url":"https:\/\/www.artes4.it\/en\/author\/fabio-lepre\/"}]}},"_links":{"self":[{"href":"https:\/\/www.artes4.it\/en\/wp-json\/wp\/v2\/posts\/8399","targetHints":{"allow":["GET"]}}],"collection":[{"href":"https:\/\/www.artes4.it\/en\/wp-json\/wp\/v2\/posts"}],"about":[{"href":"https:\/\/www.artes4.it\/en\/wp-json\/wp\/v2\/types\/post"}],"author":[{"embeddable":true,"href":"https:\/\/www.artes4.it\/en\/wp-json\/wp\/v2\/users\/57"}],"replies":[{"embeddable":true,"href":"https:\/\/www.artes4.it\/en\/wp-json\/wp\/v2\/comments?post=8399"}],"version-history":[{"count":6,"href":"https:\/\/www.artes4.it\/en\/wp-json\/wp\/v2\/posts\/8399\/revisions"}],"predecessor-version":[{"id":8423,"href":"https:\/\/www.artes4.it\/en\/wp-json\/wp\/v2\/posts\/8399\/revisions\/8423"}],"wp:featuredmedia":[{"embeddable":true,"href":"https:\/\/www.artes4.it\/en\/wp-json\/wp\/v2\/media\/8400"}],"wp:attachment":[{"href":"https:\/\/www.artes4.it\/en\/wp-json\/wp\/v2\/media?parent=8399"}],"wp:term":[{"taxonomy":"category","embeddable":true,"href":"https:\/\/www.artes4.it\/en\/wp-json\/wp\/v2\/categories?post=8399"},{"taxonomy":"post_tag","embeddable":true,"href":"https:\/\/www.artes4.it\/en\/wp-json\/wp\/v2\/tags?post=8399"},{"taxonomy":"anno_doc","embeddable":true,"href":"https:\/\/www.artes4.it\/en\/wp-json\/wp\/v2\/anno_doc?post=8399"}],"curies":[{"name":"wp","href":"https:\/\/api.w.org\/{rel}","templated":true}]}}