{"id":7566,"date":"2025-09-05T16:02:38","date_gmt":"2025-09-05T14:02:38","guid":{"rendered":"https:\/\/www.artes4.it\/?post_type=press&#038;p=7566"},"modified":"2025-09-05T16:10:09","modified_gmt":"2025-09-05T14:10:09","slug":"tecnologia-formazione-e-persone-al-centro-della-moda-che-innova","status":"publish","type":"press","link":"https:\/\/www.artes4.it\/en\/press\/tecnologia-formazione-e-persone-al-centro-della-moda-che-innova\/","title":{"rendered":"Tecnologia, formazione e persone al centro della moda che innova"},"content":{"rendered":"<p data-start=\"425\" data-end=\"777\">A <strong data-start=\"458\" data-end=\"467\">SAMAB<\/strong>, la tavola rotonda <em data-start=\"487\" data-end=\"557\" data-is-only-node=\"\">\u201cFormazione tessile e abbigliamento. Carriere che parlano al futuro\u201d<\/em> ha acceso i riflettori sulla sfida chiave del settore: formare figure tecniche ibride in grado di dialogare con processi produttivi, innovazione digitale e sostenibilit\u00e0 in un\u2019industria in evoluzione accelerata.<\/p>\n<p>Da questi presupposti <b>Francesca Tuzzeo<\/b> firma sul <a href=\"https:\/\/reader.directreader.it\/read\/prj_5c6e5aceb025b\/pub_5c6e5acf1a4a4\/5000-03-15?token=eyJ0eXAiOiJKV1QiLCJhbGciOiJIUzI1NiJ9.eyJwcm9qZWN0SWQiOiJwcmpfNWM2ZTVhY2ViMDI1YiIsInByb2plY3RQZXJtaXNzaW9uc0JpdG1hc2siOjF9.32Jm8EF7M8iB1vJFk9VzZJflEC2bfC-fB3y01oYGRYQ&amp;page=1\" target=\"_blank\" rel=\"noopener\"><b>numero di settembre 2025 della rivista Techno Fashion<\/b><\/a> un approfondimento sul cambiamento strutturale che sta ridisegnando il settore moda e sulle <strong data-start=\"303\" data-end=\"318\">nuove sfide<\/strong> che ne derivano per i profili tecnici del comparto. Tra gli speaker alla tavola rotonda &#8211; moderata da Alessandro Garnero, Direttore Editoriale Divisione Manufacturing del Gruppo Tecniche Nuove &#8211; c&#8217;\u00e8 stata anche <b>Francesca Tonini<\/b>, Direttrice Esecutiva di ARTES 4.0 insieme a Chiara Dussini, Presidente di ANTIA Tecnici Sistema Moda; Ettore Pellegrini, Presidente Industrial Members IACDE Italia; Matteo Secoli, Presidente di Piattaforma Sistema Formativo Moda; Roberto Peverelli, Ambassador di rete tam tessile abbigliamento e moda.<\/p>\n<p data-start=\"447\" data-end=\"759\">Nel suo intervento, la Direttrice Esecutiva di ARTES 4.0 ha ripercorso la missione dei Competence Center &#8211; nati per accompagnare imprese e pubblica amministrazione nella transizione digitale e rafforzati dal PNRR &#8211; sottolineandone la funzione di ponte tra ricerca, industria e competenze. E ha aggiunto:\u00a0<i>&#8220;Il mio consiglio per i giovani che si stanno formando \u00e8 quello di puntare sulla multidisciplinariet\u00e0 e sviluppare competenze trasversali, aprirsi a tutto ci\u00f2 che riguarda l&#8217;innovazione, abbracciare le sfide (tecnologiche e non) con coraggio e curiosit\u00e0&#8221;.<\/i><\/p>\n<p>Per colmare il divario di competenze <a href=\"https:\/\/www.artes4.it\/corsi-di-formazione\/\"><b>ARTES 4.0 organizza corsi di formazione<\/b><\/a> su <strong data-start=\"388\" data-end=\"395\">IoT<\/strong>, <strong data-start=\"397\" data-end=\"403\" data-is-only-node=\"\">AI<\/strong> ed <strong data-start=\"407\" data-end=\"429\">economia circolare<\/strong>, trasformando la domanda delle aziende in programmi di formazione mirati e immediatamente spendibili.<\/p>\n<p><a href=\"https:\/\/www.artes4.it\/wp-content\/uploads\/2025\/09\/samab.jpg\"><img fetchpriority=\"high\" decoding=\"async\" class=\"alignleft size-full wp-image-7567\" src=\"https:\/\/www.artes4.it\/wp-content\/uploads\/2025\/09\/samab.jpg\" alt=\"samab 2025\" width=\"2032\" height=\"1536\" srcset=\"https:\/\/www.artes4.it\/wp-content\/uploads\/2025\/09\/samab.jpg 2032w, https:\/\/www.artes4.it\/wp-content\/uploads\/2025\/09\/samab-300x227.jpg 300w, https:\/\/www.artes4.it\/wp-content\/uploads\/2025\/09\/samab-1024x774.jpg 1024w, https:\/\/www.artes4.it\/wp-content\/uploads\/2025\/09\/samab-768x581.jpg 768w, https:\/\/www.artes4.it\/wp-content\/uploads\/2025\/09\/samab-1536x1161.jpg 1536w\" sizes=\"(max-width: 2032px) 100vw, 2032px\" \/><\/a><\/p>\n","protected":false},"featured_media":7569,"template":"","data_press":[289],"newspaper":[290],"class_list":["post-7566","press","type-press","status-publish","has-post-thumbnail","hentry","data_press-settembre-2025","newspaper-techno-fashion"],"acf":[],"yoast_head":"<!-- This site is optimized with the Yoast SEO Premium plugin v22.8 (Yoast SEO v25.8) - https:\/\/yoast.com\/wordpress\/plugins\/seo\/ -->\n<title>Tecnologia, formazione e persone al centro della moda che innova - Artes 4.0<\/title>\n<meta name=\"description\" content=\"A SAMAB 2025 si \u00e8 svolta la tavola rotonda &quot;Formazione tessile e abbigliamento. Carriere che parlano al futuro&quot;\" \/>\n<meta name=\"robots\" content=\"index, follow, max-snippet:-1, max-image-preview:large, max-video-preview:-1\" \/>\n<link rel=\"canonical\" href=\"https:\/\/www.artes4.it\/en\/press\/tecnologia-formazione-e-persone-al-centro-della-moda-che-innova\/\" \/>\n<meta property=\"og:locale\" content=\"en_US\" \/>\n<meta property=\"og:type\" content=\"article\" \/>\n<meta property=\"og:title\" content=\"Tecnologia, formazione e persone al centro della moda che innova\" \/>\n<meta property=\"og:description\" content=\"A SAMAB 2025 si \u00e8 svolta la tavola rotonda &quot;Formazione tessile e abbigliamento. Carriere che parlano al futuro&quot;\" \/>\n<meta property=\"og:url\" content=\"https:\/\/www.artes4.it\/en\/press\/tecnologia-formazione-e-persone-al-centro-della-moda-che-innova\/\" \/>\n<meta property=\"og:site_name\" content=\"Artes 4.0\" \/>\n<meta property=\"article:modified_time\" content=\"2025-09-05T14:10:09+00:00\" \/>\n<meta property=\"og:image\" content=\"https:\/\/www.artes4.it\/wp-content\/uploads\/2025\/09\/Techno-Fashion.png\" \/>\n\t<meta property=\"og:image:width\" content=\"719\" \/>\n\t<meta property=\"og:image:height\" content=\"935\" \/>\n\t<meta property=\"og:image:type\" content=\"image\/png\" \/>\n<meta name=\"twitter:card\" content=\"summary_large_image\" \/>\n<meta name=\"twitter:label1\" content=\"Est. reading time\" \/>\n\t<meta name=\"twitter:data1\" content=\"2 minutes\" \/>\n<script type=\"application\/ld+json\" class=\"yoast-schema-graph\">{\"@context\":\"https:\/\/schema.org\",\"@graph\":[{\"@type\":\"WebPage\",\"@id\":\"https:\/\/www.artes4.it\/en\/press\/tecnologia-formazione-e-persone-al-centro-della-moda-che-innova\/\",\"url\":\"https:\/\/www.artes4.it\/en\/press\/tecnologia-formazione-e-persone-al-centro-della-moda-che-innova\/\",\"name\":\"Tecnologia, formazione e persone al centro della moda che innova - Artes 4.0\",\"isPartOf\":{\"@id\":\"https:\/\/www.artes4.it\/en\/#website\"},\"primaryImageOfPage\":{\"@id\":\"https:\/\/www.artes4.it\/en\/press\/tecnologia-formazione-e-persone-al-centro-della-moda-che-innova\/#primaryimage\"},\"image\":{\"@id\":\"https:\/\/www.artes4.it\/en\/press\/tecnologia-formazione-e-persone-al-centro-della-moda-che-innova\/#primaryimage\"},\"thumbnailUrl\":\"https:\/\/www.artes4.it\/wp-content\/uploads\/2025\/09\/Techno-Fashion.png\",\"datePublished\":\"2025-09-05T14:02:38+00:00\",\"dateModified\":\"2025-09-05T14:10:09+00:00\",\"description\":\"A SAMAB 2025 si \u00e8 svolta la tavola rotonda \\\"Formazione tessile e abbigliamento. Carriere che parlano al futuro\\\"\",\"breadcrumb\":{\"@id\":\"https:\/\/www.artes4.it\/en\/press\/tecnologia-formazione-e-persone-al-centro-della-moda-che-innova\/#breadcrumb\"},\"inLanguage\":\"en-US\",\"potentialAction\":[{\"@type\":\"ReadAction\",\"target\":[\"https:\/\/www.artes4.it\/en\/press\/tecnologia-formazione-e-persone-al-centro-della-moda-che-innova\/\"]}]},{\"@type\":\"ImageObject\",\"inLanguage\":\"en-US\",\"@id\":\"https:\/\/www.artes4.it\/en\/press\/tecnologia-formazione-e-persone-al-centro-della-moda-che-innova\/#primaryimage\",\"url\":\"https:\/\/www.artes4.it\/wp-content\/uploads\/2025\/09\/Techno-Fashion.png\",\"contentUrl\":\"https:\/\/www.artes4.it\/wp-content\/uploads\/2025\/09\/Techno-Fashion.png\",\"width\":719,\"height\":935,\"caption\":\"Techno Fashion\"},{\"@type\":\"BreadcrumbList\",\"@id\":\"https:\/\/www.artes4.it\/en\/press\/tecnologia-formazione-e-persone-al-centro-della-moda-che-innova\/#breadcrumb\",\"itemListElement\":[{\"@type\":\"ListItem\",\"position\":1,\"name\":\"Home\",\"item\":\"https:\/\/www.artes4.it\/en\/\"},{\"@type\":\"ListItem\",\"position\":2,\"name\":\"Tecnologia, formazione e persone al centro della moda che innova\"}]},{\"@type\":\"WebSite\",\"@id\":\"https:\/\/www.artes4.it\/en\/#website\",\"url\":\"https:\/\/www.artes4.it\/en\/\",\"name\":\"Artes 4.0\",\"description\":\"\",\"publisher\":{\"@id\":\"https:\/\/www.artes4.it\/en\/#organization\"},\"potentialAction\":[{\"@type\":\"SearchAction\",\"target\":{\"@type\":\"EntryPoint\",\"urlTemplate\":\"https:\/\/www.artes4.it\/en\/?s={search_term_string}\"},\"query-input\":{\"@type\":\"PropertyValueSpecification\",\"valueRequired\":true,\"valueName\":\"search_term_string\"}}],\"inLanguage\":\"en-US\"},{\"@type\":\"Organization\",\"@id\":\"https:\/\/www.artes4.it\/en\/#organization\",\"name\":\"Artes 4.0\",\"url\":\"https:\/\/www.artes4.it\/en\/\",\"logo\":{\"@type\":\"ImageObject\",\"inLanguage\":\"en-US\",\"@id\":\"https:\/\/www.artes4.it\/en\/#\/schema\/logo\/image\/\",\"url\":\"https:\/\/www.artes4.it\/wp-content\/uploads\/2024\/01\/logo_artes_white.jpeg\",\"contentUrl\":\"https:\/\/www.artes4.it\/wp-content\/uploads\/2024\/01\/logo_artes_white.jpeg\",\"width\":462,\"height\":171,\"caption\":\"Artes 4.0\"},\"image\":{\"@id\":\"https:\/\/www.artes4.it\/en\/#\/schema\/logo\/image\/\"},\"sameAs\":[\"https:\/\/www.linkedin.com\/company\/associazione-artes-4-0\/posts\/?feedView=all\"]}]}<\/script>\n<!-- \/ Yoast SEO Premium plugin. -->","yoast_head_json":{"title":"Tecnologia, formazione e persone al centro della moda che innova - Artes 4.0","description":"A SAMAB 2025 si \u00e8 svolta la tavola rotonda \"Formazione tessile e abbigliamento. Carriere che parlano al futuro\"","robots":{"index":"index","follow":"follow","max-snippet":"max-snippet:-1","max-image-preview":"max-image-preview:large","max-video-preview":"max-video-preview:-1"},"canonical":"https:\/\/www.artes4.it\/en\/press\/tecnologia-formazione-e-persone-al-centro-della-moda-che-innova\/","og_locale":"en_US","og_type":"article","og_title":"Tecnologia, formazione e persone al centro della moda che innova","og_description":"A SAMAB 2025 si \u00e8 svolta la tavola rotonda \"Formazione tessile e abbigliamento. Carriere che parlano al futuro\"","og_url":"https:\/\/www.artes4.it\/en\/press\/tecnologia-formazione-e-persone-al-centro-della-moda-che-innova\/","og_site_name":"Artes 4.0","article_modified_time":"2025-09-05T14:10:09+00:00","og_image":[{"width":719,"height":935,"url":"https:\/\/www.artes4.it\/wp-content\/uploads\/2025\/09\/Techno-Fashion.png","type":"image\/png"}],"twitter_card":"summary_large_image","twitter_misc":{"Est. reading time":"2 minutes"},"schema":{"@context":"https:\/\/schema.org","@graph":[{"@type":"WebPage","@id":"https:\/\/www.artes4.it\/en\/press\/tecnologia-formazione-e-persone-al-centro-della-moda-che-innova\/","url":"https:\/\/www.artes4.it\/en\/press\/tecnologia-formazione-e-persone-al-centro-della-moda-che-innova\/","name":"Tecnologia, formazione e persone al centro della moda che innova - Artes 4.0","isPartOf":{"@id":"https:\/\/www.artes4.it\/en\/#website"},"primaryImageOfPage":{"@id":"https:\/\/www.artes4.it\/en\/press\/tecnologia-formazione-e-persone-al-centro-della-moda-che-innova\/#primaryimage"},"image":{"@id":"https:\/\/www.artes4.it\/en\/press\/tecnologia-formazione-e-persone-al-centro-della-moda-che-innova\/#primaryimage"},"thumbnailUrl":"https:\/\/www.artes4.it\/wp-content\/uploads\/2025\/09\/Techno-Fashion.png","datePublished":"2025-09-05T14:02:38+00:00","dateModified":"2025-09-05T14:10:09+00:00","description":"A SAMAB 2025 si \u00e8 svolta la tavola rotonda \"Formazione tessile e abbigliamento. Carriere che parlano al futuro\"","breadcrumb":{"@id":"https:\/\/www.artes4.it\/en\/press\/tecnologia-formazione-e-persone-al-centro-della-moda-che-innova\/#breadcrumb"},"inLanguage":"en-US","potentialAction":[{"@type":"ReadAction","target":["https:\/\/www.artes4.it\/en\/press\/tecnologia-formazione-e-persone-al-centro-della-moda-che-innova\/"]}]},{"@type":"ImageObject","inLanguage":"en-US","@id":"https:\/\/www.artes4.it\/en\/press\/tecnologia-formazione-e-persone-al-centro-della-moda-che-innova\/#primaryimage","url":"https:\/\/www.artes4.it\/wp-content\/uploads\/2025\/09\/Techno-Fashion.png","contentUrl":"https:\/\/www.artes4.it\/wp-content\/uploads\/2025\/09\/Techno-Fashion.png","width":719,"height":935,"caption":"Techno Fashion"},{"@type":"BreadcrumbList","@id":"https:\/\/www.artes4.it\/en\/press\/tecnologia-formazione-e-persone-al-centro-della-moda-che-innova\/#breadcrumb","itemListElement":[{"@type":"ListItem","position":1,"name":"Home","item":"https:\/\/www.artes4.it\/en\/"},{"@type":"ListItem","position":2,"name":"Tecnologia, formazione e persone al centro della moda che innova"}]},{"@type":"WebSite","@id":"https:\/\/www.artes4.it\/en\/#website","url":"https:\/\/www.artes4.it\/en\/","name":"Artes 4.0","description":"","publisher":{"@id":"https:\/\/www.artes4.it\/en\/#organization"},"potentialAction":[{"@type":"SearchAction","target":{"@type":"EntryPoint","urlTemplate":"https:\/\/www.artes4.it\/en\/?s={search_term_string}"},"query-input":{"@type":"PropertyValueSpecification","valueRequired":true,"valueName":"search_term_string"}}],"inLanguage":"en-US"},{"@type":"Organization","@id":"https:\/\/www.artes4.it\/en\/#organization","name":"Artes 4.0","url":"https:\/\/www.artes4.it\/en\/","logo":{"@type":"ImageObject","inLanguage":"en-US","@id":"https:\/\/www.artes4.it\/en\/#\/schema\/logo\/image\/","url":"https:\/\/www.artes4.it\/wp-content\/uploads\/2024\/01\/logo_artes_white.jpeg","contentUrl":"https:\/\/www.artes4.it\/wp-content\/uploads\/2024\/01\/logo_artes_white.jpeg","width":462,"height":171,"caption":"Artes 4.0"},"image":{"@id":"https:\/\/www.artes4.it\/en\/#\/schema\/logo\/image\/"},"sameAs":["https:\/\/www.linkedin.com\/company\/associazione-artes-4-0\/posts\/?feedView=all"]}]}},"_links":{"self":[{"href":"https:\/\/www.artes4.it\/en\/wp-json\/wp\/v2\/press\/7566","targetHints":{"allow":["GET"]}}],"collection":[{"href":"https:\/\/www.artes4.it\/en\/wp-json\/wp\/v2\/press"}],"about":[{"href":"https:\/\/www.artes4.it\/en\/wp-json\/wp\/v2\/types\/press"}],"wp:featuredmedia":[{"embeddable":true,"href":"https:\/\/www.artes4.it\/en\/wp-json\/wp\/v2\/media\/7569"}],"wp:attachment":[{"href":"https:\/\/www.artes4.it\/en\/wp-json\/wp\/v2\/media?parent=7566"}],"wp:term":[{"taxonomy":"data_press","embeddable":true,"href":"https:\/\/www.artes4.it\/en\/wp-json\/wp\/v2\/data_press?post=7566"},{"taxonomy":"newspaper","embeddable":true,"href":"https:\/\/www.artes4.it\/en\/wp-json\/wp\/v2\/newspaper?post=7566"}],"curies":[{"name":"wp","href":"https:\/\/api.w.org\/{rel}","templated":true}]}}