{"id":8082,"date":"2025-11-09T09:45:07","date_gmt":"2025-11-09T08:45:07","guid":{"rendered":"https:\/\/www.artes4.it\/?post_type=press&#038;p=8082"},"modified":"2026-01-08T09:56:42","modified_gmt":"2026-01-08T08:56:42","slug":"il-competence-center-artes-4-0-sbarca-a-olbia","status":"publish","type":"press","link":"https:\/\/www.artes4.it\/en\/press\/il-competence-center-artes-4-0-sbarca-a-olbia\/","title":{"rendered":"Il Competence Center ARTES 4.0 sbarca a Olbia"},"content":{"rendered":"<div class=\"flex flex-col text-sm pb-25\">\n<article class=\"text-token-text-primary w-full focus:outline-none [--shadow-height:45px] has-data-writing-block:pointer-events-none has-data-writing-block:-mt-(--shadow-height) has-data-writing-block:pt-(--shadow-height) [&amp;:has([data-writing-block])&gt;*]:pointer-events-auto [content-visibility:auto] supports-[content-visibility:auto]:[contain-intrinsic-size:auto_100lvh] scroll-mt-[calc(var(--header-height)+min(200px,max(70px,20svh)))]\" dir=\"auto\" tabindex=\"-1\" data-turn-id=\"76b814ab-eeea-4e59-b4de-eeaba1567ea4\" data-testid=\"conversation-turn-2\" data-scroll-anchor=\"true\" data-turn=\"assistant\">\n<div class=\"text-base my-auto mx-auto pb-10 [--thread-content-margin:--spacing(4)] @w-sm\/main:[--thread-content-margin:--spacing(6)] @w-lg\/main:[--thread-content-margin:--spacing(16)] px-(--thread-content-margin)\">\n<div class=\"[--thread-content-max-width:40rem] @w-lg\/main:[--thread-content-max-width:48rem] mx-auto max-w-(--thread-content-max-width) flex-1 group\/turn-messages focus-visible:outline-hidden relative flex w-full min-w-0 flex-col agent-turn\" tabindex=\"-1\">\n<div class=\"flex max-w-full flex-col grow\">\n<div class=\"min-h-8 text-message relative flex w-full flex-col items-end gap-2 text-start break-words whitespace-normal [.text-message+&amp;]:mt-1\" dir=\"auto\" data-message-author-role=\"assistant\" data-message-id=\"a2addc41-595e-4a64-948c-c7d059d62f26\" data-message-model-slug=\"gpt-5-2\">\n<div class=\"flex w-full flex-col gap-1 empty:hidden first:pt-[1px]\">\n<div class=\"markdown prose dark:prose-invert w-full break-words light markdown-new-styling\">\n<p data-start=\"108\" data-end=\"1277\" data-is-last-node=\"\" data-is-only-node=\"\">L\u2019articolo pubblicato da <strong data-start=\"120\" data-end=\"201\">Viviana Luisa Montaldo<\/strong> sull<span class=\"hover:entity-accent entity-underline inline cursor-pointer align-baseline\"><span class=\"whitespace-normal\">\u2019<\/span><\/span><strong data-start=\"120\" data-end=\"201\"><span class=\"hover:entity-accent entity-underline inline cursor-pointer align-baseline\"><span class=\"whitespace-normal\">Unione Sarda<\/span><\/span><\/strong> racconta il ruolo sempre pi\u00f9 centrale di Olbia nello sviluppo dell\u2019innovazione tecnologica e della robotica in Sardegna, grazie all\u2019arrivo del Centro di Competenza <strong data-start=\"346\" data-end=\"387\"><span class=\"hover:entity-accent entity-underline inline cursor-pointer align-baseline\"><span class=\"whitespace-normal\">ARTES 4.0<\/span><\/span><\/strong> nella Piattaforma Tecnologica Europea del Cipnes Gallura. Durante il workshop dedicato agli hub sperimentali per nautica, turismo e sanit\u00e0, il Direttore Scientifico, Prof. <strong data-start=\"553\" data-end=\"594\"><span class=\"hover:entity-accent entity-underline inline cursor-pointer align-baseline\"><span class=\"whitespace-normal\">Paolo Dario<\/span><\/span><\/strong>, ha rilanciato l\u2019apertura di un laboratorio di robotica focalizzato inizialmente sul settore nautico. L\u2019iniziativa si inserisce in una pi\u00f9 ampia strategia di sviluppo territoriale che coinvolge universit\u00e0, istituzioni e imprese, con l\u2019obiettivo di rafforzare il trasferimento tecnologico, sostenere le PMI e creare nuove opportunit\u00e0 occupazionali qualificate. L\u2019articolo evidenzia inoltre il sostegno di Regione, Comune di Olbia e Universit\u00e0 di Sassari alla nascita del Dipartimento dell\u2019Innovazione e alla creazione di un ecosistema capace di attrarre talenti, favorire la formazione avanzata e rendere la Gallura un polo strategico per l\u2019innovazione applicata. Di seguito l&#8217;articolo:<\/p>\n<p data-start=\"108\" data-end=\"1277\" data-is-last-node=\"\" data-is-only-node=\"\"><a href=\"https:\/\/www.artes4.it\/wp-content\/uploads\/2026\/01\/WhatsApp-Image-2025-11-12-at-14.43.22-scaled.jpeg\"><img fetchpriority=\"high\" decoding=\"async\" class=\"alignleft size-full wp-image-8083\" src=\"https:\/\/www.artes4.it\/wp-content\/uploads\/2026\/01\/WhatsApp-Image-2025-11-12-at-14.43.22-scaled.jpeg\" alt=\"Il Competence Center ARTES 4.0 sbarca a Olbia\" width=\"2560\" height=\"1440\" srcset=\"https:\/\/www.artes4.it\/wp-content\/uploads\/2026\/01\/WhatsApp-Image-2025-11-12-at-14.43.22-scaled.jpeg 2560w, https:\/\/www.artes4.it\/wp-content\/uploads\/2026\/01\/WhatsApp-Image-2025-11-12-at-14.43.22-300x169.jpeg 300w, https:\/\/www.artes4.it\/wp-content\/uploads\/2026\/01\/WhatsApp-Image-2025-11-12-at-14.43.22-1024x576.jpeg 1024w, https:\/\/www.artes4.it\/wp-content\/uploads\/2026\/01\/WhatsApp-Image-2025-11-12-at-14.43.22-768x432.jpeg 768w, https:\/\/www.artes4.it\/wp-content\/uploads\/2026\/01\/WhatsApp-Image-2025-11-12-at-14.43.22-1536x864.jpeg 1536w, https:\/\/www.artes4.it\/wp-content\/uploads\/2026\/01\/WhatsApp-Image-2025-11-12-at-14.43.22-2048x1152.jpeg 2048w\" sizes=\"(max-width: 2560px) 100vw, 2560px\" \/><\/a><\/p>\n<\/div>\n<\/div>\n<\/div>\n<\/div>\n<div class=\"z-0 flex min-h-[46px] justify-start\">Olbia al centro dell\u2019innovazione tecnologica e della robotica per la Sardegna, il Competence Center ARTES 4.0 (Advanced Robotics and enabling TEchnologies &amp; Systems 4.0), punto di riferimento nazionale, selezionato dal Ministero delle Imprese e del Made in Italy, per lo sviluppo e il trasferimento tecnologico nel campo della robotica avanzata, meccatronica e delle tecnologie digitali, \u00e8, infatti, pronto a sbarcare nella PTE del Cipnes Gallura.<\/div>\n<div class=\"z-0 flex min-h-[46px] justify-start\">Ad annunciarlo &#8211; nel corso del workshop \u201cL\u2019innovazione per lo sviluppo territoriale. Gli hub sperimentali per i cluster della nautica, del turismo e della sanit\u00e0 in Sardegna\u201d \u00a0&#8211; il professore Paolo Dario, direttore scientifico di ARTES, \u00a0docente emerito della Scuola Superiore Sant\u2019Anna di Pisa e tra i pionieri della Biorobotica in Italia. La road map di avvicinamento, prevede l\u2019iniziale apertura, entro Gennaio 2026, di un laboratorio di robotica che realizza soluzioni innovative per la nautica. \u00a0Durante il convegno, promosso dal Macro Nodo ARTES 4.0 dell\u2019Universit\u00e0 degli Studi di Sassari e dal Competence Center ARTES 4.0 (con il supporto del Comune di Olbia e UniOlbia), il focus si \u00e8 concentrato sul percorso di crescita e consolidamento del sistema territoriale dell\u2019innovazione che vede UniOlbia, UniSS, Regione Autonoma della Sardegna e Comune di Olbia impegnati nella creazione di nuove sinergie tra ricerca, impresa e pubblica amministrazione finalizzate nel nascente Dipartimento dell\u2019Innovazione, con sede nella Piattaforma Tecnologica Europea del Cipnes Gallura.<\/div>\n<div class=\"z-0 flex min-h-[46px] justify-start\">A coordinare e moderare l\u2019incontro il professore Antonio Usai, delegato ai progetti strategici di Ateneo e coordinatore del Macro Nodo ARTES 4.0 \u00a0che ha sottolineato i meriti dell\u2019Universit\u00e0 di Sassari e del Rettore Gavino Mariotti nel favorire la nascita del nuovo Dipartimento e, ora, di un laboratorio di robotica che operer\u00e0 in tre ambiti strategici, nautica, turismo e sanit\u00e0. \u201cUn passo importante che conferma il ruolo centrale di Olbia nello sviluppo tecnologico e nella promozione dell\u2019innovazione \u2013 ha, poi, ribadito il Sindaco Settimo Nizzi\u00a0 &#8211; Alla politica l\u2019impegno nel portare avanti le infrastrutture che garantiscano il raggiungimento degli obiettivi\u201d.<\/div>\n<div class=\"z-0 flex min-h-[46px] justify-start\">Dal canto suo, il Rettore Gavino Mariotti ha rivendicato il sostegno alle attivit\u00e0 di questo territorio partecipando alla crescita dell\u2019offerta formativa e dell\u2019innovazione in Gallura e annunciando l\u2019intenzione di UniSS, forte del progetto di telemedicina pi\u00f9 importante della Sardegna, di portare la telechirurgia al Giovanni Paolo II. Dipartimento dell\u2019Innovazione e Piattaforma per il trasferimento tecnologico \u00e8 un polo strategico che sta a cuore alla Regione; la conferma \u00e8 del vice presidente Giuseppe Meloni che, evidenziando la forte vocazione e dinamicit\u00e0 del territorio, ha garantito gli stanziamenti per il completamento della struttura. A spiegare ed approfondire la missione di ARTES 4.0, ovvero trasferire conoscenze, competenze e tecnologie dal mondo della ricerca a quello industriale, in particolare alle PMI, lo stesso direttore scientifico Paolo Dario. \u201cL\u2019idea \u00e8 chiara ed ambiziosa ovvero diventare un punto di riferimento per le imprese e l\u2019amministrazione che vogliono innovare \u00a0\u2013 sostiene \u2013. I giovani, oggi, sono molto esigenti e si aspettano non solo di avere servizi e un ambiente stimolante, soprattutto occasioni lavorative importanti. \u00a0Ed \u00e8 questa la sfida, trattenere e far crescere i giovani, creare ed attirare talenti.\u201d Cluster principali, dove sar\u00e0 sviluppata la piattaforma fisica sperimentale per la robotica e l\u2019innovazione, saranno sanit\u00e0 &#8211; con l\u2019approccio olistico One Health programmato da Cipnes e Asl Gallura &#8211; \u00a0turismo e nautica .\u201dTra i settori\u00a0 fondamentali della realt\u00e0 locale c\u2019\u00e8 sicuramente il turismo; pensiamo solamente ai superyacht, ormai delle residenze galleggianti, che hanno una filiera lunghissima e necessitano di tutta una serie di competenze applicabili a tutti gli ambiti, dal design alla sicurezza, dai mobili all\u2019ospitalit\u00e0 fino al training degli equipaggi &#8211; osserva lo scienziato, e avverte \u00a0&#8211; Occorre puntare tutto sulle risorse umane. Vent\u2019anni fa lanciai un\u2019iniziativa in un piccolo comune, ma dinamico e ricco, che purtroppo non and\u00f2 bene perch\u00e9 in quel paese non si laureava nessuno. Questo per ribadire che l\u2019innovazione la fanno gli innovatori e la formazione degli innovatori \u00e8 determinante. Questo \u00e8 un compito delle universit\u00e0 e anche delle imprese. Devono produrre persone propense al rischio dell\u2019innovazione\u201d.<\/div>\n<div class=\"z-0 flex min-h-[46px] justify-start\">La giornata si \u00e8 poi concentrata su tavole rotonde e interviste, curate dal professore Francesco Morandi, a istituzioni e mondo accademico, con gli interventi di Francesca Tonini, direttrice esecutiva Competence Center ARTES 4.0, Elisabetta Neroni, direttrice Centro Regionale di Programmazione del Ras, Raffaele Spallone, dirigente del Ministero delle Imprese e del Made in Italy, Aldo Carta, direttore generale del Cipnes Gallura, Stefano Visconti e Pietro Esposito, presidente e segretario Generale della Camera di Commercio di Sassari. Si \u00e8 discusso delle opportunit\u00e0 offerte dall\u2019innovazione tecnologica e dalla robotica applicate ai settori strategici per la Sardegna e di come favorire la nascita di hub sperimentali. Al termine i best case, tecnologie e soluzioni innovative, presentati da ARTES 4.0 alle imprese.<\/div>\n<div class=\"mt-3 w-full empty:hidden\">\n<div class=\"text-center\"><\/div>\n<\/div>\n<\/div>\n<\/div>\n<\/article>\n<\/div>\n<div class=\"pointer-events-none h-px w-px absolute bottom-0\" aria-hidden=\"true\" data-edge=\"true\"><\/div>\n","protected":false},"featured_media":8083,"template":"","data_press":[293],"newspaper":[130],"class_list":["post-8082","press","type-press","status-publish","has-post-thumbnail","hentry","data_press-novembre-2025","newspaper-unione-sarda"],"acf":[],"yoast_head":"<!-- This site is optimized with the Yoast SEO Premium plugin v22.8 (Yoast SEO v25.8) - https:\/\/yoast.com\/wordpress\/plugins\/seo\/ -->\n<title>Il Competence Center ARTES 4.0 sbarca a Olbia - Artes 4.0<\/title>\n<meta name=\"description\" content=\"Olbia al centro dell\u2019innovazione tecnologica e della robotica per la Sardegna con il Competence Center ARTES 4.0\" \/>\n<meta name=\"robots\" content=\"index, follow, max-snippet:-1, max-image-preview:large, max-video-preview:-1\" \/>\n<link rel=\"canonical\" href=\"https:\/\/www.artes4.it\/en\/press\/il-competence-center-artes-4-0-sbarca-a-olbia\/\" \/>\n<meta property=\"og:locale\" content=\"en_US\" \/>\n<meta property=\"og:type\" content=\"article\" \/>\n<meta property=\"og:title\" content=\"Il Competence Center ARTES 4.0 sbarca a Olbia\" \/>\n<meta property=\"og:description\" content=\"Olbia al centro dell\u2019innovazione tecnologica e della robotica per la Sardegna con il Competence Center ARTES 4.0\" \/>\n<meta property=\"og:url\" content=\"https:\/\/www.artes4.it\/en\/press\/il-competence-center-artes-4-0-sbarca-a-olbia\/\" \/>\n<meta property=\"og:site_name\" content=\"Artes 4.0\" \/>\n<meta property=\"article:modified_time\" content=\"2026-01-08T08:56:42+00:00\" \/>\n<meta property=\"og:image\" content=\"https:\/\/www.artes4.it\/wp-content\/uploads\/2026\/01\/WhatsApp-Image-2025-11-12-at-14.43.22-scaled.jpeg\" \/>\n\t<meta property=\"og:image:width\" content=\"2560\" \/>\n\t<meta property=\"og:image:height\" content=\"1440\" \/>\n\t<meta property=\"og:image:type\" content=\"image\/jpeg\" \/>\n<meta name=\"twitter:card\" content=\"summary_large_image\" \/>\n<meta name=\"twitter:label1\" content=\"Est. reading time\" \/>\n\t<meta name=\"twitter:data1\" content=\"6 minutes\" \/>\n<script type=\"application\/ld+json\" class=\"yoast-schema-graph\">{\"@context\":\"https:\/\/schema.org\",\"@graph\":[{\"@type\":\"WebPage\",\"@id\":\"https:\/\/www.artes4.it\/en\/press\/il-competence-center-artes-4-0-sbarca-a-olbia\/\",\"url\":\"https:\/\/www.artes4.it\/en\/press\/il-competence-center-artes-4-0-sbarca-a-olbia\/\",\"name\":\"Il Competence Center ARTES 4.0 sbarca a Olbia - Artes 4.0\",\"isPartOf\":{\"@id\":\"https:\/\/www.artes4.it\/en\/#website\"},\"primaryImageOfPage\":{\"@id\":\"https:\/\/www.artes4.it\/en\/press\/il-competence-center-artes-4-0-sbarca-a-olbia\/#primaryimage\"},\"image\":{\"@id\":\"https:\/\/www.artes4.it\/en\/press\/il-competence-center-artes-4-0-sbarca-a-olbia\/#primaryimage\"},\"thumbnailUrl\":\"https:\/\/www.artes4.it\/wp-content\/uploads\/2026\/01\/WhatsApp-Image-2025-11-12-at-14.43.22-scaled.jpeg\",\"datePublished\":\"2025-11-09T08:45:07+00:00\",\"dateModified\":\"2026-01-08T08:56:42+00:00\",\"description\":\"Olbia al centro dell\u2019innovazione tecnologica e della robotica per la Sardegna con il Competence Center ARTES 4.0\",\"breadcrumb\":{\"@id\":\"https:\/\/www.artes4.it\/en\/press\/il-competence-center-artes-4-0-sbarca-a-olbia\/#breadcrumb\"},\"inLanguage\":\"en-US\",\"potentialAction\":[{\"@type\":\"ReadAction\",\"target\":[\"https:\/\/www.artes4.it\/en\/press\/il-competence-center-artes-4-0-sbarca-a-olbia\/\"]}]},{\"@type\":\"ImageObject\",\"inLanguage\":\"en-US\",\"@id\":\"https:\/\/www.artes4.it\/en\/press\/il-competence-center-artes-4-0-sbarca-a-olbia\/#primaryimage\",\"url\":\"https:\/\/www.artes4.it\/wp-content\/uploads\/2026\/01\/WhatsApp-Image-2025-11-12-at-14.43.22-scaled.jpeg\",\"contentUrl\":\"https:\/\/www.artes4.it\/wp-content\/uploads\/2026\/01\/WhatsApp-Image-2025-11-12-at-14.43.22-scaled.jpeg\",\"width\":2560,\"height\":1440,\"caption\":\"Il Competence Center ARTES 4.0 sbarca a Olbia\"},{\"@type\":\"BreadcrumbList\",\"@id\":\"https:\/\/www.artes4.it\/en\/press\/il-competence-center-artes-4-0-sbarca-a-olbia\/#breadcrumb\",\"itemListElement\":[{\"@type\":\"ListItem\",\"position\":1,\"name\":\"Home\",\"item\":\"https:\/\/www.artes4.it\/en\/\"},{\"@type\":\"ListItem\",\"position\":2,\"name\":\"Il Competence Center ARTES 4.0 sbarca a Olbia\"}]},{\"@type\":\"WebSite\",\"@id\":\"https:\/\/www.artes4.it\/en\/#website\",\"url\":\"https:\/\/www.artes4.it\/en\/\",\"name\":\"Artes 4.0\",\"description\":\"\",\"publisher\":{\"@id\":\"https:\/\/www.artes4.it\/en\/#organization\"},\"potentialAction\":[{\"@type\":\"SearchAction\",\"target\":{\"@type\":\"EntryPoint\",\"urlTemplate\":\"https:\/\/www.artes4.it\/en\/?s={search_term_string}\"},\"query-input\":{\"@type\":\"PropertyValueSpecification\",\"valueRequired\":true,\"valueName\":\"search_term_string\"}}],\"inLanguage\":\"en-US\"},{\"@type\":\"Organization\",\"@id\":\"https:\/\/www.artes4.it\/en\/#organization\",\"name\":\"Artes 4.0\",\"url\":\"https:\/\/www.artes4.it\/en\/\",\"logo\":{\"@type\":\"ImageObject\",\"inLanguage\":\"en-US\",\"@id\":\"https:\/\/www.artes4.it\/en\/#\/schema\/logo\/image\/\",\"url\":\"https:\/\/www.artes4.it\/wp-content\/uploads\/2024\/01\/logo_artes_white.jpeg\",\"contentUrl\":\"https:\/\/www.artes4.it\/wp-content\/uploads\/2024\/01\/logo_artes_white.jpeg\",\"width\":462,\"height\":171,\"caption\":\"Artes 4.0\"},\"image\":{\"@id\":\"https:\/\/www.artes4.it\/en\/#\/schema\/logo\/image\/\"},\"sameAs\":[\"https:\/\/www.linkedin.com\/company\/associazione-artes-4-0\/posts\/?feedView=all\"]}]}<\/script>\n<!-- \/ Yoast SEO Premium plugin. -->","yoast_head_json":{"title":"Il Competence Center ARTES 4.0 sbarca a Olbia - Artes 4.0","description":"Olbia al centro dell\u2019innovazione tecnologica e della robotica per la Sardegna con il Competence Center ARTES 4.0","robots":{"index":"index","follow":"follow","max-snippet":"max-snippet:-1","max-image-preview":"max-image-preview:large","max-video-preview":"max-video-preview:-1"},"canonical":"https:\/\/www.artes4.it\/en\/press\/il-competence-center-artes-4-0-sbarca-a-olbia\/","og_locale":"en_US","og_type":"article","og_title":"Il Competence Center ARTES 4.0 sbarca a Olbia","og_description":"Olbia al centro dell\u2019innovazione tecnologica e della robotica per la Sardegna con il Competence Center ARTES 4.0","og_url":"https:\/\/www.artes4.it\/en\/press\/il-competence-center-artes-4-0-sbarca-a-olbia\/","og_site_name":"Artes 4.0","article_modified_time":"2026-01-08T08:56:42+00:00","og_image":[{"width":2560,"height":1440,"url":"https:\/\/www.artes4.it\/wp-content\/uploads\/2026\/01\/WhatsApp-Image-2025-11-12-at-14.43.22-scaled.jpeg","type":"image\/jpeg"}],"twitter_card":"summary_large_image","twitter_misc":{"Est. reading time":"6 minutes"},"schema":{"@context":"https:\/\/schema.org","@graph":[{"@type":"WebPage","@id":"https:\/\/www.artes4.it\/en\/press\/il-competence-center-artes-4-0-sbarca-a-olbia\/","url":"https:\/\/www.artes4.it\/en\/press\/il-competence-center-artes-4-0-sbarca-a-olbia\/","name":"Il Competence Center ARTES 4.0 sbarca a Olbia - Artes 4.0","isPartOf":{"@id":"https:\/\/www.artes4.it\/en\/#website"},"primaryImageOfPage":{"@id":"https:\/\/www.artes4.it\/en\/press\/il-competence-center-artes-4-0-sbarca-a-olbia\/#primaryimage"},"image":{"@id":"https:\/\/www.artes4.it\/en\/press\/il-competence-center-artes-4-0-sbarca-a-olbia\/#primaryimage"},"thumbnailUrl":"https:\/\/www.artes4.it\/wp-content\/uploads\/2026\/01\/WhatsApp-Image-2025-11-12-at-14.43.22-scaled.jpeg","datePublished":"2025-11-09T08:45:07+00:00","dateModified":"2026-01-08T08:56:42+00:00","description":"Olbia al centro dell\u2019innovazione tecnologica e della robotica per la Sardegna con il Competence Center ARTES 4.0","breadcrumb":{"@id":"https:\/\/www.artes4.it\/en\/press\/il-competence-center-artes-4-0-sbarca-a-olbia\/#breadcrumb"},"inLanguage":"en-US","potentialAction":[{"@type":"ReadAction","target":["https:\/\/www.artes4.it\/en\/press\/il-competence-center-artes-4-0-sbarca-a-olbia\/"]}]},{"@type":"ImageObject","inLanguage":"en-US","@id":"https:\/\/www.artes4.it\/en\/press\/il-competence-center-artes-4-0-sbarca-a-olbia\/#primaryimage","url":"https:\/\/www.artes4.it\/wp-content\/uploads\/2026\/01\/WhatsApp-Image-2025-11-12-at-14.43.22-scaled.jpeg","contentUrl":"https:\/\/www.artes4.it\/wp-content\/uploads\/2026\/01\/WhatsApp-Image-2025-11-12-at-14.43.22-scaled.jpeg","width":2560,"height":1440,"caption":"Il Competence Center ARTES 4.0 sbarca a Olbia"},{"@type":"BreadcrumbList","@id":"https:\/\/www.artes4.it\/en\/press\/il-competence-center-artes-4-0-sbarca-a-olbia\/#breadcrumb","itemListElement":[{"@type":"ListItem","position":1,"name":"Home","item":"https:\/\/www.artes4.it\/en\/"},{"@type":"ListItem","position":2,"name":"Il Competence Center ARTES 4.0 sbarca a Olbia"}]},{"@type":"WebSite","@id":"https:\/\/www.artes4.it\/en\/#website","url":"https:\/\/www.artes4.it\/en\/","name":"Artes 4.0","description":"","publisher":{"@id":"https:\/\/www.artes4.it\/en\/#organization"},"potentialAction":[{"@type":"SearchAction","target":{"@type":"EntryPoint","urlTemplate":"https:\/\/www.artes4.it\/en\/?s={search_term_string}"},"query-input":{"@type":"PropertyValueSpecification","valueRequired":true,"valueName":"search_term_string"}}],"inLanguage":"en-US"},{"@type":"Organization","@id":"https:\/\/www.artes4.it\/en\/#organization","name":"Artes 4.0","url":"https:\/\/www.artes4.it\/en\/","logo":{"@type":"ImageObject","inLanguage":"en-US","@id":"https:\/\/www.artes4.it\/en\/#\/schema\/logo\/image\/","url":"https:\/\/www.artes4.it\/wp-content\/uploads\/2024\/01\/logo_artes_white.jpeg","contentUrl":"https:\/\/www.artes4.it\/wp-content\/uploads\/2024\/01\/logo_artes_white.jpeg","width":462,"height":171,"caption":"Artes 4.0"},"image":{"@id":"https:\/\/www.artes4.it\/en\/#\/schema\/logo\/image\/"},"sameAs":["https:\/\/www.linkedin.com\/company\/associazione-artes-4-0\/posts\/?feedView=all"]}]}},"_links":{"self":[{"href":"https:\/\/www.artes4.it\/en\/wp-json\/wp\/v2\/press\/8082","targetHints":{"allow":["GET"]}}],"collection":[{"href":"https:\/\/www.artes4.it\/en\/wp-json\/wp\/v2\/press"}],"about":[{"href":"https:\/\/www.artes4.it\/en\/wp-json\/wp\/v2\/types\/press"}],"wp:featuredmedia":[{"embeddable":true,"href":"https:\/\/www.artes4.it\/en\/wp-json\/wp\/v2\/media\/8083"}],"wp:attachment":[{"href":"https:\/\/www.artes4.it\/en\/wp-json\/wp\/v2\/media?parent=8082"}],"wp:term":[{"taxonomy":"data_press","embeddable":true,"href":"https:\/\/www.artes4.it\/en\/wp-json\/wp\/v2\/data_press?post=8082"},{"taxonomy":"newspaper","embeddable":true,"href":"https:\/\/www.artes4.it\/en\/wp-json\/wp\/v2\/newspaper?post=8082"}],"curies":[{"name":"wp","href":"https:\/\/api.w.org\/{rel}","templated":true}]}}