{"id":8453,"date":"2026-04-29T11:13:43","date_gmt":"2026-04-29T09:13:43","guid":{"rendered":"https:\/\/www.artes4.it\/?post_type=press&#038;p=8453"},"modified":"2026-04-29T11:14:23","modified_gmt":"2026-04-29T09:14:23","slug":"dalla-scoperta-scientifica-al-mercato-paolo-dario-racconta-a-rai-news-il-ruolo-dei-giovani-nella-nuova-filiera-dellinnovazione","status":"publish","type":"press","link":"https:\/\/www.artes4.it\/en\/press\/dalla-scoperta-scientifica-al-mercato-paolo-dario-racconta-a-rai-news-il-ruolo-dei-giovani-nella-nuova-filiera-dellinnovazione\/","title":{"rendered":"Dalla scoperta scientifica al mercato: Paolo Dario racconta a Rai News il ruolo dei giovani nella nuova filiera dell\u2019innovazione"},"content":{"rendered":"<p>La <strong>RomeCup<\/strong>, promossa dal 2007 dalla <strong>Fondazione Mondo Digitale<\/strong>, \u00e8 oggi uno dei principali appuntamenti italiani dedicati all\u2019innovazione, alla robotica, all\u2019intelligenza artificiale e alla formazione delle nuove generazioni. L\u2019evento mette in relazione scuole, universit\u00e0, centri di ricerca, imprese e istituzioni per costruire uno spazio di confronto in cui i giovani sono protagonisti attivi dei suoi sviluppi futuri.<\/p>\n<p>La 19esima edizione, realizzata in collaborazione con <strong>Sapienza Universit\u00e0 di Roma<\/strong>, \u00e8 dedicata al tema <strong>\u201cWHAT\u2019S NEXT? &#8211; Intelligenze e talenti in dialogo. Tecnologie convergenti e governance condivisa\u201d<\/strong>. Al centro del confronto c\u2019\u00e8 l\u2019idea di <strong>intelligenza aumentata<\/strong> come paradigma per uno sviluppo dell\u2019innovazione pi\u00f9 umano-centrico, inclusivo e sostenibile. Non una tecnologia che sostituisce la persona, dunque, ma un insieme di strumenti, competenze e visioni capaci di ampliare le possibilit\u00e0 dell\u2019essere umano e di rafforzare gli ecosistemi applicativi nei quali ricerca, industria e societ\u00e0 sono chiamate a dialogare.<\/p>\n<p>In questo contesto si inserisce anche la quarta edizione del premio <strong>\u201cMost promising researcher in robotics and artificial intelligence\u201d<\/strong>, promosso da <strong>Fondazione Mondo Digitale ETS<\/strong> e <strong>Corriere della Sera<\/strong>, in collaborazione con <strong>Sapienza Universit\u00e0 di Roma<\/strong> e <strong><a href=\"https:\/\/www.artes4.it\/soci\/universita-campus-bio-medico-di-roma-ucbm\/\">Universit\u00e0 Campus Bio-Medico di Roma<\/a>, Socio Fondatore del Centro di Competenza ARTES 4.0<\/strong>. Il riconoscimento \u00e8 rivolto a giovani ricercatrici e ricercatori, dottorande e dottorandi impegnati in progetti di ricerca negli ambiti della <strong>robotica<\/strong> e dell\u2019<strong>intelligenza artificiale<\/strong>, settori tecnologici di frontiera decisivi per la competitivit\u00e0, la crescita scientifica e lo sviluppo del Paese.<\/p>\n<p>A valutare le candidature \u00e8 stata una giuria composta da accademici e rappresentanti del mondo tecnico-scientifico, nominata dalla Fondazione Mondo Digitale e dall\u2019Universit\u00e0 Campus Bio-Medico di Roma. A presiederla \u00e8 il professor <strong>Paolo Dario<\/strong>, Direttore Scientifico e Direttore Esecutivo ad interim di <strong>ARTES 4.0<\/strong> ed Emerito della <a href=\"https:\/\/www.artes4.it\/soci\/scuola-superiore-santanna\/\"><strong>Scuola Superiore Sant\u2019Anna di Pisa<\/strong><\/a>, figura di riferimento internazionale nel campo della biorobotica, della robotica avanzata e del trasferimento tecnologico.<\/p>\n<p>Il premio nasce per valorizzare il lavoro di giovani talenti che, attraverso la ricerca, contribuiscono ad aprire nuove traiettorie scientifiche e tecnologiche. Con il professore Paolo Dario, <a href=\"https:\/\/www.rainews.it\/video\/2026\/04\/paolo-dario-i-ricercatori-sono-ottimisti-i-giovani-hanno-una-grande-potenzialita-biorobotica-3bcbce64-d0b4-401d-9da2-5c501425ceff.html\" target=\"_blank\" rel=\"noopener\"><b>Rai News<\/b><\/a> ha parlato del ruolo dei giovani nella ricerca, del rapporto tra scoperta scientifica, invenzione, mercato e impatto sociale e della filiera virtuosa dell\u2019innovazione: dalla ricerca alla tecnologia, dalla tecnologia al prodotto, dal prodotto alla societ\u00e0.<\/p>\n<p><a href=\"https:\/\/www.artes4.it\/wp-content\/uploads\/2026\/04\/Intervista-Rai-prof-Paolo-Dario.png\"><img fetchpriority=\"high\" decoding=\"async\" class=\"alignleft wp-image-8458 size-full\" src=\"https:\/\/www.artes4.it\/wp-content\/uploads\/2026\/04\/Intervista-Rai-prof-Paolo-Dario.png\" alt=\"Intervista Rai prof Paolo Dario\" width=\"1875\" height=\"678\" srcset=\"https:\/\/www.artes4.it\/wp-content\/uploads\/2026\/04\/Intervista-Rai-prof-Paolo-Dario.png 1875w, https:\/\/www.artes4.it\/wp-content\/uploads\/2026\/04\/Intervista-Rai-prof-Paolo-Dario-300x108.png 300w, https:\/\/www.artes4.it\/wp-content\/uploads\/2026\/04\/Intervista-Rai-prof-Paolo-Dario-1024x370.png 1024w, https:\/\/www.artes4.it\/wp-content\/uploads\/2026\/04\/Intervista-Rai-prof-Paolo-Dario-768x278.png 768w, https:\/\/www.artes4.it\/wp-content\/uploads\/2026\/04\/Intervista-Rai-prof-Paolo-Dario-1536x555.png 1536w\" sizes=\"(max-width: 1875px) 100vw, 1875px\" \/><\/a><\/p>\n<p>&nbsp;<\/p>\n<p><strong>Lei \u00e8 un pioniere nella robotica. Se dovesse parlare ai giovani, agli studenti che vogliono intraprendere questo tipo di carriera, di professione, che consiglio darebbe? Qual \u00e8 l&#8217;atteggiamento giusto? Lei che ha tanti anni di esperienza.<\/strong><\/p>\n<p><i>\u201cIo parlo sempre ai giovani e molto poco ai potenti perch\u00e9 \u00e8 una delle cose belle della professione del professore a tutti i livelli. Sono un ottimista perch\u00e9 i ricercatori non possono che essere ottimisti e quindi il mio primo invito \u00e8 quello di pensare con ottimismo al futuro perch\u00e9 io credo che i nostri giovani abbiano un potenziale reale molto importante. Lo dimostra il fatto che un giovane italiano educato dal nostro sistema formativo \u00e8 molto appetibile e appetito in tutto il mondo. La qualit\u00e0 di partenza dei nostri giovani educati dalla scuola italiana e dall&#8217;universit\u00e0 \u00e8 molto alta e questo secondo me deve essere un punto di partenza. La consapevolezza del disporre di armi importanti, magari tecnicamente forse meno di altri, ma possono recuperare benissimo perch\u00e9 i fondamentali sono davvero di alta qualit\u00e0. I nostri giovani conoscono la scienza, la tecnica, le materie umanistiche, le scienze sociali. Sanno dove vivono e questo \u00e8 un&#8217;arma importantissima per intraprendere tutta una serie di percorsi. Uno pu\u00f2 essere quello della ricerca perch\u00e9 scoprire cose nuove, essere primi a scoprirle o a inventarle, che sono due processi collegati ma anche diversi, \u00e8 un elemento importantissimo nel processo dell&#8217;innovazione. Da questo si pu\u00f2 poi passare a recitare ruoli importanti sia in imprese esistenti, che sono alla caccia di giovani preparati, entusiasti, positivi, con l&#8217;attitudine a risolvere i problemi, ma anche per creare nuove imprese, che \u00e8 un&#8217;altra delle grandi opportunit\u00e0 che la nostra epoca offre. Anni fa questo non era facilmente ottenibile, oggi s\u00ec\u201d.<\/i><\/p>\n<p><strong>Invece un suggerimento sull&#8217;atteggiamento, perch\u00e9 magari abbiamo la formazione, ragazzi dotati, per\u00f2 c&#8217;\u00e8 un po&#8217; di difficolt\u00e0? Non c&#8217;\u00e8 un atteggiamento propositivo nei confronti del futuro. Secondo lei l\u2019atteggiamento \u00e8 importante?<\/strong><\/p>\n<p><i>\u201cUna delle cose che, per esempio, facevamo noi quando tanto tempo fa eravamo giovani era guardare con senso critico quello che il mondo proponeva. Anzi, c&#8217;erano proprio anni in cui veniva contestato quasi tutto. Ecco, oggi non sempre questo accade, spesso i giovani, senza demonizzarli assolutamente, accettano quello che viene loro proposto usandolo senza uno spirito critico sufficientemente pronunciato. Invece \u00e8 importante, \u00e8 un senso critico che deve essere costruttivo. Io, per esempio, ho spesso usato il termine ribelle organizzato per i giovani innovatori. Un innovatore \u00e8 un ribelle, anche nella musica, nella cucina, nella moda, nell&#8217;arte. La stessa cosa vale anche nel campo delle tecnologie. Si pu\u00f2 pensare di poter fare alcune cose in modo diverso, possibilmente migliore, ma bisogna essere organizzati, bisogna avere razionalit\u00e0 nell&#8217;approccio, bisogna analizzare i problemi e lo stato dell&#8217;arte, bisogna conoscere i competitor e bisogna avere tenacia, passione ed entusiasmo. Ma ripeto, partendo da una base che \u00e8 una base molto buona, quella della conoscenza che un giovane che esce da una scuola italiana normalmente ha\u201d<\/i><\/p>\n<p><strong>Siamo al quarto anno del Premio al<\/strong> <strong>Ricercatore della Fondazione Mondo Digitale\u00a0<\/strong><strong>\u00a0insieme all\u2019Universit\u00e0 Campus Bio-Medico di Roma. Che quadro emerge dalla ricerca italiana? A che punto siamo? <\/strong><\/p>\n<p><i>\u201cEmerge un quadro che consolida quello che \u00e8 gi\u00e0 emerso negli anni passati, cio\u00e8 la capacit\u00e0 del nostro sistema della ricerca di preparare e incoraggiare talenti di altissimo livello internazionale. Mediamente i candidati al premio sono di un livello assolutamente confrontabile a quello di qualunque ottima universit\u00e0 mondiale. Non c&#8217;\u00e8 differenza alcuna. Anzi, arrivo anche ad affermare che in molti casi i candidati sono migliori dei loro coetanei di altri Paesi. Si parte dalla scuola materna, poi si va alla primaria, alla secondaria, all&#8217;universit\u00e0, al dottorato e ai primi anni in cui ci si confronta con grandi sfide. Questo sistema funziona molto bene tanto che il risultato \u00e8 quello di produrre idee, che non sono idee da bar, ma sono solidissime, molto serie e che assolutamente meritano la massima considerazione. Anzi, io ritengo che il nostro sistema, anche industriale, dovrebbe guardare con grande attenzione queste cose perch\u00e9 esistono due tipi di innovazione. L&#8217;innovazione incrementale, che \u00e8 quella che in fondo \u00e8 facile da prevedere. Tutti o quasi sanno che una certa tecnologia si svilupper\u00e0 in un certo modo negli anni a venire. Ma questo, se vogliamo, \u00e8 relativamente facile. Ma la vera innovazione, quella che pu\u00f2 portare dei nuovi prodotti a dei nuovi mercati, \u00e8 quella che si chiama innovazione disruptive o radicale. E l&#8217;innovazione radicale raramente viene dalla linea di sviluppo di prodotti tradizionali, ma viene quasi sempre da scoperte prodotte nel mondo della scienza. Quindi le nuove scoperte che possono portare a nuove invenzioni e quindi a nuovi prodotti, a nuove imprese o a nuovi mercati, possono derivare proprio da questo. Cito solo un caso tra i tanti. Non molti anni fa il premio Nobel per la fisica fu assegnato a tre scienziati giapponesi che inventarono il led blu. Noi sappiamo che la luce bianca viene prodotta dalla combinazione di luce blu, luce rossa e luce verde. La luce rossa e la luce verde erano note, quella blu mancava e fu scoperto come realizzarla da fisici teorici, non da ingegneri. Grazie a questa scoperta, il mondo dell\u2019illuminazione \u00e8 cambiato profondamente, fino a trasformare molti oggetti della nostra quotidianit\u00e0. Basti pensare al settore automotive: oggi i fari delle automobili e delle motociclette, pur avendo dimensioni sempre pi\u00f9 ridotte, sono in grado di generare una luce bianca, intensa, efficiente e di grande qualit\u00e0. Sono prodotti nuovi, nati da una scoperta scientifica che si \u00e8 trasformata in invenzione, poi in applicazione industriale e infine in mercato. \u00c8 questa la filiera virtuosa dell\u2019innovazione: dalla ricerca alla tecnologia, dalla tecnologia al prodotto, dal prodotto alla societ\u00e0. I giovani possono esserne protagonisti, e anche il nostro sistema pu\u00f2 giocare un ruolo decisivo, se sapr\u00e0 allineare in modo efficace tutti questi passaggi\u201d.<\/i><\/p>\n","protected":false},"featured_media":8454,"template":"","data_press":[310],"newspaper":[147],"class_list":["post-8453","press","type-press","status-publish","has-post-thumbnail","hentry","data_press-aprile-2026","newspaper-rai-news"],"acf":[],"yoast_head":"<!-- This site is optimized with the Yoast SEO Premium plugin v22.8 (Yoast SEO v25.8) - https:\/\/yoast.com\/wordpress\/plugins\/seo\/ -->\n<title>Dalla scoperta scientifica al mercato: Paolo Dario racconta a Rai News il ruolo dei giovani nella nuova filiera dell\u2019innovazione - Artes 4.0<\/title>\n<meta name=\"description\" content=\"Rai News ha intervistato il Prof. Paolo Dario, Direttore Scientifico e Direttore Esecutivo ad interim di ARTES 4.0 in occasione della RomeCup 2026\" \/>\n<meta name=\"robots\" content=\"index, follow, max-snippet:-1, max-image-preview:large, max-video-preview:-1\" \/>\n<link rel=\"canonical\" href=\"https:\/\/www.artes4.it\/en\/press\/dalla-scoperta-scientifica-al-mercato-paolo-dario-racconta-a-rai-news-il-ruolo-dei-giovani-nella-nuova-filiera-dellinnovazione\/\" \/>\n<meta property=\"og:locale\" content=\"en_US\" \/>\n<meta property=\"og:type\" content=\"article\" \/>\n<meta property=\"og:title\" content=\"Dalla scoperta scientifica al mercato: Paolo Dario racconta a Rai News il ruolo dei giovani nella nuova filiera dell\u2019innovazione\" \/>\n<meta property=\"og:description\" content=\"Rai News ha intervistato il Prof. Paolo Dario, Direttore Scientifico e Direttore Esecutivo ad interim di ARTES 4.0 in occasione della RomeCup 2026\" \/>\n<meta property=\"og:url\" content=\"https:\/\/www.artes4.it\/en\/press\/dalla-scoperta-scientifica-al-mercato-paolo-dario-racconta-a-rai-news-il-ruolo-dei-giovani-nella-nuova-filiera-dellinnovazione\/\" \/>\n<meta property=\"og:site_name\" content=\"Artes 4.0\" \/>\n<meta property=\"article:modified_time\" content=\"2026-04-29T09:14:23+00:00\" \/>\n<meta property=\"og:image\" content=\"https:\/\/www.artes4.it\/wp-content\/uploads\/2026\/04\/Post_intervista_Prof_Dario_Rai_News-scaled.jpg\" \/>\n\t<meta property=\"og:image:width\" content=\"2560\" \/>\n\t<meta property=\"og:image:height\" content=\"2560\" \/>\n\t<meta property=\"og:image:type\" content=\"image\/jpeg\" \/>\n<meta name=\"twitter:card\" content=\"summary_large_image\" \/>\n<meta name=\"twitter:label1\" content=\"Est. reading time\" \/>\n\t<meta name=\"twitter:data1\" content=\"8 minutes\" \/>\n<script type=\"application\/ld+json\" class=\"yoast-schema-graph\">{\"@context\":\"https:\/\/schema.org\",\"@graph\":[{\"@type\":\"WebPage\",\"@id\":\"https:\/\/www.artes4.it\/en\/press\/dalla-scoperta-scientifica-al-mercato-paolo-dario-racconta-a-rai-news-il-ruolo-dei-giovani-nella-nuova-filiera-dellinnovazione\/\",\"url\":\"https:\/\/www.artes4.it\/en\/press\/dalla-scoperta-scientifica-al-mercato-paolo-dario-racconta-a-rai-news-il-ruolo-dei-giovani-nella-nuova-filiera-dellinnovazione\/\",\"name\":\"Dalla scoperta scientifica al mercato: Paolo Dario racconta a Rai News il ruolo dei giovani nella nuova filiera dell\u2019innovazione - Artes 4.0\",\"isPartOf\":{\"@id\":\"https:\/\/www.artes4.it\/en\/#website\"},\"primaryImageOfPage\":{\"@id\":\"https:\/\/www.artes4.it\/en\/press\/dalla-scoperta-scientifica-al-mercato-paolo-dario-racconta-a-rai-news-il-ruolo-dei-giovani-nella-nuova-filiera-dellinnovazione\/#primaryimage\"},\"image\":{\"@id\":\"https:\/\/www.artes4.it\/en\/press\/dalla-scoperta-scientifica-al-mercato-paolo-dario-racconta-a-rai-news-il-ruolo-dei-giovani-nella-nuova-filiera-dellinnovazione\/#primaryimage\"},\"thumbnailUrl\":\"https:\/\/www.artes4.it\/wp-content\/uploads\/2026\/04\/Post_intervista_Prof_Dario_Rai_News-scaled.jpg\",\"datePublished\":\"2026-04-29T09:13:43+00:00\",\"dateModified\":\"2026-04-29T09:14:23+00:00\",\"description\":\"Rai News ha intervistato il Prof. Paolo Dario, Direttore Scientifico e Direttore Esecutivo ad interim di ARTES 4.0 in occasione della RomeCup 2026\",\"breadcrumb\":{\"@id\":\"https:\/\/www.artes4.it\/en\/press\/dalla-scoperta-scientifica-al-mercato-paolo-dario-racconta-a-rai-news-il-ruolo-dei-giovani-nella-nuova-filiera-dellinnovazione\/#breadcrumb\"},\"inLanguage\":\"en-US\",\"potentialAction\":[{\"@type\":\"ReadAction\",\"target\":[\"https:\/\/www.artes4.it\/en\/press\/dalla-scoperta-scientifica-al-mercato-paolo-dario-racconta-a-rai-news-il-ruolo-dei-giovani-nella-nuova-filiera-dellinnovazione\/\"]}]},{\"@type\":\"ImageObject\",\"inLanguage\":\"en-US\",\"@id\":\"https:\/\/www.artes4.it\/en\/press\/dalla-scoperta-scientifica-al-mercato-paolo-dario-racconta-a-rai-news-il-ruolo-dei-giovani-nella-nuova-filiera-dellinnovazione\/#primaryimage\",\"url\":\"https:\/\/www.artes4.it\/wp-content\/uploads\/2026\/04\/Post_intervista_Prof_Dario_Rai_News-scaled.jpg\",\"contentUrl\":\"https:\/\/www.artes4.it\/wp-content\/uploads\/2026\/04\/Post_intervista_Prof_Dario_Rai_News-scaled.jpg\",\"width\":2560,\"height\":2560,\"caption\":\"Intervista_Prof_Dario_Rai_News\"},{\"@type\":\"BreadcrumbList\",\"@id\":\"https:\/\/www.artes4.it\/en\/press\/dalla-scoperta-scientifica-al-mercato-paolo-dario-racconta-a-rai-news-il-ruolo-dei-giovani-nella-nuova-filiera-dellinnovazione\/#breadcrumb\",\"itemListElement\":[{\"@type\":\"ListItem\",\"position\":1,\"name\":\"Home\",\"item\":\"https:\/\/www.artes4.it\/en\/\"},{\"@type\":\"ListItem\",\"position\":2,\"name\":\"Dalla scoperta scientifica al mercato: Paolo Dario racconta a Rai News il ruolo dei giovani nella nuova filiera dell\u2019innovazione\"}]},{\"@type\":\"WebSite\",\"@id\":\"https:\/\/www.artes4.it\/en\/#website\",\"url\":\"https:\/\/www.artes4.it\/en\/\",\"name\":\"Artes 4.0\",\"description\":\"\",\"publisher\":{\"@id\":\"https:\/\/www.artes4.it\/en\/#organization\"},\"potentialAction\":[{\"@type\":\"SearchAction\",\"target\":{\"@type\":\"EntryPoint\",\"urlTemplate\":\"https:\/\/www.artes4.it\/en\/?s={search_term_string}\"},\"query-input\":{\"@type\":\"PropertyValueSpecification\",\"valueRequired\":true,\"valueName\":\"search_term_string\"}}],\"inLanguage\":\"en-US\"},{\"@type\":\"Organization\",\"@id\":\"https:\/\/www.artes4.it\/en\/#organization\",\"name\":\"Artes 4.0\",\"url\":\"https:\/\/www.artes4.it\/en\/\",\"logo\":{\"@type\":\"ImageObject\",\"inLanguage\":\"en-US\",\"@id\":\"https:\/\/www.artes4.it\/en\/#\/schema\/logo\/image\/\",\"url\":\"https:\/\/www.artes4.it\/wp-content\/uploads\/2024\/01\/logo_artes_white.jpeg\",\"contentUrl\":\"https:\/\/www.artes4.it\/wp-content\/uploads\/2024\/01\/logo_artes_white.jpeg\",\"width\":462,\"height\":171,\"caption\":\"Artes 4.0\"},\"image\":{\"@id\":\"https:\/\/www.artes4.it\/en\/#\/schema\/logo\/image\/\"},\"sameAs\":[\"https:\/\/www.linkedin.com\/company\/associazione-artes-4-0\/posts\/?feedView=all\"]}]}<\/script>\n<!-- \/ Yoast SEO Premium plugin. -->","yoast_head_json":{"title":"Dalla scoperta scientifica al mercato: Paolo Dario racconta a Rai News il ruolo dei giovani nella nuova filiera dell\u2019innovazione - Artes 4.0","description":"Rai News ha intervistato il Prof. Paolo Dario, Direttore Scientifico e Direttore Esecutivo ad interim di ARTES 4.0 in occasione della RomeCup 2026","robots":{"index":"index","follow":"follow","max-snippet":"max-snippet:-1","max-image-preview":"max-image-preview:large","max-video-preview":"max-video-preview:-1"},"canonical":"https:\/\/www.artes4.it\/en\/press\/dalla-scoperta-scientifica-al-mercato-paolo-dario-racconta-a-rai-news-il-ruolo-dei-giovani-nella-nuova-filiera-dellinnovazione\/","og_locale":"en_US","og_type":"article","og_title":"Dalla scoperta scientifica al mercato: Paolo Dario racconta a Rai News il ruolo dei giovani nella nuova filiera dell\u2019innovazione","og_description":"Rai News ha intervistato il Prof. Paolo Dario, Direttore Scientifico e Direttore Esecutivo ad interim di ARTES 4.0 in occasione della RomeCup 2026","og_url":"https:\/\/www.artes4.it\/en\/press\/dalla-scoperta-scientifica-al-mercato-paolo-dario-racconta-a-rai-news-il-ruolo-dei-giovani-nella-nuova-filiera-dellinnovazione\/","og_site_name":"Artes 4.0","article_modified_time":"2026-04-29T09:14:23+00:00","og_image":[{"width":2560,"height":2560,"url":"https:\/\/www.artes4.it\/wp-content\/uploads\/2026\/04\/Post_intervista_Prof_Dario_Rai_News-scaled.jpg","type":"image\/jpeg"}],"twitter_card":"summary_large_image","twitter_misc":{"Est. reading time":"8 minutes"},"schema":{"@context":"https:\/\/schema.org","@graph":[{"@type":"WebPage","@id":"https:\/\/www.artes4.it\/en\/press\/dalla-scoperta-scientifica-al-mercato-paolo-dario-racconta-a-rai-news-il-ruolo-dei-giovani-nella-nuova-filiera-dellinnovazione\/","url":"https:\/\/www.artes4.it\/en\/press\/dalla-scoperta-scientifica-al-mercato-paolo-dario-racconta-a-rai-news-il-ruolo-dei-giovani-nella-nuova-filiera-dellinnovazione\/","name":"Dalla scoperta scientifica al mercato: Paolo Dario racconta a Rai News il ruolo dei giovani nella nuova filiera dell\u2019innovazione - Artes 4.0","isPartOf":{"@id":"https:\/\/www.artes4.it\/en\/#website"},"primaryImageOfPage":{"@id":"https:\/\/www.artes4.it\/en\/press\/dalla-scoperta-scientifica-al-mercato-paolo-dario-racconta-a-rai-news-il-ruolo-dei-giovani-nella-nuova-filiera-dellinnovazione\/#primaryimage"},"image":{"@id":"https:\/\/www.artes4.it\/en\/press\/dalla-scoperta-scientifica-al-mercato-paolo-dario-racconta-a-rai-news-il-ruolo-dei-giovani-nella-nuova-filiera-dellinnovazione\/#primaryimage"},"thumbnailUrl":"https:\/\/www.artes4.it\/wp-content\/uploads\/2026\/04\/Post_intervista_Prof_Dario_Rai_News-scaled.jpg","datePublished":"2026-04-29T09:13:43+00:00","dateModified":"2026-04-29T09:14:23+00:00","description":"Rai News ha intervistato il Prof. Paolo Dario, Direttore Scientifico e Direttore Esecutivo ad interim di ARTES 4.0 in occasione della RomeCup 2026","breadcrumb":{"@id":"https:\/\/www.artes4.it\/en\/press\/dalla-scoperta-scientifica-al-mercato-paolo-dario-racconta-a-rai-news-il-ruolo-dei-giovani-nella-nuova-filiera-dellinnovazione\/#breadcrumb"},"inLanguage":"en-US","potentialAction":[{"@type":"ReadAction","target":["https:\/\/www.artes4.it\/en\/press\/dalla-scoperta-scientifica-al-mercato-paolo-dario-racconta-a-rai-news-il-ruolo-dei-giovani-nella-nuova-filiera-dellinnovazione\/"]}]},{"@type":"ImageObject","inLanguage":"en-US","@id":"https:\/\/www.artes4.it\/en\/press\/dalla-scoperta-scientifica-al-mercato-paolo-dario-racconta-a-rai-news-il-ruolo-dei-giovani-nella-nuova-filiera-dellinnovazione\/#primaryimage","url":"https:\/\/www.artes4.it\/wp-content\/uploads\/2026\/04\/Post_intervista_Prof_Dario_Rai_News-scaled.jpg","contentUrl":"https:\/\/www.artes4.it\/wp-content\/uploads\/2026\/04\/Post_intervista_Prof_Dario_Rai_News-scaled.jpg","width":2560,"height":2560,"caption":"Intervista_Prof_Dario_Rai_News"},{"@type":"BreadcrumbList","@id":"https:\/\/www.artes4.it\/en\/press\/dalla-scoperta-scientifica-al-mercato-paolo-dario-racconta-a-rai-news-il-ruolo-dei-giovani-nella-nuova-filiera-dellinnovazione\/#breadcrumb","itemListElement":[{"@type":"ListItem","position":1,"name":"Home","item":"https:\/\/www.artes4.it\/en\/"},{"@type":"ListItem","position":2,"name":"Dalla scoperta scientifica al mercato: Paolo Dario racconta a Rai News il ruolo dei giovani nella nuova filiera dell\u2019innovazione"}]},{"@type":"WebSite","@id":"https:\/\/www.artes4.it\/en\/#website","url":"https:\/\/www.artes4.it\/en\/","name":"Artes 4.0","description":"","publisher":{"@id":"https:\/\/www.artes4.it\/en\/#organization"},"potentialAction":[{"@type":"SearchAction","target":{"@type":"EntryPoint","urlTemplate":"https:\/\/www.artes4.it\/en\/?s={search_term_string}"},"query-input":{"@type":"PropertyValueSpecification","valueRequired":true,"valueName":"search_term_string"}}],"inLanguage":"en-US"},{"@type":"Organization","@id":"https:\/\/www.artes4.it\/en\/#organization","name":"Artes 4.0","url":"https:\/\/www.artes4.it\/en\/","logo":{"@type":"ImageObject","inLanguage":"en-US","@id":"https:\/\/www.artes4.it\/en\/#\/schema\/logo\/image\/","url":"https:\/\/www.artes4.it\/wp-content\/uploads\/2024\/01\/logo_artes_white.jpeg","contentUrl":"https:\/\/www.artes4.it\/wp-content\/uploads\/2024\/01\/logo_artes_white.jpeg","width":462,"height":171,"caption":"Artes 4.0"},"image":{"@id":"https:\/\/www.artes4.it\/en\/#\/schema\/logo\/image\/"},"sameAs":["https:\/\/www.linkedin.com\/company\/associazione-artes-4-0\/posts\/?feedView=all"]}]}},"_links":{"self":[{"href":"https:\/\/www.artes4.it\/en\/wp-json\/wp\/v2\/press\/8453","targetHints":{"allow":["GET"]}}],"collection":[{"href":"https:\/\/www.artes4.it\/en\/wp-json\/wp\/v2\/press"}],"about":[{"href":"https:\/\/www.artes4.it\/en\/wp-json\/wp\/v2\/types\/press"}],"wp:featuredmedia":[{"embeddable":true,"href":"https:\/\/www.artes4.it\/en\/wp-json\/wp\/v2\/media\/8454"}],"wp:attachment":[{"href":"https:\/\/www.artes4.it\/en\/wp-json\/wp\/v2\/media?parent=8453"}],"wp:term":[{"taxonomy":"data_press","embeddable":true,"href":"https:\/\/www.artes4.it\/en\/wp-json\/wp\/v2\/data_press?post=8453"},{"taxonomy":"newspaper","embeddable":true,"href":"https:\/\/www.artes4.it\/en\/wp-json\/wp\/v2\/newspaper?post=8453"}],"curies":[{"name":"wp","href":"https:\/\/api.w.org\/{rel}","templated":true}]}}